{"id":2790,"date":"2021-12-17T12:44:33","date_gmt":"2021-12-17T18:44:33","guid":{"rendered":"https:\/\/21panorama.com\/?p=2790"},"modified":"2021-12-17T12:44:34","modified_gmt":"2021-12-17T18:44:34","slug":"centro-sict-mexico-inicia-operativo-vacacional-en-terminal-de-autobuses","status":"publish","type":"post","link":"https:\/\/21panorama.com\/index.php\/2021\/12\/17\/centro-sict-mexico-inicia-operativo-vacacional-en-terminal-de-autobuses\/","title":{"rendered":"CENTRO SICT M\u00c9XICO INICIA OPERATIVO VACACIONAL EN TERMINAL DE AUTOBUSES"},"content":{"rendered":"\n<p>La Secretar\u00eda de Infraestructura, Comunicaciones y Transportes en el Estado de M\u00e9xico, realizar\u00e1 un operativo con motivo del pr\u00f3ximo periodo vacacional decembrino en la Terminal Central de Autobuses de la Ciudad de Toluca, con el prop\u00f3sito de verificar sus condiciones de operaci\u00f3n.<\/p>\n\n\n\n<p>El dispositivo se aplicar\u00e1 del 18 de diciembre pr\u00f3ximo hasta el dos de enero de 2022, donde el personal del Departamento de Autotransporte Federal comprobar\u00e1 el cumplimiento de lo dispuesto en la circular relativa a los descuentos del 25% y 50% que deber\u00e1n otorgar los permisionarios del servicio de autotransporte federal de pasajeros en los servicios de primera y econ\u00f3mico, a maestros y estudiantes, de acuerdo al calendario aprobado por la Secretar\u00eda de Educaci\u00f3n P\u00fablica.<\/p>\n\n\n\n<p>Con este operativo se busca atender oportunamente las quejas que presente el p\u00fablico usuario derivadas del incumplimiento en la prestaci\u00f3n de los servicios por parte de los permisionarios.<\/p>\n\n\n\n<p>Adem\u00e1s, se verificar\u00e1n las condiciones de seguridad sanitarias y que cuenten como m\u00ednimo con las instalaciones y equipo identificados en el art\u00edculo 42\u2014B del Reglamento de Autotransporte Federal y Servicios Auxiliares, con servicios sanitarios gratuitos en condiciones de higiene y salubridad, m\u00f3dulo de orientaci\u00f3n al p\u00fablico, tarifas y destinos a la vista de los usuarios de manera legible.<\/p>\n\n\n\n<p>La terminal tambi\u00e9n contar\u00e1 con la participaci\u00f3n de inspectores para la vigilancia en uso del cubrebocas de todo el personal de las empresas transportistas y usuarios; as\u00ed como verificar la limpieza y desinfecci\u00f3n de mostradores, taquillas, torniquetes, sanitarios y dispensadores de papel, manerales y de todas aquellas superficies de uso p\u00fablico continuo.<\/p>\n\n\n\n<p>Los permisionarios estar\u00e1n obligados a realizar la limpieza y desinfecci\u00f3n de las unidades, previo a la salida y llegada; se realizar\u00e1 la toma de temperatura, se proporcionar\u00e1 gel a los usuarios y se promover\u00e1 la sana distancia.<\/p>\n\n\n\n<p>Asimismo, se llevar\u00e1 a cabo la verificaci\u00f3n f\u00edsico-mec\u00e1nica de los veh\u00edculos que prestan el servicio de pasaje en las Terminales de Autobuses conforme a la norma oficial mexicana NOM-068-SCT2-2014, con el fin de corroborar que cumplan con las condiciones de seguridad para transitar por las v\u00edas federales, en caso de que el veh\u00edculo no cumpla con las normas ser\u00e1 retirado.<\/p>\n\n\n\n<p>El Gobierno de M\u00e9xico a trav\u00e9s de la SICT por medio de los diferentes operativos, buscan garantizar la seguridad de los cientos de vacacionistas que, durante este per\u00edodo, se disponen a trasladarse de un Estado a otro.<\/p>\n","protected":false},"excerpt":{"rendered":"<p>El objetivo es garantizar la seguridad de usuarios, operadores y trabajadores de las l\u00edneas de autobuses en general<\/p>\n","protected":false},"author":1,"featured_media":2791,"comment_status":"open","ping_status":"open","sticky":false,"template":"","format":"standard","meta":{"footnotes":""},"categories":[1],"tags":[252],"class_list":["post-2790","post","type-post","status-publish","format-standard","has-post-thumbnail","hentry","category-sociedad","tag-terminal"],"yoast_head":"<!-- This site is optimized with the Yoast SEO plugin v24.9 - https:\/\/yoast.com\/wordpress\/plugins\/seo\/ -->\n<title>CENTRO SICT M\u00c9XICO INICIA OPERATIVO VACACIONAL EN TERMINAL DE AUTOBUSES - 21 Panorama<\/title>\n<meta name=\"robots\" content=\"index, follow, max-snippet:-1, max-image-preview:large, max-video-preview:-1\" \/>\n<link rel=\"canonical\" href=\"https:\/\/21panorama.com\/index.php\/2021\/12\/17\/centro-sict-mexico-inicia-operativo-vacacional-en-terminal-de-autobuses\/\" \/>\n<meta property=\"og:locale\" content=\"es_MX\" \/>\n<meta property=\"og:type\" content=\"article\" \/>\n<meta property=\"og:title\" content=\"CENTRO SICT M\u00c9XICO INICIA OPERATIVO VACACIONAL EN TERMINAL DE AUTOBUSES - 21 Panorama\" \/>\n<meta property=\"og:description\" content=\"El objetivo es garantizar la seguridad de usuarios, operadores y trabajadores de las l\u00edneas de autobuses en general\" \/>\n<meta property=\"og:url\" content=\"https:\/\/21panorama.com\/index.php\/2021\/12\/17\/centro-sict-mexico-inicia-operativo-vacacional-en-terminal-de-autobuses\/\" \/>\n<meta property=\"og:site_name\" content=\"21 Panorama\" \/>\n<meta property=\"article:published_time\" content=\"2021-12-17T18:44:33+00:00\" \/>\n<meta property=\"article:modified_time\" content=\"2021-12-17T18:44:34+00:00\" \/>\n<meta property=\"og:image\" content=\"https:\/\/21panorama.com\/wp-content\/uploads\/2021\/12\/690dba75-e6f3-458c-b659-166f2d1d05d6.jpeg\" \/>\n\t<meta property=\"og:image:width\" content=\"1440\" \/>\n\t<meta property=\"og:image:height\" content=\"800\" \/>\n\t<meta property=\"og:image:type\" content=\"image\/jpeg\" \/>\n<meta name=\"author\" content=\"admin\" \/>\n<meta name=\"twitter:card\" content=\"summary_large_image\" \/>\n<meta name=\"twitter:label1\" content=\"Escrito por\" \/>\n\t<meta name=\"twitter:data1\" content=\"admin\" \/>\n\t<meta name=\"twitter:label2\" content=\"Tiempo de lectura\" \/>\n\t<meta name=\"twitter:data2\" content=\"2 minutos\" \/>\n<script type=\"application\/ld+json\" class=\"yoast-schema-graph\">{\"@context\":\"https:\/\/schema.org\",\"@graph\":[{\"@type\":\"Article\",\"@id\":\"https:\/\/21panorama.com\/index.php\/2021\/12\/17\/centro-sict-mexico-inicia-operativo-vacacional-en-terminal-de-autobuses\/#article\",\"isPartOf\":{\"@id\":\"https:\/\/21panorama.com\/index.php\/2021\/12\/17\/centro-sict-mexico-inicia-operativo-vacacional-en-terminal-de-autobuses\/\"},\"author\":{\"name\":\"admin\",\"@id\":\"https:\/\/21panorama.com\/#\/schema\/person\/1afc291b96d5792a158768324287319f\"},\"headline\":\"CENTRO SICT M\u00c9XICO INICIA OPERATIVO VACACIONAL EN TERMINAL DE AUTOBUSES\",\"datePublished\":\"2021-12-17T18:44:33+00:00\",\"dateModified\":\"2021-12-17T18:44:34+00:00\",\"mainEntityOfPage\":{\"@id\":\"https:\/\/21panorama.com\/index.php\/2021\/12\/17\/centro-sict-mexico-inicia-operativo-vacacional-en-terminal-de-autobuses\/\"},\"wordCount\":433,\"commentCount\":0,\"publisher\":{\"@id\":\"https:\/\/21panorama.com\/#organization\"},\"image\":{\"@id\":\"https:\/\/21panorama.com\/index.php\/2021\/12\/17\/centro-sict-mexico-inicia-operativo-vacacional-en-terminal-de-autobuses\/#primaryimage\"},\"thumbnailUrl\":\"https:\/\/21panorama.com\/wp-content\/uploads\/2021\/12\/690dba75-e6f3-458c-b659-166f2d1d05d6.jpeg\",\"keywords\":[\"TERMINAL\"],\"articleSection\":[\"Sociedad\"],\"inLanguage\":\"es\",\"potentialAction\":[{\"@type\":\"CommentAction\",\"name\":\"Comment\",\"target\":[\"https:\/\/21panorama.com\/index.php\/2021\/12\/17\/centro-sict-mexico-inicia-operativo-vacacional-en-terminal-de-autobuses\/#respond\"]}]},{\"@type\":\"WebPage\",\"@id\":\"https:\/\/21panorama.com\/index.php\/2021\/12\/17\/centro-sict-mexico-inicia-operativo-vacacional-en-terminal-de-autobuses\/\",\"url\":\"https:\/\/21panorama.com\/index.php\/2021\/12\/17\/centro-sict-mexico-inicia-operativo-vacacional-en-terminal-de-autobuses\/\",\"name\":\"CENTRO SICT M\u00c9XICO INICIA OPERATIVO VACACIONAL EN TERMINAL DE AUTOBUSES - 21 Panorama\",\"isPartOf\":{\"@id\":\"https:\/\/21panorama.com\/#website\"},\"primaryImageOfPage\":{\"@id\":\"https:\/\/21panorama.com\/index.php\/2021\/12\/17\/centro-sict-mexico-inicia-operativo-vacacional-en-terminal-de-autobuses\/#primaryimage\"},\"image\":{\"@id\":\"https:\/\/21panorama.com\/index.php\/2021\/12\/17\/centro-sict-mexico-inicia-operativo-vacacional-en-terminal-de-autobuses\/#primaryimage\"},\"thumbnailUrl\":\"https:\/\/21panorama.com\/wp-content\/uploads\/2021\/12\/690dba75-e6f3-458c-b659-166f2d1d05d6.jpeg\",\"datePublished\":\"2021-12-17T18:44:33+00:00\",\"dateModified\":\"2021-12-17T18:44:34+00:00\",\"breadcrumb\":{\"@id\":\"https:\/\/21panorama.com\/index.php\/2021\/12\/17\/centro-sict-mexico-inicia-operativo-vacacional-en-terminal-de-autobuses\/#breadcrumb\"},\"inLanguage\":\"es\",\"potentialAction\":[{\"@type\":\"ReadAction\",\"target\":[\"https:\/\/21panorama.com\/index.php\/2021\/12\/17\/centro-sict-mexico-inicia-operativo-vacacional-en-terminal-de-autobuses\/\"]}]},{\"@type\":\"ImageObject\",\"inLanguage\":\"es\",\"@id\":\"https:\/\/21panorama.com\/index.php\/2021\/12\/17\/centro-sict-mexico-inicia-operativo-vacacional-en-terminal-de-autobuses\/#primaryimage\",\"url\":\"https:\/\/21panorama.com\/wp-content\/uploads\/2021\/12\/690dba75-e6f3-458c-b659-166f2d1d05d6.jpeg\",\"contentUrl\":\"https:\/\/21panorama.com\/wp-content\/uploads\/2021\/12\/690dba75-e6f3-458c-b659-166f2d1d05d6.jpeg\",\"width\":1440,\"height\":800},{\"@type\":\"BreadcrumbList\",\"@id\":\"https:\/\/21panorama.com\/index.php\/2021\/12\/17\/centro-sict-mexico-inicia-operativo-vacacional-en-terminal-de-autobuses\/#breadcrumb\",\"itemListElement\":[{\"@type\":\"ListItem\",\"position\":1,\"name\":\"Inicio\",\"item\":\"https:\/\/21panorama.com\/\"},{\"@type\":\"ListItem\",\"position\":2,\"name\":\"CENTRO SICT M\u00c9XICO INICIA OPERATIVO VACACIONAL EN TERMINAL DE AUTOBUSES\"}]},{\"@type\":\"WebSite\",\"@id\":\"https:\/\/21panorama.com\/#website\",\"url\":\"https:\/\/21panorama.com\/\",\"name\":\"21 Panorama\",\"description\":\"La construcci\u00f3n de la opini\u00f3n p\u00fablica merece un mejor Panorama en este siglo 21 para alcanzar una sociedad con mayor transparencia y sin corrupci\u00f3n.\",\"publisher\":{\"@id\":\"https:\/\/21panorama.com\/#organization\"},\"potentialAction\":[{\"@type\":\"SearchAction\",\"target\":{\"@type\":\"EntryPoint\",\"urlTemplate\":\"https:\/\/21panorama.com\/?s={search_term_string}\"},\"query-input\":{\"@type\":\"PropertyValueSpecification\",\"valueRequired\":true,\"valueName\":\"search_term_string\"}}],\"inLanguage\":\"es\"},{\"@type\":\"Organization\",\"@id\":\"https:\/\/21panorama.com\/#organization\",\"name\":\"21 Panorama\",\"url\":\"https:\/\/21panorama.com\/\",\"logo\":{\"@type\":\"ImageObject\",\"inLanguage\":\"es\",\"@id\":\"https:\/\/21panorama.com\/#\/schema\/logo\/image\/\",\"url\":\"https:\/\/21panorama.com\/wp-content\/uploads\/2019\/07\/cropped-Logo-Panorama-01.jpeg\",\"contentUrl\":\"https:\/\/21panorama.com\/wp-content\/uploads\/2019\/07\/cropped-Logo-Panorama-01.jpeg\",\"width\":290,\"height\":70,\"caption\":\"21 Panorama\"},\"image\":{\"@id\":\"https:\/\/21panorama.com\/#\/schema\/logo\/image\/\"}},{\"@type\":\"Person\",\"@id\":\"https:\/\/21panorama.com\/#\/schema\/person\/1afc291b96d5792a158768324287319f\",\"name\":\"admin\",\"image\":{\"@type\":\"ImageObject\",\"inLanguage\":\"es\",\"@id\":\"https:\/\/21panorama.com\/#\/schema\/person\/image\/\",\"url\":\"https:\/\/secure.gravatar.com\/avatar\/ad365d9d9f46719215b0d042cc3df92a5a8683e09ef13d102233e5491985f0f0?s=96&d=mm&r=g\",\"contentUrl\":\"https:\/\/secure.gravatar.com\/avatar\/ad365d9d9f46719215b0d042cc3df92a5a8683e09ef13d102233e5491985f0f0?s=96&d=mm&r=g\",\"caption\":\"admin\"},\"url\":\"https:\/\/21panorama.com\/index.php\/author\/admin\/\"}]}<\/script>\n<!-- \/ Yoast SEO plugin. -->","yoast_head_json":{"title":"CENTRO SICT M\u00c9XICO INICIA OPERATIVO VACACIONAL EN TERMINAL DE AUTOBUSES - 21 Panorama","robots":{"index":"index","follow":"follow","max-snippet":"max-snippet:-1","max-image-preview":"max-image-preview:large","max-video-preview":"max-video-preview:-1"},"canonical":"https:\/\/21panorama.com\/index.php\/2021\/12\/17\/centro-sict-mexico-inicia-operativo-vacacional-en-terminal-de-autobuses\/","og_locale":"es_MX","og_type":"article","og_title":"CENTRO SICT M\u00c9XICO INICIA OPERATIVO VACACIONAL EN TERMINAL DE AUTOBUSES - 21 Panorama","og_description":"El objetivo es garantizar la seguridad de usuarios, operadores y trabajadores de las l\u00edneas de autobuses en general","og_url":"https:\/\/21panorama.com\/index.php\/2021\/12\/17\/centro-sict-mexico-inicia-operativo-vacacional-en-terminal-de-autobuses\/","og_site_name":"21 Panorama","article_published_time":"2021-12-17T18:44:33+00:00","article_modified_time":"2021-12-17T18:44:34+00:00","og_image":[{"width":1440,"height":800,"url":"https:\/\/21panorama.com\/wp-content\/uploads\/2021\/12\/690dba75-e6f3-458c-b659-166f2d1d05d6.jpeg","type":"image\/jpeg"}],"author":"admin","twitter_card":"summary_large_image","twitter_misc":{"Escrito por":"admin","Tiempo de lectura":"2 minutos"},"schema":{"@context":"https:\/\/schema.org","@graph":[{"@type":"Article","@id":"https:\/\/21panorama.com\/index.php\/2021\/12\/17\/centro-sict-mexico-inicia-operativo-vacacional-en-terminal-de-autobuses\/#article","isPartOf":{"@id":"https:\/\/21panorama.com\/index.php\/2021\/12\/17\/centro-sict-mexico-inicia-operativo-vacacional-en-terminal-de-autobuses\/"},"author":{"name":"admin","@id":"https:\/\/21panorama.com\/#\/schema\/person\/1afc291b96d5792a158768324287319f"},"headline":"CENTRO SICT M\u00c9XICO INICIA OPERATIVO VACACIONAL EN TERMINAL DE AUTOBUSES","datePublished":"2021-12-17T18:44:33+00:00","dateModified":"2021-12-17T18:44:34+00:00","mainEntityOfPage":{"@id":"https:\/\/21panorama.com\/index.php\/2021\/12\/17\/centro-sict-mexico-inicia-operativo-vacacional-en-terminal-de-autobuses\/"},"wordCount":433,"commentCount":0,"publisher":{"@id":"https:\/\/21panorama.com\/#organization"},"image":{"@id":"https:\/\/21panorama.com\/index.php\/2021\/12\/17\/centro-sict-mexico-inicia-operativo-vacacional-en-terminal-de-autobuses\/#primaryimage"},"thumbnailUrl":"https:\/\/21panorama.com\/wp-content\/uploads\/2021\/12\/690dba75-e6f3-458c-b659-166f2d1d05d6.jpeg","keywords":["TERMINAL"],"articleSection":["Sociedad"],"inLanguage":"es","potentialAction":[{"@type":"CommentAction","name":"Comment","target":["https:\/\/21panorama.com\/index.php\/2021\/12\/17\/centro-sict-mexico-inicia-operativo-vacacional-en-terminal-de-autobuses\/#respond"]}]},{"@type":"WebPage","@id":"https:\/\/21panorama.com\/index.php\/2021\/12\/17\/centro-sict-mexico-inicia-operativo-vacacional-en-terminal-de-autobuses\/","url":"https:\/\/21panorama.com\/index.php\/2021\/12\/17\/centro-sict-mexico-inicia-operativo-vacacional-en-terminal-de-autobuses\/","name":"CENTRO SICT M\u00c9XICO INICIA OPERATIVO VACACIONAL EN TERMINAL DE AUTOBUSES - 21 Panorama","isPartOf":{"@id":"https:\/\/21panorama.com\/#website"},"primaryImageOfPage":{"@id":"https:\/\/21panorama.com\/index.php\/2021\/12\/17\/centro-sict-mexico-inicia-operativo-vacacional-en-terminal-de-autobuses\/#primaryimage"},"image":{"@id":"https:\/\/21panorama.com\/index.php\/2021\/12\/17\/centro-sict-mexico-inicia-operativo-vacacional-en-terminal-de-autobuses\/#primaryimage"},"thumbnailUrl":"https:\/\/21panorama.com\/wp-content\/uploads\/2021\/12\/690dba75-e6f3-458c-b659-166f2d1d05d6.jpeg","datePublished":"2021-12-17T18:44:33+00:00","dateModified":"2021-12-17T18:44:34+00:00","breadcrumb":{"@id":"https:\/\/21panorama.com\/index.php\/2021\/12\/17\/centro-sict-mexico-inicia-operativo-vacacional-en-terminal-de-autobuses\/#breadcrumb"},"inLanguage":"es","potentialAction":[{"@type":"ReadAction","target":["https:\/\/21panorama.com\/index.php\/2021\/12\/17\/centro-sict-mexico-inicia-operativo-vacacional-en-terminal-de-autobuses\/"]}]},{"@type":"ImageObject","inLanguage":"es","@id":"https:\/\/21panorama.com\/index.php\/2021\/12\/17\/centro-sict-mexico-inicia-operativo-vacacional-en-terminal-de-autobuses\/#primaryimage","url":"https:\/\/21panorama.com\/wp-content\/uploads\/2021\/12\/690dba75-e6f3-458c-b659-166f2d1d05d6.jpeg","contentUrl":"https:\/\/21panorama.com\/wp-content\/uploads\/2021\/12\/690dba75-e6f3-458c-b659-166f2d1d05d6.jpeg","width":1440,"height":800},{"@type":"BreadcrumbList","@id":"https:\/\/21panorama.com\/index.php\/2021\/12\/17\/centro-sict-mexico-inicia-operativo-vacacional-en-terminal-de-autobuses\/#breadcrumb","itemListElement":[{"@type":"ListItem","position":1,"name":"Inicio","item":"https:\/\/21panorama.com\/"},{"@type":"ListItem","position":2,"name":"CENTRO SICT M\u00c9XICO INICIA OPERATIVO VACACIONAL EN TERMINAL DE AUTOBUSES"}]},{"@type":"WebSite","@id":"https:\/\/21panorama.com\/#website","url":"https:\/\/21panorama.com\/","name":"21 Panorama","description":"La construcci\u00f3n de la opini\u00f3n p\u00fablica merece un mejor Panorama en este siglo 21 para alcanzar una sociedad con mayor transparencia y sin corrupci\u00f3n.","publisher":{"@id":"https:\/\/21panorama.com\/#organization"},"potentialAction":[{"@type":"SearchAction","target":{"@type":"EntryPoint","urlTemplate":"https:\/\/21panorama.com\/?s={search_term_string}"},"query-input":{"@type":"PropertyValueSpecification","valueRequired":true,"valueName":"search_term_string"}}],"inLanguage":"es"},{"@type":"Organization","@id":"https:\/\/21panorama.com\/#organization","name":"21 Panorama","url":"https:\/\/21panorama.com\/","logo":{"@type":"ImageObject","inLanguage":"es","@id":"https:\/\/21panorama.com\/#\/schema\/logo\/image\/","url":"https:\/\/21panorama.com\/wp-content\/uploads\/2019\/07\/cropped-Logo-Panorama-01.jpeg","contentUrl":"https:\/\/21panorama.com\/wp-content\/uploads\/2019\/07\/cropped-Logo-Panorama-01.jpeg","width":290,"height":70,"caption":"21 Panorama"},"image":{"@id":"https:\/\/21panorama.com\/#\/schema\/logo\/image\/"}},{"@type":"Person","@id":"https:\/\/21panorama.com\/#\/schema\/person\/1afc291b96d5792a158768324287319f","name":"admin","image":{"@type":"ImageObject","inLanguage":"es","@id":"https:\/\/21panorama.com\/#\/schema\/person\/image\/","url":"https:\/\/secure.gravatar.com\/avatar\/ad365d9d9f46719215b0d042cc3df92a5a8683e09ef13d102233e5491985f0f0?s=96&d=mm&r=g","contentUrl":"https:\/\/secure.gravatar.com\/avatar\/ad365d9d9f46719215b0d042cc3df92a5a8683e09ef13d102233e5491985f0f0?s=96&d=mm&r=g","caption":"admin"},"url":"https:\/\/21panorama.com\/index.php\/author\/admin\/"}]}},"_links":{"self":[{"href":"https:\/\/21panorama.com\/index.php\/wp-json\/wp\/v2\/posts\/2790","targetHints":{"allow":["GET"]}}],"collection":[{"href":"https:\/\/21panorama.com\/index.php\/wp-json\/wp\/v2\/posts"}],"about":[{"href":"https:\/\/21panorama.com\/index.php\/wp-json\/wp\/v2\/types\/post"}],"author":[{"embeddable":true,"href":"https:\/\/21panorama.com\/index.php\/wp-json\/wp\/v2\/users\/1"}],"replies":[{"embeddable":true,"href":"https:\/\/21panorama.com\/index.php\/wp-json\/wp\/v2\/comments?post=2790"}],"version-history":[{"count":1,"href":"https:\/\/21panorama.com\/index.php\/wp-json\/wp\/v2\/posts\/2790\/revisions"}],"predecessor-version":[{"id":2792,"href":"https:\/\/21panorama.com\/index.php\/wp-json\/wp\/v2\/posts\/2790\/revisions\/2792"}],"wp:featuredmedia":[{"embeddable":true,"href":"https:\/\/21panorama.com\/index.php\/wp-json\/wp\/v2\/media\/2791"}],"wp:attachment":[{"href":"https:\/\/21panorama.com\/index.php\/wp-json\/wp\/v2\/media?parent=2790"}],"wp:term":[{"taxonomy":"category","embeddable":true,"href":"https:\/\/21panorama.com\/index.php\/wp-json\/wp\/v2\/categories?post=2790"},{"taxonomy":"post_tag","embeddable":true,"href":"https:\/\/21panorama.com\/index.php\/wp-json\/wp\/v2\/tags?post=2790"}],"curies":[{"name":"wp","href":"https:\/\/api.w.org\/{rel}","templated":true}]}}