{"id":278,"date":"2019-08-22T14:15:14","date_gmt":"2019-08-22T19:15:14","guid":{"rendered":"http:\/\/21panorama.com\/?p=278"},"modified":"2019-08-22T14:15:15","modified_gmt":"2019-08-22T19:15:15","slug":"cumple-hospital-materno-infantil-del-issemym-27-anos-de-atencion-a-los-mexiquenses","status":"publish","type":"post","link":"https:\/\/21panorama.com\/index.php\/2019\/08\/22\/cumple-hospital-materno-infantil-del-issemym-27-anos-de-atencion-a-los-mexiquenses\/","title":{"rendered":"CUMPLE HOSPITAL MATERNO INFANTIL DEL ISSEMYM 27 A\u00d1OS DE ATENCI\u00d3N A LOS MEXIQUENSES"},"content":{"rendered":"\n<p>El Hospital Materno Infantil del Instituto de Seguridad Social del Estado de M\u00e9xico y Municipios (ISSEMyM) es la unidad m\u00e9dica de referencia institucional que anualmente atiende alrededor de 800 mil mujeres y menores de edad, canalizados de las cl\u00ednicas y hospitales regionales de esta dependencia.<\/p>\n\n\n\n<p>Jes\u00fas Mercado Garc\u00eda, Director del Hospital Materno Infantil, indic\u00f3 que, para brindar una mejor atenci\u00f3n hospitalaria, desde hace 27 a\u00f1os este nosocomio mantiene crecientes servicios m\u00e9dicos, as\u00ed como diversas acciones de acondicionamiento en beneficio de los derechohabientes, a trav\u00e9s de la renovaci\u00f3n de equipos e instalaciones.<\/p>\n\n\n\n<p>\u201cLas consultas, los estudios diagn\u00f3sticos, as\u00ed como los tratamientos m\u00e9dicos, farmacol\u00f3gicos y quir\u00fargicos que aqu\u00ed se realizan son un gran reto econ\u00f3mico y administrativo que d\u00eda a d\u00eda hemos sorteado para brindar mejores servicios\u201d, se\u00f1al\u00f3 el directivo.<\/p>\n\n\n\n<p>A\u00f1adi\u00f3 que actualmente se contemplan trabajos de ampliaci\u00f3n f\u00edsica que beneficiar\u00e1n a los pacientes de neonatolog\u00eda, ginecolog\u00eda, obstetricia, medicina cr\u00edtica, adem\u00e1s de la construcci\u00f3n de un \u00e1rea de hemodi\u00e1lisis que reforzar\u00e1 la atenci\u00f3n a los pacientes de alto riesgo, y pr\u00f3ximamente se contar\u00e1 con un resonador magn\u00e9tico que fortalecer\u00e1 los protocolos de diagn\u00f3stico.<\/p>\n\n\n\n<p>Mencion\u00f3 que la capacitaci\u00f3n continua al personal es clave para mantener y mejorar la atenci\u00f3n a los derechohabientes, por ello, se habilit\u00f3 la residencia de cirug\u00eda pedi\u00e1trica, al tiempo de permear en los trabajadores del hospital la nueva filosof\u00eda laboral \u201cS\u00famate. Trato digno para todos\u201d, con el objetivo de impulsar la interacci\u00f3n \u00e9tica y respetuosa.<\/p>\n\n\n\n<p>Finalmente, detall\u00f3 que actualmente la plantilla de personal del Hospital Materno Infantil es de 130 m\u00e9dicos, 300 enfermeras, 71 param\u00e9dicos, 102 administrativos y 102 residentes que, en 2018, otorgaron 115 mil consultas, realizaron 7 mil 500 egresos, atendieron 2 mil 800 nacimientos, m\u00e1s de 5 mil cirug\u00edas y alrededor de mil traslados, tanto a\u00e9reos como terrestres.<\/p>\n","protected":false},"excerpt":{"rendered":"<p>El Hospital Materno Infantil del Instituto de Seguridad Social del Estado de M\u00e9xico y Municipios (ISSEMyM) es la unidad m\u00e9dica de referencia institucional que anualmente atiende alrededor de 800 mil mujeres y menores de edad, canalizados de las cl\u00ednicas y hospitales regionales de esta dependencia. Jes\u00fas Mercado Garc\u00eda, Director del Hospital Materno Infantil, indic\u00f3 que, para brindar una mejor atenci\u00f3n hospitalaria, desde hace 27 a\u00f1os este nosocomio mantiene crecientes servicios m\u00e9dicos, as\u00ed como diversas acciones de acondicionamiento en beneficio de los derechohabientes, a trav\u00e9s de la renovaci\u00f3n de equipos e&hellip;<\/p>\n","protected":false},"author":1,"featured_media":279,"comment_status":"open","ping_status":"open","sticky":false,"template":"","format":"standard","meta":{"footnotes":""},"categories":[6,1],"tags":[],"class_list":["post-278","post","type-post","status-publish","format-standard","has-post-thumbnail","hentry","category-cienciaysalud","category-sociedad"],"yoast_head":"<!-- This site is optimized with the Yoast SEO plugin v24.9 - https:\/\/yoast.com\/wordpress\/plugins\/seo\/ -->\n<title>CUMPLE HOSPITAL MATERNO INFANTIL DEL ISSEMYM 27 A\u00d1OS DE ATENCI\u00d3N A LOS MEXIQUENSES - 21 Panorama<\/title>\n<meta name=\"robots\" content=\"index, follow, max-snippet:-1, max-image-preview:large, max-video-preview:-1\" \/>\n<link rel=\"canonical\" href=\"https:\/\/21panorama.com\/index.php\/2019\/08\/22\/cumple-hospital-materno-infantil-del-issemym-27-anos-de-atencion-a-los-mexiquenses\/\" \/>\n<meta property=\"og:locale\" content=\"es_MX\" \/>\n<meta property=\"og:type\" content=\"article\" \/>\n<meta property=\"og:title\" content=\"CUMPLE HOSPITAL MATERNO INFANTIL DEL ISSEMYM 27 A\u00d1OS DE ATENCI\u00d3N A LOS MEXIQUENSES - 21 Panorama\" \/>\n<meta property=\"og:description\" content=\"El Hospital Materno Infantil del Instituto de Seguridad Social del Estado de M\u00e9xico y Municipios (ISSEMyM) es la unidad m\u00e9dica de referencia institucional que anualmente atiende alrededor de 800 mil mujeres y menores de edad, canalizados de las cl\u00ednicas y hospitales regionales de esta dependencia. Jes\u00fas Mercado Garc\u00eda, Director del Hospital Materno Infantil, indic\u00f3 que, para brindar una mejor atenci\u00f3n hospitalaria, desde hace 27 a\u00f1os este nosocomio mantiene crecientes servicios m\u00e9dicos, as\u00ed como diversas acciones de acondicionamiento en beneficio de los derechohabientes, a trav\u00e9s de la renovaci\u00f3n de equipos e&hellip;\" \/>\n<meta property=\"og:url\" content=\"https:\/\/21panorama.com\/index.php\/2019\/08\/22\/cumple-hospital-materno-infantil-del-issemym-27-anos-de-atencion-a-los-mexiquenses\/\" \/>\n<meta property=\"og:site_name\" content=\"21 Panorama\" \/>\n<meta property=\"article:published_time\" content=\"2019-08-22T19:15:14+00:00\" \/>\n<meta property=\"article:modified_time\" content=\"2019-08-22T19:15:15+00:00\" \/>\n<meta property=\"og:image\" content=\"https:\/\/21panorama.com\/wp-content\/uploads\/2019\/08\/w2_8661_1.jpg\" \/>\n\t<meta property=\"og:image:width\" content=\"1200\" \/>\n\t<meta property=\"og:image:height\" content=\"798\" \/>\n\t<meta property=\"og:image:type\" content=\"image\/jpeg\" \/>\n<meta name=\"author\" content=\"admin\" \/>\n<meta name=\"twitter:card\" content=\"summary_large_image\" \/>\n<meta name=\"twitter:label1\" content=\"Escrito por\" \/>\n\t<meta name=\"twitter:data1\" content=\"admin\" \/>\n\t<meta name=\"twitter:label2\" content=\"Tiempo de lectura\" \/>\n\t<meta name=\"twitter:data2\" content=\"2 minutos\" \/>\n<script type=\"application\/ld+json\" class=\"yoast-schema-graph\">{\"@context\":\"https:\/\/schema.org\",\"@graph\":[{\"@type\":\"Article\",\"@id\":\"https:\/\/21panorama.com\/index.php\/2019\/08\/22\/cumple-hospital-materno-infantil-del-issemym-27-anos-de-atencion-a-los-mexiquenses\/#article\",\"isPartOf\":{\"@id\":\"https:\/\/21panorama.com\/index.php\/2019\/08\/22\/cumple-hospital-materno-infantil-del-issemym-27-anos-de-atencion-a-los-mexiquenses\/\"},\"author\":{\"name\":\"admin\",\"@id\":\"https:\/\/21panorama.com\/#\/schema\/person\/1afc291b96d5792a158768324287319f\"},\"headline\":\"CUMPLE HOSPITAL MATERNO INFANTIL DEL ISSEMYM 27 A\u00d1OS DE ATENCI\u00d3N A LOS MEXIQUENSES\",\"datePublished\":\"2019-08-22T19:15:14+00:00\",\"dateModified\":\"2019-08-22T19:15:15+00:00\",\"mainEntityOfPage\":{\"@id\":\"https:\/\/21panorama.com\/index.php\/2019\/08\/22\/cumple-hospital-materno-infantil-del-issemym-27-anos-de-atencion-a-los-mexiquenses\/\"},\"wordCount\":336,\"commentCount\":0,\"publisher\":{\"@id\":\"https:\/\/21panorama.com\/#organization\"},\"image\":{\"@id\":\"https:\/\/21panorama.com\/index.php\/2019\/08\/22\/cumple-hospital-materno-infantil-del-issemym-27-anos-de-atencion-a-los-mexiquenses\/#primaryimage\"},\"thumbnailUrl\":\"https:\/\/21panorama.com\/wp-content\/uploads\/2019\/08\/w2_8661_1.jpg\",\"articleSection\":[\"Ciencia y Salud\",\"Sociedad\"],\"inLanguage\":\"es\",\"potentialAction\":[{\"@type\":\"CommentAction\",\"name\":\"Comment\",\"target\":[\"https:\/\/21panorama.com\/index.php\/2019\/08\/22\/cumple-hospital-materno-infantil-del-issemym-27-anos-de-atencion-a-los-mexiquenses\/#respond\"]}]},{\"@type\":\"WebPage\",\"@id\":\"https:\/\/21panorama.com\/index.php\/2019\/08\/22\/cumple-hospital-materno-infantil-del-issemym-27-anos-de-atencion-a-los-mexiquenses\/\",\"url\":\"https:\/\/21panorama.com\/index.php\/2019\/08\/22\/cumple-hospital-materno-infantil-del-issemym-27-anos-de-atencion-a-los-mexiquenses\/\",\"name\":\"CUMPLE HOSPITAL MATERNO INFANTIL DEL ISSEMYM 27 A\u00d1OS DE ATENCI\u00d3N A LOS MEXIQUENSES - 21 Panorama\",\"isPartOf\":{\"@id\":\"https:\/\/21panorama.com\/#website\"},\"primaryImageOfPage\":{\"@id\":\"https:\/\/21panorama.com\/index.php\/2019\/08\/22\/cumple-hospital-materno-infantil-del-issemym-27-anos-de-atencion-a-los-mexiquenses\/#primaryimage\"},\"image\":{\"@id\":\"https:\/\/21panorama.com\/index.php\/2019\/08\/22\/cumple-hospital-materno-infantil-del-issemym-27-anos-de-atencion-a-los-mexiquenses\/#primaryimage\"},\"thumbnailUrl\":\"https:\/\/21panorama.com\/wp-content\/uploads\/2019\/08\/w2_8661_1.jpg\",\"datePublished\":\"2019-08-22T19:15:14+00:00\",\"dateModified\":\"2019-08-22T19:15:15+00:00\",\"breadcrumb\":{\"@id\":\"https:\/\/21panorama.com\/index.php\/2019\/08\/22\/cumple-hospital-materno-infantil-del-issemym-27-anos-de-atencion-a-los-mexiquenses\/#breadcrumb\"},\"inLanguage\":\"es\",\"potentialAction\":[{\"@type\":\"ReadAction\",\"target\":[\"https:\/\/21panorama.com\/index.php\/2019\/08\/22\/cumple-hospital-materno-infantil-del-issemym-27-anos-de-atencion-a-los-mexiquenses\/\"]}]},{\"@type\":\"ImageObject\",\"inLanguage\":\"es\",\"@id\":\"https:\/\/21panorama.com\/index.php\/2019\/08\/22\/cumple-hospital-materno-infantil-del-issemym-27-anos-de-atencion-a-los-mexiquenses\/#primaryimage\",\"url\":\"https:\/\/21panorama.com\/wp-content\/uploads\/2019\/08\/w2_8661_1.jpg\",\"contentUrl\":\"https:\/\/21panorama.com\/wp-content\/uploads\/2019\/08\/w2_8661_1.jpg\",\"width\":1200,\"height\":798,\"caption\":\"SONY DSC\"},{\"@type\":\"BreadcrumbList\",\"@id\":\"https:\/\/21panorama.com\/index.php\/2019\/08\/22\/cumple-hospital-materno-infantil-del-issemym-27-anos-de-atencion-a-los-mexiquenses\/#breadcrumb\",\"itemListElement\":[{\"@type\":\"ListItem\",\"position\":1,\"name\":\"Inicio\",\"item\":\"https:\/\/21panorama.com\/\"},{\"@type\":\"ListItem\",\"position\":2,\"name\":\"CUMPLE HOSPITAL MATERNO INFANTIL DEL ISSEMYM 27 A\u00d1OS DE ATENCI\u00d3N A LOS MEXIQUENSES\"}]},{\"@type\":\"WebSite\",\"@id\":\"https:\/\/21panorama.com\/#website\",\"url\":\"https:\/\/21panorama.com\/\",\"name\":\"21 Panorama\",\"description\":\"La construcci\u00f3n de la opini\u00f3n p\u00fablica merece un mejor Panorama en este siglo 21 para alcanzar una sociedad con mayor transparencia y sin corrupci\u00f3n.\",\"publisher\":{\"@id\":\"https:\/\/21panorama.com\/#organization\"},\"potentialAction\":[{\"@type\":\"SearchAction\",\"target\":{\"@type\":\"EntryPoint\",\"urlTemplate\":\"https:\/\/21panorama.com\/?s={search_term_string}\"},\"query-input\":{\"@type\":\"PropertyValueSpecification\",\"valueRequired\":true,\"valueName\":\"search_term_string\"}}],\"inLanguage\":\"es\"},{\"@type\":\"Organization\",\"@id\":\"https:\/\/21panorama.com\/#organization\",\"name\":\"21 Panorama\",\"url\":\"https:\/\/21panorama.com\/\",\"logo\":{\"@type\":\"ImageObject\",\"inLanguage\":\"es\",\"@id\":\"https:\/\/21panorama.com\/#\/schema\/logo\/image\/\",\"url\":\"https:\/\/21panorama.com\/wp-content\/uploads\/2019\/07\/cropped-Logo-Panorama-01.jpeg\",\"contentUrl\":\"https:\/\/21panorama.com\/wp-content\/uploads\/2019\/07\/cropped-Logo-Panorama-01.jpeg\",\"width\":290,\"height\":70,\"caption\":\"21 Panorama\"},\"image\":{\"@id\":\"https:\/\/21panorama.com\/#\/schema\/logo\/image\/\"}},{\"@type\":\"Person\",\"@id\":\"https:\/\/21panorama.com\/#\/schema\/person\/1afc291b96d5792a158768324287319f\",\"name\":\"admin\",\"image\":{\"@type\":\"ImageObject\",\"inLanguage\":\"es\",\"@id\":\"https:\/\/21panorama.com\/#\/schema\/person\/image\/\",\"url\":\"https:\/\/secure.gravatar.com\/avatar\/ad365d9d9f46719215b0d042cc3df92a5a8683e09ef13d102233e5491985f0f0?s=96&d=mm&r=g\",\"contentUrl\":\"https:\/\/secure.gravatar.com\/avatar\/ad365d9d9f46719215b0d042cc3df92a5a8683e09ef13d102233e5491985f0f0?s=96&d=mm&r=g\",\"caption\":\"admin\"},\"url\":\"https:\/\/21panorama.com\/index.php\/author\/admin\/\"}]}<\/script>\n<!-- \/ Yoast SEO plugin. -->","yoast_head_json":{"title":"CUMPLE HOSPITAL MATERNO INFANTIL DEL ISSEMYM 27 A\u00d1OS DE ATENCI\u00d3N A LOS MEXIQUENSES - 21 Panorama","robots":{"index":"index","follow":"follow","max-snippet":"max-snippet:-1","max-image-preview":"max-image-preview:large","max-video-preview":"max-video-preview:-1"},"canonical":"https:\/\/21panorama.com\/index.php\/2019\/08\/22\/cumple-hospital-materno-infantil-del-issemym-27-anos-de-atencion-a-los-mexiquenses\/","og_locale":"es_MX","og_type":"article","og_title":"CUMPLE HOSPITAL MATERNO INFANTIL DEL ISSEMYM 27 A\u00d1OS DE ATENCI\u00d3N A LOS MEXIQUENSES - 21 Panorama","og_description":"El Hospital Materno Infantil del Instituto de Seguridad Social del Estado de M\u00e9xico y Municipios (ISSEMyM) es la unidad m\u00e9dica de referencia institucional que anualmente atiende alrededor de 800 mil mujeres y menores de edad, canalizados de las cl\u00ednicas y hospitales regionales de esta dependencia. Jes\u00fas Mercado Garc\u00eda, Director del Hospital Materno Infantil, indic\u00f3 que, para brindar una mejor atenci\u00f3n hospitalaria, desde hace 27 a\u00f1os este nosocomio mantiene crecientes servicios m\u00e9dicos, as\u00ed como diversas acciones de acondicionamiento en beneficio de los derechohabientes, a trav\u00e9s de la renovaci\u00f3n de equipos e&hellip;","og_url":"https:\/\/21panorama.com\/index.php\/2019\/08\/22\/cumple-hospital-materno-infantil-del-issemym-27-anos-de-atencion-a-los-mexiquenses\/","og_site_name":"21 Panorama","article_published_time":"2019-08-22T19:15:14+00:00","article_modified_time":"2019-08-22T19:15:15+00:00","og_image":[{"width":1200,"height":798,"url":"https:\/\/21panorama.com\/wp-content\/uploads\/2019\/08\/w2_8661_1.jpg","type":"image\/jpeg"}],"author":"admin","twitter_card":"summary_large_image","twitter_misc":{"Escrito por":"admin","Tiempo de lectura":"2 minutos"},"schema":{"@context":"https:\/\/schema.org","@graph":[{"@type":"Article","@id":"https:\/\/21panorama.com\/index.php\/2019\/08\/22\/cumple-hospital-materno-infantil-del-issemym-27-anos-de-atencion-a-los-mexiquenses\/#article","isPartOf":{"@id":"https:\/\/21panorama.com\/index.php\/2019\/08\/22\/cumple-hospital-materno-infantil-del-issemym-27-anos-de-atencion-a-los-mexiquenses\/"},"author":{"name":"admin","@id":"https:\/\/21panorama.com\/#\/schema\/person\/1afc291b96d5792a158768324287319f"},"headline":"CUMPLE HOSPITAL MATERNO INFANTIL DEL ISSEMYM 27 A\u00d1OS DE ATENCI\u00d3N A LOS MEXIQUENSES","datePublished":"2019-08-22T19:15:14+00:00","dateModified":"2019-08-22T19:15:15+00:00","mainEntityOfPage":{"@id":"https:\/\/21panorama.com\/index.php\/2019\/08\/22\/cumple-hospital-materno-infantil-del-issemym-27-anos-de-atencion-a-los-mexiquenses\/"},"wordCount":336,"commentCount":0,"publisher":{"@id":"https:\/\/21panorama.com\/#organization"},"image":{"@id":"https:\/\/21panorama.com\/index.php\/2019\/08\/22\/cumple-hospital-materno-infantil-del-issemym-27-anos-de-atencion-a-los-mexiquenses\/#primaryimage"},"thumbnailUrl":"https:\/\/21panorama.com\/wp-content\/uploads\/2019\/08\/w2_8661_1.jpg","articleSection":["Ciencia y Salud","Sociedad"],"inLanguage":"es","potentialAction":[{"@type":"CommentAction","name":"Comment","target":["https:\/\/21panorama.com\/index.php\/2019\/08\/22\/cumple-hospital-materno-infantil-del-issemym-27-anos-de-atencion-a-los-mexiquenses\/#respond"]}]},{"@type":"WebPage","@id":"https:\/\/21panorama.com\/index.php\/2019\/08\/22\/cumple-hospital-materno-infantil-del-issemym-27-anos-de-atencion-a-los-mexiquenses\/","url":"https:\/\/21panorama.com\/index.php\/2019\/08\/22\/cumple-hospital-materno-infantil-del-issemym-27-anos-de-atencion-a-los-mexiquenses\/","name":"CUMPLE HOSPITAL MATERNO INFANTIL DEL ISSEMYM 27 A\u00d1OS DE ATENCI\u00d3N A LOS MEXIQUENSES - 21 Panorama","isPartOf":{"@id":"https:\/\/21panorama.com\/#website"},"primaryImageOfPage":{"@id":"https:\/\/21panorama.com\/index.php\/2019\/08\/22\/cumple-hospital-materno-infantil-del-issemym-27-anos-de-atencion-a-los-mexiquenses\/#primaryimage"},"image":{"@id":"https:\/\/21panorama.com\/index.php\/2019\/08\/22\/cumple-hospital-materno-infantil-del-issemym-27-anos-de-atencion-a-los-mexiquenses\/#primaryimage"},"thumbnailUrl":"https:\/\/21panorama.com\/wp-content\/uploads\/2019\/08\/w2_8661_1.jpg","datePublished":"2019-08-22T19:15:14+00:00","dateModified":"2019-08-22T19:15:15+00:00","breadcrumb":{"@id":"https:\/\/21panorama.com\/index.php\/2019\/08\/22\/cumple-hospital-materno-infantil-del-issemym-27-anos-de-atencion-a-los-mexiquenses\/#breadcrumb"},"inLanguage":"es","potentialAction":[{"@type":"ReadAction","target":["https:\/\/21panorama.com\/index.php\/2019\/08\/22\/cumple-hospital-materno-infantil-del-issemym-27-anos-de-atencion-a-los-mexiquenses\/"]}]},{"@type":"ImageObject","inLanguage":"es","@id":"https:\/\/21panorama.com\/index.php\/2019\/08\/22\/cumple-hospital-materno-infantil-del-issemym-27-anos-de-atencion-a-los-mexiquenses\/#primaryimage","url":"https:\/\/21panorama.com\/wp-content\/uploads\/2019\/08\/w2_8661_1.jpg","contentUrl":"https:\/\/21panorama.com\/wp-content\/uploads\/2019\/08\/w2_8661_1.jpg","width":1200,"height":798,"caption":"SONY DSC"},{"@type":"BreadcrumbList","@id":"https:\/\/21panorama.com\/index.php\/2019\/08\/22\/cumple-hospital-materno-infantil-del-issemym-27-anos-de-atencion-a-los-mexiquenses\/#breadcrumb","itemListElement":[{"@type":"ListItem","position":1,"name":"Inicio","item":"https:\/\/21panorama.com\/"},{"@type":"ListItem","position":2,"name":"CUMPLE HOSPITAL MATERNO INFANTIL DEL ISSEMYM 27 A\u00d1OS DE ATENCI\u00d3N A LOS MEXIQUENSES"}]},{"@type":"WebSite","@id":"https:\/\/21panorama.com\/#website","url":"https:\/\/21panorama.com\/","name":"21 Panorama","description":"La construcci\u00f3n de la opini\u00f3n p\u00fablica merece un mejor Panorama en este siglo 21 para alcanzar una sociedad con mayor transparencia y sin corrupci\u00f3n.","publisher":{"@id":"https:\/\/21panorama.com\/#organization"},"potentialAction":[{"@type":"SearchAction","target":{"@type":"EntryPoint","urlTemplate":"https:\/\/21panorama.com\/?s={search_term_string}"},"query-input":{"@type":"PropertyValueSpecification","valueRequired":true,"valueName":"search_term_string"}}],"inLanguage":"es"},{"@type":"Organization","@id":"https:\/\/21panorama.com\/#organization","name":"21 Panorama","url":"https:\/\/21panorama.com\/","logo":{"@type":"ImageObject","inLanguage":"es","@id":"https:\/\/21panorama.com\/#\/schema\/logo\/image\/","url":"https:\/\/21panorama.com\/wp-content\/uploads\/2019\/07\/cropped-Logo-Panorama-01.jpeg","contentUrl":"https:\/\/21panorama.com\/wp-content\/uploads\/2019\/07\/cropped-Logo-Panorama-01.jpeg","width":290,"height":70,"caption":"21 Panorama"},"image":{"@id":"https:\/\/21panorama.com\/#\/schema\/logo\/image\/"}},{"@type":"Person","@id":"https:\/\/21panorama.com\/#\/schema\/person\/1afc291b96d5792a158768324287319f","name":"admin","image":{"@type":"ImageObject","inLanguage":"es","@id":"https:\/\/21panorama.com\/#\/schema\/person\/image\/","url":"https:\/\/secure.gravatar.com\/avatar\/ad365d9d9f46719215b0d042cc3df92a5a8683e09ef13d102233e5491985f0f0?s=96&d=mm&r=g","contentUrl":"https:\/\/secure.gravatar.com\/avatar\/ad365d9d9f46719215b0d042cc3df92a5a8683e09ef13d102233e5491985f0f0?s=96&d=mm&r=g","caption":"admin"},"url":"https:\/\/21panorama.com\/index.php\/author\/admin\/"}]}},"_links":{"self":[{"href":"https:\/\/21panorama.com\/index.php\/wp-json\/wp\/v2\/posts\/278","targetHints":{"allow":["GET"]}}],"collection":[{"href":"https:\/\/21panorama.com\/index.php\/wp-json\/wp\/v2\/posts"}],"about":[{"href":"https:\/\/21panorama.com\/index.php\/wp-json\/wp\/v2\/types\/post"}],"author":[{"embeddable":true,"href":"https:\/\/21panorama.com\/index.php\/wp-json\/wp\/v2\/users\/1"}],"replies":[{"embeddable":true,"href":"https:\/\/21panorama.com\/index.php\/wp-json\/wp\/v2\/comments?post=278"}],"version-history":[{"count":1,"href":"https:\/\/21panorama.com\/index.php\/wp-json\/wp\/v2\/posts\/278\/revisions"}],"predecessor-version":[{"id":280,"href":"https:\/\/21panorama.com\/index.php\/wp-json\/wp\/v2\/posts\/278\/revisions\/280"}],"wp:featuredmedia":[{"embeddable":true,"href":"https:\/\/21panorama.com\/index.php\/wp-json\/wp\/v2\/media\/279"}],"wp:attachment":[{"href":"https:\/\/21panorama.com\/index.php\/wp-json\/wp\/v2\/media?parent=278"}],"wp:term":[{"taxonomy":"category","embeddable":true,"href":"https:\/\/21panorama.com\/index.php\/wp-json\/wp\/v2\/categories?post=278"},{"taxonomy":"post_tag","embeddable":true,"href":"https:\/\/21panorama.com\/index.php\/wp-json\/wp\/v2\/tags?post=278"}],"curies":[{"name":"wp","href":"https:\/\/api.w.org\/{rel}","templated":true}]}}