{"id":2764,"date":"2021-12-15T13:59:29","date_gmt":"2021-12-15T19:59:29","guid":{"rendered":"https:\/\/21panorama.com\/?p=2764"},"modified":"2021-12-15T13:59:31","modified_gmt":"2021-12-15T19:59:31","slug":"respalda-el-congreso-mexiquense-festejos-por-los-500-anos-de-toluca","status":"publish","type":"post","link":"https:\/\/21panorama.com\/index.php\/2021\/12\/15\/respalda-el-congreso-mexiquense-festejos-por-los-500-anos-de-toluca\/","title":{"rendered":"Respalda el Congreso mexiquense festejos por los 500 a\u00f1os de Toluca"},"content":{"rendered":"\n<p>El Congreso del Estado de M\u00e9xico declar\u00f3 por unanimidad \u00b4\u00b42022. A\u00f1o del Quincentenario de la Fundaci\u00f3n de Toluca de Lerdo, Capital del Estado de M\u00e9xico\u00b4\u00b4, leyenda que deber\u00e1 insertarse en la correspondencia oficial de los poderes del Estado, ayuntamientos, organismos constitucionales aut\u00f3nomos y organismos auxiliares de car\u00e1cter estatal o municipal.<\/p>\n\n\n\n<p>De acuerdo con la exposici\u00f3n de motivos, para la Legislatura es de suma trascendencia conmemorar que en 2022 se cumplen 500 a\u00f1os de la fundaci\u00f3n de Toluca, lo que alienta la conmemoraci\u00f3n y abona a la reactivaci\u00f3n econ\u00f3mica posterior a los estragos de la pandemia, as\u00ed como al fomento del turismo local, nacional e internacional.<\/p>\n\n\n\n<p>La iniciativa se\u00f1ala que Toluca, uno de los municipios hist\u00f3ricos m\u00e1s ic\u00f3nicos del Estado de M\u00e9xico, fue designado capital en 1830, y encuentra en su nombre la presencia del Dios Tolo y la convergencia de culturas que marcaron la esencia de sus pobladores hasta la fecha.<br>Hablar de Toluca, indic\u00f3 el diputado Iv\u00e1n de Jes\u00fas Esquer Cruz (PRI), es hablar de la cuna de grandes combatientes del movimiento independentista, de la lucha entre liberales y conservadores, de grandes pensadores que le dieron vida al Instituto Cient\u00edfico y Literario del Estado de M\u00e9xico y de diversos personajes que coadyuvaron en los movimientos del periodo revolucionario del pa\u00eds.<br>Al respecto, la diputada Paola Jim\u00e9nez Hern\u00e1ndez, representante del XXXVI distrito electoral local, que incluye parte de Toluca y Zinacantepec, reconoci\u00f3 a las y los diputados por apoyar los actos conmemorativos de los 500 a\u00f1os de la capital mexiquense, sede de los poderes p\u00fablicos estatales.<\/p>\n","protected":false},"excerpt":{"rendered":"<p>Declar\u00f3 al \u00b4\u00b42022. A\u00f1o del Quincentenario de la Fundaci\u00f3n de Toluca de Lerdo, Capital del Estado de M\u00e9xico\u00b4\u00b4.<\/p>\n","protected":false},"author":1,"featured_media":2765,"comment_status":"open","ping_status":"open","sticky":false,"template":"","format":"standard","meta":{"footnotes":""},"categories":[12],"tags":[94],"class_list":["post-2764","post","type-post","status-publish","format-standard","has-post-thumbnail","hentry","category-politica","tag-congreso"],"yoast_head":"<!-- This site is optimized with the Yoast SEO plugin v24.9 - https:\/\/yoast.com\/wordpress\/plugins\/seo\/ -->\n<title>Respalda el Congreso mexiquense festejos por los 500 a\u00f1os de Toluca - 21 Panorama<\/title>\n<meta name=\"robots\" content=\"index, follow, max-snippet:-1, max-image-preview:large, max-video-preview:-1\" \/>\n<link rel=\"canonical\" href=\"https:\/\/21panorama.com\/index.php\/2021\/12\/15\/respalda-el-congreso-mexiquense-festejos-por-los-500-anos-de-toluca\/\" \/>\n<meta property=\"og:locale\" content=\"es_MX\" \/>\n<meta property=\"og:type\" content=\"article\" \/>\n<meta property=\"og:title\" content=\"Respalda el Congreso mexiquense festejos por los 500 a\u00f1os de Toluca - 21 Panorama\" \/>\n<meta property=\"og:description\" content=\"Declar\u00f3 al \u00b4\u00b42022. A\u00f1o del Quincentenario de la Fundaci\u00f3n de Toluca de Lerdo, Capital del Estado de M\u00e9xico\u00b4\u00b4.\" \/>\n<meta property=\"og:url\" content=\"https:\/\/21panorama.com\/index.php\/2021\/12\/15\/respalda-el-congreso-mexiquense-festejos-por-los-500-anos-de-toluca\/\" \/>\n<meta property=\"og:site_name\" content=\"21 Panorama\" \/>\n<meta property=\"article:published_time\" content=\"2021-12-15T19:59:29+00:00\" \/>\n<meta property=\"article:modified_time\" content=\"2021-12-15T19:59:31+00:00\" \/>\n<meta property=\"og:image\" content=\"https:\/\/21panorama.com\/wp-content\/uploads\/2021\/12\/2afbef4f-f9f6-4b5c-8baa-f45f4eb8cc11.jpeg\" \/>\n\t<meta property=\"og:image:width\" content=\"1600\" \/>\n\t<meta property=\"og:image:height\" content=\"1066\" \/>\n\t<meta property=\"og:image:type\" content=\"image\/jpeg\" \/>\n<meta name=\"author\" content=\"admin\" \/>\n<meta name=\"twitter:card\" content=\"summary_large_image\" \/>\n<meta name=\"twitter:label1\" content=\"Escrito por\" \/>\n\t<meta name=\"twitter:data1\" content=\"admin\" \/>\n\t<meta name=\"twitter:label2\" content=\"Tiempo de lectura\" \/>\n\t<meta name=\"twitter:data2\" content=\"2 minutos\" \/>\n<script type=\"application\/ld+json\" class=\"yoast-schema-graph\">{\"@context\":\"https:\/\/schema.org\",\"@graph\":[{\"@type\":\"Article\",\"@id\":\"https:\/\/21panorama.com\/index.php\/2021\/12\/15\/respalda-el-congreso-mexiquense-festejos-por-los-500-anos-de-toluca\/#article\",\"isPartOf\":{\"@id\":\"https:\/\/21panorama.com\/index.php\/2021\/12\/15\/respalda-el-congreso-mexiquense-festejos-por-los-500-anos-de-toluca\/\"},\"author\":{\"name\":\"admin\",\"@id\":\"https:\/\/21panorama.com\/#\/schema\/person\/1afc291b96d5792a158768324287319f\"},\"headline\":\"Respalda el Congreso mexiquense festejos por los 500 a\u00f1os de Toluca\",\"datePublished\":\"2021-12-15T19:59:29+00:00\",\"dateModified\":\"2021-12-15T19:59:31+00:00\",\"mainEntityOfPage\":{\"@id\":\"https:\/\/21panorama.com\/index.php\/2021\/12\/15\/respalda-el-congreso-mexiquense-festejos-por-los-500-anos-de-toluca\/\"},\"wordCount\":288,\"commentCount\":0,\"publisher\":{\"@id\":\"https:\/\/21panorama.com\/#organization\"},\"image\":{\"@id\":\"https:\/\/21panorama.com\/index.php\/2021\/12\/15\/respalda-el-congreso-mexiquense-festejos-por-los-500-anos-de-toluca\/#primaryimage\"},\"thumbnailUrl\":\"https:\/\/21panorama.com\/wp-content\/uploads\/2021\/12\/2afbef4f-f9f6-4b5c-8baa-f45f4eb8cc11.jpeg\",\"keywords\":[\"Congreso\"],\"articleSection\":[\"Politica\"],\"inLanguage\":\"es\",\"potentialAction\":[{\"@type\":\"CommentAction\",\"name\":\"Comment\",\"target\":[\"https:\/\/21panorama.com\/index.php\/2021\/12\/15\/respalda-el-congreso-mexiquense-festejos-por-los-500-anos-de-toluca\/#respond\"]}]},{\"@type\":\"WebPage\",\"@id\":\"https:\/\/21panorama.com\/index.php\/2021\/12\/15\/respalda-el-congreso-mexiquense-festejos-por-los-500-anos-de-toluca\/\",\"url\":\"https:\/\/21panorama.com\/index.php\/2021\/12\/15\/respalda-el-congreso-mexiquense-festejos-por-los-500-anos-de-toluca\/\",\"name\":\"Respalda el Congreso mexiquense festejos por los 500 a\u00f1os de Toluca - 21 Panorama\",\"isPartOf\":{\"@id\":\"https:\/\/21panorama.com\/#website\"},\"primaryImageOfPage\":{\"@id\":\"https:\/\/21panorama.com\/index.php\/2021\/12\/15\/respalda-el-congreso-mexiquense-festejos-por-los-500-anos-de-toluca\/#primaryimage\"},\"image\":{\"@id\":\"https:\/\/21panorama.com\/index.php\/2021\/12\/15\/respalda-el-congreso-mexiquense-festejos-por-los-500-anos-de-toluca\/#primaryimage\"},\"thumbnailUrl\":\"https:\/\/21panorama.com\/wp-content\/uploads\/2021\/12\/2afbef4f-f9f6-4b5c-8baa-f45f4eb8cc11.jpeg\",\"datePublished\":\"2021-12-15T19:59:29+00:00\",\"dateModified\":\"2021-12-15T19:59:31+00:00\",\"breadcrumb\":{\"@id\":\"https:\/\/21panorama.com\/index.php\/2021\/12\/15\/respalda-el-congreso-mexiquense-festejos-por-los-500-anos-de-toluca\/#breadcrumb\"},\"inLanguage\":\"es\",\"potentialAction\":[{\"@type\":\"ReadAction\",\"target\":[\"https:\/\/21panorama.com\/index.php\/2021\/12\/15\/respalda-el-congreso-mexiquense-festejos-por-los-500-anos-de-toluca\/\"]}]},{\"@type\":\"ImageObject\",\"inLanguage\":\"es\",\"@id\":\"https:\/\/21panorama.com\/index.php\/2021\/12\/15\/respalda-el-congreso-mexiquense-festejos-por-los-500-anos-de-toluca\/#primaryimage\",\"url\":\"https:\/\/21panorama.com\/wp-content\/uploads\/2021\/12\/2afbef4f-f9f6-4b5c-8baa-f45f4eb8cc11.jpeg\",\"contentUrl\":\"https:\/\/21panorama.com\/wp-content\/uploads\/2021\/12\/2afbef4f-f9f6-4b5c-8baa-f45f4eb8cc11.jpeg\",\"width\":1600,\"height\":1066},{\"@type\":\"BreadcrumbList\",\"@id\":\"https:\/\/21panorama.com\/index.php\/2021\/12\/15\/respalda-el-congreso-mexiquense-festejos-por-los-500-anos-de-toluca\/#breadcrumb\",\"itemListElement\":[{\"@type\":\"ListItem\",\"position\":1,\"name\":\"Inicio\",\"item\":\"https:\/\/21panorama.com\/\"},{\"@type\":\"ListItem\",\"position\":2,\"name\":\"Respalda el Congreso mexiquense festejos por los 500 a\u00f1os de Toluca\"}]},{\"@type\":\"WebSite\",\"@id\":\"https:\/\/21panorama.com\/#website\",\"url\":\"https:\/\/21panorama.com\/\",\"name\":\"21 Panorama\",\"description\":\"La construcci\u00f3n de la opini\u00f3n p\u00fablica merece un mejor Panorama en este siglo 21 para alcanzar una sociedad con mayor transparencia y sin corrupci\u00f3n.\",\"publisher\":{\"@id\":\"https:\/\/21panorama.com\/#organization\"},\"potentialAction\":[{\"@type\":\"SearchAction\",\"target\":{\"@type\":\"EntryPoint\",\"urlTemplate\":\"https:\/\/21panorama.com\/?s={search_term_string}\"},\"query-input\":{\"@type\":\"PropertyValueSpecification\",\"valueRequired\":true,\"valueName\":\"search_term_string\"}}],\"inLanguage\":\"es\"},{\"@type\":\"Organization\",\"@id\":\"https:\/\/21panorama.com\/#organization\",\"name\":\"21 Panorama\",\"url\":\"https:\/\/21panorama.com\/\",\"logo\":{\"@type\":\"ImageObject\",\"inLanguage\":\"es\",\"@id\":\"https:\/\/21panorama.com\/#\/schema\/logo\/image\/\",\"url\":\"https:\/\/21panorama.com\/wp-content\/uploads\/2019\/07\/cropped-Logo-Panorama-01.jpeg\",\"contentUrl\":\"https:\/\/21panorama.com\/wp-content\/uploads\/2019\/07\/cropped-Logo-Panorama-01.jpeg\",\"width\":290,\"height\":70,\"caption\":\"21 Panorama\"},\"image\":{\"@id\":\"https:\/\/21panorama.com\/#\/schema\/logo\/image\/\"}},{\"@type\":\"Person\",\"@id\":\"https:\/\/21panorama.com\/#\/schema\/person\/1afc291b96d5792a158768324287319f\",\"name\":\"admin\",\"image\":{\"@type\":\"ImageObject\",\"inLanguage\":\"es\",\"@id\":\"https:\/\/21panorama.com\/#\/schema\/person\/image\/\",\"url\":\"https:\/\/secure.gravatar.com\/avatar\/ad365d9d9f46719215b0d042cc3df92a5a8683e09ef13d102233e5491985f0f0?s=96&d=mm&r=g\",\"contentUrl\":\"https:\/\/secure.gravatar.com\/avatar\/ad365d9d9f46719215b0d042cc3df92a5a8683e09ef13d102233e5491985f0f0?s=96&d=mm&r=g\",\"caption\":\"admin\"},\"url\":\"https:\/\/21panorama.com\/index.php\/author\/admin\/\"}]}<\/script>\n<!-- \/ Yoast SEO plugin. -->","yoast_head_json":{"title":"Respalda el Congreso mexiquense festejos por los 500 a\u00f1os de Toluca - 21 Panorama","robots":{"index":"index","follow":"follow","max-snippet":"max-snippet:-1","max-image-preview":"max-image-preview:large","max-video-preview":"max-video-preview:-1"},"canonical":"https:\/\/21panorama.com\/index.php\/2021\/12\/15\/respalda-el-congreso-mexiquense-festejos-por-los-500-anos-de-toluca\/","og_locale":"es_MX","og_type":"article","og_title":"Respalda el Congreso mexiquense festejos por los 500 a\u00f1os de Toluca - 21 Panorama","og_description":"Declar\u00f3 al \u00b4\u00b42022. A\u00f1o del Quincentenario de la Fundaci\u00f3n de Toluca de Lerdo, Capital del Estado de M\u00e9xico\u00b4\u00b4.","og_url":"https:\/\/21panorama.com\/index.php\/2021\/12\/15\/respalda-el-congreso-mexiquense-festejos-por-los-500-anos-de-toluca\/","og_site_name":"21 Panorama","article_published_time":"2021-12-15T19:59:29+00:00","article_modified_time":"2021-12-15T19:59:31+00:00","og_image":[{"width":1600,"height":1066,"url":"https:\/\/21panorama.com\/wp-content\/uploads\/2021\/12\/2afbef4f-f9f6-4b5c-8baa-f45f4eb8cc11.jpeg","type":"image\/jpeg"}],"author":"admin","twitter_card":"summary_large_image","twitter_misc":{"Escrito por":"admin","Tiempo de lectura":"2 minutos"},"schema":{"@context":"https:\/\/schema.org","@graph":[{"@type":"Article","@id":"https:\/\/21panorama.com\/index.php\/2021\/12\/15\/respalda-el-congreso-mexiquense-festejos-por-los-500-anos-de-toluca\/#article","isPartOf":{"@id":"https:\/\/21panorama.com\/index.php\/2021\/12\/15\/respalda-el-congreso-mexiquense-festejos-por-los-500-anos-de-toluca\/"},"author":{"name":"admin","@id":"https:\/\/21panorama.com\/#\/schema\/person\/1afc291b96d5792a158768324287319f"},"headline":"Respalda el Congreso mexiquense festejos por los 500 a\u00f1os de Toluca","datePublished":"2021-12-15T19:59:29+00:00","dateModified":"2021-12-15T19:59:31+00:00","mainEntityOfPage":{"@id":"https:\/\/21panorama.com\/index.php\/2021\/12\/15\/respalda-el-congreso-mexiquense-festejos-por-los-500-anos-de-toluca\/"},"wordCount":288,"commentCount":0,"publisher":{"@id":"https:\/\/21panorama.com\/#organization"},"image":{"@id":"https:\/\/21panorama.com\/index.php\/2021\/12\/15\/respalda-el-congreso-mexiquense-festejos-por-los-500-anos-de-toluca\/#primaryimage"},"thumbnailUrl":"https:\/\/21panorama.com\/wp-content\/uploads\/2021\/12\/2afbef4f-f9f6-4b5c-8baa-f45f4eb8cc11.jpeg","keywords":["Congreso"],"articleSection":["Politica"],"inLanguage":"es","potentialAction":[{"@type":"CommentAction","name":"Comment","target":["https:\/\/21panorama.com\/index.php\/2021\/12\/15\/respalda-el-congreso-mexiquense-festejos-por-los-500-anos-de-toluca\/#respond"]}]},{"@type":"WebPage","@id":"https:\/\/21panorama.com\/index.php\/2021\/12\/15\/respalda-el-congreso-mexiquense-festejos-por-los-500-anos-de-toluca\/","url":"https:\/\/21panorama.com\/index.php\/2021\/12\/15\/respalda-el-congreso-mexiquense-festejos-por-los-500-anos-de-toluca\/","name":"Respalda el Congreso mexiquense festejos por los 500 a\u00f1os de Toluca - 21 Panorama","isPartOf":{"@id":"https:\/\/21panorama.com\/#website"},"primaryImageOfPage":{"@id":"https:\/\/21panorama.com\/index.php\/2021\/12\/15\/respalda-el-congreso-mexiquense-festejos-por-los-500-anos-de-toluca\/#primaryimage"},"image":{"@id":"https:\/\/21panorama.com\/index.php\/2021\/12\/15\/respalda-el-congreso-mexiquense-festejos-por-los-500-anos-de-toluca\/#primaryimage"},"thumbnailUrl":"https:\/\/21panorama.com\/wp-content\/uploads\/2021\/12\/2afbef4f-f9f6-4b5c-8baa-f45f4eb8cc11.jpeg","datePublished":"2021-12-15T19:59:29+00:00","dateModified":"2021-12-15T19:59:31+00:00","breadcrumb":{"@id":"https:\/\/21panorama.com\/index.php\/2021\/12\/15\/respalda-el-congreso-mexiquense-festejos-por-los-500-anos-de-toluca\/#breadcrumb"},"inLanguage":"es","potentialAction":[{"@type":"ReadAction","target":["https:\/\/21panorama.com\/index.php\/2021\/12\/15\/respalda-el-congreso-mexiquense-festejos-por-los-500-anos-de-toluca\/"]}]},{"@type":"ImageObject","inLanguage":"es","@id":"https:\/\/21panorama.com\/index.php\/2021\/12\/15\/respalda-el-congreso-mexiquense-festejos-por-los-500-anos-de-toluca\/#primaryimage","url":"https:\/\/21panorama.com\/wp-content\/uploads\/2021\/12\/2afbef4f-f9f6-4b5c-8baa-f45f4eb8cc11.jpeg","contentUrl":"https:\/\/21panorama.com\/wp-content\/uploads\/2021\/12\/2afbef4f-f9f6-4b5c-8baa-f45f4eb8cc11.jpeg","width":1600,"height":1066},{"@type":"BreadcrumbList","@id":"https:\/\/21panorama.com\/index.php\/2021\/12\/15\/respalda-el-congreso-mexiquense-festejos-por-los-500-anos-de-toluca\/#breadcrumb","itemListElement":[{"@type":"ListItem","position":1,"name":"Inicio","item":"https:\/\/21panorama.com\/"},{"@type":"ListItem","position":2,"name":"Respalda el Congreso mexiquense festejos por los 500 a\u00f1os de Toluca"}]},{"@type":"WebSite","@id":"https:\/\/21panorama.com\/#website","url":"https:\/\/21panorama.com\/","name":"21 Panorama","description":"La construcci\u00f3n de la opini\u00f3n p\u00fablica merece un mejor Panorama en este siglo 21 para alcanzar una sociedad con mayor transparencia y sin corrupci\u00f3n.","publisher":{"@id":"https:\/\/21panorama.com\/#organization"},"potentialAction":[{"@type":"SearchAction","target":{"@type":"EntryPoint","urlTemplate":"https:\/\/21panorama.com\/?s={search_term_string}"},"query-input":{"@type":"PropertyValueSpecification","valueRequired":true,"valueName":"search_term_string"}}],"inLanguage":"es"},{"@type":"Organization","@id":"https:\/\/21panorama.com\/#organization","name":"21 Panorama","url":"https:\/\/21panorama.com\/","logo":{"@type":"ImageObject","inLanguage":"es","@id":"https:\/\/21panorama.com\/#\/schema\/logo\/image\/","url":"https:\/\/21panorama.com\/wp-content\/uploads\/2019\/07\/cropped-Logo-Panorama-01.jpeg","contentUrl":"https:\/\/21panorama.com\/wp-content\/uploads\/2019\/07\/cropped-Logo-Panorama-01.jpeg","width":290,"height":70,"caption":"21 Panorama"},"image":{"@id":"https:\/\/21panorama.com\/#\/schema\/logo\/image\/"}},{"@type":"Person","@id":"https:\/\/21panorama.com\/#\/schema\/person\/1afc291b96d5792a158768324287319f","name":"admin","image":{"@type":"ImageObject","inLanguage":"es","@id":"https:\/\/21panorama.com\/#\/schema\/person\/image\/","url":"https:\/\/secure.gravatar.com\/avatar\/ad365d9d9f46719215b0d042cc3df92a5a8683e09ef13d102233e5491985f0f0?s=96&d=mm&r=g","contentUrl":"https:\/\/secure.gravatar.com\/avatar\/ad365d9d9f46719215b0d042cc3df92a5a8683e09ef13d102233e5491985f0f0?s=96&d=mm&r=g","caption":"admin"},"url":"https:\/\/21panorama.com\/index.php\/author\/admin\/"}]}},"_links":{"self":[{"href":"https:\/\/21panorama.com\/index.php\/wp-json\/wp\/v2\/posts\/2764","targetHints":{"allow":["GET"]}}],"collection":[{"href":"https:\/\/21panorama.com\/index.php\/wp-json\/wp\/v2\/posts"}],"about":[{"href":"https:\/\/21panorama.com\/index.php\/wp-json\/wp\/v2\/types\/post"}],"author":[{"embeddable":true,"href":"https:\/\/21panorama.com\/index.php\/wp-json\/wp\/v2\/users\/1"}],"replies":[{"embeddable":true,"href":"https:\/\/21panorama.com\/index.php\/wp-json\/wp\/v2\/comments?post=2764"}],"version-history":[{"count":1,"href":"https:\/\/21panorama.com\/index.php\/wp-json\/wp\/v2\/posts\/2764\/revisions"}],"predecessor-version":[{"id":2766,"href":"https:\/\/21panorama.com\/index.php\/wp-json\/wp\/v2\/posts\/2764\/revisions\/2766"}],"wp:featuredmedia":[{"embeddable":true,"href":"https:\/\/21panorama.com\/index.php\/wp-json\/wp\/v2\/media\/2765"}],"wp:attachment":[{"href":"https:\/\/21panorama.com\/index.php\/wp-json\/wp\/v2\/media?parent=2764"}],"wp:term":[{"taxonomy":"category","embeddable":true,"href":"https:\/\/21panorama.com\/index.php\/wp-json\/wp\/v2\/categories?post=2764"},{"taxonomy":"post_tag","embeddable":true,"href":"https:\/\/21panorama.com\/index.php\/wp-json\/wp\/v2\/tags?post=2764"}],"curies":[{"name":"wp","href":"https:\/\/api.w.org\/{rel}","templated":true}]}}