{"id":2758,"date":"2021-12-15T13:52:17","date_gmt":"2021-12-15T19:52:17","guid":{"rendered":"https:\/\/21panorama.com\/?p=2758"},"modified":"2021-12-15T13:52:18","modified_gmt":"2021-12-15T19:52:18","slug":"declara-el-congreso-sesion-permanente-para-analizar-paquete-fiscal-2022","status":"publish","type":"post","link":"https:\/\/21panorama.com\/index.php\/2021\/12\/15\/declara-el-congreso-sesion-permanente-para-analizar-paquete-fiscal-2022\/","title":{"rendered":"Declara el Congreso sesi\u00f3n permanente para analizar Paquete Fiscal 2022"},"content":{"rendered":"\n<p>El Congreso del Estado de M\u00e9xico se declar\u00f3 en sesi\u00f3n permanente para analizar las iniciativas que integran el Paquete Fiscal 2022 enviadas por el titular del Poder Ejecutivo y se anunci\u00f3 una reuni\u00f3n de trabajo de las comisiones de Finanzas P\u00fablicas y Planeaci\u00f3n y Gasto P\u00fablico el pr\u00f3ximo jueves 16 de diciembre.<br>En sesi\u00f3n, la diputada Ingrid Schemelensky Castro (PAN), presidenta de la Directiva, comunic\u00f3 que, para fortalecer los trabajos de la Legislatura y de las comisiones legislativas, la Legislatura se constituye en sesi\u00f3n permanente para atender los puntos del orden del d\u00eda referentes a la Ley de Ingresos del Estado de M\u00e9xico, Ley de Ingresos de los Municipios del Estado de M\u00e9xico, Presupuesto de Egresos del Gobierno del Estado de M\u00e9xico y las reformas a diversas disposiciones del C\u00f3digo Financiero del Estado de M\u00e9xico y Municipios y otros ordenamientos, las cuales conforman el Paquete Fiscal 2022, y cit\u00f3 a las y los diputados para su reanudaci\u00f3n el pr\u00f3ximo viernes 17 de diciembre.<br>Como parte del an\u00e1lisis del Paquete Fiscal 2022 en reuniones previas las comisiones de Finanzas P\u00fablicas y de Planeaci\u00f3n y Gasto P\u00fablico han debatido la creaci\u00f3n de nuevos impuestos para 2022 y por la contrataci\u00f3n de financiamiento por parte del Ejecutivo estatal y los 125 municipios, los cuales tendr\u00e1n como garant\u00eda de pago recursos estatales y federales.<br>Presidir\u00e1 Valent\u00edn Gonz\u00e1lez la Diputaci\u00f3n Permanente<br>Durante la sesi\u00f3n, el Pleno de la Legislatura eligi\u00f3 al diputado Valent\u00edn Gonz\u00e1lez Bautista (Morena), presidente de la Diputaci\u00f3n Permanente, mientras que la diputada Paola Jim\u00e9nez Hern\u00e1ndez (PRI) ser\u00e1 vicepresidenta y el legislador Francisco Brian Rojas Santos Cano (PAN) fungir\u00e1 como secretario.<br>Tambi\u00e9n integrar\u00e1n este \u00f3rgano parlamentario, que se instalar\u00e1 al clausurar el actual periodo de sesiones, las y los legisladores Edith Marisol Mercado Torres y Abraham Saron\u00e9 Campos, ambos de Morena; Alfredo Quiroz Fuentes y Gretel Gonz\u00e1lez Aguirre, del PRI; Ingrid Schemelensky Castro (PAN) y Rigoberto Vargas Cervantes (Nueva Alianza).<br>Como suplentes fueron elegidos las y los legisladores Luzma Hern\u00e1ndez Berm\u00fadez (Morena), Mar\u00eda Elida Castel\u00e1n Mondrag\u00f3n (Morena), Silvia Barberena Maldonado (PT), Claudia Desiree Morales Robledo (PVEM) y Mart\u00edn Zepeda Hern\u00e1ndez (MC).<\/p>\n","protected":false},"excerpt":{"rendered":"<p>Comisiones unidas se reunir\u00e1n este jueves 16 de diciembre para continuar el an\u00e1lisis.<\/p>\n","protected":false},"author":1,"featured_media":2759,"comment_status":"open","ping_status":"open","sticky":false,"template":"","format":"standard","meta":{"footnotes":""},"categories":[12],"tags":[94],"class_list":["post-2758","post","type-post","status-publish","format-standard","has-post-thumbnail","hentry","category-politica","tag-congreso"],"yoast_head":"<!-- This site is optimized with the Yoast SEO plugin v24.9 - https:\/\/yoast.com\/wordpress\/plugins\/seo\/ -->\n<title>Declara el Congreso sesi\u00f3n permanente para analizar Paquete Fiscal 2022 - 21 Panorama<\/title>\n<meta name=\"robots\" content=\"index, follow, max-snippet:-1, max-image-preview:large, max-video-preview:-1\" \/>\n<link rel=\"canonical\" href=\"https:\/\/21panorama.com\/index.php\/2021\/12\/15\/declara-el-congreso-sesion-permanente-para-analizar-paquete-fiscal-2022\/\" \/>\n<meta property=\"og:locale\" content=\"es_MX\" \/>\n<meta property=\"og:type\" content=\"article\" \/>\n<meta property=\"og:title\" content=\"Declara el Congreso sesi\u00f3n permanente para analizar Paquete Fiscal 2022 - 21 Panorama\" \/>\n<meta property=\"og:description\" content=\"Comisiones unidas se reunir\u00e1n este jueves 16 de diciembre para continuar el an\u00e1lisis.\" \/>\n<meta property=\"og:url\" content=\"https:\/\/21panorama.com\/index.php\/2021\/12\/15\/declara-el-congreso-sesion-permanente-para-analizar-paquete-fiscal-2022\/\" \/>\n<meta property=\"og:site_name\" content=\"21 Panorama\" \/>\n<meta property=\"article:published_time\" content=\"2021-12-15T19:52:17+00:00\" \/>\n<meta property=\"article:modified_time\" content=\"2021-12-15T19:52:18+00:00\" \/>\n<meta property=\"og:image\" content=\"https:\/\/21panorama.com\/wp-content\/uploads\/2021\/12\/2bbd4f3c-94c2-433f-b6e2-b1ea398ba1b8.jpeg\" \/>\n\t<meta property=\"og:image:width\" content=\"1024\" \/>\n\t<meta property=\"og:image:height\" content=\"681\" \/>\n\t<meta property=\"og:image:type\" content=\"image\/jpeg\" \/>\n<meta name=\"author\" content=\"admin\" \/>\n<meta name=\"twitter:card\" content=\"summary_large_image\" \/>\n<meta name=\"twitter:label1\" content=\"Escrito por\" \/>\n\t<meta name=\"twitter:data1\" content=\"admin\" \/>\n\t<meta name=\"twitter:label2\" content=\"Tiempo de lectura\" \/>\n\t<meta name=\"twitter:data2\" content=\"2 minutos\" \/>\n<script type=\"application\/ld+json\" class=\"yoast-schema-graph\">{\"@context\":\"https:\/\/schema.org\",\"@graph\":[{\"@type\":\"Article\",\"@id\":\"https:\/\/21panorama.com\/index.php\/2021\/12\/15\/declara-el-congreso-sesion-permanente-para-analizar-paquete-fiscal-2022\/#article\",\"isPartOf\":{\"@id\":\"https:\/\/21panorama.com\/index.php\/2021\/12\/15\/declara-el-congreso-sesion-permanente-para-analizar-paquete-fiscal-2022\/\"},\"author\":{\"name\":\"admin\",\"@id\":\"https:\/\/21panorama.com\/#\/schema\/person\/1afc291b96d5792a158768324287319f\"},\"headline\":\"Declara el Congreso sesi\u00f3n permanente para analizar Paquete Fiscal 2022\",\"datePublished\":\"2021-12-15T19:52:17+00:00\",\"dateModified\":\"2021-12-15T19:52:18+00:00\",\"mainEntityOfPage\":{\"@id\":\"https:\/\/21panorama.com\/index.php\/2021\/12\/15\/declara-el-congreso-sesion-permanente-para-analizar-paquete-fiscal-2022\/\"},\"wordCount\":394,\"commentCount\":0,\"publisher\":{\"@id\":\"https:\/\/21panorama.com\/#organization\"},\"image\":{\"@id\":\"https:\/\/21panorama.com\/index.php\/2021\/12\/15\/declara-el-congreso-sesion-permanente-para-analizar-paquete-fiscal-2022\/#primaryimage\"},\"thumbnailUrl\":\"https:\/\/21panorama.com\/wp-content\/uploads\/2021\/12\/2bbd4f3c-94c2-433f-b6e2-b1ea398ba1b8.jpeg\",\"keywords\":[\"Congreso\"],\"articleSection\":[\"Politica\"],\"inLanguage\":\"es\",\"potentialAction\":[{\"@type\":\"CommentAction\",\"name\":\"Comment\",\"target\":[\"https:\/\/21panorama.com\/index.php\/2021\/12\/15\/declara-el-congreso-sesion-permanente-para-analizar-paquete-fiscal-2022\/#respond\"]}]},{\"@type\":\"WebPage\",\"@id\":\"https:\/\/21panorama.com\/index.php\/2021\/12\/15\/declara-el-congreso-sesion-permanente-para-analizar-paquete-fiscal-2022\/\",\"url\":\"https:\/\/21panorama.com\/index.php\/2021\/12\/15\/declara-el-congreso-sesion-permanente-para-analizar-paquete-fiscal-2022\/\",\"name\":\"Declara el Congreso sesi\u00f3n permanente para analizar Paquete Fiscal 2022 - 21 Panorama\",\"isPartOf\":{\"@id\":\"https:\/\/21panorama.com\/#website\"},\"primaryImageOfPage\":{\"@id\":\"https:\/\/21panorama.com\/index.php\/2021\/12\/15\/declara-el-congreso-sesion-permanente-para-analizar-paquete-fiscal-2022\/#primaryimage\"},\"image\":{\"@id\":\"https:\/\/21panorama.com\/index.php\/2021\/12\/15\/declara-el-congreso-sesion-permanente-para-analizar-paquete-fiscal-2022\/#primaryimage\"},\"thumbnailUrl\":\"https:\/\/21panorama.com\/wp-content\/uploads\/2021\/12\/2bbd4f3c-94c2-433f-b6e2-b1ea398ba1b8.jpeg\",\"datePublished\":\"2021-12-15T19:52:17+00:00\",\"dateModified\":\"2021-12-15T19:52:18+00:00\",\"breadcrumb\":{\"@id\":\"https:\/\/21panorama.com\/index.php\/2021\/12\/15\/declara-el-congreso-sesion-permanente-para-analizar-paquete-fiscal-2022\/#breadcrumb\"},\"inLanguage\":\"es\",\"potentialAction\":[{\"@type\":\"ReadAction\",\"target\":[\"https:\/\/21panorama.com\/index.php\/2021\/12\/15\/declara-el-congreso-sesion-permanente-para-analizar-paquete-fiscal-2022\/\"]}]},{\"@type\":\"ImageObject\",\"inLanguage\":\"es\",\"@id\":\"https:\/\/21panorama.com\/index.php\/2021\/12\/15\/declara-el-congreso-sesion-permanente-para-analizar-paquete-fiscal-2022\/#primaryimage\",\"url\":\"https:\/\/21panorama.com\/wp-content\/uploads\/2021\/12\/2bbd4f3c-94c2-433f-b6e2-b1ea398ba1b8.jpeg\",\"contentUrl\":\"https:\/\/21panorama.com\/wp-content\/uploads\/2021\/12\/2bbd4f3c-94c2-433f-b6e2-b1ea398ba1b8.jpeg\",\"width\":1024,\"height\":681},{\"@type\":\"BreadcrumbList\",\"@id\":\"https:\/\/21panorama.com\/index.php\/2021\/12\/15\/declara-el-congreso-sesion-permanente-para-analizar-paquete-fiscal-2022\/#breadcrumb\",\"itemListElement\":[{\"@type\":\"ListItem\",\"position\":1,\"name\":\"Inicio\",\"item\":\"https:\/\/21panorama.com\/\"},{\"@type\":\"ListItem\",\"position\":2,\"name\":\"Declara el Congreso sesi\u00f3n permanente para analizar Paquete Fiscal 2022\"}]},{\"@type\":\"WebSite\",\"@id\":\"https:\/\/21panorama.com\/#website\",\"url\":\"https:\/\/21panorama.com\/\",\"name\":\"21 Panorama\",\"description\":\"La construcci\u00f3n de la opini\u00f3n p\u00fablica merece un mejor Panorama en este siglo 21 para alcanzar una sociedad con mayor transparencia y sin corrupci\u00f3n.\",\"publisher\":{\"@id\":\"https:\/\/21panorama.com\/#organization\"},\"potentialAction\":[{\"@type\":\"SearchAction\",\"target\":{\"@type\":\"EntryPoint\",\"urlTemplate\":\"https:\/\/21panorama.com\/?s={search_term_string}\"},\"query-input\":{\"@type\":\"PropertyValueSpecification\",\"valueRequired\":true,\"valueName\":\"search_term_string\"}}],\"inLanguage\":\"es\"},{\"@type\":\"Organization\",\"@id\":\"https:\/\/21panorama.com\/#organization\",\"name\":\"21 Panorama\",\"url\":\"https:\/\/21panorama.com\/\",\"logo\":{\"@type\":\"ImageObject\",\"inLanguage\":\"es\",\"@id\":\"https:\/\/21panorama.com\/#\/schema\/logo\/image\/\",\"url\":\"https:\/\/21panorama.com\/wp-content\/uploads\/2019\/07\/cropped-Logo-Panorama-01.jpeg\",\"contentUrl\":\"https:\/\/21panorama.com\/wp-content\/uploads\/2019\/07\/cropped-Logo-Panorama-01.jpeg\",\"width\":290,\"height\":70,\"caption\":\"21 Panorama\"},\"image\":{\"@id\":\"https:\/\/21panorama.com\/#\/schema\/logo\/image\/\"}},{\"@type\":\"Person\",\"@id\":\"https:\/\/21panorama.com\/#\/schema\/person\/1afc291b96d5792a158768324287319f\",\"name\":\"admin\",\"image\":{\"@type\":\"ImageObject\",\"inLanguage\":\"es\",\"@id\":\"https:\/\/21panorama.com\/#\/schema\/person\/image\/\",\"url\":\"https:\/\/secure.gravatar.com\/avatar\/ad365d9d9f46719215b0d042cc3df92a5a8683e09ef13d102233e5491985f0f0?s=96&d=mm&r=g\",\"contentUrl\":\"https:\/\/secure.gravatar.com\/avatar\/ad365d9d9f46719215b0d042cc3df92a5a8683e09ef13d102233e5491985f0f0?s=96&d=mm&r=g\",\"caption\":\"admin\"},\"url\":\"https:\/\/21panorama.com\/index.php\/author\/admin\/\"}]}<\/script>\n<!-- \/ Yoast SEO plugin. -->","yoast_head_json":{"title":"Declara el Congreso sesi\u00f3n permanente para analizar Paquete Fiscal 2022 - 21 Panorama","robots":{"index":"index","follow":"follow","max-snippet":"max-snippet:-1","max-image-preview":"max-image-preview:large","max-video-preview":"max-video-preview:-1"},"canonical":"https:\/\/21panorama.com\/index.php\/2021\/12\/15\/declara-el-congreso-sesion-permanente-para-analizar-paquete-fiscal-2022\/","og_locale":"es_MX","og_type":"article","og_title":"Declara el Congreso sesi\u00f3n permanente para analizar Paquete Fiscal 2022 - 21 Panorama","og_description":"Comisiones unidas se reunir\u00e1n este jueves 16 de diciembre para continuar el an\u00e1lisis.","og_url":"https:\/\/21panorama.com\/index.php\/2021\/12\/15\/declara-el-congreso-sesion-permanente-para-analizar-paquete-fiscal-2022\/","og_site_name":"21 Panorama","article_published_time":"2021-12-15T19:52:17+00:00","article_modified_time":"2021-12-15T19:52:18+00:00","og_image":[{"width":1024,"height":681,"url":"https:\/\/21panorama.com\/wp-content\/uploads\/2021\/12\/2bbd4f3c-94c2-433f-b6e2-b1ea398ba1b8.jpeg","type":"image\/jpeg"}],"author":"admin","twitter_card":"summary_large_image","twitter_misc":{"Escrito por":"admin","Tiempo de lectura":"2 minutos"},"schema":{"@context":"https:\/\/schema.org","@graph":[{"@type":"Article","@id":"https:\/\/21panorama.com\/index.php\/2021\/12\/15\/declara-el-congreso-sesion-permanente-para-analizar-paquete-fiscal-2022\/#article","isPartOf":{"@id":"https:\/\/21panorama.com\/index.php\/2021\/12\/15\/declara-el-congreso-sesion-permanente-para-analizar-paquete-fiscal-2022\/"},"author":{"name":"admin","@id":"https:\/\/21panorama.com\/#\/schema\/person\/1afc291b96d5792a158768324287319f"},"headline":"Declara el Congreso sesi\u00f3n permanente para analizar Paquete Fiscal 2022","datePublished":"2021-12-15T19:52:17+00:00","dateModified":"2021-12-15T19:52:18+00:00","mainEntityOfPage":{"@id":"https:\/\/21panorama.com\/index.php\/2021\/12\/15\/declara-el-congreso-sesion-permanente-para-analizar-paquete-fiscal-2022\/"},"wordCount":394,"commentCount":0,"publisher":{"@id":"https:\/\/21panorama.com\/#organization"},"image":{"@id":"https:\/\/21panorama.com\/index.php\/2021\/12\/15\/declara-el-congreso-sesion-permanente-para-analizar-paquete-fiscal-2022\/#primaryimage"},"thumbnailUrl":"https:\/\/21panorama.com\/wp-content\/uploads\/2021\/12\/2bbd4f3c-94c2-433f-b6e2-b1ea398ba1b8.jpeg","keywords":["Congreso"],"articleSection":["Politica"],"inLanguage":"es","potentialAction":[{"@type":"CommentAction","name":"Comment","target":["https:\/\/21panorama.com\/index.php\/2021\/12\/15\/declara-el-congreso-sesion-permanente-para-analizar-paquete-fiscal-2022\/#respond"]}]},{"@type":"WebPage","@id":"https:\/\/21panorama.com\/index.php\/2021\/12\/15\/declara-el-congreso-sesion-permanente-para-analizar-paquete-fiscal-2022\/","url":"https:\/\/21panorama.com\/index.php\/2021\/12\/15\/declara-el-congreso-sesion-permanente-para-analizar-paquete-fiscal-2022\/","name":"Declara el Congreso sesi\u00f3n permanente para analizar Paquete Fiscal 2022 - 21 Panorama","isPartOf":{"@id":"https:\/\/21panorama.com\/#website"},"primaryImageOfPage":{"@id":"https:\/\/21panorama.com\/index.php\/2021\/12\/15\/declara-el-congreso-sesion-permanente-para-analizar-paquete-fiscal-2022\/#primaryimage"},"image":{"@id":"https:\/\/21panorama.com\/index.php\/2021\/12\/15\/declara-el-congreso-sesion-permanente-para-analizar-paquete-fiscal-2022\/#primaryimage"},"thumbnailUrl":"https:\/\/21panorama.com\/wp-content\/uploads\/2021\/12\/2bbd4f3c-94c2-433f-b6e2-b1ea398ba1b8.jpeg","datePublished":"2021-12-15T19:52:17+00:00","dateModified":"2021-12-15T19:52:18+00:00","breadcrumb":{"@id":"https:\/\/21panorama.com\/index.php\/2021\/12\/15\/declara-el-congreso-sesion-permanente-para-analizar-paquete-fiscal-2022\/#breadcrumb"},"inLanguage":"es","potentialAction":[{"@type":"ReadAction","target":["https:\/\/21panorama.com\/index.php\/2021\/12\/15\/declara-el-congreso-sesion-permanente-para-analizar-paquete-fiscal-2022\/"]}]},{"@type":"ImageObject","inLanguage":"es","@id":"https:\/\/21panorama.com\/index.php\/2021\/12\/15\/declara-el-congreso-sesion-permanente-para-analizar-paquete-fiscal-2022\/#primaryimage","url":"https:\/\/21panorama.com\/wp-content\/uploads\/2021\/12\/2bbd4f3c-94c2-433f-b6e2-b1ea398ba1b8.jpeg","contentUrl":"https:\/\/21panorama.com\/wp-content\/uploads\/2021\/12\/2bbd4f3c-94c2-433f-b6e2-b1ea398ba1b8.jpeg","width":1024,"height":681},{"@type":"BreadcrumbList","@id":"https:\/\/21panorama.com\/index.php\/2021\/12\/15\/declara-el-congreso-sesion-permanente-para-analizar-paquete-fiscal-2022\/#breadcrumb","itemListElement":[{"@type":"ListItem","position":1,"name":"Inicio","item":"https:\/\/21panorama.com\/"},{"@type":"ListItem","position":2,"name":"Declara el Congreso sesi\u00f3n permanente para analizar Paquete Fiscal 2022"}]},{"@type":"WebSite","@id":"https:\/\/21panorama.com\/#website","url":"https:\/\/21panorama.com\/","name":"21 Panorama","description":"La construcci\u00f3n de la opini\u00f3n p\u00fablica merece un mejor Panorama en este siglo 21 para alcanzar una sociedad con mayor transparencia y sin corrupci\u00f3n.","publisher":{"@id":"https:\/\/21panorama.com\/#organization"},"potentialAction":[{"@type":"SearchAction","target":{"@type":"EntryPoint","urlTemplate":"https:\/\/21panorama.com\/?s={search_term_string}"},"query-input":{"@type":"PropertyValueSpecification","valueRequired":true,"valueName":"search_term_string"}}],"inLanguage":"es"},{"@type":"Organization","@id":"https:\/\/21panorama.com\/#organization","name":"21 Panorama","url":"https:\/\/21panorama.com\/","logo":{"@type":"ImageObject","inLanguage":"es","@id":"https:\/\/21panorama.com\/#\/schema\/logo\/image\/","url":"https:\/\/21panorama.com\/wp-content\/uploads\/2019\/07\/cropped-Logo-Panorama-01.jpeg","contentUrl":"https:\/\/21panorama.com\/wp-content\/uploads\/2019\/07\/cropped-Logo-Panorama-01.jpeg","width":290,"height":70,"caption":"21 Panorama"},"image":{"@id":"https:\/\/21panorama.com\/#\/schema\/logo\/image\/"}},{"@type":"Person","@id":"https:\/\/21panorama.com\/#\/schema\/person\/1afc291b96d5792a158768324287319f","name":"admin","image":{"@type":"ImageObject","inLanguage":"es","@id":"https:\/\/21panorama.com\/#\/schema\/person\/image\/","url":"https:\/\/secure.gravatar.com\/avatar\/ad365d9d9f46719215b0d042cc3df92a5a8683e09ef13d102233e5491985f0f0?s=96&d=mm&r=g","contentUrl":"https:\/\/secure.gravatar.com\/avatar\/ad365d9d9f46719215b0d042cc3df92a5a8683e09ef13d102233e5491985f0f0?s=96&d=mm&r=g","caption":"admin"},"url":"https:\/\/21panorama.com\/index.php\/author\/admin\/"}]}},"_links":{"self":[{"href":"https:\/\/21panorama.com\/index.php\/wp-json\/wp\/v2\/posts\/2758","targetHints":{"allow":["GET"]}}],"collection":[{"href":"https:\/\/21panorama.com\/index.php\/wp-json\/wp\/v2\/posts"}],"about":[{"href":"https:\/\/21panorama.com\/index.php\/wp-json\/wp\/v2\/types\/post"}],"author":[{"embeddable":true,"href":"https:\/\/21panorama.com\/index.php\/wp-json\/wp\/v2\/users\/1"}],"replies":[{"embeddable":true,"href":"https:\/\/21panorama.com\/index.php\/wp-json\/wp\/v2\/comments?post=2758"}],"version-history":[{"count":1,"href":"https:\/\/21panorama.com\/index.php\/wp-json\/wp\/v2\/posts\/2758\/revisions"}],"predecessor-version":[{"id":2760,"href":"https:\/\/21panorama.com\/index.php\/wp-json\/wp\/v2\/posts\/2758\/revisions\/2760"}],"wp:featuredmedia":[{"embeddable":true,"href":"https:\/\/21panorama.com\/index.php\/wp-json\/wp\/v2\/media\/2759"}],"wp:attachment":[{"href":"https:\/\/21panorama.com\/index.php\/wp-json\/wp\/v2\/media?parent=2758"}],"wp:term":[{"taxonomy":"category","embeddable":true,"href":"https:\/\/21panorama.com\/index.php\/wp-json\/wp\/v2\/categories?post=2758"},{"taxonomy":"post_tag","embeddable":true,"href":"https:\/\/21panorama.com\/index.php\/wp-json\/wp\/v2\/tags?post=2758"}],"curies":[{"name":"wp","href":"https:\/\/api.w.org\/{rel}","templated":true}]}}