{"id":275,"date":"2019-08-21T11:32:28","date_gmt":"2019-08-21T16:32:28","guid":{"rendered":"http:\/\/21panorama.com\/?p=275"},"modified":"2019-08-21T23:35:38","modified_gmt":"2019-08-22T04:35:38","slug":"otorga-gobierno-de-coacalco-paquetes-escolares-a-grupos-vulnerables","status":"publish","type":"post","link":"https:\/\/21panorama.com\/index.php\/2019\/08\/21\/otorga-gobierno-de-coacalco-paquetes-escolares-a-grupos-vulnerables\/","title":{"rendered":"OTORGA GOBIERNO DE COACALCO PAQUETES ESCOLARES A GRUPOS VULNERABLES"},"content":{"rendered":"\n<p>En una acci\u00f3n para impulsar la educaci\u00f3n y enfrentar la deserci\u00f3n escolar entre los grupos vulnerables, el Gobierno de Coacalco, encabezado por el alcalde Darwin Eslava, entreg\u00f3 220 mochilas que incluyen un kit de \u00fatiles escolares, a estudiantes de nivel b\u00e1sico y medio superior.&nbsp;<\/p>\n\n\n\n<p>Esta iniciativa es resultado de la coordinaci\u00f3n entre integrantes del Cabildo, directores de las diversas \u00e1reas de la administraci\u00f3n y del Sistema Municipal DIF, quienes donaron las mochilas como una muestra de compromiso con la ciudadan\u00eda coacalquense.&nbsp;<\/p>\n\n\n\n<p>La presidenta del Sistema Municipal DIF, Patricia Jurado, refiri\u00f3 que el objetivo principal de esta administraci\u00f3n es generar un cambio de vida en los grupos vulnerables de la localidad.<\/p>\n\n\n\n<p>\u00abSabemos que muchas veces las personas dejan de estudiar por falta de recursos y que las limitantes son muchas, desde nuestra trinchera realizamos acciones para lograr que todos tengan acceso a la educaci\u00f3n\u00bb, indic\u00f3.<\/p>\n\n\n\n<p>La se\u00f1ora Rosa Mar\u00eda Estala, quien recibi\u00f3 el beneficio para sus dos hijos con discapacidad, agradeci\u00f3 esta acci\u00f3n del gobierno local.<\/p>\n\n\n\n<p>\u00abDesde el inicio de la administraci\u00f3n he recibido apoyos y beneficios para mi familia; estoy muy agradecida por todo lo que me han dado\u00bb, sostuvo. &nbsp;<\/p>\n","protected":false},"excerpt":{"rendered":"<p>En una acci\u00f3n para impulsar la educaci\u00f3n y enfrentar la deserci\u00f3n escolar entre los grupos vulnerables, el Gobierno de Coacalco, encabezado por el alcalde Darwin Eslava, entreg\u00f3 220 mochilas que incluyen un kit de \u00fatiles escolares, a estudiantes de nivel b\u00e1sico y medio superior.&nbsp; Esta iniciativa es resultado de la coordinaci\u00f3n entre integrantes del Cabildo, directores de las diversas \u00e1reas de la administraci\u00f3n y del Sistema Municipal DIF, quienes donaron las mochilas como una muestra de compromiso con la ciudadan\u00eda coacalquense.&nbsp; La presidenta del Sistema Municipal DIF, Patricia Jurado, refiri\u00f3&hellip;<\/p>\n","protected":false},"author":1,"featured_media":276,"comment_status":"open","ping_status":"open","sticky":false,"template":"","format":"standard","meta":{"footnotes":""},"categories":[3,1],"tags":[],"class_list":["post-275","post","type-post","status-publish","format-standard","has-post-thumbnail","hentry","category-ecomomia","category-sociedad"],"yoast_head":"<!-- This site is optimized with the Yoast SEO plugin v24.9 - https:\/\/yoast.com\/wordpress\/plugins\/seo\/ -->\n<title>OTORGA GOBIERNO DE COACALCO PAQUETES ESCOLARES A GRUPOS VULNERABLES - 21 Panorama<\/title>\n<meta name=\"robots\" content=\"index, follow, max-snippet:-1, max-image-preview:large, max-video-preview:-1\" \/>\n<link rel=\"canonical\" href=\"https:\/\/21panorama.com\/index.php\/2019\/08\/21\/otorga-gobierno-de-coacalco-paquetes-escolares-a-grupos-vulnerables\/\" \/>\n<meta property=\"og:locale\" content=\"es_MX\" \/>\n<meta property=\"og:type\" content=\"article\" \/>\n<meta property=\"og:title\" content=\"OTORGA GOBIERNO DE COACALCO PAQUETES ESCOLARES A GRUPOS VULNERABLES - 21 Panorama\" \/>\n<meta property=\"og:description\" content=\"En una acci\u00f3n para impulsar la educaci\u00f3n y enfrentar la deserci\u00f3n escolar entre los grupos vulnerables, el Gobierno de Coacalco, encabezado por el alcalde Darwin Eslava, entreg\u00f3 220 mochilas que incluyen un kit de \u00fatiles escolares, a estudiantes de nivel b\u00e1sico y medio superior.&nbsp; Esta iniciativa es resultado de la coordinaci\u00f3n entre integrantes del Cabildo, directores de las diversas \u00e1reas de la administraci\u00f3n y del Sistema Municipal DIF, quienes donaron las mochilas como una muestra de compromiso con la ciudadan\u00eda coacalquense.&nbsp; La presidenta del Sistema Municipal DIF, Patricia Jurado, refiri\u00f3&hellip;\" \/>\n<meta property=\"og:url\" content=\"https:\/\/21panorama.com\/index.php\/2019\/08\/21\/otorga-gobierno-de-coacalco-paquetes-escolares-a-grupos-vulnerables\/\" \/>\n<meta property=\"og:site_name\" content=\"21 Panorama\" \/>\n<meta property=\"article:published_time\" content=\"2019-08-21T16:32:28+00:00\" \/>\n<meta property=\"article:modified_time\" content=\"2019-08-22T04:35:38+00:00\" \/>\n<meta property=\"og:image\" content=\"https:\/\/21panorama.com\/wp-content\/uploads\/2019\/08\/Mochilas-2.jpeg\" \/>\n\t<meta property=\"og:image:width\" content=\"1280\" \/>\n\t<meta property=\"og:image:height\" content=\"853\" \/>\n\t<meta property=\"og:image:type\" content=\"image\/jpeg\" \/>\n<meta name=\"author\" content=\"admin\" \/>\n<meta name=\"twitter:card\" content=\"summary_large_image\" \/>\n<meta name=\"twitter:label1\" content=\"Escrito por\" \/>\n\t<meta name=\"twitter:data1\" content=\"admin\" \/>\n\t<meta name=\"twitter:label2\" content=\"Tiempo de lectura\" \/>\n\t<meta name=\"twitter:data2\" content=\"1 minuto\" \/>\n<script type=\"application\/ld+json\" class=\"yoast-schema-graph\">{\"@context\":\"https:\/\/schema.org\",\"@graph\":[{\"@type\":\"Article\",\"@id\":\"https:\/\/21panorama.com\/index.php\/2019\/08\/21\/otorga-gobierno-de-coacalco-paquetes-escolares-a-grupos-vulnerables\/#article\",\"isPartOf\":{\"@id\":\"https:\/\/21panorama.com\/index.php\/2019\/08\/21\/otorga-gobierno-de-coacalco-paquetes-escolares-a-grupos-vulnerables\/\"},\"author\":{\"name\":\"admin\",\"@id\":\"https:\/\/21panorama.com\/#\/schema\/person\/1afc291b96d5792a158768324287319f\"},\"headline\":\"OTORGA GOBIERNO DE COACALCO PAQUETES ESCOLARES A GRUPOS VULNERABLES\",\"datePublished\":\"2019-08-21T16:32:28+00:00\",\"dateModified\":\"2019-08-22T04:35:38+00:00\",\"mainEntityOfPage\":{\"@id\":\"https:\/\/21panorama.com\/index.php\/2019\/08\/21\/otorga-gobierno-de-coacalco-paquetes-escolares-a-grupos-vulnerables\/\"},\"wordCount\":214,\"commentCount\":0,\"publisher\":{\"@id\":\"https:\/\/21panorama.com\/#organization\"},\"image\":{\"@id\":\"https:\/\/21panorama.com\/index.php\/2019\/08\/21\/otorga-gobierno-de-coacalco-paquetes-escolares-a-grupos-vulnerables\/#primaryimage\"},\"thumbnailUrl\":\"https:\/\/21panorama.com\/wp-content\/uploads\/2019\/08\/Mochilas-2.jpeg\",\"articleSection\":[\"Econom\u00eda\",\"Sociedad\"],\"inLanguage\":\"es\",\"potentialAction\":[{\"@type\":\"CommentAction\",\"name\":\"Comment\",\"target\":[\"https:\/\/21panorama.com\/index.php\/2019\/08\/21\/otorga-gobierno-de-coacalco-paquetes-escolares-a-grupos-vulnerables\/#respond\"]}]},{\"@type\":\"WebPage\",\"@id\":\"https:\/\/21panorama.com\/index.php\/2019\/08\/21\/otorga-gobierno-de-coacalco-paquetes-escolares-a-grupos-vulnerables\/\",\"url\":\"https:\/\/21panorama.com\/index.php\/2019\/08\/21\/otorga-gobierno-de-coacalco-paquetes-escolares-a-grupos-vulnerables\/\",\"name\":\"OTORGA GOBIERNO DE COACALCO PAQUETES ESCOLARES A GRUPOS VULNERABLES - 21 Panorama\",\"isPartOf\":{\"@id\":\"https:\/\/21panorama.com\/#website\"},\"primaryImageOfPage\":{\"@id\":\"https:\/\/21panorama.com\/index.php\/2019\/08\/21\/otorga-gobierno-de-coacalco-paquetes-escolares-a-grupos-vulnerables\/#primaryimage\"},\"image\":{\"@id\":\"https:\/\/21panorama.com\/index.php\/2019\/08\/21\/otorga-gobierno-de-coacalco-paquetes-escolares-a-grupos-vulnerables\/#primaryimage\"},\"thumbnailUrl\":\"https:\/\/21panorama.com\/wp-content\/uploads\/2019\/08\/Mochilas-2.jpeg\",\"datePublished\":\"2019-08-21T16:32:28+00:00\",\"dateModified\":\"2019-08-22T04:35:38+00:00\",\"breadcrumb\":{\"@id\":\"https:\/\/21panorama.com\/index.php\/2019\/08\/21\/otorga-gobierno-de-coacalco-paquetes-escolares-a-grupos-vulnerables\/#breadcrumb\"},\"inLanguage\":\"es\",\"potentialAction\":[{\"@type\":\"ReadAction\",\"target\":[\"https:\/\/21panorama.com\/index.php\/2019\/08\/21\/otorga-gobierno-de-coacalco-paquetes-escolares-a-grupos-vulnerables\/\"]}]},{\"@type\":\"ImageObject\",\"inLanguage\":\"es\",\"@id\":\"https:\/\/21panorama.com\/index.php\/2019\/08\/21\/otorga-gobierno-de-coacalco-paquetes-escolares-a-grupos-vulnerables\/#primaryimage\",\"url\":\"https:\/\/21panorama.com\/wp-content\/uploads\/2019\/08\/Mochilas-2.jpeg\",\"contentUrl\":\"https:\/\/21panorama.com\/wp-content\/uploads\/2019\/08\/Mochilas-2.jpeg\",\"width\":1280,\"height\":853},{\"@type\":\"BreadcrumbList\",\"@id\":\"https:\/\/21panorama.com\/index.php\/2019\/08\/21\/otorga-gobierno-de-coacalco-paquetes-escolares-a-grupos-vulnerables\/#breadcrumb\",\"itemListElement\":[{\"@type\":\"ListItem\",\"position\":1,\"name\":\"Inicio\",\"item\":\"https:\/\/21panorama.com\/\"},{\"@type\":\"ListItem\",\"position\":2,\"name\":\"OTORGA GOBIERNO DE COACALCO PAQUETES ESCOLARES A GRUPOS VULNERABLES\"}]},{\"@type\":\"WebSite\",\"@id\":\"https:\/\/21panorama.com\/#website\",\"url\":\"https:\/\/21panorama.com\/\",\"name\":\"21 Panorama\",\"description\":\"La construcci\u00f3n de la opini\u00f3n p\u00fablica merece un mejor Panorama en este siglo 21 para alcanzar una sociedad con mayor transparencia y sin corrupci\u00f3n.\",\"publisher\":{\"@id\":\"https:\/\/21panorama.com\/#organization\"},\"potentialAction\":[{\"@type\":\"SearchAction\",\"target\":{\"@type\":\"EntryPoint\",\"urlTemplate\":\"https:\/\/21panorama.com\/?s={search_term_string}\"},\"query-input\":{\"@type\":\"PropertyValueSpecification\",\"valueRequired\":true,\"valueName\":\"search_term_string\"}}],\"inLanguage\":\"es\"},{\"@type\":\"Organization\",\"@id\":\"https:\/\/21panorama.com\/#organization\",\"name\":\"21 Panorama\",\"url\":\"https:\/\/21panorama.com\/\",\"logo\":{\"@type\":\"ImageObject\",\"inLanguage\":\"es\",\"@id\":\"https:\/\/21panorama.com\/#\/schema\/logo\/image\/\",\"url\":\"https:\/\/21panorama.com\/wp-content\/uploads\/2019\/07\/cropped-Logo-Panorama-01.jpeg\",\"contentUrl\":\"https:\/\/21panorama.com\/wp-content\/uploads\/2019\/07\/cropped-Logo-Panorama-01.jpeg\",\"width\":290,\"height\":70,\"caption\":\"21 Panorama\"},\"image\":{\"@id\":\"https:\/\/21panorama.com\/#\/schema\/logo\/image\/\"}},{\"@type\":\"Person\",\"@id\":\"https:\/\/21panorama.com\/#\/schema\/person\/1afc291b96d5792a158768324287319f\",\"name\":\"admin\",\"image\":{\"@type\":\"ImageObject\",\"inLanguage\":\"es\",\"@id\":\"https:\/\/21panorama.com\/#\/schema\/person\/image\/\",\"url\":\"https:\/\/secure.gravatar.com\/avatar\/ad365d9d9f46719215b0d042cc3df92a5a8683e09ef13d102233e5491985f0f0?s=96&d=mm&r=g\",\"contentUrl\":\"https:\/\/secure.gravatar.com\/avatar\/ad365d9d9f46719215b0d042cc3df92a5a8683e09ef13d102233e5491985f0f0?s=96&d=mm&r=g\",\"caption\":\"admin\"},\"url\":\"https:\/\/21panorama.com\/index.php\/author\/admin\/\"}]}<\/script>\n<!-- \/ Yoast SEO plugin. -->","yoast_head_json":{"title":"OTORGA GOBIERNO DE COACALCO PAQUETES ESCOLARES A GRUPOS VULNERABLES - 21 Panorama","robots":{"index":"index","follow":"follow","max-snippet":"max-snippet:-1","max-image-preview":"max-image-preview:large","max-video-preview":"max-video-preview:-1"},"canonical":"https:\/\/21panorama.com\/index.php\/2019\/08\/21\/otorga-gobierno-de-coacalco-paquetes-escolares-a-grupos-vulnerables\/","og_locale":"es_MX","og_type":"article","og_title":"OTORGA GOBIERNO DE COACALCO PAQUETES ESCOLARES A GRUPOS VULNERABLES - 21 Panorama","og_description":"En una acci\u00f3n para impulsar la educaci\u00f3n y enfrentar la deserci\u00f3n escolar entre los grupos vulnerables, el Gobierno de Coacalco, encabezado por el alcalde Darwin Eslava, entreg\u00f3 220 mochilas que incluyen un kit de \u00fatiles escolares, a estudiantes de nivel b\u00e1sico y medio superior.&nbsp; Esta iniciativa es resultado de la coordinaci\u00f3n entre integrantes del Cabildo, directores de las diversas \u00e1reas de la administraci\u00f3n y del Sistema Municipal DIF, quienes donaron las mochilas como una muestra de compromiso con la ciudadan\u00eda coacalquense.&nbsp; La presidenta del Sistema Municipal DIF, Patricia Jurado, refiri\u00f3&hellip;","og_url":"https:\/\/21panorama.com\/index.php\/2019\/08\/21\/otorga-gobierno-de-coacalco-paquetes-escolares-a-grupos-vulnerables\/","og_site_name":"21 Panorama","article_published_time":"2019-08-21T16:32:28+00:00","article_modified_time":"2019-08-22T04:35:38+00:00","og_image":[{"width":1280,"height":853,"url":"https:\/\/21panorama.com\/wp-content\/uploads\/2019\/08\/Mochilas-2.jpeg","type":"image\/jpeg"}],"author":"admin","twitter_card":"summary_large_image","twitter_misc":{"Escrito por":"admin","Tiempo de lectura":"1 minuto"},"schema":{"@context":"https:\/\/schema.org","@graph":[{"@type":"Article","@id":"https:\/\/21panorama.com\/index.php\/2019\/08\/21\/otorga-gobierno-de-coacalco-paquetes-escolares-a-grupos-vulnerables\/#article","isPartOf":{"@id":"https:\/\/21panorama.com\/index.php\/2019\/08\/21\/otorga-gobierno-de-coacalco-paquetes-escolares-a-grupos-vulnerables\/"},"author":{"name":"admin","@id":"https:\/\/21panorama.com\/#\/schema\/person\/1afc291b96d5792a158768324287319f"},"headline":"OTORGA GOBIERNO DE COACALCO PAQUETES ESCOLARES A GRUPOS VULNERABLES","datePublished":"2019-08-21T16:32:28+00:00","dateModified":"2019-08-22T04:35:38+00:00","mainEntityOfPage":{"@id":"https:\/\/21panorama.com\/index.php\/2019\/08\/21\/otorga-gobierno-de-coacalco-paquetes-escolares-a-grupos-vulnerables\/"},"wordCount":214,"commentCount":0,"publisher":{"@id":"https:\/\/21panorama.com\/#organization"},"image":{"@id":"https:\/\/21panorama.com\/index.php\/2019\/08\/21\/otorga-gobierno-de-coacalco-paquetes-escolares-a-grupos-vulnerables\/#primaryimage"},"thumbnailUrl":"https:\/\/21panorama.com\/wp-content\/uploads\/2019\/08\/Mochilas-2.jpeg","articleSection":["Econom\u00eda","Sociedad"],"inLanguage":"es","potentialAction":[{"@type":"CommentAction","name":"Comment","target":["https:\/\/21panorama.com\/index.php\/2019\/08\/21\/otorga-gobierno-de-coacalco-paquetes-escolares-a-grupos-vulnerables\/#respond"]}]},{"@type":"WebPage","@id":"https:\/\/21panorama.com\/index.php\/2019\/08\/21\/otorga-gobierno-de-coacalco-paquetes-escolares-a-grupos-vulnerables\/","url":"https:\/\/21panorama.com\/index.php\/2019\/08\/21\/otorga-gobierno-de-coacalco-paquetes-escolares-a-grupos-vulnerables\/","name":"OTORGA GOBIERNO DE COACALCO PAQUETES ESCOLARES A GRUPOS VULNERABLES - 21 Panorama","isPartOf":{"@id":"https:\/\/21panorama.com\/#website"},"primaryImageOfPage":{"@id":"https:\/\/21panorama.com\/index.php\/2019\/08\/21\/otorga-gobierno-de-coacalco-paquetes-escolares-a-grupos-vulnerables\/#primaryimage"},"image":{"@id":"https:\/\/21panorama.com\/index.php\/2019\/08\/21\/otorga-gobierno-de-coacalco-paquetes-escolares-a-grupos-vulnerables\/#primaryimage"},"thumbnailUrl":"https:\/\/21panorama.com\/wp-content\/uploads\/2019\/08\/Mochilas-2.jpeg","datePublished":"2019-08-21T16:32:28+00:00","dateModified":"2019-08-22T04:35:38+00:00","breadcrumb":{"@id":"https:\/\/21panorama.com\/index.php\/2019\/08\/21\/otorga-gobierno-de-coacalco-paquetes-escolares-a-grupos-vulnerables\/#breadcrumb"},"inLanguage":"es","potentialAction":[{"@type":"ReadAction","target":["https:\/\/21panorama.com\/index.php\/2019\/08\/21\/otorga-gobierno-de-coacalco-paquetes-escolares-a-grupos-vulnerables\/"]}]},{"@type":"ImageObject","inLanguage":"es","@id":"https:\/\/21panorama.com\/index.php\/2019\/08\/21\/otorga-gobierno-de-coacalco-paquetes-escolares-a-grupos-vulnerables\/#primaryimage","url":"https:\/\/21panorama.com\/wp-content\/uploads\/2019\/08\/Mochilas-2.jpeg","contentUrl":"https:\/\/21panorama.com\/wp-content\/uploads\/2019\/08\/Mochilas-2.jpeg","width":1280,"height":853},{"@type":"BreadcrumbList","@id":"https:\/\/21panorama.com\/index.php\/2019\/08\/21\/otorga-gobierno-de-coacalco-paquetes-escolares-a-grupos-vulnerables\/#breadcrumb","itemListElement":[{"@type":"ListItem","position":1,"name":"Inicio","item":"https:\/\/21panorama.com\/"},{"@type":"ListItem","position":2,"name":"OTORGA GOBIERNO DE COACALCO PAQUETES ESCOLARES A GRUPOS VULNERABLES"}]},{"@type":"WebSite","@id":"https:\/\/21panorama.com\/#website","url":"https:\/\/21panorama.com\/","name":"21 Panorama","description":"La construcci\u00f3n de la opini\u00f3n p\u00fablica merece un mejor Panorama en este siglo 21 para alcanzar una sociedad con mayor transparencia y sin corrupci\u00f3n.","publisher":{"@id":"https:\/\/21panorama.com\/#organization"},"potentialAction":[{"@type":"SearchAction","target":{"@type":"EntryPoint","urlTemplate":"https:\/\/21panorama.com\/?s={search_term_string}"},"query-input":{"@type":"PropertyValueSpecification","valueRequired":true,"valueName":"search_term_string"}}],"inLanguage":"es"},{"@type":"Organization","@id":"https:\/\/21panorama.com\/#organization","name":"21 Panorama","url":"https:\/\/21panorama.com\/","logo":{"@type":"ImageObject","inLanguage":"es","@id":"https:\/\/21panorama.com\/#\/schema\/logo\/image\/","url":"https:\/\/21panorama.com\/wp-content\/uploads\/2019\/07\/cropped-Logo-Panorama-01.jpeg","contentUrl":"https:\/\/21panorama.com\/wp-content\/uploads\/2019\/07\/cropped-Logo-Panorama-01.jpeg","width":290,"height":70,"caption":"21 Panorama"},"image":{"@id":"https:\/\/21panorama.com\/#\/schema\/logo\/image\/"}},{"@type":"Person","@id":"https:\/\/21panorama.com\/#\/schema\/person\/1afc291b96d5792a158768324287319f","name":"admin","image":{"@type":"ImageObject","inLanguage":"es","@id":"https:\/\/21panorama.com\/#\/schema\/person\/image\/","url":"https:\/\/secure.gravatar.com\/avatar\/ad365d9d9f46719215b0d042cc3df92a5a8683e09ef13d102233e5491985f0f0?s=96&d=mm&r=g","contentUrl":"https:\/\/secure.gravatar.com\/avatar\/ad365d9d9f46719215b0d042cc3df92a5a8683e09ef13d102233e5491985f0f0?s=96&d=mm&r=g","caption":"admin"},"url":"https:\/\/21panorama.com\/index.php\/author\/admin\/"}]}},"_links":{"self":[{"href":"https:\/\/21panorama.com\/index.php\/wp-json\/wp\/v2\/posts\/275","targetHints":{"allow":["GET"]}}],"collection":[{"href":"https:\/\/21panorama.com\/index.php\/wp-json\/wp\/v2\/posts"}],"about":[{"href":"https:\/\/21panorama.com\/index.php\/wp-json\/wp\/v2\/types\/post"}],"author":[{"embeddable":true,"href":"https:\/\/21panorama.com\/index.php\/wp-json\/wp\/v2\/users\/1"}],"replies":[{"embeddable":true,"href":"https:\/\/21panorama.com\/index.php\/wp-json\/wp\/v2\/comments?post=275"}],"version-history":[{"count":1,"href":"https:\/\/21panorama.com\/index.php\/wp-json\/wp\/v2\/posts\/275\/revisions"}],"predecessor-version":[{"id":277,"href":"https:\/\/21panorama.com\/index.php\/wp-json\/wp\/v2\/posts\/275\/revisions\/277"}],"wp:featuredmedia":[{"embeddable":true,"href":"https:\/\/21panorama.com\/index.php\/wp-json\/wp\/v2\/media\/276"}],"wp:attachment":[{"href":"https:\/\/21panorama.com\/index.php\/wp-json\/wp\/v2\/media?parent=275"}],"wp:term":[{"taxonomy":"category","embeddable":true,"href":"https:\/\/21panorama.com\/index.php\/wp-json\/wp\/v2\/categories?post=275"},{"taxonomy":"post_tag","embeddable":true,"href":"https:\/\/21panorama.com\/index.php\/wp-json\/wp\/v2\/tags?post=275"}],"curies":[{"name":"wp","href":"https:\/\/api.w.org\/{rel}","templated":true}]}}