{"id":2746,"date":"2021-12-15T13:41:45","date_gmt":"2021-12-15T19:41:45","guid":{"rendered":"https:\/\/21panorama.com\/?p=2746"},"modified":"2021-12-15T13:41:47","modified_gmt":"2021-12-15T19:41:47","slug":"diputadas-y-diputados-del-pri-sensibles-al-dialogo-para-la-recuperacion-economica-del-estado-de-mexico","status":"publish","type":"post","link":"https:\/\/21panorama.com\/index.php\/2021\/12\/15\/diputadas-y-diputados-del-pri-sensibles-al-dialogo-para-la-recuperacion-economica-del-estado-de-mexico\/","title":{"rendered":"Diputadas y diputados del PRI sensibles al di\u00e1logo para la recuperaci\u00f3n econ\u00f3mica del Estado de M\u00e9xico"},"content":{"rendered":"\n<p>Toluca, Estado de M\u00e9xico, 15 de diciembre 2021.- El Grupo Parlamentario del PRI en la LXI Legislatura local, encabezado por El\u00edas Rescala, plante\u00f3 la integraci\u00f3n de una nueva propuesta dentro del Paquete Fiscal 2022 que elimine la creaci\u00f3n de impuestos cedulares por servicios profesionales y empresariales, para fortalecer la reactivaci\u00f3n econ\u00f3mica del Estado de M\u00e9xico.<\/p>\n\n\n\n<p>El GPPRI realiz\u00f3 un an\u00e1lisis responsable del presupuesto presentado a la LXI Legislatura y, luego de sostener diversas reuniones con representantes ciudadanos, organizaciones de trabajadores y sectores empresariales, en coordinaci\u00f3n con la Secretar\u00eda de Finanzas del Gobierno del Estado de M\u00e9xico, decidi\u00f3 reconsiderar la propuesta de estos nuevos grav\u00e1menes.<\/p>\n\n\n\n<p>Lo anterior, a fin de redactar una propuesta alternativa al presupuesto que permita retirar los impuestos cedulares, sin afectar el dise\u00f1o responsable y el enfoque social del Paquete Fiscal 2022, presentada por el Ejecutivo estatal.<\/p>\n\n\n\n<p>Sobre el tema del financiamiento, precisaron que la deuda proyectada debe medirse en sus efectos positivos, como un detonador de fuentes de empleo y de mejores servicios, ya que ese presupuesto servir\u00e1 para el desarrollo de obra en los municipios.<\/p>\n\n\n\n<p>Desde la Legislatura, nos sumamos al esfuerzo del gobernador Alfredo Del Mazo para ser los principales facilitadores de la llegada de nuevas inversiones, fuentes de empleo y aliados permanentes de los empresarios y trabajadores mexiquenses.<\/p>\n\n\n\n<figure class=\"wp-block-image size-large\"><img decoding=\"async\" width=\"1024\" height=\"682\" src=\"https:\/\/21panorama.com\/wp-content\/uploads\/2021\/12\/534be9e0-1702-4984-a2d2-67db55153c4c-1024x682.jpeg\" alt=\"\" class=\"wp-image-2748\" srcset=\"https:\/\/21panorama.com\/wp-content\/uploads\/2021\/12\/534be9e0-1702-4984-a2d2-67db55153c4c-1024x682.jpeg 1024w, https:\/\/21panorama.com\/wp-content\/uploads\/2021\/12\/534be9e0-1702-4984-a2d2-67db55153c4c-300x200.jpeg 300w, https:\/\/21panorama.com\/wp-content\/uploads\/2021\/12\/534be9e0-1702-4984-a2d2-67db55153c4c-768x512.jpeg 768w, https:\/\/21panorama.com\/wp-content\/uploads\/2021\/12\/534be9e0-1702-4984-a2d2-67db55153c4c.jpeg 1280w\" sizes=\"(max-width: 1024px) 100vw, 1024px\" \/><\/figure>\n\n\n\n<p><\/p>\n","protected":false},"excerpt":{"rendered":"<p>Proponen eliminar nuevos impuestos cedulares en Paquete Fiscal para que la entidad siga siendo la principal facilitadora de nuevas inversiones y fuentes de empleo.<\/p>\n","protected":false},"author":1,"featured_media":2747,"comment_status":"open","ping_status":"open","sticky":false,"template":"","format":"standard","meta":{"footnotes":""},"categories":[12],"tags":[33],"class_list":["post-2746","post","type-post","status-publish","format-standard","has-post-thumbnail","hentry","category-politica","tag-pri"],"yoast_head":"<!-- This site is optimized with the Yoast SEO plugin v24.9 - https:\/\/yoast.com\/wordpress\/plugins\/seo\/ -->\n<title>Diputadas y diputados del PRI sensibles al di\u00e1logo para la recuperaci\u00f3n econ\u00f3mica del Estado de M\u00e9xico - 21 Panorama<\/title>\n<meta name=\"robots\" content=\"index, follow, max-snippet:-1, max-image-preview:large, max-video-preview:-1\" \/>\n<link rel=\"canonical\" href=\"https:\/\/21panorama.com\/index.php\/2021\/12\/15\/diputadas-y-diputados-del-pri-sensibles-al-dialogo-para-la-recuperacion-economica-del-estado-de-mexico\/\" \/>\n<meta property=\"og:locale\" content=\"es_MX\" \/>\n<meta property=\"og:type\" content=\"article\" \/>\n<meta property=\"og:title\" content=\"Diputadas y diputados del PRI sensibles al di\u00e1logo para la recuperaci\u00f3n econ\u00f3mica del Estado de M\u00e9xico - 21 Panorama\" \/>\n<meta property=\"og:description\" content=\"Proponen eliminar nuevos impuestos cedulares en Paquete Fiscal para que la entidad siga siendo la principal facilitadora de nuevas inversiones y fuentes de empleo.\" \/>\n<meta property=\"og:url\" content=\"https:\/\/21panorama.com\/index.php\/2021\/12\/15\/diputadas-y-diputados-del-pri-sensibles-al-dialogo-para-la-recuperacion-economica-del-estado-de-mexico\/\" \/>\n<meta property=\"og:site_name\" content=\"21 Panorama\" \/>\n<meta property=\"article:published_time\" content=\"2021-12-15T19:41:45+00:00\" \/>\n<meta property=\"article:modified_time\" content=\"2021-12-15T19:41:47+00:00\" \/>\n<meta property=\"og:image\" content=\"https:\/\/21panorama.com\/wp-content\/uploads\/2021\/12\/12da73ae-5c83-49d7-91cf-4272f3fa48c8.jpeg\" \/>\n\t<meta property=\"og:image:width\" content=\"1280\" \/>\n\t<meta property=\"og:image:height\" content=\"853\" \/>\n\t<meta property=\"og:image:type\" content=\"image\/jpeg\" \/>\n<meta name=\"author\" content=\"admin\" \/>\n<meta name=\"twitter:card\" content=\"summary_large_image\" \/>\n<meta name=\"twitter:label1\" content=\"Escrito por\" \/>\n\t<meta name=\"twitter:data1\" content=\"admin\" \/>\n\t<meta name=\"twitter:label2\" content=\"Tiempo de lectura\" \/>\n\t<meta name=\"twitter:data2\" content=\"2 minutos\" \/>\n<script type=\"application\/ld+json\" class=\"yoast-schema-graph\">{\"@context\":\"https:\/\/schema.org\",\"@graph\":[{\"@type\":\"Article\",\"@id\":\"https:\/\/21panorama.com\/index.php\/2021\/12\/15\/diputadas-y-diputados-del-pri-sensibles-al-dialogo-para-la-recuperacion-economica-del-estado-de-mexico\/#article\",\"isPartOf\":{\"@id\":\"https:\/\/21panorama.com\/index.php\/2021\/12\/15\/diputadas-y-diputados-del-pri-sensibles-al-dialogo-para-la-recuperacion-economica-del-estado-de-mexico\/\"},\"author\":{\"name\":\"admin\",\"@id\":\"https:\/\/21panorama.com\/#\/schema\/person\/1afc291b96d5792a158768324287319f\"},\"headline\":\"Diputadas y diputados del PRI sensibles al di\u00e1logo para la recuperaci\u00f3n econ\u00f3mica del Estado de M\u00e9xico\",\"datePublished\":\"2021-12-15T19:41:45+00:00\",\"dateModified\":\"2021-12-15T19:41:47+00:00\",\"mainEntityOfPage\":{\"@id\":\"https:\/\/21panorama.com\/index.php\/2021\/12\/15\/diputadas-y-diputados-del-pri-sensibles-al-dialogo-para-la-recuperacion-economica-del-estado-de-mexico\/\"},\"wordCount\":244,\"commentCount\":0,\"publisher\":{\"@id\":\"https:\/\/21panorama.com\/#organization\"},\"image\":{\"@id\":\"https:\/\/21panorama.com\/index.php\/2021\/12\/15\/diputadas-y-diputados-del-pri-sensibles-al-dialogo-para-la-recuperacion-economica-del-estado-de-mexico\/#primaryimage\"},\"thumbnailUrl\":\"https:\/\/21panorama.com\/wp-content\/uploads\/2021\/12\/12da73ae-5c83-49d7-91cf-4272f3fa48c8.jpeg\",\"keywords\":[\"PRI\"],\"articleSection\":[\"Politica\"],\"inLanguage\":\"es\",\"potentialAction\":[{\"@type\":\"CommentAction\",\"name\":\"Comment\",\"target\":[\"https:\/\/21panorama.com\/index.php\/2021\/12\/15\/diputadas-y-diputados-del-pri-sensibles-al-dialogo-para-la-recuperacion-economica-del-estado-de-mexico\/#respond\"]}]},{\"@type\":\"WebPage\",\"@id\":\"https:\/\/21panorama.com\/index.php\/2021\/12\/15\/diputadas-y-diputados-del-pri-sensibles-al-dialogo-para-la-recuperacion-economica-del-estado-de-mexico\/\",\"url\":\"https:\/\/21panorama.com\/index.php\/2021\/12\/15\/diputadas-y-diputados-del-pri-sensibles-al-dialogo-para-la-recuperacion-economica-del-estado-de-mexico\/\",\"name\":\"Diputadas y diputados del PRI sensibles al di\u00e1logo para la recuperaci\u00f3n econ\u00f3mica del Estado de M\u00e9xico - 21 Panorama\",\"isPartOf\":{\"@id\":\"https:\/\/21panorama.com\/#website\"},\"primaryImageOfPage\":{\"@id\":\"https:\/\/21panorama.com\/index.php\/2021\/12\/15\/diputadas-y-diputados-del-pri-sensibles-al-dialogo-para-la-recuperacion-economica-del-estado-de-mexico\/#primaryimage\"},\"image\":{\"@id\":\"https:\/\/21panorama.com\/index.php\/2021\/12\/15\/diputadas-y-diputados-del-pri-sensibles-al-dialogo-para-la-recuperacion-economica-del-estado-de-mexico\/#primaryimage\"},\"thumbnailUrl\":\"https:\/\/21panorama.com\/wp-content\/uploads\/2021\/12\/12da73ae-5c83-49d7-91cf-4272f3fa48c8.jpeg\",\"datePublished\":\"2021-12-15T19:41:45+00:00\",\"dateModified\":\"2021-12-15T19:41:47+00:00\",\"breadcrumb\":{\"@id\":\"https:\/\/21panorama.com\/index.php\/2021\/12\/15\/diputadas-y-diputados-del-pri-sensibles-al-dialogo-para-la-recuperacion-economica-del-estado-de-mexico\/#breadcrumb\"},\"inLanguage\":\"es\",\"potentialAction\":[{\"@type\":\"ReadAction\",\"target\":[\"https:\/\/21panorama.com\/index.php\/2021\/12\/15\/diputadas-y-diputados-del-pri-sensibles-al-dialogo-para-la-recuperacion-economica-del-estado-de-mexico\/\"]}]},{\"@type\":\"ImageObject\",\"inLanguage\":\"es\",\"@id\":\"https:\/\/21panorama.com\/index.php\/2021\/12\/15\/diputadas-y-diputados-del-pri-sensibles-al-dialogo-para-la-recuperacion-economica-del-estado-de-mexico\/#primaryimage\",\"url\":\"https:\/\/21panorama.com\/wp-content\/uploads\/2021\/12\/12da73ae-5c83-49d7-91cf-4272f3fa48c8.jpeg\",\"contentUrl\":\"https:\/\/21panorama.com\/wp-content\/uploads\/2021\/12\/12da73ae-5c83-49d7-91cf-4272f3fa48c8.jpeg\",\"width\":1280,\"height\":853},{\"@type\":\"BreadcrumbList\",\"@id\":\"https:\/\/21panorama.com\/index.php\/2021\/12\/15\/diputadas-y-diputados-del-pri-sensibles-al-dialogo-para-la-recuperacion-economica-del-estado-de-mexico\/#breadcrumb\",\"itemListElement\":[{\"@type\":\"ListItem\",\"position\":1,\"name\":\"Inicio\",\"item\":\"https:\/\/21panorama.com\/\"},{\"@type\":\"ListItem\",\"position\":2,\"name\":\"Diputadas y diputados del PRI sensibles al di\u00e1logo para la recuperaci\u00f3n econ\u00f3mica del Estado de M\u00e9xico\"}]},{\"@type\":\"WebSite\",\"@id\":\"https:\/\/21panorama.com\/#website\",\"url\":\"https:\/\/21panorama.com\/\",\"name\":\"21 Panorama\",\"description\":\"La construcci\u00f3n de la opini\u00f3n p\u00fablica merece un mejor Panorama en este siglo 21 para alcanzar una sociedad con mayor transparencia y sin corrupci\u00f3n.\",\"publisher\":{\"@id\":\"https:\/\/21panorama.com\/#organization\"},\"potentialAction\":[{\"@type\":\"SearchAction\",\"target\":{\"@type\":\"EntryPoint\",\"urlTemplate\":\"https:\/\/21panorama.com\/?s={search_term_string}\"},\"query-input\":{\"@type\":\"PropertyValueSpecification\",\"valueRequired\":true,\"valueName\":\"search_term_string\"}}],\"inLanguage\":\"es\"},{\"@type\":\"Organization\",\"@id\":\"https:\/\/21panorama.com\/#organization\",\"name\":\"21 Panorama\",\"url\":\"https:\/\/21panorama.com\/\",\"logo\":{\"@type\":\"ImageObject\",\"inLanguage\":\"es\",\"@id\":\"https:\/\/21panorama.com\/#\/schema\/logo\/image\/\",\"url\":\"https:\/\/21panorama.com\/wp-content\/uploads\/2019\/07\/cropped-Logo-Panorama-01.jpeg\",\"contentUrl\":\"https:\/\/21panorama.com\/wp-content\/uploads\/2019\/07\/cropped-Logo-Panorama-01.jpeg\",\"width\":290,\"height\":70,\"caption\":\"21 Panorama\"},\"image\":{\"@id\":\"https:\/\/21panorama.com\/#\/schema\/logo\/image\/\"}},{\"@type\":\"Person\",\"@id\":\"https:\/\/21panorama.com\/#\/schema\/person\/1afc291b96d5792a158768324287319f\",\"name\":\"admin\",\"image\":{\"@type\":\"ImageObject\",\"inLanguage\":\"es\",\"@id\":\"https:\/\/21panorama.com\/#\/schema\/person\/image\/\",\"url\":\"https:\/\/secure.gravatar.com\/avatar\/ad365d9d9f46719215b0d042cc3df92a5a8683e09ef13d102233e5491985f0f0?s=96&d=mm&r=g\",\"contentUrl\":\"https:\/\/secure.gravatar.com\/avatar\/ad365d9d9f46719215b0d042cc3df92a5a8683e09ef13d102233e5491985f0f0?s=96&d=mm&r=g\",\"caption\":\"admin\"},\"url\":\"https:\/\/21panorama.com\/index.php\/author\/admin\/\"}]}<\/script>\n<!-- \/ Yoast SEO plugin. -->","yoast_head_json":{"title":"Diputadas y diputados del PRI sensibles al di\u00e1logo para la recuperaci\u00f3n econ\u00f3mica del Estado de M\u00e9xico - 21 Panorama","robots":{"index":"index","follow":"follow","max-snippet":"max-snippet:-1","max-image-preview":"max-image-preview:large","max-video-preview":"max-video-preview:-1"},"canonical":"https:\/\/21panorama.com\/index.php\/2021\/12\/15\/diputadas-y-diputados-del-pri-sensibles-al-dialogo-para-la-recuperacion-economica-del-estado-de-mexico\/","og_locale":"es_MX","og_type":"article","og_title":"Diputadas y diputados del PRI sensibles al di\u00e1logo para la recuperaci\u00f3n econ\u00f3mica del Estado de M\u00e9xico - 21 Panorama","og_description":"Proponen eliminar nuevos impuestos cedulares en Paquete Fiscal para que la entidad siga siendo la principal facilitadora de nuevas inversiones y fuentes de empleo.","og_url":"https:\/\/21panorama.com\/index.php\/2021\/12\/15\/diputadas-y-diputados-del-pri-sensibles-al-dialogo-para-la-recuperacion-economica-del-estado-de-mexico\/","og_site_name":"21 Panorama","article_published_time":"2021-12-15T19:41:45+00:00","article_modified_time":"2021-12-15T19:41:47+00:00","og_image":[{"width":1280,"height":853,"url":"https:\/\/21panorama.com\/wp-content\/uploads\/2021\/12\/12da73ae-5c83-49d7-91cf-4272f3fa48c8.jpeg","type":"image\/jpeg"}],"author":"admin","twitter_card":"summary_large_image","twitter_misc":{"Escrito por":"admin","Tiempo de lectura":"2 minutos"},"schema":{"@context":"https:\/\/schema.org","@graph":[{"@type":"Article","@id":"https:\/\/21panorama.com\/index.php\/2021\/12\/15\/diputadas-y-diputados-del-pri-sensibles-al-dialogo-para-la-recuperacion-economica-del-estado-de-mexico\/#article","isPartOf":{"@id":"https:\/\/21panorama.com\/index.php\/2021\/12\/15\/diputadas-y-diputados-del-pri-sensibles-al-dialogo-para-la-recuperacion-economica-del-estado-de-mexico\/"},"author":{"name":"admin","@id":"https:\/\/21panorama.com\/#\/schema\/person\/1afc291b96d5792a158768324287319f"},"headline":"Diputadas y diputados del PRI sensibles al di\u00e1logo para la recuperaci\u00f3n econ\u00f3mica del Estado de M\u00e9xico","datePublished":"2021-12-15T19:41:45+00:00","dateModified":"2021-12-15T19:41:47+00:00","mainEntityOfPage":{"@id":"https:\/\/21panorama.com\/index.php\/2021\/12\/15\/diputadas-y-diputados-del-pri-sensibles-al-dialogo-para-la-recuperacion-economica-del-estado-de-mexico\/"},"wordCount":244,"commentCount":0,"publisher":{"@id":"https:\/\/21panorama.com\/#organization"},"image":{"@id":"https:\/\/21panorama.com\/index.php\/2021\/12\/15\/diputadas-y-diputados-del-pri-sensibles-al-dialogo-para-la-recuperacion-economica-del-estado-de-mexico\/#primaryimage"},"thumbnailUrl":"https:\/\/21panorama.com\/wp-content\/uploads\/2021\/12\/12da73ae-5c83-49d7-91cf-4272f3fa48c8.jpeg","keywords":["PRI"],"articleSection":["Politica"],"inLanguage":"es","potentialAction":[{"@type":"CommentAction","name":"Comment","target":["https:\/\/21panorama.com\/index.php\/2021\/12\/15\/diputadas-y-diputados-del-pri-sensibles-al-dialogo-para-la-recuperacion-economica-del-estado-de-mexico\/#respond"]}]},{"@type":"WebPage","@id":"https:\/\/21panorama.com\/index.php\/2021\/12\/15\/diputadas-y-diputados-del-pri-sensibles-al-dialogo-para-la-recuperacion-economica-del-estado-de-mexico\/","url":"https:\/\/21panorama.com\/index.php\/2021\/12\/15\/diputadas-y-diputados-del-pri-sensibles-al-dialogo-para-la-recuperacion-economica-del-estado-de-mexico\/","name":"Diputadas y diputados del PRI sensibles al di\u00e1logo para la recuperaci\u00f3n econ\u00f3mica del Estado de M\u00e9xico - 21 Panorama","isPartOf":{"@id":"https:\/\/21panorama.com\/#website"},"primaryImageOfPage":{"@id":"https:\/\/21panorama.com\/index.php\/2021\/12\/15\/diputadas-y-diputados-del-pri-sensibles-al-dialogo-para-la-recuperacion-economica-del-estado-de-mexico\/#primaryimage"},"image":{"@id":"https:\/\/21panorama.com\/index.php\/2021\/12\/15\/diputadas-y-diputados-del-pri-sensibles-al-dialogo-para-la-recuperacion-economica-del-estado-de-mexico\/#primaryimage"},"thumbnailUrl":"https:\/\/21panorama.com\/wp-content\/uploads\/2021\/12\/12da73ae-5c83-49d7-91cf-4272f3fa48c8.jpeg","datePublished":"2021-12-15T19:41:45+00:00","dateModified":"2021-12-15T19:41:47+00:00","breadcrumb":{"@id":"https:\/\/21panorama.com\/index.php\/2021\/12\/15\/diputadas-y-diputados-del-pri-sensibles-al-dialogo-para-la-recuperacion-economica-del-estado-de-mexico\/#breadcrumb"},"inLanguage":"es","potentialAction":[{"@type":"ReadAction","target":["https:\/\/21panorama.com\/index.php\/2021\/12\/15\/diputadas-y-diputados-del-pri-sensibles-al-dialogo-para-la-recuperacion-economica-del-estado-de-mexico\/"]}]},{"@type":"ImageObject","inLanguage":"es","@id":"https:\/\/21panorama.com\/index.php\/2021\/12\/15\/diputadas-y-diputados-del-pri-sensibles-al-dialogo-para-la-recuperacion-economica-del-estado-de-mexico\/#primaryimage","url":"https:\/\/21panorama.com\/wp-content\/uploads\/2021\/12\/12da73ae-5c83-49d7-91cf-4272f3fa48c8.jpeg","contentUrl":"https:\/\/21panorama.com\/wp-content\/uploads\/2021\/12\/12da73ae-5c83-49d7-91cf-4272f3fa48c8.jpeg","width":1280,"height":853},{"@type":"BreadcrumbList","@id":"https:\/\/21panorama.com\/index.php\/2021\/12\/15\/diputadas-y-diputados-del-pri-sensibles-al-dialogo-para-la-recuperacion-economica-del-estado-de-mexico\/#breadcrumb","itemListElement":[{"@type":"ListItem","position":1,"name":"Inicio","item":"https:\/\/21panorama.com\/"},{"@type":"ListItem","position":2,"name":"Diputadas y diputados del PRI sensibles al di\u00e1logo para la recuperaci\u00f3n econ\u00f3mica del Estado de M\u00e9xico"}]},{"@type":"WebSite","@id":"https:\/\/21panorama.com\/#website","url":"https:\/\/21panorama.com\/","name":"21 Panorama","description":"La construcci\u00f3n de la opini\u00f3n p\u00fablica merece un mejor Panorama en este siglo 21 para alcanzar una sociedad con mayor transparencia y sin corrupci\u00f3n.","publisher":{"@id":"https:\/\/21panorama.com\/#organization"},"potentialAction":[{"@type":"SearchAction","target":{"@type":"EntryPoint","urlTemplate":"https:\/\/21panorama.com\/?s={search_term_string}"},"query-input":{"@type":"PropertyValueSpecification","valueRequired":true,"valueName":"search_term_string"}}],"inLanguage":"es"},{"@type":"Organization","@id":"https:\/\/21panorama.com\/#organization","name":"21 Panorama","url":"https:\/\/21panorama.com\/","logo":{"@type":"ImageObject","inLanguage":"es","@id":"https:\/\/21panorama.com\/#\/schema\/logo\/image\/","url":"https:\/\/21panorama.com\/wp-content\/uploads\/2019\/07\/cropped-Logo-Panorama-01.jpeg","contentUrl":"https:\/\/21panorama.com\/wp-content\/uploads\/2019\/07\/cropped-Logo-Panorama-01.jpeg","width":290,"height":70,"caption":"21 Panorama"},"image":{"@id":"https:\/\/21panorama.com\/#\/schema\/logo\/image\/"}},{"@type":"Person","@id":"https:\/\/21panorama.com\/#\/schema\/person\/1afc291b96d5792a158768324287319f","name":"admin","image":{"@type":"ImageObject","inLanguage":"es","@id":"https:\/\/21panorama.com\/#\/schema\/person\/image\/","url":"https:\/\/secure.gravatar.com\/avatar\/ad365d9d9f46719215b0d042cc3df92a5a8683e09ef13d102233e5491985f0f0?s=96&d=mm&r=g","contentUrl":"https:\/\/secure.gravatar.com\/avatar\/ad365d9d9f46719215b0d042cc3df92a5a8683e09ef13d102233e5491985f0f0?s=96&d=mm&r=g","caption":"admin"},"url":"https:\/\/21panorama.com\/index.php\/author\/admin\/"}]}},"_links":{"self":[{"href":"https:\/\/21panorama.com\/index.php\/wp-json\/wp\/v2\/posts\/2746","targetHints":{"allow":["GET"]}}],"collection":[{"href":"https:\/\/21panorama.com\/index.php\/wp-json\/wp\/v2\/posts"}],"about":[{"href":"https:\/\/21panorama.com\/index.php\/wp-json\/wp\/v2\/types\/post"}],"author":[{"embeddable":true,"href":"https:\/\/21panorama.com\/index.php\/wp-json\/wp\/v2\/users\/1"}],"replies":[{"embeddable":true,"href":"https:\/\/21panorama.com\/index.php\/wp-json\/wp\/v2\/comments?post=2746"}],"version-history":[{"count":1,"href":"https:\/\/21panorama.com\/index.php\/wp-json\/wp\/v2\/posts\/2746\/revisions"}],"predecessor-version":[{"id":2749,"href":"https:\/\/21panorama.com\/index.php\/wp-json\/wp\/v2\/posts\/2746\/revisions\/2749"}],"wp:featuredmedia":[{"embeddable":true,"href":"https:\/\/21panorama.com\/index.php\/wp-json\/wp\/v2\/media\/2747"}],"wp:attachment":[{"href":"https:\/\/21panorama.com\/index.php\/wp-json\/wp\/v2\/media?parent=2746"}],"wp:term":[{"taxonomy":"category","embeddable":true,"href":"https:\/\/21panorama.com\/index.php\/wp-json\/wp\/v2\/categories?post=2746"},{"taxonomy":"post_tag","embeddable":true,"href":"https:\/\/21panorama.com\/index.php\/wp-json\/wp\/v2\/tags?post=2746"}],"curies":[{"name":"wp","href":"https:\/\/api.w.org\/{rel}","templated":true}]}}