{"id":2723,"date":"2021-12-13T15:19:01","date_gmt":"2021-12-13T21:19:01","guid":{"rendered":"https:\/\/21panorama.com\/?p=2723"},"modified":"2021-12-13T15:19:02","modified_gmt":"2021-12-13T21:19:02","slug":"reporta-salud-edomex-que-no-hay-casos-de-variante-omicron-de-covid-19-en-la-entidad","status":"publish","type":"post","link":"https:\/\/21panorama.com\/index.php\/2021\/12\/13\/reporta-salud-edomex-que-no-hay-casos-de-variante-omicron-de-covid-19-en-la-entidad\/","title":{"rendered":"REPORTA SALUD EDOM\u00c9X QUE NO HAY CASOS DE VARIANTE \u00d3MICRON DE COVID-19 EN LA ENTIDAD"},"content":{"rendered":"\n<p>Toluca, Estado de M\u00e9xico, 13 de diciembre de 2021. La Secretar\u00eda de Salud del Estado de M\u00e9xico informa que en la entidad NO se ha detectado ning\u00fan caso de la variante \u00f3micron de COVID-19, por lo que contin\u00faa con las acciones de vigilancia epidemiol\u00f3gica y el llamado a la poblaci\u00f3n para seguir con las medidas preventivas contra esta enfermedad.<\/p>\n\n\n\n<p>La dependencia refiere que un paciente que dio a conocer la Secretar\u00eda de Salud del Gobierno federal el pasado 3 de diciembre, se atendi\u00f3 en un hospital privado de Interlomas en el municipio de Huixquilucan con sintomatolog\u00eda leve.<\/p>\n\n\n\n<p>Es una persona proveniente de Sud\u00e1frica, quien reside en la Ciudad de M\u00e9xico desde hace cuatro a\u00f1os y una vez que present\u00f3 s\u00edntomas leves, con apoyo de la empresa donde labora, ingres\u00f3 de forma voluntaria al nosocomio referido para mantener la cuarentena y el resguardo correspondiente y ya fue egresado.<\/p>\n\n\n\n<p>La dependencia afirma que en territorio mexiquense mantiene diversas estrategias de vigilancia epidemiol\u00f3gica, aunado a la intensa labor de vacunaci\u00f3n a los diversos sectores, a fin de proteger a la poblaci\u00f3n y resalt\u00f3 que se encuentra en marcha la aplicaci\u00f3n de la tercera dosis a adultos mayores de 60 a\u00f1os en la entidad.<\/p>\n","protected":false},"excerpt":{"rendered":"<p>Toluca, Estado de M\u00e9xico, 13 de diciembre de 2021. La Secretar\u00eda de Salud del Estado de M\u00e9xico informa que en la entidad NO se ha detectado ning\u00fan caso de la variante \u00f3micron de COVID-19, por lo que contin\u00faa con las acciones de vigilancia epidemiol\u00f3gica y el llamado a la poblaci\u00f3n para seguir con las medidas preventivas contra esta enfermedad.<\/p>\n","protected":false},"author":1,"featured_media":2724,"comment_status":"open","ping_status":"open","sticky":false,"template":"","format":"standard","meta":{"footnotes":""},"categories":[6],"tags":[141,97],"class_list":["post-2723","post","type-post","status-publish","format-standard","has-post-thumbnail","hentry","category-cienciaysalud","tag-covid","tag-edomex"],"yoast_head":"<!-- This site is optimized with the Yoast SEO plugin v24.9 - https:\/\/yoast.com\/wordpress\/plugins\/seo\/ -->\n<title>REPORTA SALUD EDOM\u00c9X QUE NO HAY CASOS DE VARIANTE \u00d3MICRON DE COVID-19 EN LA ENTIDAD - 21 Panorama<\/title>\n<meta name=\"robots\" content=\"index, follow, max-snippet:-1, max-image-preview:large, max-video-preview:-1\" \/>\n<link rel=\"canonical\" href=\"https:\/\/21panorama.com\/index.php\/2021\/12\/13\/reporta-salud-edomex-que-no-hay-casos-de-variante-omicron-de-covid-19-en-la-entidad\/\" \/>\n<meta property=\"og:locale\" content=\"es_MX\" \/>\n<meta property=\"og:type\" content=\"article\" \/>\n<meta property=\"og:title\" content=\"REPORTA SALUD EDOM\u00c9X QUE NO HAY CASOS DE VARIANTE \u00d3MICRON DE COVID-19 EN LA ENTIDAD - 21 Panorama\" \/>\n<meta property=\"og:description\" content=\"Toluca, Estado de M\u00e9xico, 13 de diciembre de 2021. La Secretar\u00eda de Salud del Estado de M\u00e9xico informa que en la entidad NO se ha detectado ning\u00fan caso de la variante \u00f3micron de COVID-19, por lo que contin\u00faa con las acciones de vigilancia epidemiol\u00f3gica y el llamado a la poblaci\u00f3n para seguir con las medidas preventivas contra esta enfermedad.\" \/>\n<meta property=\"og:url\" content=\"https:\/\/21panorama.com\/index.php\/2021\/12\/13\/reporta-salud-edomex-que-no-hay-casos-de-variante-omicron-de-covid-19-en-la-entidad\/\" \/>\n<meta property=\"og:site_name\" content=\"21 Panorama\" \/>\n<meta property=\"article:published_time\" content=\"2021-12-13T21:19:01+00:00\" \/>\n<meta property=\"article:modified_time\" content=\"2021-12-13T21:19:02+00:00\" \/>\n<meta property=\"og:image\" content=\"https:\/\/21panorama.com\/wp-content\/uploads\/2021\/12\/61a25c8c-7f0a-45b2-8b74-389839b69e42.jpeg\" \/>\n\t<meta property=\"og:image:width\" content=\"1200\" \/>\n\t<meta property=\"og:image:height\" content=\"750\" \/>\n\t<meta property=\"og:image:type\" content=\"image\/jpeg\" \/>\n<meta name=\"author\" content=\"admin\" \/>\n<meta name=\"twitter:card\" content=\"summary_large_image\" \/>\n<meta name=\"twitter:label1\" content=\"Escrito por\" \/>\n\t<meta name=\"twitter:data1\" content=\"admin\" \/>\n\t<meta name=\"twitter:label2\" content=\"Tiempo de lectura\" \/>\n\t<meta name=\"twitter:data2\" content=\"1 minuto\" \/>\n<script type=\"application\/ld+json\" class=\"yoast-schema-graph\">{\"@context\":\"https:\/\/schema.org\",\"@graph\":[{\"@type\":\"Article\",\"@id\":\"https:\/\/21panorama.com\/index.php\/2021\/12\/13\/reporta-salud-edomex-que-no-hay-casos-de-variante-omicron-de-covid-19-en-la-entidad\/#article\",\"isPartOf\":{\"@id\":\"https:\/\/21panorama.com\/index.php\/2021\/12\/13\/reporta-salud-edomex-que-no-hay-casos-de-variante-omicron-de-covid-19-en-la-entidad\/\"},\"author\":{\"name\":\"admin\",\"@id\":\"https:\/\/21panorama.com\/#\/schema\/person\/1afc291b96d5792a158768324287319f\"},\"headline\":\"REPORTA SALUD EDOM\u00c9X QUE NO HAY CASOS DE VARIANTE \u00d3MICRON DE COVID-19 EN LA ENTIDAD\",\"datePublished\":\"2021-12-13T21:19:01+00:00\",\"dateModified\":\"2021-12-13T21:19:02+00:00\",\"mainEntityOfPage\":{\"@id\":\"https:\/\/21panorama.com\/index.php\/2021\/12\/13\/reporta-salud-edomex-que-no-hay-casos-de-variante-omicron-de-covid-19-en-la-entidad\/\"},\"wordCount\":230,\"commentCount\":0,\"publisher\":{\"@id\":\"https:\/\/21panorama.com\/#organization\"},\"image\":{\"@id\":\"https:\/\/21panorama.com\/index.php\/2021\/12\/13\/reporta-salud-edomex-que-no-hay-casos-de-variante-omicron-de-covid-19-en-la-entidad\/#primaryimage\"},\"thumbnailUrl\":\"https:\/\/21panorama.com\/wp-content\/uploads\/2021\/12\/61a25c8c-7f0a-45b2-8b74-389839b69e42.jpeg\",\"keywords\":[\"COVID\",\"EDOMEX\"],\"articleSection\":[\"Ciencia y Salud\"],\"inLanguage\":\"es\",\"potentialAction\":[{\"@type\":\"CommentAction\",\"name\":\"Comment\",\"target\":[\"https:\/\/21panorama.com\/index.php\/2021\/12\/13\/reporta-salud-edomex-que-no-hay-casos-de-variante-omicron-de-covid-19-en-la-entidad\/#respond\"]}]},{\"@type\":\"WebPage\",\"@id\":\"https:\/\/21panorama.com\/index.php\/2021\/12\/13\/reporta-salud-edomex-que-no-hay-casos-de-variante-omicron-de-covid-19-en-la-entidad\/\",\"url\":\"https:\/\/21panorama.com\/index.php\/2021\/12\/13\/reporta-salud-edomex-que-no-hay-casos-de-variante-omicron-de-covid-19-en-la-entidad\/\",\"name\":\"REPORTA SALUD EDOM\u00c9X QUE NO HAY CASOS DE VARIANTE \u00d3MICRON DE COVID-19 EN LA ENTIDAD - 21 Panorama\",\"isPartOf\":{\"@id\":\"https:\/\/21panorama.com\/#website\"},\"primaryImageOfPage\":{\"@id\":\"https:\/\/21panorama.com\/index.php\/2021\/12\/13\/reporta-salud-edomex-que-no-hay-casos-de-variante-omicron-de-covid-19-en-la-entidad\/#primaryimage\"},\"image\":{\"@id\":\"https:\/\/21panorama.com\/index.php\/2021\/12\/13\/reporta-salud-edomex-que-no-hay-casos-de-variante-omicron-de-covid-19-en-la-entidad\/#primaryimage\"},\"thumbnailUrl\":\"https:\/\/21panorama.com\/wp-content\/uploads\/2021\/12\/61a25c8c-7f0a-45b2-8b74-389839b69e42.jpeg\",\"datePublished\":\"2021-12-13T21:19:01+00:00\",\"dateModified\":\"2021-12-13T21:19:02+00:00\",\"breadcrumb\":{\"@id\":\"https:\/\/21panorama.com\/index.php\/2021\/12\/13\/reporta-salud-edomex-que-no-hay-casos-de-variante-omicron-de-covid-19-en-la-entidad\/#breadcrumb\"},\"inLanguage\":\"es\",\"potentialAction\":[{\"@type\":\"ReadAction\",\"target\":[\"https:\/\/21panorama.com\/index.php\/2021\/12\/13\/reporta-salud-edomex-que-no-hay-casos-de-variante-omicron-de-covid-19-en-la-entidad\/\"]}]},{\"@type\":\"ImageObject\",\"inLanguage\":\"es\",\"@id\":\"https:\/\/21panorama.com\/index.php\/2021\/12\/13\/reporta-salud-edomex-que-no-hay-casos-de-variante-omicron-de-covid-19-en-la-entidad\/#primaryimage\",\"url\":\"https:\/\/21panorama.com\/wp-content\/uploads\/2021\/12\/61a25c8c-7f0a-45b2-8b74-389839b69e42.jpeg\",\"contentUrl\":\"https:\/\/21panorama.com\/wp-content\/uploads\/2021\/12\/61a25c8c-7f0a-45b2-8b74-389839b69e42.jpeg\",\"width\":1200,\"height\":750},{\"@type\":\"BreadcrumbList\",\"@id\":\"https:\/\/21panorama.com\/index.php\/2021\/12\/13\/reporta-salud-edomex-que-no-hay-casos-de-variante-omicron-de-covid-19-en-la-entidad\/#breadcrumb\",\"itemListElement\":[{\"@type\":\"ListItem\",\"position\":1,\"name\":\"Inicio\",\"item\":\"https:\/\/21panorama.com\/\"},{\"@type\":\"ListItem\",\"position\":2,\"name\":\"REPORTA SALUD EDOM\u00c9X QUE NO HAY CASOS DE VARIANTE \u00d3MICRON DE COVID-19 EN LA ENTIDAD\"}]},{\"@type\":\"WebSite\",\"@id\":\"https:\/\/21panorama.com\/#website\",\"url\":\"https:\/\/21panorama.com\/\",\"name\":\"21 Panorama\",\"description\":\"La construcci\u00f3n de la opini\u00f3n p\u00fablica merece un mejor Panorama en este siglo 21 para alcanzar una sociedad con mayor transparencia y sin corrupci\u00f3n.\",\"publisher\":{\"@id\":\"https:\/\/21panorama.com\/#organization\"},\"potentialAction\":[{\"@type\":\"SearchAction\",\"target\":{\"@type\":\"EntryPoint\",\"urlTemplate\":\"https:\/\/21panorama.com\/?s={search_term_string}\"},\"query-input\":{\"@type\":\"PropertyValueSpecification\",\"valueRequired\":true,\"valueName\":\"search_term_string\"}}],\"inLanguage\":\"es\"},{\"@type\":\"Organization\",\"@id\":\"https:\/\/21panorama.com\/#organization\",\"name\":\"21 Panorama\",\"url\":\"https:\/\/21panorama.com\/\",\"logo\":{\"@type\":\"ImageObject\",\"inLanguage\":\"es\",\"@id\":\"https:\/\/21panorama.com\/#\/schema\/logo\/image\/\",\"url\":\"https:\/\/21panorama.com\/wp-content\/uploads\/2019\/07\/cropped-Logo-Panorama-01.jpeg\",\"contentUrl\":\"https:\/\/21panorama.com\/wp-content\/uploads\/2019\/07\/cropped-Logo-Panorama-01.jpeg\",\"width\":290,\"height\":70,\"caption\":\"21 Panorama\"},\"image\":{\"@id\":\"https:\/\/21panorama.com\/#\/schema\/logo\/image\/\"}},{\"@type\":\"Person\",\"@id\":\"https:\/\/21panorama.com\/#\/schema\/person\/1afc291b96d5792a158768324287319f\",\"name\":\"admin\",\"image\":{\"@type\":\"ImageObject\",\"inLanguage\":\"es\",\"@id\":\"https:\/\/21panorama.com\/#\/schema\/person\/image\/\",\"url\":\"https:\/\/secure.gravatar.com\/avatar\/ad365d9d9f46719215b0d042cc3df92a5a8683e09ef13d102233e5491985f0f0?s=96&d=mm&r=g\",\"contentUrl\":\"https:\/\/secure.gravatar.com\/avatar\/ad365d9d9f46719215b0d042cc3df92a5a8683e09ef13d102233e5491985f0f0?s=96&d=mm&r=g\",\"caption\":\"admin\"},\"url\":\"https:\/\/21panorama.com\/index.php\/author\/admin\/\"}]}<\/script>\n<!-- \/ Yoast SEO plugin. -->","yoast_head_json":{"title":"REPORTA SALUD EDOM\u00c9X QUE NO HAY CASOS DE VARIANTE \u00d3MICRON DE COVID-19 EN LA ENTIDAD - 21 Panorama","robots":{"index":"index","follow":"follow","max-snippet":"max-snippet:-1","max-image-preview":"max-image-preview:large","max-video-preview":"max-video-preview:-1"},"canonical":"https:\/\/21panorama.com\/index.php\/2021\/12\/13\/reporta-salud-edomex-que-no-hay-casos-de-variante-omicron-de-covid-19-en-la-entidad\/","og_locale":"es_MX","og_type":"article","og_title":"REPORTA SALUD EDOM\u00c9X QUE NO HAY CASOS DE VARIANTE \u00d3MICRON DE COVID-19 EN LA ENTIDAD - 21 Panorama","og_description":"Toluca, Estado de M\u00e9xico, 13 de diciembre de 2021. La Secretar\u00eda de Salud del Estado de M\u00e9xico informa que en la entidad NO se ha detectado ning\u00fan caso de la variante \u00f3micron de COVID-19, por lo que contin\u00faa con las acciones de vigilancia epidemiol\u00f3gica y el llamado a la poblaci\u00f3n para seguir con las medidas preventivas contra esta enfermedad.","og_url":"https:\/\/21panorama.com\/index.php\/2021\/12\/13\/reporta-salud-edomex-que-no-hay-casos-de-variante-omicron-de-covid-19-en-la-entidad\/","og_site_name":"21 Panorama","article_published_time":"2021-12-13T21:19:01+00:00","article_modified_time":"2021-12-13T21:19:02+00:00","og_image":[{"width":1200,"height":750,"url":"https:\/\/21panorama.com\/wp-content\/uploads\/2021\/12\/61a25c8c-7f0a-45b2-8b74-389839b69e42.jpeg","type":"image\/jpeg"}],"author":"admin","twitter_card":"summary_large_image","twitter_misc":{"Escrito por":"admin","Tiempo de lectura":"1 minuto"},"schema":{"@context":"https:\/\/schema.org","@graph":[{"@type":"Article","@id":"https:\/\/21panorama.com\/index.php\/2021\/12\/13\/reporta-salud-edomex-que-no-hay-casos-de-variante-omicron-de-covid-19-en-la-entidad\/#article","isPartOf":{"@id":"https:\/\/21panorama.com\/index.php\/2021\/12\/13\/reporta-salud-edomex-que-no-hay-casos-de-variante-omicron-de-covid-19-en-la-entidad\/"},"author":{"name":"admin","@id":"https:\/\/21panorama.com\/#\/schema\/person\/1afc291b96d5792a158768324287319f"},"headline":"REPORTA SALUD EDOM\u00c9X QUE NO HAY CASOS DE VARIANTE \u00d3MICRON DE COVID-19 EN LA ENTIDAD","datePublished":"2021-12-13T21:19:01+00:00","dateModified":"2021-12-13T21:19:02+00:00","mainEntityOfPage":{"@id":"https:\/\/21panorama.com\/index.php\/2021\/12\/13\/reporta-salud-edomex-que-no-hay-casos-de-variante-omicron-de-covid-19-en-la-entidad\/"},"wordCount":230,"commentCount":0,"publisher":{"@id":"https:\/\/21panorama.com\/#organization"},"image":{"@id":"https:\/\/21panorama.com\/index.php\/2021\/12\/13\/reporta-salud-edomex-que-no-hay-casos-de-variante-omicron-de-covid-19-en-la-entidad\/#primaryimage"},"thumbnailUrl":"https:\/\/21panorama.com\/wp-content\/uploads\/2021\/12\/61a25c8c-7f0a-45b2-8b74-389839b69e42.jpeg","keywords":["COVID","EDOMEX"],"articleSection":["Ciencia y Salud"],"inLanguage":"es","potentialAction":[{"@type":"CommentAction","name":"Comment","target":["https:\/\/21panorama.com\/index.php\/2021\/12\/13\/reporta-salud-edomex-que-no-hay-casos-de-variante-omicron-de-covid-19-en-la-entidad\/#respond"]}]},{"@type":"WebPage","@id":"https:\/\/21panorama.com\/index.php\/2021\/12\/13\/reporta-salud-edomex-que-no-hay-casos-de-variante-omicron-de-covid-19-en-la-entidad\/","url":"https:\/\/21panorama.com\/index.php\/2021\/12\/13\/reporta-salud-edomex-que-no-hay-casos-de-variante-omicron-de-covid-19-en-la-entidad\/","name":"REPORTA SALUD EDOM\u00c9X QUE NO HAY CASOS DE VARIANTE \u00d3MICRON DE COVID-19 EN LA ENTIDAD - 21 Panorama","isPartOf":{"@id":"https:\/\/21panorama.com\/#website"},"primaryImageOfPage":{"@id":"https:\/\/21panorama.com\/index.php\/2021\/12\/13\/reporta-salud-edomex-que-no-hay-casos-de-variante-omicron-de-covid-19-en-la-entidad\/#primaryimage"},"image":{"@id":"https:\/\/21panorama.com\/index.php\/2021\/12\/13\/reporta-salud-edomex-que-no-hay-casos-de-variante-omicron-de-covid-19-en-la-entidad\/#primaryimage"},"thumbnailUrl":"https:\/\/21panorama.com\/wp-content\/uploads\/2021\/12\/61a25c8c-7f0a-45b2-8b74-389839b69e42.jpeg","datePublished":"2021-12-13T21:19:01+00:00","dateModified":"2021-12-13T21:19:02+00:00","breadcrumb":{"@id":"https:\/\/21panorama.com\/index.php\/2021\/12\/13\/reporta-salud-edomex-que-no-hay-casos-de-variante-omicron-de-covid-19-en-la-entidad\/#breadcrumb"},"inLanguage":"es","potentialAction":[{"@type":"ReadAction","target":["https:\/\/21panorama.com\/index.php\/2021\/12\/13\/reporta-salud-edomex-que-no-hay-casos-de-variante-omicron-de-covid-19-en-la-entidad\/"]}]},{"@type":"ImageObject","inLanguage":"es","@id":"https:\/\/21panorama.com\/index.php\/2021\/12\/13\/reporta-salud-edomex-que-no-hay-casos-de-variante-omicron-de-covid-19-en-la-entidad\/#primaryimage","url":"https:\/\/21panorama.com\/wp-content\/uploads\/2021\/12\/61a25c8c-7f0a-45b2-8b74-389839b69e42.jpeg","contentUrl":"https:\/\/21panorama.com\/wp-content\/uploads\/2021\/12\/61a25c8c-7f0a-45b2-8b74-389839b69e42.jpeg","width":1200,"height":750},{"@type":"BreadcrumbList","@id":"https:\/\/21panorama.com\/index.php\/2021\/12\/13\/reporta-salud-edomex-que-no-hay-casos-de-variante-omicron-de-covid-19-en-la-entidad\/#breadcrumb","itemListElement":[{"@type":"ListItem","position":1,"name":"Inicio","item":"https:\/\/21panorama.com\/"},{"@type":"ListItem","position":2,"name":"REPORTA SALUD EDOM\u00c9X QUE NO HAY CASOS DE VARIANTE \u00d3MICRON DE COVID-19 EN LA ENTIDAD"}]},{"@type":"WebSite","@id":"https:\/\/21panorama.com\/#website","url":"https:\/\/21panorama.com\/","name":"21 Panorama","description":"La construcci\u00f3n de la opini\u00f3n p\u00fablica merece un mejor Panorama en este siglo 21 para alcanzar una sociedad con mayor transparencia y sin corrupci\u00f3n.","publisher":{"@id":"https:\/\/21panorama.com\/#organization"},"potentialAction":[{"@type":"SearchAction","target":{"@type":"EntryPoint","urlTemplate":"https:\/\/21panorama.com\/?s={search_term_string}"},"query-input":{"@type":"PropertyValueSpecification","valueRequired":true,"valueName":"search_term_string"}}],"inLanguage":"es"},{"@type":"Organization","@id":"https:\/\/21panorama.com\/#organization","name":"21 Panorama","url":"https:\/\/21panorama.com\/","logo":{"@type":"ImageObject","inLanguage":"es","@id":"https:\/\/21panorama.com\/#\/schema\/logo\/image\/","url":"https:\/\/21panorama.com\/wp-content\/uploads\/2019\/07\/cropped-Logo-Panorama-01.jpeg","contentUrl":"https:\/\/21panorama.com\/wp-content\/uploads\/2019\/07\/cropped-Logo-Panorama-01.jpeg","width":290,"height":70,"caption":"21 Panorama"},"image":{"@id":"https:\/\/21panorama.com\/#\/schema\/logo\/image\/"}},{"@type":"Person","@id":"https:\/\/21panorama.com\/#\/schema\/person\/1afc291b96d5792a158768324287319f","name":"admin","image":{"@type":"ImageObject","inLanguage":"es","@id":"https:\/\/21panorama.com\/#\/schema\/person\/image\/","url":"https:\/\/secure.gravatar.com\/avatar\/ad365d9d9f46719215b0d042cc3df92a5a8683e09ef13d102233e5491985f0f0?s=96&d=mm&r=g","contentUrl":"https:\/\/secure.gravatar.com\/avatar\/ad365d9d9f46719215b0d042cc3df92a5a8683e09ef13d102233e5491985f0f0?s=96&d=mm&r=g","caption":"admin"},"url":"https:\/\/21panorama.com\/index.php\/author\/admin\/"}]}},"_links":{"self":[{"href":"https:\/\/21panorama.com\/index.php\/wp-json\/wp\/v2\/posts\/2723","targetHints":{"allow":["GET"]}}],"collection":[{"href":"https:\/\/21panorama.com\/index.php\/wp-json\/wp\/v2\/posts"}],"about":[{"href":"https:\/\/21panorama.com\/index.php\/wp-json\/wp\/v2\/types\/post"}],"author":[{"embeddable":true,"href":"https:\/\/21panorama.com\/index.php\/wp-json\/wp\/v2\/users\/1"}],"replies":[{"embeddable":true,"href":"https:\/\/21panorama.com\/index.php\/wp-json\/wp\/v2\/comments?post=2723"}],"version-history":[{"count":1,"href":"https:\/\/21panorama.com\/index.php\/wp-json\/wp\/v2\/posts\/2723\/revisions"}],"predecessor-version":[{"id":2725,"href":"https:\/\/21panorama.com\/index.php\/wp-json\/wp\/v2\/posts\/2723\/revisions\/2725"}],"wp:featuredmedia":[{"embeddable":true,"href":"https:\/\/21panorama.com\/index.php\/wp-json\/wp\/v2\/media\/2724"}],"wp:attachment":[{"href":"https:\/\/21panorama.com\/index.php\/wp-json\/wp\/v2\/media?parent=2723"}],"wp:term":[{"taxonomy":"category","embeddable":true,"href":"https:\/\/21panorama.com\/index.php\/wp-json\/wp\/v2\/categories?post=2723"},{"taxonomy":"post_tag","embeddable":true,"href":"https:\/\/21panorama.com\/index.php\/wp-json\/wp\/v2\/tags?post=2723"}],"curies":[{"name":"wp","href":"https:\/\/api.w.org\/{rel}","templated":true}]}}