{"id":272,"date":"2019-08-21T11:31:03","date_gmt":"2019-08-21T16:31:03","guid":{"rendered":"http:\/\/21panorama.com\/?p=272"},"modified":"2019-08-21T23:32:24","modified_gmt":"2019-08-22T04:32:24","slug":"firma-tultitlan-convenio-de-coordinacion-con-copladem","status":"publish","type":"post","link":"https:\/\/21panorama.com\/index.php\/2019\/08\/21\/firma-tultitlan-convenio-de-coordinacion-con-copladem\/","title":{"rendered":"Firma Tultitl\u00e1n convenio de coordinaci\u00f3n con COPLADEM"},"content":{"rendered":"\n<p>\n\nCon sede en el municipio de Tlalnepantla, presidentes municipales de 10 municipios mexiquenses, llevaron a cabo la \u201cfirma de convenio marco de coordinaci\u00f3n entre el&nbsp; &nbsp;entre los tres \u00f3rdenes de gobierno para acordar y realizar acciones en materia de desarrollo.<br>Dentro de las instalaciones del sal\u00f3n del Pueblo de Palacio Municipal, el alcalde de Tlalnepantla de Baz, Raciel P\u00e9rez Cruz, resalt\u00f3 que \u201ces muy gratificante recibir a los alcaldes de los distintos municipios del territorio mexiquense, quienes est\u00e1n interesados en prosperar a favor de la ciudadan\u00eda y sobre todo tener municipios de calidad\u201d<br>En el mismo tenor la presidenta municipal Elena Garc\u00eda Mart\u00ednez, destac\u00f3 la importancia de sumarse a dicho convenio ya que se busca el progreso de cada municipio y d\u00eda a d\u00eda se debe trabajar m\u00e1s fuerte en conjunto con la ciudadan\u00eda.<br>En tanto, la Directora general del Comit\u00e9 de Planeaci\u00f3n para el&nbsp; &nbsp;Desarrollo del Estado Paola Vite Bocazzi, dijo&nbsp; &nbsp;que gracias a la firma de este acuerdo, se fortalecen alianzas entre instituciones de manera estrat\u00e9gica, donde se evaluar\u00e1n resultados de la planeaci\u00f3n municipal y del estado de M\u00e9xico impactando a m\u00e1s de 2 millones de personas.<br>Cabe resaltar que a la firma asistieron los mun\u00edcipes y secretarios de Ayuntamiento de Apaxco, Atizap\u00e1n de Zaragoza, Coyotepec, Cuautitl\u00e1n, Huehuetoca, Nicol\u00e1s Romero, Tepotzotl\u00e1n, Tequixquiac, Tlalnepantla y Tultitl\u00e1n.<br>Finalmente, se llev\u00f3 a cabo la firma protocolaria del convenio por parte de los municipios participantes.\n\n<\/p>\n","protected":false},"excerpt":{"rendered":"<p>Con sede en el municipio de Tlalnepantla, presidentes municipales de 10 municipios mexiquenses, llevaron a cabo la \u201cfirma de convenio marco de coordinaci\u00f3n entre el&nbsp; &nbsp;entre los tres \u00f3rdenes de gobierno para acordar y realizar acciones en materia de desarrollo.Dentro de las instalaciones del sal\u00f3n del Pueblo de Palacio Municipal, el alcalde de Tlalnepantla de Baz, Raciel P\u00e9rez Cruz, resalt\u00f3 que \u201ces muy gratificante recibir a los alcaldes de los distintos municipios del territorio mexiquense, quienes est\u00e1n interesados en prosperar a favor de la ciudadan\u00eda y sobre todo tener municipios&hellip;<\/p>\n","protected":false},"author":1,"featured_media":273,"comment_status":"open","ping_status":"open","sticky":false,"template":"","format":"standard","meta":{"footnotes":""},"categories":[3,10],"tags":[],"class_list":["post-272","post","type-post","status-publish","format-standard","has-post-thumbnail","hentry","category-ecomomia","category-opinion"],"yoast_head":"<!-- This site is optimized with the Yoast SEO plugin v24.9 - https:\/\/yoast.com\/wordpress\/plugins\/seo\/ -->\n<title>Firma Tultitl\u00e1n convenio de coordinaci\u00f3n con COPLADEM - 21 Panorama<\/title>\n<meta name=\"robots\" content=\"index, follow, max-snippet:-1, max-image-preview:large, max-video-preview:-1\" \/>\n<link rel=\"canonical\" href=\"https:\/\/21panorama.com\/index.php\/2019\/08\/21\/firma-tultitlan-convenio-de-coordinacion-con-copladem\/\" \/>\n<meta property=\"og:locale\" content=\"es_MX\" \/>\n<meta property=\"og:type\" content=\"article\" \/>\n<meta property=\"og:title\" content=\"Firma Tultitl\u00e1n convenio de coordinaci\u00f3n con COPLADEM - 21 Panorama\" \/>\n<meta property=\"og:description\" content=\"Con sede en el municipio de Tlalnepantla, presidentes municipales de 10 municipios mexiquenses, llevaron a cabo la \u201cfirma de convenio marco de coordinaci\u00f3n entre el&nbsp; &nbsp;entre los tres \u00f3rdenes de gobierno para acordar y realizar acciones en materia de desarrollo.Dentro de las instalaciones del sal\u00f3n del Pueblo de Palacio Municipal, el alcalde de Tlalnepantla de Baz, Raciel P\u00e9rez Cruz, resalt\u00f3 que \u201ces muy gratificante recibir a los alcaldes de los distintos municipios del territorio mexiquense, quienes est\u00e1n interesados en prosperar a favor de la ciudadan\u00eda y sobre todo tener municipios&hellip;\" \/>\n<meta property=\"og:url\" content=\"https:\/\/21panorama.com\/index.php\/2019\/08\/21\/firma-tultitlan-convenio-de-coordinacion-con-copladem\/\" \/>\n<meta property=\"og:site_name\" content=\"21 Panorama\" \/>\n<meta property=\"article:published_time\" content=\"2019-08-21T16:31:03+00:00\" \/>\n<meta property=\"article:modified_time\" content=\"2019-08-22T04:32:24+00:00\" \/>\n<meta property=\"og:image\" content=\"https:\/\/21panorama.com\/wp-content\/uploads\/2019\/08\/c852a966-8d95-436b-95ad-5017051b059a.jpg\" \/>\n\t<meta property=\"og:image:width\" content=\"335\" \/>\n\t<meta property=\"og:image:height\" content=\"222\" \/>\n\t<meta property=\"og:image:type\" content=\"image\/jpeg\" \/>\n<meta name=\"author\" content=\"admin\" \/>\n<meta name=\"twitter:card\" content=\"summary_large_image\" \/>\n<meta name=\"twitter:label1\" content=\"Escrito por\" \/>\n\t<meta name=\"twitter:data1\" content=\"admin\" \/>\n\t<meta name=\"twitter:label2\" content=\"Tiempo de lectura\" \/>\n\t<meta name=\"twitter:data2\" content=\"1 minuto\" \/>\n<script type=\"application\/ld+json\" class=\"yoast-schema-graph\">{\"@context\":\"https:\/\/schema.org\",\"@graph\":[{\"@type\":\"Article\",\"@id\":\"https:\/\/21panorama.com\/index.php\/2019\/08\/21\/firma-tultitlan-convenio-de-coordinacion-con-copladem\/#article\",\"isPartOf\":{\"@id\":\"https:\/\/21panorama.com\/index.php\/2019\/08\/21\/firma-tultitlan-convenio-de-coordinacion-con-copladem\/\"},\"author\":{\"name\":\"admin\",\"@id\":\"https:\/\/21panorama.com\/#\/schema\/person\/1afc291b96d5792a158768324287319f\"},\"headline\":\"Firma Tultitl\u00e1n convenio de coordinaci\u00f3n con COPLADEM\",\"datePublished\":\"2019-08-21T16:31:03+00:00\",\"dateModified\":\"2019-08-22T04:32:24+00:00\",\"mainEntityOfPage\":{\"@id\":\"https:\/\/21panorama.com\/index.php\/2019\/08\/21\/firma-tultitlan-convenio-de-coordinacion-con-copladem\/\"},\"wordCount\":269,\"commentCount\":0,\"publisher\":{\"@id\":\"https:\/\/21panorama.com\/#organization\"},\"image\":{\"@id\":\"https:\/\/21panorama.com\/index.php\/2019\/08\/21\/firma-tultitlan-convenio-de-coordinacion-con-copladem\/#primaryimage\"},\"thumbnailUrl\":\"https:\/\/21panorama.com\/wp-content\/uploads\/2019\/08\/c852a966-8d95-436b-95ad-5017051b059a.jpg\",\"articleSection\":[\"Econom\u00eda\",\"Opini\u00f3n\"],\"inLanguage\":\"es\",\"potentialAction\":[{\"@type\":\"CommentAction\",\"name\":\"Comment\",\"target\":[\"https:\/\/21panorama.com\/index.php\/2019\/08\/21\/firma-tultitlan-convenio-de-coordinacion-con-copladem\/#respond\"]}]},{\"@type\":\"WebPage\",\"@id\":\"https:\/\/21panorama.com\/index.php\/2019\/08\/21\/firma-tultitlan-convenio-de-coordinacion-con-copladem\/\",\"url\":\"https:\/\/21panorama.com\/index.php\/2019\/08\/21\/firma-tultitlan-convenio-de-coordinacion-con-copladem\/\",\"name\":\"Firma Tultitl\u00e1n convenio de coordinaci\u00f3n con COPLADEM - 21 Panorama\",\"isPartOf\":{\"@id\":\"https:\/\/21panorama.com\/#website\"},\"primaryImageOfPage\":{\"@id\":\"https:\/\/21panorama.com\/index.php\/2019\/08\/21\/firma-tultitlan-convenio-de-coordinacion-con-copladem\/#primaryimage\"},\"image\":{\"@id\":\"https:\/\/21panorama.com\/index.php\/2019\/08\/21\/firma-tultitlan-convenio-de-coordinacion-con-copladem\/#primaryimage\"},\"thumbnailUrl\":\"https:\/\/21panorama.com\/wp-content\/uploads\/2019\/08\/c852a966-8d95-436b-95ad-5017051b059a.jpg\",\"datePublished\":\"2019-08-21T16:31:03+00:00\",\"dateModified\":\"2019-08-22T04:32:24+00:00\",\"breadcrumb\":{\"@id\":\"https:\/\/21panorama.com\/index.php\/2019\/08\/21\/firma-tultitlan-convenio-de-coordinacion-con-copladem\/#breadcrumb\"},\"inLanguage\":\"es\",\"potentialAction\":[{\"@type\":\"ReadAction\",\"target\":[\"https:\/\/21panorama.com\/index.php\/2019\/08\/21\/firma-tultitlan-convenio-de-coordinacion-con-copladem\/\"]}]},{\"@type\":\"ImageObject\",\"inLanguage\":\"es\",\"@id\":\"https:\/\/21panorama.com\/index.php\/2019\/08\/21\/firma-tultitlan-convenio-de-coordinacion-con-copladem\/#primaryimage\",\"url\":\"https:\/\/21panorama.com\/wp-content\/uploads\/2019\/08\/c852a966-8d95-436b-95ad-5017051b059a.jpg\",\"contentUrl\":\"https:\/\/21panorama.com\/wp-content\/uploads\/2019\/08\/c852a966-8d95-436b-95ad-5017051b059a.jpg\",\"width\":335,\"height\":222},{\"@type\":\"BreadcrumbList\",\"@id\":\"https:\/\/21panorama.com\/index.php\/2019\/08\/21\/firma-tultitlan-convenio-de-coordinacion-con-copladem\/#breadcrumb\",\"itemListElement\":[{\"@type\":\"ListItem\",\"position\":1,\"name\":\"Inicio\",\"item\":\"https:\/\/21panorama.com\/\"},{\"@type\":\"ListItem\",\"position\":2,\"name\":\"Firma Tultitl\u00e1n convenio de coordinaci\u00f3n con COPLADEM\"}]},{\"@type\":\"WebSite\",\"@id\":\"https:\/\/21panorama.com\/#website\",\"url\":\"https:\/\/21panorama.com\/\",\"name\":\"21 Panorama\",\"description\":\"La construcci\u00f3n de la opini\u00f3n p\u00fablica merece un mejor Panorama en este siglo 21 para alcanzar una sociedad con mayor transparencia y sin corrupci\u00f3n.\",\"publisher\":{\"@id\":\"https:\/\/21panorama.com\/#organization\"},\"potentialAction\":[{\"@type\":\"SearchAction\",\"target\":{\"@type\":\"EntryPoint\",\"urlTemplate\":\"https:\/\/21panorama.com\/?s={search_term_string}\"},\"query-input\":{\"@type\":\"PropertyValueSpecification\",\"valueRequired\":true,\"valueName\":\"search_term_string\"}}],\"inLanguage\":\"es\"},{\"@type\":\"Organization\",\"@id\":\"https:\/\/21panorama.com\/#organization\",\"name\":\"21 Panorama\",\"url\":\"https:\/\/21panorama.com\/\",\"logo\":{\"@type\":\"ImageObject\",\"inLanguage\":\"es\",\"@id\":\"https:\/\/21panorama.com\/#\/schema\/logo\/image\/\",\"url\":\"https:\/\/21panorama.com\/wp-content\/uploads\/2019\/07\/cropped-Logo-Panorama-01.jpeg\",\"contentUrl\":\"https:\/\/21panorama.com\/wp-content\/uploads\/2019\/07\/cropped-Logo-Panorama-01.jpeg\",\"width\":290,\"height\":70,\"caption\":\"21 Panorama\"},\"image\":{\"@id\":\"https:\/\/21panorama.com\/#\/schema\/logo\/image\/\"}},{\"@type\":\"Person\",\"@id\":\"https:\/\/21panorama.com\/#\/schema\/person\/1afc291b96d5792a158768324287319f\",\"name\":\"admin\",\"image\":{\"@type\":\"ImageObject\",\"inLanguage\":\"es\",\"@id\":\"https:\/\/21panorama.com\/#\/schema\/person\/image\/\",\"url\":\"https:\/\/secure.gravatar.com\/avatar\/ad365d9d9f46719215b0d042cc3df92a5a8683e09ef13d102233e5491985f0f0?s=96&d=mm&r=g\",\"contentUrl\":\"https:\/\/secure.gravatar.com\/avatar\/ad365d9d9f46719215b0d042cc3df92a5a8683e09ef13d102233e5491985f0f0?s=96&d=mm&r=g\",\"caption\":\"admin\"},\"url\":\"https:\/\/21panorama.com\/index.php\/author\/admin\/\"}]}<\/script>\n<!-- \/ Yoast SEO plugin. -->","yoast_head_json":{"title":"Firma Tultitl\u00e1n convenio de coordinaci\u00f3n con COPLADEM - 21 Panorama","robots":{"index":"index","follow":"follow","max-snippet":"max-snippet:-1","max-image-preview":"max-image-preview:large","max-video-preview":"max-video-preview:-1"},"canonical":"https:\/\/21panorama.com\/index.php\/2019\/08\/21\/firma-tultitlan-convenio-de-coordinacion-con-copladem\/","og_locale":"es_MX","og_type":"article","og_title":"Firma Tultitl\u00e1n convenio de coordinaci\u00f3n con COPLADEM - 21 Panorama","og_description":"Con sede en el municipio de Tlalnepantla, presidentes municipales de 10 municipios mexiquenses, llevaron a cabo la \u201cfirma de convenio marco de coordinaci\u00f3n entre el&nbsp; &nbsp;entre los tres \u00f3rdenes de gobierno para acordar y realizar acciones en materia de desarrollo.Dentro de las instalaciones del sal\u00f3n del Pueblo de Palacio Municipal, el alcalde de Tlalnepantla de Baz, Raciel P\u00e9rez Cruz, resalt\u00f3 que \u201ces muy gratificante recibir a los alcaldes de los distintos municipios del territorio mexiquense, quienes est\u00e1n interesados en prosperar a favor de la ciudadan\u00eda y sobre todo tener municipios&hellip;","og_url":"https:\/\/21panorama.com\/index.php\/2019\/08\/21\/firma-tultitlan-convenio-de-coordinacion-con-copladem\/","og_site_name":"21 Panorama","article_published_time":"2019-08-21T16:31:03+00:00","article_modified_time":"2019-08-22T04:32:24+00:00","og_image":[{"width":335,"height":222,"url":"https:\/\/21panorama.com\/wp-content\/uploads\/2019\/08\/c852a966-8d95-436b-95ad-5017051b059a.jpg","type":"image\/jpeg"}],"author":"admin","twitter_card":"summary_large_image","twitter_misc":{"Escrito por":"admin","Tiempo de lectura":"1 minuto"},"schema":{"@context":"https:\/\/schema.org","@graph":[{"@type":"Article","@id":"https:\/\/21panorama.com\/index.php\/2019\/08\/21\/firma-tultitlan-convenio-de-coordinacion-con-copladem\/#article","isPartOf":{"@id":"https:\/\/21panorama.com\/index.php\/2019\/08\/21\/firma-tultitlan-convenio-de-coordinacion-con-copladem\/"},"author":{"name":"admin","@id":"https:\/\/21panorama.com\/#\/schema\/person\/1afc291b96d5792a158768324287319f"},"headline":"Firma Tultitl\u00e1n convenio de coordinaci\u00f3n con COPLADEM","datePublished":"2019-08-21T16:31:03+00:00","dateModified":"2019-08-22T04:32:24+00:00","mainEntityOfPage":{"@id":"https:\/\/21panorama.com\/index.php\/2019\/08\/21\/firma-tultitlan-convenio-de-coordinacion-con-copladem\/"},"wordCount":269,"commentCount":0,"publisher":{"@id":"https:\/\/21panorama.com\/#organization"},"image":{"@id":"https:\/\/21panorama.com\/index.php\/2019\/08\/21\/firma-tultitlan-convenio-de-coordinacion-con-copladem\/#primaryimage"},"thumbnailUrl":"https:\/\/21panorama.com\/wp-content\/uploads\/2019\/08\/c852a966-8d95-436b-95ad-5017051b059a.jpg","articleSection":["Econom\u00eda","Opini\u00f3n"],"inLanguage":"es","potentialAction":[{"@type":"CommentAction","name":"Comment","target":["https:\/\/21panorama.com\/index.php\/2019\/08\/21\/firma-tultitlan-convenio-de-coordinacion-con-copladem\/#respond"]}]},{"@type":"WebPage","@id":"https:\/\/21panorama.com\/index.php\/2019\/08\/21\/firma-tultitlan-convenio-de-coordinacion-con-copladem\/","url":"https:\/\/21panorama.com\/index.php\/2019\/08\/21\/firma-tultitlan-convenio-de-coordinacion-con-copladem\/","name":"Firma Tultitl\u00e1n convenio de coordinaci\u00f3n con COPLADEM - 21 Panorama","isPartOf":{"@id":"https:\/\/21panorama.com\/#website"},"primaryImageOfPage":{"@id":"https:\/\/21panorama.com\/index.php\/2019\/08\/21\/firma-tultitlan-convenio-de-coordinacion-con-copladem\/#primaryimage"},"image":{"@id":"https:\/\/21panorama.com\/index.php\/2019\/08\/21\/firma-tultitlan-convenio-de-coordinacion-con-copladem\/#primaryimage"},"thumbnailUrl":"https:\/\/21panorama.com\/wp-content\/uploads\/2019\/08\/c852a966-8d95-436b-95ad-5017051b059a.jpg","datePublished":"2019-08-21T16:31:03+00:00","dateModified":"2019-08-22T04:32:24+00:00","breadcrumb":{"@id":"https:\/\/21panorama.com\/index.php\/2019\/08\/21\/firma-tultitlan-convenio-de-coordinacion-con-copladem\/#breadcrumb"},"inLanguage":"es","potentialAction":[{"@type":"ReadAction","target":["https:\/\/21panorama.com\/index.php\/2019\/08\/21\/firma-tultitlan-convenio-de-coordinacion-con-copladem\/"]}]},{"@type":"ImageObject","inLanguage":"es","@id":"https:\/\/21panorama.com\/index.php\/2019\/08\/21\/firma-tultitlan-convenio-de-coordinacion-con-copladem\/#primaryimage","url":"https:\/\/21panorama.com\/wp-content\/uploads\/2019\/08\/c852a966-8d95-436b-95ad-5017051b059a.jpg","contentUrl":"https:\/\/21panorama.com\/wp-content\/uploads\/2019\/08\/c852a966-8d95-436b-95ad-5017051b059a.jpg","width":335,"height":222},{"@type":"BreadcrumbList","@id":"https:\/\/21panorama.com\/index.php\/2019\/08\/21\/firma-tultitlan-convenio-de-coordinacion-con-copladem\/#breadcrumb","itemListElement":[{"@type":"ListItem","position":1,"name":"Inicio","item":"https:\/\/21panorama.com\/"},{"@type":"ListItem","position":2,"name":"Firma Tultitl\u00e1n convenio de coordinaci\u00f3n con COPLADEM"}]},{"@type":"WebSite","@id":"https:\/\/21panorama.com\/#website","url":"https:\/\/21panorama.com\/","name":"21 Panorama","description":"La construcci\u00f3n de la opini\u00f3n p\u00fablica merece un mejor Panorama en este siglo 21 para alcanzar una sociedad con mayor transparencia y sin corrupci\u00f3n.","publisher":{"@id":"https:\/\/21panorama.com\/#organization"},"potentialAction":[{"@type":"SearchAction","target":{"@type":"EntryPoint","urlTemplate":"https:\/\/21panorama.com\/?s={search_term_string}"},"query-input":{"@type":"PropertyValueSpecification","valueRequired":true,"valueName":"search_term_string"}}],"inLanguage":"es"},{"@type":"Organization","@id":"https:\/\/21panorama.com\/#organization","name":"21 Panorama","url":"https:\/\/21panorama.com\/","logo":{"@type":"ImageObject","inLanguage":"es","@id":"https:\/\/21panorama.com\/#\/schema\/logo\/image\/","url":"https:\/\/21panorama.com\/wp-content\/uploads\/2019\/07\/cropped-Logo-Panorama-01.jpeg","contentUrl":"https:\/\/21panorama.com\/wp-content\/uploads\/2019\/07\/cropped-Logo-Panorama-01.jpeg","width":290,"height":70,"caption":"21 Panorama"},"image":{"@id":"https:\/\/21panorama.com\/#\/schema\/logo\/image\/"}},{"@type":"Person","@id":"https:\/\/21panorama.com\/#\/schema\/person\/1afc291b96d5792a158768324287319f","name":"admin","image":{"@type":"ImageObject","inLanguage":"es","@id":"https:\/\/21panorama.com\/#\/schema\/person\/image\/","url":"https:\/\/secure.gravatar.com\/avatar\/ad365d9d9f46719215b0d042cc3df92a5a8683e09ef13d102233e5491985f0f0?s=96&d=mm&r=g","contentUrl":"https:\/\/secure.gravatar.com\/avatar\/ad365d9d9f46719215b0d042cc3df92a5a8683e09ef13d102233e5491985f0f0?s=96&d=mm&r=g","caption":"admin"},"url":"https:\/\/21panorama.com\/index.php\/author\/admin\/"}]}},"_links":{"self":[{"href":"https:\/\/21panorama.com\/index.php\/wp-json\/wp\/v2\/posts\/272","targetHints":{"allow":["GET"]}}],"collection":[{"href":"https:\/\/21panorama.com\/index.php\/wp-json\/wp\/v2\/posts"}],"about":[{"href":"https:\/\/21panorama.com\/index.php\/wp-json\/wp\/v2\/types\/post"}],"author":[{"embeddable":true,"href":"https:\/\/21panorama.com\/index.php\/wp-json\/wp\/v2\/users\/1"}],"replies":[{"embeddable":true,"href":"https:\/\/21panorama.com\/index.php\/wp-json\/wp\/v2\/comments?post=272"}],"version-history":[{"count":1,"href":"https:\/\/21panorama.com\/index.php\/wp-json\/wp\/v2\/posts\/272\/revisions"}],"predecessor-version":[{"id":274,"href":"https:\/\/21panorama.com\/index.php\/wp-json\/wp\/v2\/posts\/272\/revisions\/274"}],"wp:featuredmedia":[{"embeddable":true,"href":"https:\/\/21panorama.com\/index.php\/wp-json\/wp\/v2\/media\/273"}],"wp:attachment":[{"href":"https:\/\/21panorama.com\/index.php\/wp-json\/wp\/v2\/media?parent=272"}],"wp:term":[{"taxonomy":"category","embeddable":true,"href":"https:\/\/21panorama.com\/index.php\/wp-json\/wp\/v2\/categories?post=272"},{"taxonomy":"post_tag","embeddable":true,"href":"https:\/\/21panorama.com\/index.php\/wp-json\/wp\/v2\/tags?post=272"}],"curies":[{"name":"wp","href":"https:\/\/api.w.org\/{rel}","templated":true}]}}