{"id":2704,"date":"2021-12-10T18:14:52","date_gmt":"2021-12-11T00:14:52","guid":{"rendered":"https:\/\/21panorama.com\/?p=2704"},"modified":"2021-12-10T18:14:54","modified_gmt":"2021-12-11T00:14:54","slug":"urgen-a-mejorar-medidas-de-seguridad-en-transporte-de-carga-y-pasaje","status":"publish","type":"post","link":"https:\/\/21panorama.com\/index.php\/2021\/12\/10\/urgen-a-mejorar-medidas-de-seguridad-en-transporte-de-carga-y-pasaje\/","title":{"rendered":"URGEN A MEJORAR MEDIDAS DE SEGURIDAD EN TRANSPORTE DE CARGA Y PASAJE"},"content":{"rendered":"\n<p>Las unidades destinadas al servicio p\u00fablico de autotransporte de carga y pasajeros por obligaci\u00f3n deben de contar con equipo de c\u00e1maras de videovigilancia y de igual forma localizaci\u00f3n satelital.<\/p>\n\n\n\n<p>As\u00ed fue el posicionamiento del Diputado federal Gustavo C\u00e1rdenas Monroy al participar en la Tercera Sesi\u00f3n Ordinaria de la Comisi\u00f3n de Desarrollo Urbano.<\/p>\n\n\n\n<p>Se pronunci\u00f3 en favor de que se utilice m\u00e1s la tecnolog\u00eda para dar soluciones a las investigaciones sobre delitos relacionados con el transporte de carga y pasajeros.<\/p>\n\n\n\n<p>Mencion\u00f3 que independientemente de la reglamentaci\u00f3n estatal o local, la industria armadora de unidades de autotransporte de carga y pasajeros se rige por la normatividad federal.<\/p>\n\n\n\n<p>Y para ello la forma m\u00e1s eficaz de que todas las unidades cuenten con dicho equipo es hacerlo obligatorio desde su fabricaci\u00f3n.<\/p>\n\n\n\n<p>Afirm\u00f3 que lo anterior es un punto trascendente que no se debe decidir a prisa e incluso se tiene que dar vista a otras comisiones legislativas, para que ah\u00ed tambi\u00e9n sea discutido el tema con el fin de que llegue integrado de forma profesional a la comisi\u00f3n revisora y al pleno.<\/p>\n\n\n\n<figure class=\"wp-block-image size-large\"><img decoding=\"async\" width=\"1024\" height=\"576\" src=\"https:\/\/21panorama.com\/wp-content\/uploads\/2021\/12\/c33d8229-f691-4d16-8d6f-6582fa3cc397-1024x576.jpeg\" alt=\"\" class=\"wp-image-2706\" srcset=\"https:\/\/21panorama.com\/wp-content\/uploads\/2021\/12\/c33d8229-f691-4d16-8d6f-6582fa3cc397-1024x576.jpeg 1024w, https:\/\/21panorama.com\/wp-content\/uploads\/2021\/12\/c33d8229-f691-4d16-8d6f-6582fa3cc397-300x169.jpeg 300w, https:\/\/21panorama.com\/wp-content\/uploads\/2021\/12\/c33d8229-f691-4d16-8d6f-6582fa3cc397-768x432.jpeg 768w, https:\/\/21panorama.com\/wp-content\/uploads\/2021\/12\/c33d8229-f691-4d16-8d6f-6582fa3cc397-1536x864.jpeg 1536w, https:\/\/21panorama.com\/wp-content\/uploads\/2021\/12\/c33d8229-f691-4d16-8d6f-6582fa3cc397.jpeg 1600w\" sizes=\"(max-width: 1024px) 100vw, 1024px\" \/><\/figure>\n\n\n\n<p><\/p>\n","protected":false},"excerpt":{"rendered":"<p>Las unidades destinadas al servicio p\u00fablico de autotransporte de carga y pasajeros  por obligaci\u00f3n deben de contar con equipo de c\u00e1maras de videovigilancia y de igual forma localizaci\u00f3n satelital.<\/p>\n","protected":false},"author":1,"featured_media":2705,"comment_status":"open","ping_status":"open","sticky":false,"template":"","format":"standard","meta":{"footnotes":""},"categories":[1],"tags":[245],"class_list":["post-2704","post","type-post","status-publish","format-standard","has-post-thumbnail","hentry","category-sociedad","tag-seguridad"],"yoast_head":"<!-- This site is optimized with the Yoast SEO plugin v24.9 - https:\/\/yoast.com\/wordpress\/plugins\/seo\/ -->\n<title>URGEN A MEJORAR MEDIDAS DE SEGURIDAD EN TRANSPORTE DE CARGA Y PASAJE - 21 Panorama<\/title>\n<meta name=\"robots\" content=\"index, follow, max-snippet:-1, max-image-preview:large, max-video-preview:-1\" \/>\n<link rel=\"canonical\" href=\"https:\/\/21panorama.com\/index.php\/2021\/12\/10\/urgen-a-mejorar-medidas-de-seguridad-en-transporte-de-carga-y-pasaje\/\" \/>\n<meta property=\"og:locale\" content=\"es_MX\" \/>\n<meta property=\"og:type\" content=\"article\" \/>\n<meta property=\"og:title\" content=\"URGEN A MEJORAR MEDIDAS DE SEGURIDAD EN TRANSPORTE DE CARGA Y PASAJE - 21 Panorama\" \/>\n<meta property=\"og:description\" content=\"Las unidades destinadas al servicio p\u00fablico de autotransporte de carga y pasajeros por obligaci\u00f3n deben de contar con equipo de c\u00e1maras de videovigilancia y de igual forma localizaci\u00f3n satelital.\" \/>\n<meta property=\"og:url\" content=\"https:\/\/21panorama.com\/index.php\/2021\/12\/10\/urgen-a-mejorar-medidas-de-seguridad-en-transporte-de-carga-y-pasaje\/\" \/>\n<meta property=\"og:site_name\" content=\"21 Panorama\" \/>\n<meta property=\"article:published_time\" content=\"2021-12-11T00:14:52+00:00\" \/>\n<meta property=\"article:modified_time\" content=\"2021-12-11T00:14:54+00:00\" \/>\n<meta property=\"og:image\" content=\"https:\/\/21panorama.com\/wp-content\/uploads\/2021\/12\/d08476f0-e67d-4734-bc9c-9fcab1b23401.jpeg\" \/>\n\t<meta property=\"og:image:width\" content=\"1600\" \/>\n\t<meta property=\"og:image:height\" content=\"900\" \/>\n\t<meta property=\"og:image:type\" content=\"image\/jpeg\" \/>\n<meta name=\"author\" content=\"admin\" \/>\n<meta name=\"twitter:card\" content=\"summary_large_image\" \/>\n<meta name=\"twitter:label1\" content=\"Escrito por\" \/>\n\t<meta name=\"twitter:data1\" content=\"admin\" \/>\n\t<meta name=\"twitter:label2\" content=\"Tiempo de lectura\" \/>\n\t<meta name=\"twitter:data2\" content=\"1 minuto\" \/>\n<script type=\"application\/ld+json\" class=\"yoast-schema-graph\">{\"@context\":\"https:\/\/schema.org\",\"@graph\":[{\"@type\":\"Article\",\"@id\":\"https:\/\/21panorama.com\/index.php\/2021\/12\/10\/urgen-a-mejorar-medidas-de-seguridad-en-transporte-de-carga-y-pasaje\/#article\",\"isPartOf\":{\"@id\":\"https:\/\/21panorama.com\/index.php\/2021\/12\/10\/urgen-a-mejorar-medidas-de-seguridad-en-transporte-de-carga-y-pasaje\/\"},\"author\":{\"name\":\"admin\",\"@id\":\"https:\/\/21panorama.com\/#\/schema\/person\/1afc291b96d5792a158768324287319f\"},\"headline\":\"URGEN A MEJORAR MEDIDAS DE SEGURIDAD EN TRANSPORTE DE CARGA Y PASAJE\",\"datePublished\":\"2021-12-11T00:14:52+00:00\",\"dateModified\":\"2021-12-11T00:14:54+00:00\",\"mainEntityOfPage\":{\"@id\":\"https:\/\/21panorama.com\/index.php\/2021\/12\/10\/urgen-a-mejorar-medidas-de-seguridad-en-transporte-de-carga-y-pasaje\/\"},\"wordCount\":204,\"commentCount\":0,\"publisher\":{\"@id\":\"https:\/\/21panorama.com\/#organization\"},\"image\":{\"@id\":\"https:\/\/21panorama.com\/index.php\/2021\/12\/10\/urgen-a-mejorar-medidas-de-seguridad-en-transporte-de-carga-y-pasaje\/#primaryimage\"},\"thumbnailUrl\":\"https:\/\/21panorama.com\/wp-content\/uploads\/2021\/12\/d08476f0-e67d-4734-bc9c-9fcab1b23401.jpeg\",\"keywords\":[\"SEGURIDAD\"],\"articleSection\":[\"Sociedad\"],\"inLanguage\":\"es\",\"potentialAction\":[{\"@type\":\"CommentAction\",\"name\":\"Comment\",\"target\":[\"https:\/\/21panorama.com\/index.php\/2021\/12\/10\/urgen-a-mejorar-medidas-de-seguridad-en-transporte-de-carga-y-pasaje\/#respond\"]}]},{\"@type\":\"WebPage\",\"@id\":\"https:\/\/21panorama.com\/index.php\/2021\/12\/10\/urgen-a-mejorar-medidas-de-seguridad-en-transporte-de-carga-y-pasaje\/\",\"url\":\"https:\/\/21panorama.com\/index.php\/2021\/12\/10\/urgen-a-mejorar-medidas-de-seguridad-en-transporte-de-carga-y-pasaje\/\",\"name\":\"URGEN A MEJORAR MEDIDAS DE SEGURIDAD EN TRANSPORTE DE CARGA Y PASAJE - 21 Panorama\",\"isPartOf\":{\"@id\":\"https:\/\/21panorama.com\/#website\"},\"primaryImageOfPage\":{\"@id\":\"https:\/\/21panorama.com\/index.php\/2021\/12\/10\/urgen-a-mejorar-medidas-de-seguridad-en-transporte-de-carga-y-pasaje\/#primaryimage\"},\"image\":{\"@id\":\"https:\/\/21panorama.com\/index.php\/2021\/12\/10\/urgen-a-mejorar-medidas-de-seguridad-en-transporte-de-carga-y-pasaje\/#primaryimage\"},\"thumbnailUrl\":\"https:\/\/21panorama.com\/wp-content\/uploads\/2021\/12\/d08476f0-e67d-4734-bc9c-9fcab1b23401.jpeg\",\"datePublished\":\"2021-12-11T00:14:52+00:00\",\"dateModified\":\"2021-12-11T00:14:54+00:00\",\"breadcrumb\":{\"@id\":\"https:\/\/21panorama.com\/index.php\/2021\/12\/10\/urgen-a-mejorar-medidas-de-seguridad-en-transporte-de-carga-y-pasaje\/#breadcrumb\"},\"inLanguage\":\"es\",\"potentialAction\":[{\"@type\":\"ReadAction\",\"target\":[\"https:\/\/21panorama.com\/index.php\/2021\/12\/10\/urgen-a-mejorar-medidas-de-seguridad-en-transporte-de-carga-y-pasaje\/\"]}]},{\"@type\":\"ImageObject\",\"inLanguage\":\"es\",\"@id\":\"https:\/\/21panorama.com\/index.php\/2021\/12\/10\/urgen-a-mejorar-medidas-de-seguridad-en-transporte-de-carga-y-pasaje\/#primaryimage\",\"url\":\"https:\/\/21panorama.com\/wp-content\/uploads\/2021\/12\/d08476f0-e67d-4734-bc9c-9fcab1b23401.jpeg\",\"contentUrl\":\"https:\/\/21panorama.com\/wp-content\/uploads\/2021\/12\/d08476f0-e67d-4734-bc9c-9fcab1b23401.jpeg\",\"width\":1600,\"height\":900},{\"@type\":\"BreadcrumbList\",\"@id\":\"https:\/\/21panorama.com\/index.php\/2021\/12\/10\/urgen-a-mejorar-medidas-de-seguridad-en-transporte-de-carga-y-pasaje\/#breadcrumb\",\"itemListElement\":[{\"@type\":\"ListItem\",\"position\":1,\"name\":\"Inicio\",\"item\":\"https:\/\/21panorama.com\/\"},{\"@type\":\"ListItem\",\"position\":2,\"name\":\"URGEN A MEJORAR MEDIDAS DE SEGURIDAD EN TRANSPORTE DE CARGA Y PASAJE\"}]},{\"@type\":\"WebSite\",\"@id\":\"https:\/\/21panorama.com\/#website\",\"url\":\"https:\/\/21panorama.com\/\",\"name\":\"21 Panorama\",\"description\":\"La construcci\u00f3n de la opini\u00f3n p\u00fablica merece un mejor Panorama en este siglo 21 para alcanzar una sociedad con mayor transparencia y sin corrupci\u00f3n.\",\"publisher\":{\"@id\":\"https:\/\/21panorama.com\/#organization\"},\"potentialAction\":[{\"@type\":\"SearchAction\",\"target\":{\"@type\":\"EntryPoint\",\"urlTemplate\":\"https:\/\/21panorama.com\/?s={search_term_string}\"},\"query-input\":{\"@type\":\"PropertyValueSpecification\",\"valueRequired\":true,\"valueName\":\"search_term_string\"}}],\"inLanguage\":\"es\"},{\"@type\":\"Organization\",\"@id\":\"https:\/\/21panorama.com\/#organization\",\"name\":\"21 Panorama\",\"url\":\"https:\/\/21panorama.com\/\",\"logo\":{\"@type\":\"ImageObject\",\"inLanguage\":\"es\",\"@id\":\"https:\/\/21panorama.com\/#\/schema\/logo\/image\/\",\"url\":\"https:\/\/21panorama.com\/wp-content\/uploads\/2019\/07\/cropped-Logo-Panorama-01.jpeg\",\"contentUrl\":\"https:\/\/21panorama.com\/wp-content\/uploads\/2019\/07\/cropped-Logo-Panorama-01.jpeg\",\"width\":290,\"height\":70,\"caption\":\"21 Panorama\"},\"image\":{\"@id\":\"https:\/\/21panorama.com\/#\/schema\/logo\/image\/\"}},{\"@type\":\"Person\",\"@id\":\"https:\/\/21panorama.com\/#\/schema\/person\/1afc291b96d5792a158768324287319f\",\"name\":\"admin\",\"image\":{\"@type\":\"ImageObject\",\"inLanguage\":\"es\",\"@id\":\"https:\/\/21panorama.com\/#\/schema\/person\/image\/\",\"url\":\"https:\/\/secure.gravatar.com\/avatar\/ad365d9d9f46719215b0d042cc3df92a5a8683e09ef13d102233e5491985f0f0?s=96&d=mm&r=g\",\"contentUrl\":\"https:\/\/secure.gravatar.com\/avatar\/ad365d9d9f46719215b0d042cc3df92a5a8683e09ef13d102233e5491985f0f0?s=96&d=mm&r=g\",\"caption\":\"admin\"},\"url\":\"https:\/\/21panorama.com\/index.php\/author\/admin\/\"}]}<\/script>\n<!-- \/ Yoast SEO plugin. -->","yoast_head_json":{"title":"URGEN A MEJORAR MEDIDAS DE SEGURIDAD EN TRANSPORTE DE CARGA Y PASAJE - 21 Panorama","robots":{"index":"index","follow":"follow","max-snippet":"max-snippet:-1","max-image-preview":"max-image-preview:large","max-video-preview":"max-video-preview:-1"},"canonical":"https:\/\/21panorama.com\/index.php\/2021\/12\/10\/urgen-a-mejorar-medidas-de-seguridad-en-transporte-de-carga-y-pasaje\/","og_locale":"es_MX","og_type":"article","og_title":"URGEN A MEJORAR MEDIDAS DE SEGURIDAD EN TRANSPORTE DE CARGA Y PASAJE - 21 Panorama","og_description":"Las unidades destinadas al servicio p\u00fablico de autotransporte de carga y pasajeros por obligaci\u00f3n deben de contar con equipo de c\u00e1maras de videovigilancia y de igual forma localizaci\u00f3n satelital.","og_url":"https:\/\/21panorama.com\/index.php\/2021\/12\/10\/urgen-a-mejorar-medidas-de-seguridad-en-transporte-de-carga-y-pasaje\/","og_site_name":"21 Panorama","article_published_time":"2021-12-11T00:14:52+00:00","article_modified_time":"2021-12-11T00:14:54+00:00","og_image":[{"width":1600,"height":900,"url":"https:\/\/21panorama.com\/wp-content\/uploads\/2021\/12\/d08476f0-e67d-4734-bc9c-9fcab1b23401.jpeg","type":"image\/jpeg"}],"author":"admin","twitter_card":"summary_large_image","twitter_misc":{"Escrito por":"admin","Tiempo de lectura":"1 minuto"},"schema":{"@context":"https:\/\/schema.org","@graph":[{"@type":"Article","@id":"https:\/\/21panorama.com\/index.php\/2021\/12\/10\/urgen-a-mejorar-medidas-de-seguridad-en-transporte-de-carga-y-pasaje\/#article","isPartOf":{"@id":"https:\/\/21panorama.com\/index.php\/2021\/12\/10\/urgen-a-mejorar-medidas-de-seguridad-en-transporte-de-carga-y-pasaje\/"},"author":{"name":"admin","@id":"https:\/\/21panorama.com\/#\/schema\/person\/1afc291b96d5792a158768324287319f"},"headline":"URGEN A MEJORAR MEDIDAS DE SEGURIDAD EN TRANSPORTE DE CARGA Y PASAJE","datePublished":"2021-12-11T00:14:52+00:00","dateModified":"2021-12-11T00:14:54+00:00","mainEntityOfPage":{"@id":"https:\/\/21panorama.com\/index.php\/2021\/12\/10\/urgen-a-mejorar-medidas-de-seguridad-en-transporte-de-carga-y-pasaje\/"},"wordCount":204,"commentCount":0,"publisher":{"@id":"https:\/\/21panorama.com\/#organization"},"image":{"@id":"https:\/\/21panorama.com\/index.php\/2021\/12\/10\/urgen-a-mejorar-medidas-de-seguridad-en-transporte-de-carga-y-pasaje\/#primaryimage"},"thumbnailUrl":"https:\/\/21panorama.com\/wp-content\/uploads\/2021\/12\/d08476f0-e67d-4734-bc9c-9fcab1b23401.jpeg","keywords":["SEGURIDAD"],"articleSection":["Sociedad"],"inLanguage":"es","potentialAction":[{"@type":"CommentAction","name":"Comment","target":["https:\/\/21panorama.com\/index.php\/2021\/12\/10\/urgen-a-mejorar-medidas-de-seguridad-en-transporte-de-carga-y-pasaje\/#respond"]}]},{"@type":"WebPage","@id":"https:\/\/21panorama.com\/index.php\/2021\/12\/10\/urgen-a-mejorar-medidas-de-seguridad-en-transporte-de-carga-y-pasaje\/","url":"https:\/\/21panorama.com\/index.php\/2021\/12\/10\/urgen-a-mejorar-medidas-de-seguridad-en-transporte-de-carga-y-pasaje\/","name":"URGEN A MEJORAR MEDIDAS DE SEGURIDAD EN TRANSPORTE DE CARGA Y PASAJE - 21 Panorama","isPartOf":{"@id":"https:\/\/21panorama.com\/#website"},"primaryImageOfPage":{"@id":"https:\/\/21panorama.com\/index.php\/2021\/12\/10\/urgen-a-mejorar-medidas-de-seguridad-en-transporte-de-carga-y-pasaje\/#primaryimage"},"image":{"@id":"https:\/\/21panorama.com\/index.php\/2021\/12\/10\/urgen-a-mejorar-medidas-de-seguridad-en-transporte-de-carga-y-pasaje\/#primaryimage"},"thumbnailUrl":"https:\/\/21panorama.com\/wp-content\/uploads\/2021\/12\/d08476f0-e67d-4734-bc9c-9fcab1b23401.jpeg","datePublished":"2021-12-11T00:14:52+00:00","dateModified":"2021-12-11T00:14:54+00:00","breadcrumb":{"@id":"https:\/\/21panorama.com\/index.php\/2021\/12\/10\/urgen-a-mejorar-medidas-de-seguridad-en-transporte-de-carga-y-pasaje\/#breadcrumb"},"inLanguage":"es","potentialAction":[{"@type":"ReadAction","target":["https:\/\/21panorama.com\/index.php\/2021\/12\/10\/urgen-a-mejorar-medidas-de-seguridad-en-transporte-de-carga-y-pasaje\/"]}]},{"@type":"ImageObject","inLanguage":"es","@id":"https:\/\/21panorama.com\/index.php\/2021\/12\/10\/urgen-a-mejorar-medidas-de-seguridad-en-transporte-de-carga-y-pasaje\/#primaryimage","url":"https:\/\/21panorama.com\/wp-content\/uploads\/2021\/12\/d08476f0-e67d-4734-bc9c-9fcab1b23401.jpeg","contentUrl":"https:\/\/21panorama.com\/wp-content\/uploads\/2021\/12\/d08476f0-e67d-4734-bc9c-9fcab1b23401.jpeg","width":1600,"height":900},{"@type":"BreadcrumbList","@id":"https:\/\/21panorama.com\/index.php\/2021\/12\/10\/urgen-a-mejorar-medidas-de-seguridad-en-transporte-de-carga-y-pasaje\/#breadcrumb","itemListElement":[{"@type":"ListItem","position":1,"name":"Inicio","item":"https:\/\/21panorama.com\/"},{"@type":"ListItem","position":2,"name":"URGEN A MEJORAR MEDIDAS DE SEGURIDAD EN TRANSPORTE DE CARGA Y PASAJE"}]},{"@type":"WebSite","@id":"https:\/\/21panorama.com\/#website","url":"https:\/\/21panorama.com\/","name":"21 Panorama","description":"La construcci\u00f3n de la opini\u00f3n p\u00fablica merece un mejor Panorama en este siglo 21 para alcanzar una sociedad con mayor transparencia y sin corrupci\u00f3n.","publisher":{"@id":"https:\/\/21panorama.com\/#organization"},"potentialAction":[{"@type":"SearchAction","target":{"@type":"EntryPoint","urlTemplate":"https:\/\/21panorama.com\/?s={search_term_string}"},"query-input":{"@type":"PropertyValueSpecification","valueRequired":true,"valueName":"search_term_string"}}],"inLanguage":"es"},{"@type":"Organization","@id":"https:\/\/21panorama.com\/#organization","name":"21 Panorama","url":"https:\/\/21panorama.com\/","logo":{"@type":"ImageObject","inLanguage":"es","@id":"https:\/\/21panorama.com\/#\/schema\/logo\/image\/","url":"https:\/\/21panorama.com\/wp-content\/uploads\/2019\/07\/cropped-Logo-Panorama-01.jpeg","contentUrl":"https:\/\/21panorama.com\/wp-content\/uploads\/2019\/07\/cropped-Logo-Panorama-01.jpeg","width":290,"height":70,"caption":"21 Panorama"},"image":{"@id":"https:\/\/21panorama.com\/#\/schema\/logo\/image\/"}},{"@type":"Person","@id":"https:\/\/21panorama.com\/#\/schema\/person\/1afc291b96d5792a158768324287319f","name":"admin","image":{"@type":"ImageObject","inLanguage":"es","@id":"https:\/\/21panorama.com\/#\/schema\/person\/image\/","url":"https:\/\/secure.gravatar.com\/avatar\/ad365d9d9f46719215b0d042cc3df92a5a8683e09ef13d102233e5491985f0f0?s=96&d=mm&r=g","contentUrl":"https:\/\/secure.gravatar.com\/avatar\/ad365d9d9f46719215b0d042cc3df92a5a8683e09ef13d102233e5491985f0f0?s=96&d=mm&r=g","caption":"admin"},"url":"https:\/\/21panorama.com\/index.php\/author\/admin\/"}]}},"_links":{"self":[{"href":"https:\/\/21panorama.com\/index.php\/wp-json\/wp\/v2\/posts\/2704","targetHints":{"allow":["GET"]}}],"collection":[{"href":"https:\/\/21panorama.com\/index.php\/wp-json\/wp\/v2\/posts"}],"about":[{"href":"https:\/\/21panorama.com\/index.php\/wp-json\/wp\/v2\/types\/post"}],"author":[{"embeddable":true,"href":"https:\/\/21panorama.com\/index.php\/wp-json\/wp\/v2\/users\/1"}],"replies":[{"embeddable":true,"href":"https:\/\/21panorama.com\/index.php\/wp-json\/wp\/v2\/comments?post=2704"}],"version-history":[{"count":1,"href":"https:\/\/21panorama.com\/index.php\/wp-json\/wp\/v2\/posts\/2704\/revisions"}],"predecessor-version":[{"id":2707,"href":"https:\/\/21panorama.com\/index.php\/wp-json\/wp\/v2\/posts\/2704\/revisions\/2707"}],"wp:featuredmedia":[{"embeddable":true,"href":"https:\/\/21panorama.com\/index.php\/wp-json\/wp\/v2\/media\/2705"}],"wp:attachment":[{"href":"https:\/\/21panorama.com\/index.php\/wp-json\/wp\/v2\/media?parent=2704"}],"wp:term":[{"taxonomy":"category","embeddable":true,"href":"https:\/\/21panorama.com\/index.php\/wp-json\/wp\/v2\/categories?post=2704"},{"taxonomy":"post_tag","embeddable":true,"href":"https:\/\/21panorama.com\/index.php\/wp-json\/wp\/v2\/tags?post=2704"}],"curies":[{"name":"wp","href":"https:\/\/api.w.org\/{rel}","templated":true}]}}