{"id":2698,"date":"2021-12-10T18:10:45","date_gmt":"2021-12-11T00:10:45","guid":{"rendered":"https:\/\/21panorama.com\/?p=2698"},"modified":"2021-12-10T18:10:47","modified_gmt":"2021-12-11T00:10:47","slug":"uaem-decidida-a-fortalecer-la-cultura-de-transparencia-y-rendicion-de-cuentas-cebd","status":"publish","type":"post","link":"https:\/\/21panorama.com\/index.php\/2021\/12\/10\/uaem-decidida-a-fortalecer-la-cultura-de-transparencia-y-rendicion-de-cuentas-cebd\/","title":{"rendered":"UAEM, decidida a fortalecer la cultura de transparencia y rendici\u00f3n de cuentas: CEBD"},"content":{"rendered":"\n<p>Toluca, M\u00e9x; 10 de diciembre de 2021. Contamos con la capacidad t\u00e9cnica y decidida voluntad de establecer la cultura de la transparencia y la rendici\u00f3n de cuentas en la Universidad Aut\u00f3noma del Estado de M\u00e9xico (UAEM), sostuvo el rector Carlos Eduardo Barrera D\u00edaz, al presentar el libro \u201cQuinientos a\u00f1os de corrupci\u00f3n en M\u00e9xico. \u00bfC\u00f3mo llegamos hasta aqu\u00ed? \u00bfC\u00f3mo salimos de aqu\u00ed?\u201d.<br>En el marco del D\u00eda Mundial Contra la Corrupci\u00f3n, el rector abund\u00f3 que el libro es un repaso hist\u00f3rico sobre pr\u00e1cticas de corrupci\u00f3n en la administraci\u00f3n p\u00fablica y muestra c\u00f3mo la alternancia en el poder durante el siglo XXI ha resultado insuficiente para combatirla.<br>En la Galer\u00eda Universitaria \u201cFernando Cano\u201d del Edificio de Rector\u00eda, destac\u00f3 que se ha demostrado que pa\u00edses con un Producto Interno Bruto (PIB) alto, mayor libertad econ\u00f3mica, igualdad de g\u00e9nero y mayor confianza en las instituciones tienen menores \u00edndices de este problema.<br>Por su parte, el coordinador de la publicaci\u00f3n y acad\u00e9mico del Centro de Investigaci\u00f3n en Ciencias Sociales y Humanidades(CISyH), Oscar Diego Bautista, asegur\u00f3 que la corrupci\u00f3n s\u00ed se puede erradicar con base en una cultura de la prevenci\u00f3n, a trav\u00e9s de la \u00e9tica p\u00fablica y su aplicaci\u00f3n.<br>Apunt\u00f3 que el libro busca construir una cultura basada en la \u00e9tica dentro de la comunidad universitaria, en los servidores p\u00fablicos y la ciudadan\u00eda; mencion\u00f3 que la publicaci\u00f3n contribuye al proceso de restauraci\u00f3n de las instituciones.<br>Expres\u00f3 que es fundamental que las universidades incorporen la \u00e9tica en el proyecto de planeaci\u00f3n educativa, ya que demuestran el compromiso con la sociedad al formar personas \u00edntegras.<br>\u201cUna universidad con valores contribuye a formar profesionistas de calidad que trabajen por su sociedad, anteponiendo el esp\u00edritu de lo p\u00fablico al inter\u00e9s personal\u201d.<br>Ante la secretaria de Investigaci\u00f3n y Estudios Avanzados, Martha Patricia Zarza Delgado, sostuvo que una de las virtudes del libro es ofrecer alternativas de combate a la corrupci\u00f3n basadas en un sistema \u00e9tico integral, en el cual haya consejos, oficinas, leyes, c\u00f3digos, especialistas, auditor\u00edas y tribunales basados en la \u00e9tica.<br>\u201cHay corrupci\u00f3n electoral, administrativa, sindical, pol\u00edtica, de partidos, sanitaria, mercantil, financiera, medioambiental, deportiva, vinculada al crimen organizado, en obras p\u00fablicas, en medios de comunicaci\u00f3n, en fundaciones, en religiones, sin olvidar el \u00e1mbito acad\u00e9mico, escuelas y universidades, es decir, la corrupci\u00f3n penetra todo, lo toca todo\u201d.<br>Por su parte, el titular del \u00d3rgano Interno de Control, Victorino Barrios D\u00e1valos, asegur\u00f3 que los efectos de la corrupci\u00f3n los sufren quienes menos tienen, pueden y saben. Es el principal dique para el desarrollo del pa\u00eds porque \u201cla corrupci\u00f3n significa menor esperanza de vida, mayores tasas de mortalidad y mayor emisi\u00f3n de gases de efecto invernadero\u201d.<br>Mencion\u00f3 que una menor corrupci\u00f3n o su inexistencia significa mayor producto interno bruto, mayor \u00edndice de desarrollo humano, confianza en las instituciones, mayor nivel de escolaridad y calidad democr\u00e1tica. Subray\u00f3 que el an\u00e1lisis y la reflexi\u00f3n cient\u00edfica, de la mano de la \u00e9tica, pueden tener efectos pr\u00e1cticos en el combate contra la corrupci\u00f3n.<\/p>\n\n\n\n<figure class=\"wp-block-gallery columns-3 is-cropped wp-block-gallery-1 is-layout-flex wp-block-gallery-is-layout-flex\"><ul class=\"blocks-gallery-grid\"><li class=\"blocks-gallery-item\"><figure><img decoding=\"async\" width=\"960\" height=\"640\" src=\"https:\/\/21panorama.com\/wp-content\/uploads\/2021\/12\/79a236eb-1ee1-4c54-99f3-29d688a226d0.jpeg\" alt=\"\" data-id=\"2700\" data-link=\"https:\/\/21panorama.com\/?attachment_id=2700\" class=\"wp-image-2700\" srcset=\"https:\/\/21panorama.com\/wp-content\/uploads\/2021\/12\/79a236eb-1ee1-4c54-99f3-29d688a226d0.jpeg 960w, https:\/\/21panorama.com\/wp-content\/uploads\/2021\/12\/79a236eb-1ee1-4c54-99f3-29d688a226d0-300x200.jpeg 300w, https:\/\/21panorama.com\/wp-content\/uploads\/2021\/12\/79a236eb-1ee1-4c54-99f3-29d688a226d0-768x512.jpeg 768w\" sizes=\"(max-width: 960px) 100vw, 960px\" \/><\/figure><\/li><li class=\"blocks-gallery-item\"><figure><img decoding=\"async\" width=\"960\" height=\"640\" src=\"https:\/\/21panorama.com\/wp-content\/uploads\/2021\/12\/ee062a9f-237c-4b9c-ae86-c38c948579f8.jpeg\" alt=\"\" data-id=\"2701\" data-link=\"https:\/\/21panorama.com\/?attachment_id=2701\" class=\"wp-image-2701\" srcset=\"https:\/\/21panorama.com\/wp-content\/uploads\/2021\/12\/ee062a9f-237c-4b9c-ae86-c38c948579f8.jpeg 960w, https:\/\/21panorama.com\/wp-content\/uploads\/2021\/12\/ee062a9f-237c-4b9c-ae86-c38c948579f8-300x200.jpeg 300w, https:\/\/21panorama.com\/wp-content\/uploads\/2021\/12\/ee062a9f-237c-4b9c-ae86-c38c948579f8-768x512.jpeg 768w\" sizes=\"(max-width: 960px) 100vw, 960px\" \/><\/figure><\/li><li class=\"blocks-gallery-item\"><figure><img decoding=\"async\" width=\"960\" height=\"640\" src=\"https:\/\/21panorama.com\/wp-content\/uploads\/2021\/12\/d989cba4-0283-45ea-a76e-1c1b234dff12.jpeg\" alt=\"\" data-id=\"2702\" data-full-url=\"https:\/\/21panorama.com\/wp-content\/uploads\/2021\/12\/d989cba4-0283-45ea-a76e-1c1b234dff12.jpeg\" data-link=\"https:\/\/21panorama.com\/?attachment_id=2702\" class=\"wp-image-2702\" srcset=\"https:\/\/21panorama.com\/wp-content\/uploads\/2021\/12\/d989cba4-0283-45ea-a76e-1c1b234dff12.jpeg 960w, https:\/\/21panorama.com\/wp-content\/uploads\/2021\/12\/d989cba4-0283-45ea-a76e-1c1b234dff12-300x200.jpeg 300w, https:\/\/21panorama.com\/wp-content\/uploads\/2021\/12\/d989cba4-0283-45ea-a76e-1c1b234dff12-768x512.jpeg 768w\" sizes=\"(max-width: 960px) 100vw, 960px\" \/><\/figure><\/li><\/ul><\/figure>\n","protected":false},"excerpt":{"rendered":"<p>El rector, Carlos Eduardo Barrera D\u00edaz particip\u00f3 en la presentaci\u00f3n del libro \u201cQuinientos a\u00f1os de corrupci\u00f3n en M\u00e9xico. \u00bfC\u00f3mo llegamos hasta aqu\u00ed? \u00bfC\u00f3mo salimos de aqu\u00ed?\u201d.<\/p>\n","protected":false},"author":1,"featured_media":2699,"comment_status":"open","ping_status":"open","sticky":false,"template":"","format":"standard","meta":{"footnotes":""},"categories":[1],"tags":[23],"class_list":["post-2698","post","type-post","status-publish","format-standard","has-post-thumbnail","hentry","category-sociedad","tag-uaemex"],"yoast_head":"<!-- This site is optimized with the Yoast SEO plugin v24.9 - https:\/\/yoast.com\/wordpress\/plugins\/seo\/ -->\n<title>UAEM, decidida a fortalecer la cultura de transparencia y rendici\u00f3n de cuentas: CEBD - 21 Panorama<\/title>\n<meta name=\"robots\" content=\"index, follow, max-snippet:-1, max-image-preview:large, max-video-preview:-1\" \/>\n<link rel=\"canonical\" href=\"https:\/\/21panorama.com\/index.php\/2021\/12\/10\/uaem-decidida-a-fortalecer-la-cultura-de-transparencia-y-rendicion-de-cuentas-cebd\/\" \/>\n<meta property=\"og:locale\" content=\"es_MX\" \/>\n<meta property=\"og:type\" content=\"article\" \/>\n<meta property=\"og:title\" content=\"UAEM, decidida a fortalecer la cultura de transparencia y rendici\u00f3n de cuentas: CEBD - 21 Panorama\" \/>\n<meta property=\"og:description\" content=\"El rector, Carlos Eduardo Barrera D\u00edaz particip\u00f3 en la presentaci\u00f3n del libro \u201cQuinientos a\u00f1os de corrupci\u00f3n en M\u00e9xico. \u00bfC\u00f3mo llegamos hasta aqu\u00ed? \u00bfC\u00f3mo salimos de aqu\u00ed?\u201d.\" \/>\n<meta property=\"og:url\" content=\"https:\/\/21panorama.com\/index.php\/2021\/12\/10\/uaem-decidida-a-fortalecer-la-cultura-de-transparencia-y-rendicion-de-cuentas-cebd\/\" \/>\n<meta property=\"og:site_name\" content=\"21 Panorama\" \/>\n<meta property=\"article:published_time\" content=\"2021-12-11T00:10:45+00:00\" \/>\n<meta property=\"article:modified_time\" content=\"2021-12-11T00:10:47+00:00\" \/>\n<meta property=\"og:image\" content=\"https:\/\/21panorama.com\/wp-content\/uploads\/2021\/12\/29f27a08-818e-4577-beca-bde3eeb76640.jpeg\" \/>\n\t<meta property=\"og:image:width\" content=\"960\" \/>\n\t<meta property=\"og:image:height\" content=\"640\" \/>\n\t<meta property=\"og:image:type\" content=\"image\/jpeg\" \/>\n<meta name=\"author\" content=\"admin\" \/>\n<meta name=\"twitter:card\" content=\"summary_large_image\" \/>\n<meta name=\"twitter:label1\" content=\"Escrito por\" \/>\n\t<meta name=\"twitter:data1\" content=\"admin\" \/>\n\t<meta name=\"twitter:label2\" content=\"Tiempo de lectura\" \/>\n\t<meta name=\"twitter:data2\" content=\"3 minutos\" \/>\n<script type=\"application\/ld+json\" class=\"yoast-schema-graph\">{\"@context\":\"https:\/\/schema.org\",\"@graph\":[{\"@type\":\"Article\",\"@id\":\"https:\/\/21panorama.com\/index.php\/2021\/12\/10\/uaem-decidida-a-fortalecer-la-cultura-de-transparencia-y-rendicion-de-cuentas-cebd\/#article\",\"isPartOf\":{\"@id\":\"https:\/\/21panorama.com\/index.php\/2021\/12\/10\/uaem-decidida-a-fortalecer-la-cultura-de-transparencia-y-rendicion-de-cuentas-cebd\/\"},\"author\":{\"name\":\"admin\",\"@id\":\"https:\/\/21panorama.com\/#\/schema\/person\/1afc291b96d5792a158768324287319f\"},\"headline\":\"UAEM, decidida a fortalecer la cultura de transparencia y rendici\u00f3n de cuentas: CEBD\",\"datePublished\":\"2021-12-11T00:10:45+00:00\",\"dateModified\":\"2021-12-11T00:10:47+00:00\",\"mainEntityOfPage\":{\"@id\":\"https:\/\/21panorama.com\/index.php\/2021\/12\/10\/uaem-decidida-a-fortalecer-la-cultura-de-transparencia-y-rendicion-de-cuentas-cebd\/\"},\"wordCount\":562,\"commentCount\":0,\"publisher\":{\"@id\":\"https:\/\/21panorama.com\/#organization\"},\"image\":{\"@id\":\"https:\/\/21panorama.com\/index.php\/2021\/12\/10\/uaem-decidida-a-fortalecer-la-cultura-de-transparencia-y-rendicion-de-cuentas-cebd\/#primaryimage\"},\"thumbnailUrl\":\"https:\/\/21panorama.com\/wp-content\/uploads\/2021\/12\/29f27a08-818e-4577-beca-bde3eeb76640.jpeg\",\"keywords\":[\"UAEMex\"],\"articleSection\":[\"Sociedad\"],\"inLanguage\":\"es\",\"potentialAction\":[{\"@type\":\"CommentAction\",\"name\":\"Comment\",\"target\":[\"https:\/\/21panorama.com\/index.php\/2021\/12\/10\/uaem-decidida-a-fortalecer-la-cultura-de-transparencia-y-rendicion-de-cuentas-cebd\/#respond\"]}]},{\"@type\":\"WebPage\",\"@id\":\"https:\/\/21panorama.com\/index.php\/2021\/12\/10\/uaem-decidida-a-fortalecer-la-cultura-de-transparencia-y-rendicion-de-cuentas-cebd\/\",\"url\":\"https:\/\/21panorama.com\/index.php\/2021\/12\/10\/uaem-decidida-a-fortalecer-la-cultura-de-transparencia-y-rendicion-de-cuentas-cebd\/\",\"name\":\"UAEM, decidida a fortalecer la cultura de transparencia y rendici\u00f3n de cuentas: CEBD - 21 Panorama\",\"isPartOf\":{\"@id\":\"https:\/\/21panorama.com\/#website\"},\"primaryImageOfPage\":{\"@id\":\"https:\/\/21panorama.com\/index.php\/2021\/12\/10\/uaem-decidida-a-fortalecer-la-cultura-de-transparencia-y-rendicion-de-cuentas-cebd\/#primaryimage\"},\"image\":{\"@id\":\"https:\/\/21panorama.com\/index.php\/2021\/12\/10\/uaem-decidida-a-fortalecer-la-cultura-de-transparencia-y-rendicion-de-cuentas-cebd\/#primaryimage\"},\"thumbnailUrl\":\"https:\/\/21panorama.com\/wp-content\/uploads\/2021\/12\/29f27a08-818e-4577-beca-bde3eeb76640.jpeg\",\"datePublished\":\"2021-12-11T00:10:45+00:00\",\"dateModified\":\"2021-12-11T00:10:47+00:00\",\"breadcrumb\":{\"@id\":\"https:\/\/21panorama.com\/index.php\/2021\/12\/10\/uaem-decidida-a-fortalecer-la-cultura-de-transparencia-y-rendicion-de-cuentas-cebd\/#breadcrumb\"},\"inLanguage\":\"es\",\"potentialAction\":[{\"@type\":\"ReadAction\",\"target\":[\"https:\/\/21panorama.com\/index.php\/2021\/12\/10\/uaem-decidida-a-fortalecer-la-cultura-de-transparencia-y-rendicion-de-cuentas-cebd\/\"]}]},{\"@type\":\"ImageObject\",\"inLanguage\":\"es\",\"@id\":\"https:\/\/21panorama.com\/index.php\/2021\/12\/10\/uaem-decidida-a-fortalecer-la-cultura-de-transparencia-y-rendicion-de-cuentas-cebd\/#primaryimage\",\"url\":\"https:\/\/21panorama.com\/wp-content\/uploads\/2021\/12\/29f27a08-818e-4577-beca-bde3eeb76640.jpeg\",\"contentUrl\":\"https:\/\/21panorama.com\/wp-content\/uploads\/2021\/12\/29f27a08-818e-4577-beca-bde3eeb76640.jpeg\",\"width\":960,\"height\":640},{\"@type\":\"BreadcrumbList\",\"@id\":\"https:\/\/21panorama.com\/index.php\/2021\/12\/10\/uaem-decidida-a-fortalecer-la-cultura-de-transparencia-y-rendicion-de-cuentas-cebd\/#breadcrumb\",\"itemListElement\":[{\"@type\":\"ListItem\",\"position\":1,\"name\":\"Inicio\",\"item\":\"https:\/\/21panorama.com\/\"},{\"@type\":\"ListItem\",\"position\":2,\"name\":\"UAEM, decidida a fortalecer la cultura de transparencia y rendici\u00f3n de cuentas: CEBD\"}]},{\"@type\":\"WebSite\",\"@id\":\"https:\/\/21panorama.com\/#website\",\"url\":\"https:\/\/21panorama.com\/\",\"name\":\"21 Panorama\",\"description\":\"La construcci\u00f3n de la opini\u00f3n p\u00fablica merece un mejor Panorama en este siglo 21 para alcanzar una sociedad con mayor transparencia y sin corrupci\u00f3n.\",\"publisher\":{\"@id\":\"https:\/\/21panorama.com\/#organization\"},\"potentialAction\":[{\"@type\":\"SearchAction\",\"target\":{\"@type\":\"EntryPoint\",\"urlTemplate\":\"https:\/\/21panorama.com\/?s={search_term_string}\"},\"query-input\":{\"@type\":\"PropertyValueSpecification\",\"valueRequired\":true,\"valueName\":\"search_term_string\"}}],\"inLanguage\":\"es\"},{\"@type\":\"Organization\",\"@id\":\"https:\/\/21panorama.com\/#organization\",\"name\":\"21 Panorama\",\"url\":\"https:\/\/21panorama.com\/\",\"logo\":{\"@type\":\"ImageObject\",\"inLanguage\":\"es\",\"@id\":\"https:\/\/21panorama.com\/#\/schema\/logo\/image\/\",\"url\":\"https:\/\/21panorama.com\/wp-content\/uploads\/2019\/07\/cropped-Logo-Panorama-01.jpeg\",\"contentUrl\":\"https:\/\/21panorama.com\/wp-content\/uploads\/2019\/07\/cropped-Logo-Panorama-01.jpeg\",\"width\":290,\"height\":70,\"caption\":\"21 Panorama\"},\"image\":{\"@id\":\"https:\/\/21panorama.com\/#\/schema\/logo\/image\/\"}},{\"@type\":\"Person\",\"@id\":\"https:\/\/21panorama.com\/#\/schema\/person\/1afc291b96d5792a158768324287319f\",\"name\":\"admin\",\"image\":{\"@type\":\"ImageObject\",\"inLanguage\":\"es\",\"@id\":\"https:\/\/21panorama.com\/#\/schema\/person\/image\/\",\"url\":\"https:\/\/secure.gravatar.com\/avatar\/ad365d9d9f46719215b0d042cc3df92a5a8683e09ef13d102233e5491985f0f0?s=96&d=mm&r=g\",\"contentUrl\":\"https:\/\/secure.gravatar.com\/avatar\/ad365d9d9f46719215b0d042cc3df92a5a8683e09ef13d102233e5491985f0f0?s=96&d=mm&r=g\",\"caption\":\"admin\"},\"url\":\"https:\/\/21panorama.com\/index.php\/author\/admin\/\"}]}<\/script>\n<!-- \/ Yoast SEO plugin. -->","yoast_head_json":{"title":"UAEM, decidida a fortalecer la cultura de transparencia y rendici\u00f3n de cuentas: CEBD - 21 Panorama","robots":{"index":"index","follow":"follow","max-snippet":"max-snippet:-1","max-image-preview":"max-image-preview:large","max-video-preview":"max-video-preview:-1"},"canonical":"https:\/\/21panorama.com\/index.php\/2021\/12\/10\/uaem-decidida-a-fortalecer-la-cultura-de-transparencia-y-rendicion-de-cuentas-cebd\/","og_locale":"es_MX","og_type":"article","og_title":"UAEM, decidida a fortalecer la cultura de transparencia y rendici\u00f3n de cuentas: CEBD - 21 Panorama","og_description":"El rector, Carlos Eduardo Barrera D\u00edaz particip\u00f3 en la presentaci\u00f3n del libro \u201cQuinientos a\u00f1os de corrupci\u00f3n en M\u00e9xico. \u00bfC\u00f3mo llegamos hasta aqu\u00ed? \u00bfC\u00f3mo salimos de aqu\u00ed?\u201d.","og_url":"https:\/\/21panorama.com\/index.php\/2021\/12\/10\/uaem-decidida-a-fortalecer-la-cultura-de-transparencia-y-rendicion-de-cuentas-cebd\/","og_site_name":"21 Panorama","article_published_time":"2021-12-11T00:10:45+00:00","article_modified_time":"2021-12-11T00:10:47+00:00","og_image":[{"width":960,"height":640,"url":"https:\/\/21panorama.com\/wp-content\/uploads\/2021\/12\/29f27a08-818e-4577-beca-bde3eeb76640.jpeg","type":"image\/jpeg"}],"author":"admin","twitter_card":"summary_large_image","twitter_misc":{"Escrito por":"admin","Tiempo de lectura":"3 minutos"},"schema":{"@context":"https:\/\/schema.org","@graph":[{"@type":"Article","@id":"https:\/\/21panorama.com\/index.php\/2021\/12\/10\/uaem-decidida-a-fortalecer-la-cultura-de-transparencia-y-rendicion-de-cuentas-cebd\/#article","isPartOf":{"@id":"https:\/\/21panorama.com\/index.php\/2021\/12\/10\/uaem-decidida-a-fortalecer-la-cultura-de-transparencia-y-rendicion-de-cuentas-cebd\/"},"author":{"name":"admin","@id":"https:\/\/21panorama.com\/#\/schema\/person\/1afc291b96d5792a158768324287319f"},"headline":"UAEM, decidida a fortalecer la cultura de transparencia y rendici\u00f3n de cuentas: CEBD","datePublished":"2021-12-11T00:10:45+00:00","dateModified":"2021-12-11T00:10:47+00:00","mainEntityOfPage":{"@id":"https:\/\/21panorama.com\/index.php\/2021\/12\/10\/uaem-decidida-a-fortalecer-la-cultura-de-transparencia-y-rendicion-de-cuentas-cebd\/"},"wordCount":562,"commentCount":0,"publisher":{"@id":"https:\/\/21panorama.com\/#organization"},"image":{"@id":"https:\/\/21panorama.com\/index.php\/2021\/12\/10\/uaem-decidida-a-fortalecer-la-cultura-de-transparencia-y-rendicion-de-cuentas-cebd\/#primaryimage"},"thumbnailUrl":"https:\/\/21panorama.com\/wp-content\/uploads\/2021\/12\/29f27a08-818e-4577-beca-bde3eeb76640.jpeg","keywords":["UAEMex"],"articleSection":["Sociedad"],"inLanguage":"es","potentialAction":[{"@type":"CommentAction","name":"Comment","target":["https:\/\/21panorama.com\/index.php\/2021\/12\/10\/uaem-decidida-a-fortalecer-la-cultura-de-transparencia-y-rendicion-de-cuentas-cebd\/#respond"]}]},{"@type":"WebPage","@id":"https:\/\/21panorama.com\/index.php\/2021\/12\/10\/uaem-decidida-a-fortalecer-la-cultura-de-transparencia-y-rendicion-de-cuentas-cebd\/","url":"https:\/\/21panorama.com\/index.php\/2021\/12\/10\/uaem-decidida-a-fortalecer-la-cultura-de-transparencia-y-rendicion-de-cuentas-cebd\/","name":"UAEM, decidida a fortalecer la cultura de transparencia y rendici\u00f3n de cuentas: CEBD - 21 Panorama","isPartOf":{"@id":"https:\/\/21panorama.com\/#website"},"primaryImageOfPage":{"@id":"https:\/\/21panorama.com\/index.php\/2021\/12\/10\/uaem-decidida-a-fortalecer-la-cultura-de-transparencia-y-rendicion-de-cuentas-cebd\/#primaryimage"},"image":{"@id":"https:\/\/21panorama.com\/index.php\/2021\/12\/10\/uaem-decidida-a-fortalecer-la-cultura-de-transparencia-y-rendicion-de-cuentas-cebd\/#primaryimage"},"thumbnailUrl":"https:\/\/21panorama.com\/wp-content\/uploads\/2021\/12\/29f27a08-818e-4577-beca-bde3eeb76640.jpeg","datePublished":"2021-12-11T00:10:45+00:00","dateModified":"2021-12-11T00:10:47+00:00","breadcrumb":{"@id":"https:\/\/21panorama.com\/index.php\/2021\/12\/10\/uaem-decidida-a-fortalecer-la-cultura-de-transparencia-y-rendicion-de-cuentas-cebd\/#breadcrumb"},"inLanguage":"es","potentialAction":[{"@type":"ReadAction","target":["https:\/\/21panorama.com\/index.php\/2021\/12\/10\/uaem-decidida-a-fortalecer-la-cultura-de-transparencia-y-rendicion-de-cuentas-cebd\/"]}]},{"@type":"ImageObject","inLanguage":"es","@id":"https:\/\/21panorama.com\/index.php\/2021\/12\/10\/uaem-decidida-a-fortalecer-la-cultura-de-transparencia-y-rendicion-de-cuentas-cebd\/#primaryimage","url":"https:\/\/21panorama.com\/wp-content\/uploads\/2021\/12\/29f27a08-818e-4577-beca-bde3eeb76640.jpeg","contentUrl":"https:\/\/21panorama.com\/wp-content\/uploads\/2021\/12\/29f27a08-818e-4577-beca-bde3eeb76640.jpeg","width":960,"height":640},{"@type":"BreadcrumbList","@id":"https:\/\/21panorama.com\/index.php\/2021\/12\/10\/uaem-decidida-a-fortalecer-la-cultura-de-transparencia-y-rendicion-de-cuentas-cebd\/#breadcrumb","itemListElement":[{"@type":"ListItem","position":1,"name":"Inicio","item":"https:\/\/21panorama.com\/"},{"@type":"ListItem","position":2,"name":"UAEM, decidida a fortalecer la cultura de transparencia y rendici\u00f3n de cuentas: CEBD"}]},{"@type":"WebSite","@id":"https:\/\/21panorama.com\/#website","url":"https:\/\/21panorama.com\/","name":"21 Panorama","description":"La construcci\u00f3n de la opini\u00f3n p\u00fablica merece un mejor Panorama en este siglo 21 para alcanzar una sociedad con mayor transparencia y sin corrupci\u00f3n.","publisher":{"@id":"https:\/\/21panorama.com\/#organization"},"potentialAction":[{"@type":"SearchAction","target":{"@type":"EntryPoint","urlTemplate":"https:\/\/21panorama.com\/?s={search_term_string}"},"query-input":{"@type":"PropertyValueSpecification","valueRequired":true,"valueName":"search_term_string"}}],"inLanguage":"es"},{"@type":"Organization","@id":"https:\/\/21panorama.com\/#organization","name":"21 Panorama","url":"https:\/\/21panorama.com\/","logo":{"@type":"ImageObject","inLanguage":"es","@id":"https:\/\/21panorama.com\/#\/schema\/logo\/image\/","url":"https:\/\/21panorama.com\/wp-content\/uploads\/2019\/07\/cropped-Logo-Panorama-01.jpeg","contentUrl":"https:\/\/21panorama.com\/wp-content\/uploads\/2019\/07\/cropped-Logo-Panorama-01.jpeg","width":290,"height":70,"caption":"21 Panorama"},"image":{"@id":"https:\/\/21panorama.com\/#\/schema\/logo\/image\/"}},{"@type":"Person","@id":"https:\/\/21panorama.com\/#\/schema\/person\/1afc291b96d5792a158768324287319f","name":"admin","image":{"@type":"ImageObject","inLanguage":"es","@id":"https:\/\/21panorama.com\/#\/schema\/person\/image\/","url":"https:\/\/secure.gravatar.com\/avatar\/ad365d9d9f46719215b0d042cc3df92a5a8683e09ef13d102233e5491985f0f0?s=96&d=mm&r=g","contentUrl":"https:\/\/secure.gravatar.com\/avatar\/ad365d9d9f46719215b0d042cc3df92a5a8683e09ef13d102233e5491985f0f0?s=96&d=mm&r=g","caption":"admin"},"url":"https:\/\/21panorama.com\/index.php\/author\/admin\/"}]}},"_links":{"self":[{"href":"https:\/\/21panorama.com\/index.php\/wp-json\/wp\/v2\/posts\/2698","targetHints":{"allow":["GET"]}}],"collection":[{"href":"https:\/\/21panorama.com\/index.php\/wp-json\/wp\/v2\/posts"}],"about":[{"href":"https:\/\/21panorama.com\/index.php\/wp-json\/wp\/v2\/types\/post"}],"author":[{"embeddable":true,"href":"https:\/\/21panorama.com\/index.php\/wp-json\/wp\/v2\/users\/1"}],"replies":[{"embeddable":true,"href":"https:\/\/21panorama.com\/index.php\/wp-json\/wp\/v2\/comments?post=2698"}],"version-history":[{"count":1,"href":"https:\/\/21panorama.com\/index.php\/wp-json\/wp\/v2\/posts\/2698\/revisions"}],"predecessor-version":[{"id":2703,"href":"https:\/\/21panorama.com\/index.php\/wp-json\/wp\/v2\/posts\/2698\/revisions\/2703"}],"wp:featuredmedia":[{"embeddable":true,"href":"https:\/\/21panorama.com\/index.php\/wp-json\/wp\/v2\/media\/2699"}],"wp:attachment":[{"href":"https:\/\/21panorama.com\/index.php\/wp-json\/wp\/v2\/media?parent=2698"}],"wp:term":[{"taxonomy":"category","embeddable":true,"href":"https:\/\/21panorama.com\/index.php\/wp-json\/wp\/v2\/categories?post=2698"},{"taxonomy":"post_tag","embeddable":true,"href":"https:\/\/21panorama.com\/index.php\/wp-json\/wp\/v2\/tags?post=2698"}],"curies":[{"name":"wp","href":"https:\/\/api.w.org\/{rel}","templated":true}]}}