{"id":2692,"date":"2021-12-09T12:18:05","date_gmt":"2021-12-09T18:18:05","guid":{"rendered":"https:\/\/21panorama.com\/?p=2692"},"modified":"2021-12-09T12:18:07","modified_gmt":"2021-12-09T18:18:07","slug":"pie-a-tierra-trabajaremos-por-toluca","status":"publish","type":"post","link":"https:\/\/21panorama.com\/index.php\/2021\/12\/09\/pie-a-tierra-trabajaremos-por-toluca\/","title":{"rendered":"PIE A TIERRA TRABAJAREMOS POR TOLUCA"},"content":{"rendered":"\n<p>Con un amplio respaldo y emotiva ceremonia el gobernador Alfredo del Mazo Maza tom\u00f3 protesta a Raymundo Mart\u00ednez Carbajal como presidente municipal de Toluca para el per\u00edodo 2022-2024.<\/p>\n\n\n\n<p>En su intervenci\u00f3n, el alcalde electo sostuvo que los ciudadanos de este municipio se apropiar\u00e1 de las acciones de gobierno, pues \u201cpie a tierra vamos a trabajar juntos, nuestra oficina estar\u00e1 en la calle\u201d.<\/p>\n\n\n\n<p>Apoyado con porras y aplausos constantes, en su discurso sostuvo que el verdadero acto de gobierno es el que logra que todos act\u00faen para avanzar bajo un pacto de trabajo comunitario. \u201cPie a tierra es una forma de vida y con ello vamos a convertir a Toluca en la capital del Siglo XXI\u201d.<\/p>\n\n\n\n<p>Por estas razones \u201cno les vamos a fallar a pesar de vivir momentos dif\u00edciles, seguimos de pie y dando muestra de seguir ante las adversidades\u201d dijo Mart\u00ednez Carbajal, luego de reconocer a las 47 delegaciones que integran el municipio.<\/p>\n\n\n\n<p>Al puntualizar que en el gobernador Alfredo del Mazo se tendr\u00e1 a un gran aliado, el alcalde electo manifest\u00f3 que su plan estrat\u00e9gico atender\u00e1 de inmediato los temas de seguridad, econom\u00eda y empleo as\u00ed como el desarrollo urbano y el respeto al medio ambiente.<\/p>\n\n\n\n<p>Toluca nos necesita y a poco tiempo de que cumpla 500 a\u00f1os de su fundaci\u00f3n se asumir\u00e1 el reto con el compromiso de todos para ser la capital m\u00e1s importante del pa\u00eds, sentenci\u00f3.<\/p>\n\n\n\n<figure class=\"wp-block-gallery columns-2 is-cropped wp-block-gallery-1 is-layout-flex wp-block-gallery-is-layout-flex\"><ul class=\"blocks-gallery-grid\"><li class=\"blocks-gallery-item\"><figure><img decoding=\"async\" width=\"1024\" height=\"473\" src=\"https:\/\/21panorama.com\/wp-content\/uploads\/2021\/12\/f9eee253-630f-41ee-b9c6-30a05e1b20c2-1024x473.jpeg\" alt=\"\" data-id=\"2695\" data-link=\"https:\/\/21panorama.com\/?attachment_id=2695\" class=\"wp-image-2695\" srcset=\"https:\/\/21panorama.com\/wp-content\/uploads\/2021\/12\/f9eee253-630f-41ee-b9c6-30a05e1b20c2-1024x473.jpeg 1024w, https:\/\/21panorama.com\/wp-content\/uploads\/2021\/12\/f9eee253-630f-41ee-b9c6-30a05e1b20c2-300x139.jpeg 300w, https:\/\/21panorama.com\/wp-content\/uploads\/2021\/12\/f9eee253-630f-41ee-b9c6-30a05e1b20c2-768x355.jpeg 768w, https:\/\/21panorama.com\/wp-content\/uploads\/2021\/12\/f9eee253-630f-41ee-b9c6-30a05e1b20c2.jpeg 1280w\" sizes=\"(max-width: 1024px) 100vw, 1024px\" \/><\/figure><\/li><li class=\"blocks-gallery-item\"><figure><img decoding=\"async\" width=\"1024\" height=\"473\" src=\"https:\/\/21panorama.com\/wp-content\/uploads\/2021\/12\/8a501432-d00f-448b-b4f8-4bb590b8bcb6-1024x473.jpeg\" alt=\"\" data-id=\"2696\" data-full-url=\"https:\/\/21panorama.com\/wp-content\/uploads\/2021\/12\/8a501432-d00f-448b-b4f8-4bb590b8bcb6.jpeg\" data-link=\"https:\/\/21panorama.com\/?attachment_id=2696\" class=\"wp-image-2696\" srcset=\"https:\/\/21panorama.com\/wp-content\/uploads\/2021\/12\/8a501432-d00f-448b-b4f8-4bb590b8bcb6-1024x473.jpeg 1024w, https:\/\/21panorama.com\/wp-content\/uploads\/2021\/12\/8a501432-d00f-448b-b4f8-4bb590b8bcb6-300x139.jpeg 300w, https:\/\/21panorama.com\/wp-content\/uploads\/2021\/12\/8a501432-d00f-448b-b4f8-4bb590b8bcb6-768x355.jpeg 768w, https:\/\/21panorama.com\/wp-content\/uploads\/2021\/12\/8a501432-d00f-448b-b4f8-4bb590b8bcb6.jpeg 1280w\" sizes=\"(max-width: 1024px) 100vw, 1024px\" \/><\/figure><\/li><\/ul><\/figure>\n","protected":false},"excerpt":{"rendered":"<p>Raymundo Mart\u00ednez Carbajal toma protesta como alcalde para el pr\u00f3ximo trienio y se compromete a poner a Toluca en la c\u00faspide de las capitales del pa\u00eds. <\/p>\n","protected":false},"author":1,"featured_media":2693,"comment_status":"open","ping_status":"open","sticky":false,"template":"","format":"standard","meta":{"footnotes":""},"categories":[12],"tags":[38],"class_list":["post-2692","post","type-post","status-publish","format-standard","has-post-thumbnail","hentry","category-politica","tag-toluca"],"yoast_head":"<!-- This site is optimized with the Yoast SEO plugin v24.9 - https:\/\/yoast.com\/wordpress\/plugins\/seo\/ -->\n<title>PIE A TIERRA TRABAJAREMOS POR TOLUCA - 21 Panorama<\/title>\n<meta name=\"robots\" content=\"index, follow, max-snippet:-1, max-image-preview:large, max-video-preview:-1\" \/>\n<link rel=\"canonical\" href=\"https:\/\/21panorama.com\/index.php\/2021\/12\/09\/pie-a-tierra-trabajaremos-por-toluca\/\" \/>\n<meta property=\"og:locale\" content=\"es_MX\" \/>\n<meta property=\"og:type\" content=\"article\" \/>\n<meta property=\"og:title\" content=\"PIE A TIERRA TRABAJAREMOS POR TOLUCA - 21 Panorama\" \/>\n<meta property=\"og:description\" content=\"Raymundo Mart\u00ednez Carbajal toma protesta como alcalde para el pr\u00f3ximo trienio y se compromete a poner a Toluca en la c\u00faspide de las capitales del pa\u00eds.\" \/>\n<meta property=\"og:url\" content=\"https:\/\/21panorama.com\/index.php\/2021\/12\/09\/pie-a-tierra-trabajaremos-por-toluca\/\" \/>\n<meta property=\"og:site_name\" content=\"21 Panorama\" \/>\n<meta property=\"article:published_time\" content=\"2021-12-09T18:18:05+00:00\" \/>\n<meta property=\"article:modified_time\" content=\"2021-12-09T18:18:07+00:00\" \/>\n<meta property=\"og:image\" content=\"https:\/\/21panorama.com\/wp-content\/uploads\/2021\/12\/21f677b3-dea2-4809-84e7-a4ccc2a04621.jpeg\" \/>\n\t<meta property=\"og:image:width\" content=\"1280\" \/>\n\t<meta property=\"og:image:height\" content=\"591\" \/>\n\t<meta property=\"og:image:type\" content=\"image\/jpeg\" \/>\n<meta name=\"author\" content=\"admin\" \/>\n<meta name=\"twitter:card\" content=\"summary_large_image\" \/>\n<meta name=\"twitter:label1\" content=\"Escrito por\" \/>\n\t<meta name=\"twitter:data1\" content=\"admin\" \/>\n\t<meta name=\"twitter:label2\" content=\"Tiempo de lectura\" \/>\n\t<meta name=\"twitter:data2\" content=\"2 minutos\" \/>\n<script type=\"application\/ld+json\" class=\"yoast-schema-graph\">{\"@context\":\"https:\/\/schema.org\",\"@graph\":[{\"@type\":\"Article\",\"@id\":\"https:\/\/21panorama.com\/index.php\/2021\/12\/09\/pie-a-tierra-trabajaremos-por-toluca\/#article\",\"isPartOf\":{\"@id\":\"https:\/\/21panorama.com\/index.php\/2021\/12\/09\/pie-a-tierra-trabajaremos-por-toluca\/\"},\"author\":{\"name\":\"admin\",\"@id\":\"https:\/\/21panorama.com\/#\/schema\/person\/1afc291b96d5792a158768324287319f\"},\"headline\":\"PIE A TIERRA TRABAJAREMOS POR TOLUCA\",\"datePublished\":\"2021-12-09T18:18:05+00:00\",\"dateModified\":\"2021-12-09T18:18:07+00:00\",\"mainEntityOfPage\":{\"@id\":\"https:\/\/21panorama.com\/index.php\/2021\/12\/09\/pie-a-tierra-trabajaremos-por-toluca\/\"},\"wordCount\":247,\"commentCount\":0,\"publisher\":{\"@id\":\"https:\/\/21panorama.com\/#organization\"},\"image\":{\"@id\":\"https:\/\/21panorama.com\/index.php\/2021\/12\/09\/pie-a-tierra-trabajaremos-por-toluca\/#primaryimage\"},\"thumbnailUrl\":\"https:\/\/21panorama.com\/wp-content\/uploads\/2021\/12\/21f677b3-dea2-4809-84e7-a4ccc2a04621.jpeg\",\"keywords\":[\"Toluca\"],\"articleSection\":[\"Politica\"],\"inLanguage\":\"es\",\"potentialAction\":[{\"@type\":\"CommentAction\",\"name\":\"Comment\",\"target\":[\"https:\/\/21panorama.com\/index.php\/2021\/12\/09\/pie-a-tierra-trabajaremos-por-toluca\/#respond\"]}]},{\"@type\":\"WebPage\",\"@id\":\"https:\/\/21panorama.com\/index.php\/2021\/12\/09\/pie-a-tierra-trabajaremos-por-toluca\/\",\"url\":\"https:\/\/21panorama.com\/index.php\/2021\/12\/09\/pie-a-tierra-trabajaremos-por-toluca\/\",\"name\":\"PIE A TIERRA TRABAJAREMOS POR TOLUCA - 21 Panorama\",\"isPartOf\":{\"@id\":\"https:\/\/21panorama.com\/#website\"},\"primaryImageOfPage\":{\"@id\":\"https:\/\/21panorama.com\/index.php\/2021\/12\/09\/pie-a-tierra-trabajaremos-por-toluca\/#primaryimage\"},\"image\":{\"@id\":\"https:\/\/21panorama.com\/index.php\/2021\/12\/09\/pie-a-tierra-trabajaremos-por-toluca\/#primaryimage\"},\"thumbnailUrl\":\"https:\/\/21panorama.com\/wp-content\/uploads\/2021\/12\/21f677b3-dea2-4809-84e7-a4ccc2a04621.jpeg\",\"datePublished\":\"2021-12-09T18:18:05+00:00\",\"dateModified\":\"2021-12-09T18:18:07+00:00\",\"breadcrumb\":{\"@id\":\"https:\/\/21panorama.com\/index.php\/2021\/12\/09\/pie-a-tierra-trabajaremos-por-toluca\/#breadcrumb\"},\"inLanguage\":\"es\",\"potentialAction\":[{\"@type\":\"ReadAction\",\"target\":[\"https:\/\/21panorama.com\/index.php\/2021\/12\/09\/pie-a-tierra-trabajaremos-por-toluca\/\"]}]},{\"@type\":\"ImageObject\",\"inLanguage\":\"es\",\"@id\":\"https:\/\/21panorama.com\/index.php\/2021\/12\/09\/pie-a-tierra-trabajaremos-por-toluca\/#primaryimage\",\"url\":\"https:\/\/21panorama.com\/wp-content\/uploads\/2021\/12\/21f677b3-dea2-4809-84e7-a4ccc2a04621.jpeg\",\"contentUrl\":\"https:\/\/21panorama.com\/wp-content\/uploads\/2021\/12\/21f677b3-dea2-4809-84e7-a4ccc2a04621.jpeg\",\"width\":1280,\"height\":591},{\"@type\":\"BreadcrumbList\",\"@id\":\"https:\/\/21panorama.com\/index.php\/2021\/12\/09\/pie-a-tierra-trabajaremos-por-toluca\/#breadcrumb\",\"itemListElement\":[{\"@type\":\"ListItem\",\"position\":1,\"name\":\"Inicio\",\"item\":\"https:\/\/21panorama.com\/\"},{\"@type\":\"ListItem\",\"position\":2,\"name\":\"PIE A TIERRA TRABAJAREMOS POR TOLUCA\"}]},{\"@type\":\"WebSite\",\"@id\":\"https:\/\/21panorama.com\/#website\",\"url\":\"https:\/\/21panorama.com\/\",\"name\":\"21 Panorama\",\"description\":\"La construcci\u00f3n de la opini\u00f3n p\u00fablica merece un mejor Panorama en este siglo 21 para alcanzar una sociedad con mayor transparencia y sin corrupci\u00f3n.\",\"publisher\":{\"@id\":\"https:\/\/21panorama.com\/#organization\"},\"potentialAction\":[{\"@type\":\"SearchAction\",\"target\":{\"@type\":\"EntryPoint\",\"urlTemplate\":\"https:\/\/21panorama.com\/?s={search_term_string}\"},\"query-input\":{\"@type\":\"PropertyValueSpecification\",\"valueRequired\":true,\"valueName\":\"search_term_string\"}}],\"inLanguage\":\"es\"},{\"@type\":\"Organization\",\"@id\":\"https:\/\/21panorama.com\/#organization\",\"name\":\"21 Panorama\",\"url\":\"https:\/\/21panorama.com\/\",\"logo\":{\"@type\":\"ImageObject\",\"inLanguage\":\"es\",\"@id\":\"https:\/\/21panorama.com\/#\/schema\/logo\/image\/\",\"url\":\"https:\/\/21panorama.com\/wp-content\/uploads\/2019\/07\/cropped-Logo-Panorama-01.jpeg\",\"contentUrl\":\"https:\/\/21panorama.com\/wp-content\/uploads\/2019\/07\/cropped-Logo-Panorama-01.jpeg\",\"width\":290,\"height\":70,\"caption\":\"21 Panorama\"},\"image\":{\"@id\":\"https:\/\/21panorama.com\/#\/schema\/logo\/image\/\"}},{\"@type\":\"Person\",\"@id\":\"https:\/\/21panorama.com\/#\/schema\/person\/1afc291b96d5792a158768324287319f\",\"name\":\"admin\",\"image\":{\"@type\":\"ImageObject\",\"inLanguage\":\"es\",\"@id\":\"https:\/\/21panorama.com\/#\/schema\/person\/image\/\",\"url\":\"https:\/\/secure.gravatar.com\/avatar\/ad365d9d9f46719215b0d042cc3df92a5a8683e09ef13d102233e5491985f0f0?s=96&d=mm&r=g\",\"contentUrl\":\"https:\/\/secure.gravatar.com\/avatar\/ad365d9d9f46719215b0d042cc3df92a5a8683e09ef13d102233e5491985f0f0?s=96&d=mm&r=g\",\"caption\":\"admin\"},\"url\":\"https:\/\/21panorama.com\/index.php\/author\/admin\/\"}]}<\/script>\n<!-- \/ Yoast SEO plugin. -->","yoast_head_json":{"title":"PIE A TIERRA TRABAJAREMOS POR TOLUCA - 21 Panorama","robots":{"index":"index","follow":"follow","max-snippet":"max-snippet:-1","max-image-preview":"max-image-preview:large","max-video-preview":"max-video-preview:-1"},"canonical":"https:\/\/21panorama.com\/index.php\/2021\/12\/09\/pie-a-tierra-trabajaremos-por-toluca\/","og_locale":"es_MX","og_type":"article","og_title":"PIE A TIERRA TRABAJAREMOS POR TOLUCA - 21 Panorama","og_description":"Raymundo Mart\u00ednez Carbajal toma protesta como alcalde para el pr\u00f3ximo trienio y se compromete a poner a Toluca en la c\u00faspide de las capitales del pa\u00eds.","og_url":"https:\/\/21panorama.com\/index.php\/2021\/12\/09\/pie-a-tierra-trabajaremos-por-toluca\/","og_site_name":"21 Panorama","article_published_time":"2021-12-09T18:18:05+00:00","article_modified_time":"2021-12-09T18:18:07+00:00","og_image":[{"width":1280,"height":591,"url":"https:\/\/21panorama.com\/wp-content\/uploads\/2021\/12\/21f677b3-dea2-4809-84e7-a4ccc2a04621.jpeg","type":"image\/jpeg"}],"author":"admin","twitter_card":"summary_large_image","twitter_misc":{"Escrito por":"admin","Tiempo de lectura":"2 minutos"},"schema":{"@context":"https:\/\/schema.org","@graph":[{"@type":"Article","@id":"https:\/\/21panorama.com\/index.php\/2021\/12\/09\/pie-a-tierra-trabajaremos-por-toluca\/#article","isPartOf":{"@id":"https:\/\/21panorama.com\/index.php\/2021\/12\/09\/pie-a-tierra-trabajaremos-por-toluca\/"},"author":{"name":"admin","@id":"https:\/\/21panorama.com\/#\/schema\/person\/1afc291b96d5792a158768324287319f"},"headline":"PIE A TIERRA TRABAJAREMOS POR TOLUCA","datePublished":"2021-12-09T18:18:05+00:00","dateModified":"2021-12-09T18:18:07+00:00","mainEntityOfPage":{"@id":"https:\/\/21panorama.com\/index.php\/2021\/12\/09\/pie-a-tierra-trabajaremos-por-toluca\/"},"wordCount":247,"commentCount":0,"publisher":{"@id":"https:\/\/21panorama.com\/#organization"},"image":{"@id":"https:\/\/21panorama.com\/index.php\/2021\/12\/09\/pie-a-tierra-trabajaremos-por-toluca\/#primaryimage"},"thumbnailUrl":"https:\/\/21panorama.com\/wp-content\/uploads\/2021\/12\/21f677b3-dea2-4809-84e7-a4ccc2a04621.jpeg","keywords":["Toluca"],"articleSection":["Politica"],"inLanguage":"es","potentialAction":[{"@type":"CommentAction","name":"Comment","target":["https:\/\/21panorama.com\/index.php\/2021\/12\/09\/pie-a-tierra-trabajaremos-por-toluca\/#respond"]}]},{"@type":"WebPage","@id":"https:\/\/21panorama.com\/index.php\/2021\/12\/09\/pie-a-tierra-trabajaremos-por-toluca\/","url":"https:\/\/21panorama.com\/index.php\/2021\/12\/09\/pie-a-tierra-trabajaremos-por-toluca\/","name":"PIE A TIERRA TRABAJAREMOS POR TOLUCA - 21 Panorama","isPartOf":{"@id":"https:\/\/21panorama.com\/#website"},"primaryImageOfPage":{"@id":"https:\/\/21panorama.com\/index.php\/2021\/12\/09\/pie-a-tierra-trabajaremos-por-toluca\/#primaryimage"},"image":{"@id":"https:\/\/21panorama.com\/index.php\/2021\/12\/09\/pie-a-tierra-trabajaremos-por-toluca\/#primaryimage"},"thumbnailUrl":"https:\/\/21panorama.com\/wp-content\/uploads\/2021\/12\/21f677b3-dea2-4809-84e7-a4ccc2a04621.jpeg","datePublished":"2021-12-09T18:18:05+00:00","dateModified":"2021-12-09T18:18:07+00:00","breadcrumb":{"@id":"https:\/\/21panorama.com\/index.php\/2021\/12\/09\/pie-a-tierra-trabajaremos-por-toluca\/#breadcrumb"},"inLanguage":"es","potentialAction":[{"@type":"ReadAction","target":["https:\/\/21panorama.com\/index.php\/2021\/12\/09\/pie-a-tierra-trabajaremos-por-toluca\/"]}]},{"@type":"ImageObject","inLanguage":"es","@id":"https:\/\/21panorama.com\/index.php\/2021\/12\/09\/pie-a-tierra-trabajaremos-por-toluca\/#primaryimage","url":"https:\/\/21panorama.com\/wp-content\/uploads\/2021\/12\/21f677b3-dea2-4809-84e7-a4ccc2a04621.jpeg","contentUrl":"https:\/\/21panorama.com\/wp-content\/uploads\/2021\/12\/21f677b3-dea2-4809-84e7-a4ccc2a04621.jpeg","width":1280,"height":591},{"@type":"BreadcrumbList","@id":"https:\/\/21panorama.com\/index.php\/2021\/12\/09\/pie-a-tierra-trabajaremos-por-toluca\/#breadcrumb","itemListElement":[{"@type":"ListItem","position":1,"name":"Inicio","item":"https:\/\/21panorama.com\/"},{"@type":"ListItem","position":2,"name":"PIE A TIERRA TRABAJAREMOS POR TOLUCA"}]},{"@type":"WebSite","@id":"https:\/\/21panorama.com\/#website","url":"https:\/\/21panorama.com\/","name":"21 Panorama","description":"La construcci\u00f3n de la opini\u00f3n p\u00fablica merece un mejor Panorama en este siglo 21 para alcanzar una sociedad con mayor transparencia y sin corrupci\u00f3n.","publisher":{"@id":"https:\/\/21panorama.com\/#organization"},"potentialAction":[{"@type":"SearchAction","target":{"@type":"EntryPoint","urlTemplate":"https:\/\/21panorama.com\/?s={search_term_string}"},"query-input":{"@type":"PropertyValueSpecification","valueRequired":true,"valueName":"search_term_string"}}],"inLanguage":"es"},{"@type":"Organization","@id":"https:\/\/21panorama.com\/#organization","name":"21 Panorama","url":"https:\/\/21panorama.com\/","logo":{"@type":"ImageObject","inLanguage":"es","@id":"https:\/\/21panorama.com\/#\/schema\/logo\/image\/","url":"https:\/\/21panorama.com\/wp-content\/uploads\/2019\/07\/cropped-Logo-Panorama-01.jpeg","contentUrl":"https:\/\/21panorama.com\/wp-content\/uploads\/2019\/07\/cropped-Logo-Panorama-01.jpeg","width":290,"height":70,"caption":"21 Panorama"},"image":{"@id":"https:\/\/21panorama.com\/#\/schema\/logo\/image\/"}},{"@type":"Person","@id":"https:\/\/21panorama.com\/#\/schema\/person\/1afc291b96d5792a158768324287319f","name":"admin","image":{"@type":"ImageObject","inLanguage":"es","@id":"https:\/\/21panorama.com\/#\/schema\/person\/image\/","url":"https:\/\/secure.gravatar.com\/avatar\/ad365d9d9f46719215b0d042cc3df92a5a8683e09ef13d102233e5491985f0f0?s=96&d=mm&r=g","contentUrl":"https:\/\/secure.gravatar.com\/avatar\/ad365d9d9f46719215b0d042cc3df92a5a8683e09ef13d102233e5491985f0f0?s=96&d=mm&r=g","caption":"admin"},"url":"https:\/\/21panorama.com\/index.php\/author\/admin\/"}]}},"_links":{"self":[{"href":"https:\/\/21panorama.com\/index.php\/wp-json\/wp\/v2\/posts\/2692","targetHints":{"allow":["GET"]}}],"collection":[{"href":"https:\/\/21panorama.com\/index.php\/wp-json\/wp\/v2\/posts"}],"about":[{"href":"https:\/\/21panorama.com\/index.php\/wp-json\/wp\/v2\/types\/post"}],"author":[{"embeddable":true,"href":"https:\/\/21panorama.com\/index.php\/wp-json\/wp\/v2\/users\/1"}],"replies":[{"embeddable":true,"href":"https:\/\/21panorama.com\/index.php\/wp-json\/wp\/v2\/comments?post=2692"}],"version-history":[{"count":1,"href":"https:\/\/21panorama.com\/index.php\/wp-json\/wp\/v2\/posts\/2692\/revisions"}],"predecessor-version":[{"id":2697,"href":"https:\/\/21panorama.com\/index.php\/wp-json\/wp\/v2\/posts\/2692\/revisions\/2697"}],"wp:featuredmedia":[{"embeddable":true,"href":"https:\/\/21panorama.com\/index.php\/wp-json\/wp\/v2\/media\/2693"}],"wp:attachment":[{"href":"https:\/\/21panorama.com\/index.php\/wp-json\/wp\/v2\/media?parent=2692"}],"wp:term":[{"taxonomy":"category","embeddable":true,"href":"https:\/\/21panorama.com\/index.php\/wp-json\/wp\/v2\/categories?post=2692"},{"taxonomy":"post_tag","embeddable":true,"href":"https:\/\/21panorama.com\/index.php\/wp-json\/wp\/v2\/tags?post=2692"}],"curies":[{"name":"wp","href":"https:\/\/api.w.org\/{rel}","templated":true}]}}