{"id":2683,"date":"2021-12-08T19:39:33","date_gmt":"2021-12-09T01:39:33","guid":{"rendered":"https:\/\/21panorama.com\/?p=2683"},"modified":"2021-12-08T19:39:33","modified_gmt":"2021-12-09T01:39:33","slug":"inauguran-en-ixtlahuaca-expo-feria-mazahua","status":"publish","type":"post","link":"https:\/\/21panorama.com\/index.php\/2021\/12\/08\/inauguran-en-ixtlahuaca-expo-feria-mazahua\/","title":{"rendered":"Inauguran en Ixtlahuaca Expo Feria Mazahua"},"content":{"rendered":"\n<p>Con el prop\u00f3sito de abrir m\u00e1s espacios para la comercializaci\u00f3n de las artesan\u00edas de los pueblos originarios, la diputada Leticia Mej\u00eda Garc\u00eda (PRI) particip\u00f3 en la inauguraci\u00f3n de la Expo Feria Mazahua \u00b4Lana y estambr\u00f3n\u00b4 en el municipio de Ixtlahuaca, donde sostuvo que es una aliada permanente de las \u00e9tnias mexiquenses y que continuar\u00e1 la gesti\u00f3n de cursos de capacitaci\u00f3n, materias primas y espacios para la venta de sus productos.<br>En Concepci\u00f3n de los Ba\u00f1os, municipio de Ixtlahuaca, acompa\u00f1ada del delegado municipal, H\u00e9ctor L\u00f3pez S\u00e1nchez, y de Apolinar Faustino Mendoza, vocal mazahua ante la Junta de Gobierno del Consejo Estatal para el Desarrollo de los Pueblos Ind\u00edgenas (Cedipiem), la representante popular del XV distrito electoral local, reconoci\u00f3 el trabajo realizado por las 40 personas artesanas participantes y llam\u00f3 a adquirir sus productos consistentes en guantes, gorros, bufandas, bolsas, mochilas, quesquemes y calentadores entre otros productos de lana y estambre.<br>En presencia de Diana P\u00e9rez Barrag\u00e1n, vocal ejecutiva del Cedipiem, y de Carolina Charbel Montesinos, directora general del Instituto de Investigaci\u00f3n y Fomento de las Artesan\u00edas, la tambi\u00e9n presidenta de la Comisi\u00f3n de Asuntos Ind\u00edgenas en el Congreso local reconoci\u00f3 al gobernador Alfredo del Mazo Maza por su impulso a la artesan\u00eda de los pueblos originarios del Estado de M\u00e9xico a trav\u00e9s de diversas instituciones, e hizo votos por seguir haciendo equipo con los pueblos originarios.<br>La expo-feria permanecer\u00e1 en esta comunidad del 8 al 12 de diciembre.<\/p>\n\n\n\n<figure class=\"wp-block-image size-full\"><img decoding=\"async\" width=\"1024\" height=\"683\" src=\"https:\/\/21panorama.com\/wp-content\/uploads\/2021\/12\/c750b66c-6ea7-4bc9-966a-516e10bd576d.jpeg\" alt=\"\" class=\"wp-image-2685\" srcset=\"https:\/\/21panorama.com\/wp-content\/uploads\/2021\/12\/c750b66c-6ea7-4bc9-966a-516e10bd576d.jpeg 1024w, https:\/\/21panorama.com\/wp-content\/uploads\/2021\/12\/c750b66c-6ea7-4bc9-966a-516e10bd576d-300x200.jpeg 300w, https:\/\/21panorama.com\/wp-content\/uploads\/2021\/12\/c750b66c-6ea7-4bc9-966a-516e10bd576d-768x512.jpeg 768w\" sizes=\"(max-width: 1024px) 100vw, 1024px\" \/><\/figure>\n\n\n\n<p><\/p>\n","protected":false},"excerpt":{"rendered":"<p>La diputada Leticia Mej\u00eda reconoci\u00f3 el trabajo de los artesanos mazahuas y refrend\u00f3 su compromiso de mejorar sus condiciones de vida.   La expo se realiza en Concepci\u00f3n de los Ba\u00f1os, del 8 al 12 de diciembre.<\/p>\n","protected":false},"author":1,"featured_media":2684,"comment_status":"open","ping_status":"open","sticky":false,"template":"","format":"standard","meta":{"footnotes":""},"categories":[1],"tags":[244],"class_list":["post-2683","post","type-post","status-publish","format-standard","has-post-thumbnail","hentry","category-sociedad","tag-ixtlahuaca"],"yoast_head":"<!-- This site is optimized with the Yoast SEO plugin v24.9 - https:\/\/yoast.com\/wordpress\/plugins\/seo\/ -->\n<title>Inauguran en Ixtlahuaca Expo Feria Mazahua - 21 Panorama<\/title>\n<meta name=\"robots\" content=\"index, follow, max-snippet:-1, max-image-preview:large, max-video-preview:-1\" \/>\n<link rel=\"canonical\" href=\"https:\/\/21panorama.com\/index.php\/2021\/12\/08\/inauguran-en-ixtlahuaca-expo-feria-mazahua\/\" \/>\n<meta property=\"og:locale\" content=\"es_MX\" \/>\n<meta property=\"og:type\" content=\"article\" \/>\n<meta property=\"og:title\" content=\"Inauguran en Ixtlahuaca Expo Feria Mazahua - 21 Panorama\" \/>\n<meta property=\"og:description\" content=\"La diputada Leticia Mej\u00eda reconoci\u00f3 el trabajo de los artesanos mazahuas y refrend\u00f3 su compromiso de mejorar sus condiciones de vida.  La expo se realiza en Concepci\u00f3n de los Ba\u00f1os, del 8 al 12 de diciembre.\" \/>\n<meta property=\"og:url\" content=\"https:\/\/21panorama.com\/index.php\/2021\/12\/08\/inauguran-en-ixtlahuaca-expo-feria-mazahua\/\" \/>\n<meta property=\"og:site_name\" content=\"21 Panorama\" \/>\n<meta property=\"article:published_time\" content=\"2021-12-09T01:39:33+00:00\" \/>\n<meta property=\"og:image\" content=\"https:\/\/21panorama.com\/wp-content\/uploads\/2021\/12\/4acecfed-6286-4775-af46-99b1cfa0497c.jpeg\" \/>\n\t<meta property=\"og:image:width\" content=\"1024\" \/>\n\t<meta property=\"og:image:height\" content=\"683\" \/>\n\t<meta property=\"og:image:type\" content=\"image\/jpeg\" \/>\n<meta name=\"author\" content=\"admin\" \/>\n<meta name=\"twitter:card\" content=\"summary_large_image\" \/>\n<meta name=\"twitter:label1\" content=\"Escrito por\" \/>\n\t<meta name=\"twitter:data1\" content=\"admin\" \/>\n\t<meta name=\"twitter:label2\" content=\"Tiempo de lectura\" \/>\n\t<meta name=\"twitter:data2\" content=\"2 minutos\" \/>\n<script type=\"application\/ld+json\" class=\"yoast-schema-graph\">{\"@context\":\"https:\/\/schema.org\",\"@graph\":[{\"@type\":\"Article\",\"@id\":\"https:\/\/21panorama.com\/index.php\/2021\/12\/08\/inauguran-en-ixtlahuaca-expo-feria-mazahua\/#article\",\"isPartOf\":{\"@id\":\"https:\/\/21panorama.com\/index.php\/2021\/12\/08\/inauguran-en-ixtlahuaca-expo-feria-mazahua\/\"},\"author\":{\"name\":\"admin\",\"@id\":\"https:\/\/21panorama.com\/#\/schema\/person\/1afc291b96d5792a158768324287319f\"},\"headline\":\"Inauguran en Ixtlahuaca Expo Feria Mazahua\",\"datePublished\":\"2021-12-09T01:39:33+00:00\",\"mainEntityOfPage\":{\"@id\":\"https:\/\/21panorama.com\/index.php\/2021\/12\/08\/inauguran-en-ixtlahuaca-expo-feria-mazahua\/\"},\"wordCount\":267,\"commentCount\":0,\"publisher\":{\"@id\":\"https:\/\/21panorama.com\/#organization\"},\"image\":{\"@id\":\"https:\/\/21panorama.com\/index.php\/2021\/12\/08\/inauguran-en-ixtlahuaca-expo-feria-mazahua\/#primaryimage\"},\"thumbnailUrl\":\"https:\/\/21panorama.com\/wp-content\/uploads\/2021\/12\/4acecfed-6286-4775-af46-99b1cfa0497c.jpeg\",\"keywords\":[\"IXTLAHUACA\"],\"articleSection\":[\"Sociedad\"],\"inLanguage\":\"es\",\"potentialAction\":[{\"@type\":\"CommentAction\",\"name\":\"Comment\",\"target\":[\"https:\/\/21panorama.com\/index.php\/2021\/12\/08\/inauguran-en-ixtlahuaca-expo-feria-mazahua\/#respond\"]}]},{\"@type\":\"WebPage\",\"@id\":\"https:\/\/21panorama.com\/index.php\/2021\/12\/08\/inauguran-en-ixtlahuaca-expo-feria-mazahua\/\",\"url\":\"https:\/\/21panorama.com\/index.php\/2021\/12\/08\/inauguran-en-ixtlahuaca-expo-feria-mazahua\/\",\"name\":\"Inauguran en Ixtlahuaca Expo Feria Mazahua - 21 Panorama\",\"isPartOf\":{\"@id\":\"https:\/\/21panorama.com\/#website\"},\"primaryImageOfPage\":{\"@id\":\"https:\/\/21panorama.com\/index.php\/2021\/12\/08\/inauguran-en-ixtlahuaca-expo-feria-mazahua\/#primaryimage\"},\"image\":{\"@id\":\"https:\/\/21panorama.com\/index.php\/2021\/12\/08\/inauguran-en-ixtlahuaca-expo-feria-mazahua\/#primaryimage\"},\"thumbnailUrl\":\"https:\/\/21panorama.com\/wp-content\/uploads\/2021\/12\/4acecfed-6286-4775-af46-99b1cfa0497c.jpeg\",\"datePublished\":\"2021-12-09T01:39:33+00:00\",\"breadcrumb\":{\"@id\":\"https:\/\/21panorama.com\/index.php\/2021\/12\/08\/inauguran-en-ixtlahuaca-expo-feria-mazahua\/#breadcrumb\"},\"inLanguage\":\"es\",\"potentialAction\":[{\"@type\":\"ReadAction\",\"target\":[\"https:\/\/21panorama.com\/index.php\/2021\/12\/08\/inauguran-en-ixtlahuaca-expo-feria-mazahua\/\"]}]},{\"@type\":\"ImageObject\",\"inLanguage\":\"es\",\"@id\":\"https:\/\/21panorama.com\/index.php\/2021\/12\/08\/inauguran-en-ixtlahuaca-expo-feria-mazahua\/#primaryimage\",\"url\":\"https:\/\/21panorama.com\/wp-content\/uploads\/2021\/12\/4acecfed-6286-4775-af46-99b1cfa0497c.jpeg\",\"contentUrl\":\"https:\/\/21panorama.com\/wp-content\/uploads\/2021\/12\/4acecfed-6286-4775-af46-99b1cfa0497c.jpeg\",\"width\":1024,\"height\":683},{\"@type\":\"BreadcrumbList\",\"@id\":\"https:\/\/21panorama.com\/index.php\/2021\/12\/08\/inauguran-en-ixtlahuaca-expo-feria-mazahua\/#breadcrumb\",\"itemListElement\":[{\"@type\":\"ListItem\",\"position\":1,\"name\":\"Inicio\",\"item\":\"https:\/\/21panorama.com\/\"},{\"@type\":\"ListItem\",\"position\":2,\"name\":\"Inauguran en Ixtlahuaca Expo Feria Mazahua\"}]},{\"@type\":\"WebSite\",\"@id\":\"https:\/\/21panorama.com\/#website\",\"url\":\"https:\/\/21panorama.com\/\",\"name\":\"21 Panorama\",\"description\":\"La construcci\u00f3n de la opini\u00f3n p\u00fablica merece un mejor Panorama en este siglo 21 para alcanzar una sociedad con mayor transparencia y sin corrupci\u00f3n.\",\"publisher\":{\"@id\":\"https:\/\/21panorama.com\/#organization\"},\"potentialAction\":[{\"@type\":\"SearchAction\",\"target\":{\"@type\":\"EntryPoint\",\"urlTemplate\":\"https:\/\/21panorama.com\/?s={search_term_string}\"},\"query-input\":{\"@type\":\"PropertyValueSpecification\",\"valueRequired\":true,\"valueName\":\"search_term_string\"}}],\"inLanguage\":\"es\"},{\"@type\":\"Organization\",\"@id\":\"https:\/\/21panorama.com\/#organization\",\"name\":\"21 Panorama\",\"url\":\"https:\/\/21panorama.com\/\",\"logo\":{\"@type\":\"ImageObject\",\"inLanguage\":\"es\",\"@id\":\"https:\/\/21panorama.com\/#\/schema\/logo\/image\/\",\"url\":\"https:\/\/21panorama.com\/wp-content\/uploads\/2019\/07\/cropped-Logo-Panorama-01.jpeg\",\"contentUrl\":\"https:\/\/21panorama.com\/wp-content\/uploads\/2019\/07\/cropped-Logo-Panorama-01.jpeg\",\"width\":290,\"height\":70,\"caption\":\"21 Panorama\"},\"image\":{\"@id\":\"https:\/\/21panorama.com\/#\/schema\/logo\/image\/\"}},{\"@type\":\"Person\",\"@id\":\"https:\/\/21panorama.com\/#\/schema\/person\/1afc291b96d5792a158768324287319f\",\"name\":\"admin\",\"image\":{\"@type\":\"ImageObject\",\"inLanguage\":\"es\",\"@id\":\"https:\/\/21panorama.com\/#\/schema\/person\/image\/\",\"url\":\"https:\/\/secure.gravatar.com\/avatar\/ad365d9d9f46719215b0d042cc3df92a5a8683e09ef13d102233e5491985f0f0?s=96&d=mm&r=g\",\"contentUrl\":\"https:\/\/secure.gravatar.com\/avatar\/ad365d9d9f46719215b0d042cc3df92a5a8683e09ef13d102233e5491985f0f0?s=96&d=mm&r=g\",\"caption\":\"admin\"},\"url\":\"https:\/\/21panorama.com\/index.php\/author\/admin\/\"}]}<\/script>\n<!-- \/ Yoast SEO plugin. -->","yoast_head_json":{"title":"Inauguran en Ixtlahuaca Expo Feria Mazahua - 21 Panorama","robots":{"index":"index","follow":"follow","max-snippet":"max-snippet:-1","max-image-preview":"max-image-preview:large","max-video-preview":"max-video-preview:-1"},"canonical":"https:\/\/21panorama.com\/index.php\/2021\/12\/08\/inauguran-en-ixtlahuaca-expo-feria-mazahua\/","og_locale":"es_MX","og_type":"article","og_title":"Inauguran en Ixtlahuaca Expo Feria Mazahua - 21 Panorama","og_description":"La diputada Leticia Mej\u00eda reconoci\u00f3 el trabajo de los artesanos mazahuas y refrend\u00f3 su compromiso de mejorar sus condiciones de vida.  La expo se realiza en Concepci\u00f3n de los Ba\u00f1os, del 8 al 12 de diciembre.","og_url":"https:\/\/21panorama.com\/index.php\/2021\/12\/08\/inauguran-en-ixtlahuaca-expo-feria-mazahua\/","og_site_name":"21 Panorama","article_published_time":"2021-12-09T01:39:33+00:00","og_image":[{"width":1024,"height":683,"url":"https:\/\/21panorama.com\/wp-content\/uploads\/2021\/12\/4acecfed-6286-4775-af46-99b1cfa0497c.jpeg","type":"image\/jpeg"}],"author":"admin","twitter_card":"summary_large_image","twitter_misc":{"Escrito por":"admin","Tiempo de lectura":"2 minutos"},"schema":{"@context":"https:\/\/schema.org","@graph":[{"@type":"Article","@id":"https:\/\/21panorama.com\/index.php\/2021\/12\/08\/inauguran-en-ixtlahuaca-expo-feria-mazahua\/#article","isPartOf":{"@id":"https:\/\/21panorama.com\/index.php\/2021\/12\/08\/inauguran-en-ixtlahuaca-expo-feria-mazahua\/"},"author":{"name":"admin","@id":"https:\/\/21panorama.com\/#\/schema\/person\/1afc291b96d5792a158768324287319f"},"headline":"Inauguran en Ixtlahuaca Expo Feria Mazahua","datePublished":"2021-12-09T01:39:33+00:00","mainEntityOfPage":{"@id":"https:\/\/21panorama.com\/index.php\/2021\/12\/08\/inauguran-en-ixtlahuaca-expo-feria-mazahua\/"},"wordCount":267,"commentCount":0,"publisher":{"@id":"https:\/\/21panorama.com\/#organization"},"image":{"@id":"https:\/\/21panorama.com\/index.php\/2021\/12\/08\/inauguran-en-ixtlahuaca-expo-feria-mazahua\/#primaryimage"},"thumbnailUrl":"https:\/\/21panorama.com\/wp-content\/uploads\/2021\/12\/4acecfed-6286-4775-af46-99b1cfa0497c.jpeg","keywords":["IXTLAHUACA"],"articleSection":["Sociedad"],"inLanguage":"es","potentialAction":[{"@type":"CommentAction","name":"Comment","target":["https:\/\/21panorama.com\/index.php\/2021\/12\/08\/inauguran-en-ixtlahuaca-expo-feria-mazahua\/#respond"]}]},{"@type":"WebPage","@id":"https:\/\/21panorama.com\/index.php\/2021\/12\/08\/inauguran-en-ixtlahuaca-expo-feria-mazahua\/","url":"https:\/\/21panorama.com\/index.php\/2021\/12\/08\/inauguran-en-ixtlahuaca-expo-feria-mazahua\/","name":"Inauguran en Ixtlahuaca Expo Feria Mazahua - 21 Panorama","isPartOf":{"@id":"https:\/\/21panorama.com\/#website"},"primaryImageOfPage":{"@id":"https:\/\/21panorama.com\/index.php\/2021\/12\/08\/inauguran-en-ixtlahuaca-expo-feria-mazahua\/#primaryimage"},"image":{"@id":"https:\/\/21panorama.com\/index.php\/2021\/12\/08\/inauguran-en-ixtlahuaca-expo-feria-mazahua\/#primaryimage"},"thumbnailUrl":"https:\/\/21panorama.com\/wp-content\/uploads\/2021\/12\/4acecfed-6286-4775-af46-99b1cfa0497c.jpeg","datePublished":"2021-12-09T01:39:33+00:00","breadcrumb":{"@id":"https:\/\/21panorama.com\/index.php\/2021\/12\/08\/inauguran-en-ixtlahuaca-expo-feria-mazahua\/#breadcrumb"},"inLanguage":"es","potentialAction":[{"@type":"ReadAction","target":["https:\/\/21panorama.com\/index.php\/2021\/12\/08\/inauguran-en-ixtlahuaca-expo-feria-mazahua\/"]}]},{"@type":"ImageObject","inLanguage":"es","@id":"https:\/\/21panorama.com\/index.php\/2021\/12\/08\/inauguran-en-ixtlahuaca-expo-feria-mazahua\/#primaryimage","url":"https:\/\/21panorama.com\/wp-content\/uploads\/2021\/12\/4acecfed-6286-4775-af46-99b1cfa0497c.jpeg","contentUrl":"https:\/\/21panorama.com\/wp-content\/uploads\/2021\/12\/4acecfed-6286-4775-af46-99b1cfa0497c.jpeg","width":1024,"height":683},{"@type":"BreadcrumbList","@id":"https:\/\/21panorama.com\/index.php\/2021\/12\/08\/inauguran-en-ixtlahuaca-expo-feria-mazahua\/#breadcrumb","itemListElement":[{"@type":"ListItem","position":1,"name":"Inicio","item":"https:\/\/21panorama.com\/"},{"@type":"ListItem","position":2,"name":"Inauguran en Ixtlahuaca Expo Feria Mazahua"}]},{"@type":"WebSite","@id":"https:\/\/21panorama.com\/#website","url":"https:\/\/21panorama.com\/","name":"21 Panorama","description":"La construcci\u00f3n de la opini\u00f3n p\u00fablica merece un mejor Panorama en este siglo 21 para alcanzar una sociedad con mayor transparencia y sin corrupci\u00f3n.","publisher":{"@id":"https:\/\/21panorama.com\/#organization"},"potentialAction":[{"@type":"SearchAction","target":{"@type":"EntryPoint","urlTemplate":"https:\/\/21panorama.com\/?s={search_term_string}"},"query-input":{"@type":"PropertyValueSpecification","valueRequired":true,"valueName":"search_term_string"}}],"inLanguage":"es"},{"@type":"Organization","@id":"https:\/\/21panorama.com\/#organization","name":"21 Panorama","url":"https:\/\/21panorama.com\/","logo":{"@type":"ImageObject","inLanguage":"es","@id":"https:\/\/21panorama.com\/#\/schema\/logo\/image\/","url":"https:\/\/21panorama.com\/wp-content\/uploads\/2019\/07\/cropped-Logo-Panorama-01.jpeg","contentUrl":"https:\/\/21panorama.com\/wp-content\/uploads\/2019\/07\/cropped-Logo-Panorama-01.jpeg","width":290,"height":70,"caption":"21 Panorama"},"image":{"@id":"https:\/\/21panorama.com\/#\/schema\/logo\/image\/"}},{"@type":"Person","@id":"https:\/\/21panorama.com\/#\/schema\/person\/1afc291b96d5792a158768324287319f","name":"admin","image":{"@type":"ImageObject","inLanguage":"es","@id":"https:\/\/21panorama.com\/#\/schema\/person\/image\/","url":"https:\/\/secure.gravatar.com\/avatar\/ad365d9d9f46719215b0d042cc3df92a5a8683e09ef13d102233e5491985f0f0?s=96&d=mm&r=g","contentUrl":"https:\/\/secure.gravatar.com\/avatar\/ad365d9d9f46719215b0d042cc3df92a5a8683e09ef13d102233e5491985f0f0?s=96&d=mm&r=g","caption":"admin"},"url":"https:\/\/21panorama.com\/index.php\/author\/admin\/"}]}},"_links":{"self":[{"href":"https:\/\/21panorama.com\/index.php\/wp-json\/wp\/v2\/posts\/2683","targetHints":{"allow":["GET"]}}],"collection":[{"href":"https:\/\/21panorama.com\/index.php\/wp-json\/wp\/v2\/posts"}],"about":[{"href":"https:\/\/21panorama.com\/index.php\/wp-json\/wp\/v2\/types\/post"}],"author":[{"embeddable":true,"href":"https:\/\/21panorama.com\/index.php\/wp-json\/wp\/v2\/users\/1"}],"replies":[{"embeddable":true,"href":"https:\/\/21panorama.com\/index.php\/wp-json\/wp\/v2\/comments?post=2683"}],"version-history":[{"count":1,"href":"https:\/\/21panorama.com\/index.php\/wp-json\/wp\/v2\/posts\/2683\/revisions"}],"predecessor-version":[{"id":2686,"href":"https:\/\/21panorama.com\/index.php\/wp-json\/wp\/v2\/posts\/2683\/revisions\/2686"}],"wp:featuredmedia":[{"embeddable":true,"href":"https:\/\/21panorama.com\/index.php\/wp-json\/wp\/v2\/media\/2684"}],"wp:attachment":[{"href":"https:\/\/21panorama.com\/index.php\/wp-json\/wp\/v2\/media?parent=2683"}],"wp:term":[{"taxonomy":"category","embeddable":true,"href":"https:\/\/21panorama.com\/index.php\/wp-json\/wp\/v2\/categories?post=2683"},{"taxonomy":"post_tag","embeddable":true,"href":"https:\/\/21panorama.com\/index.php\/wp-json\/wp\/v2\/tags?post=2683"}],"curies":[{"name":"wp","href":"https:\/\/api.w.org\/{rel}","templated":true}]}}