{"id":2680,"date":"2021-12-08T19:33:59","date_gmt":"2021-12-09T01:33:59","guid":{"rendered":"https:\/\/21panorama.com\/?p=2680"},"modified":"2021-12-08T19:34:00","modified_gmt":"2021-12-09T01:34:00","slug":"perfila-congreso-direcciones-municipales-de-atencion-a-la-mujer","status":"publish","type":"post","link":"https:\/\/21panorama.com\/index.php\/2021\/12\/08\/perfila-congreso-direcciones-municipales-de-atencion-a-la-mujer\/","title":{"rendered":"Perfila congreso direcciones municipales de atenci\u00f3n a la mujer"},"content":{"rendered":"\n<p>La diputada Karina Labastida Sotelo (Morena), presidenta de la Comisi\u00f3n de Declaratorias de Alerta de Violencia de G\u00e9nero contra las Mujeres por Feminicidio y Desaparici\u00f3n y de Igualdad de G\u00e9nero llam\u00f3 a que, en el an\u00e1lisis de las iniciativas para crear las direcciones municipales dedicadas a la atenci\u00f3n a la mujer, se privilegie la protecci\u00f3n, prevenci\u00f3n y atenci\u00f3n de las violencias contras las mujeres.<br>Lo anterior despu\u00e9s de que las Comisiones Unidas para las Declaratorias de Alerta de Violencia de G\u00e9nero contra las Mujeres por Feminicidio y Desaparici\u00f3n y la de Legislaci\u00f3n y Administraci\u00f3n Municipal acordaron por unanimidad solicitar a la Junta de Coordinaci\u00f3n Pol\u00edtica (Jucopo) analizar de manera conjunta las cuatro iniciativas para la creaci\u00f3n de las direcciones municipales de atenci\u00f3n a las mujeres presentadas por las bancadas de Morena, PRI, PRD y PVEM.<br>La diputada Karina Labastida Sotelo (Morena), presidenta de la Comisi\u00f3n de Declaratorias de Alerta de Violencia de G\u00e9nero contra las Mujeres por Feminicidio y Desaparici\u00f3n y de Igualdad de G\u00e9nero y autora de una de las iniciativas, se\u00f1al\u00f3 que por la relevancia del tema se deben dejar de lado colores partidistas, aspecto al que se sumaron expresamente la diputada Juana Bonilla Jaime (MC) y los legisladores Jaime Cervantes S\u00e1nchez y Mario Santana Carbajal, del PRI.<br>El acuerdo fue respaldado por las diputadas Claudia Desiree Morales Robledo (PVEM), presidenta de la Comisi\u00f3n de Legislaci\u00f3n y Administraci\u00f3n Municipal; Paola Jim\u00e9nez Hern\u00e1ndez (PRI), presidenta de la Comisi\u00f3n de Igualdad de G\u00e9nero y autora de otra de las propuestas; y Viridiana Fuentes Cruz (PRD).<br>En este sentido, aun cuando fueron enviadas para su estudio a cinco comisiones diferentes, el acuerdo establece que solamente ser\u00e1n analizadas por las comisiones de Legislaci\u00f3n y Administraci\u00f3n Municipal, de Declaratorias de Alerta de Violencia de G\u00e9nero contra las Mujeres por Feminicidio y Desaparici\u00f3n y de Igualdad de G\u00e9nero, aunque si la Jucopo lo considera pertinente se incluir\u00e1 otra comisi\u00f3n para su opini\u00f3n, por lo que el anuncio se comunicar\u00e1 al Pleno legislativo y se elaborar\u00e1 solo un dictamen.<br>Este d\u00eda, la Comisi\u00f3n de Protecci\u00f3n Ambiental y Cambio Clim\u00e1tico y la de Desarrollo Agropecuario y Forestal iniciaron el an\u00e1lisis de la iniciativa de reformas al C\u00f3digo para la Biodiversidad del Estado de M\u00e9xico y de la Ley de Apicultura del Estado de M\u00e9xico para proteger a las abejas y polinizadores mediante la prohibici\u00f3n de plaguicidas, presentada por la diputada Beatriz Garc\u00eda Villegas (Morena), durante la cual se acord\u00f3 convocar a especialistas en la materia para avanzar en la aprobaci\u00f3n del dictamen.<\/p>\n","protected":false},"excerpt":{"rendered":"<p>La diputada Karina Labastida Sotelo (Morena), presidenta de la Comisi\u00f3n de Declaratorias de Alerta de Violencia de G\u00e9nero contra las Mujeres por Feminicidio y Desaparici\u00f3n y de Igualdad de G\u00e9nero llam\u00f3 a que, en el an\u00e1lisis de las iniciativas para crear las direcciones municipales dedicadas a la atenci\u00f3n a la mujer, se privilegie la protecci\u00f3n, prevenci\u00f3n y atenci\u00f3n de las violencias contras las mujeres.<\/p>\n","protected":false},"author":1,"featured_media":2681,"comment_status":"open","ping_status":"open","sticky":false,"template":"","format":"standard","meta":{"footnotes":""},"categories":[1],"tags":[243],"class_list":["post-2680","post","type-post","status-publish","format-standard","has-post-thumbnail","hentry","category-sociedad","tag-mujer"],"yoast_head":"<!-- This site is optimized with the Yoast SEO plugin v24.9 - https:\/\/yoast.com\/wordpress\/plugins\/seo\/ -->\n<title>Perfila congreso direcciones municipales de atenci\u00f3n a la mujer - 21 Panorama<\/title>\n<meta name=\"robots\" content=\"index, follow, max-snippet:-1, max-image-preview:large, max-video-preview:-1\" \/>\n<link rel=\"canonical\" href=\"https:\/\/21panorama.com\/index.php\/2021\/12\/08\/perfila-congreso-direcciones-municipales-de-atencion-a-la-mujer\/\" \/>\n<meta property=\"og:locale\" content=\"es_MX\" \/>\n<meta property=\"og:type\" content=\"article\" \/>\n<meta property=\"og:title\" content=\"Perfila congreso direcciones municipales de atenci\u00f3n a la mujer - 21 Panorama\" \/>\n<meta property=\"og:description\" content=\"La diputada Karina Labastida Sotelo (Morena), presidenta de la Comisi\u00f3n de Declaratorias de Alerta de Violencia de G\u00e9nero contra las Mujeres por Feminicidio y Desaparici\u00f3n y de Igualdad de G\u00e9nero llam\u00f3 a que, en el an\u00e1lisis de las iniciativas para crear las direcciones municipales dedicadas a la atenci\u00f3n a la mujer, se privilegie la protecci\u00f3n, prevenci\u00f3n y atenci\u00f3n de las violencias contras las mujeres.\" \/>\n<meta property=\"og:url\" content=\"https:\/\/21panorama.com\/index.php\/2021\/12\/08\/perfila-congreso-direcciones-municipales-de-atencion-a-la-mujer\/\" \/>\n<meta property=\"og:site_name\" content=\"21 Panorama\" \/>\n<meta property=\"article:published_time\" content=\"2021-12-09T01:33:59+00:00\" \/>\n<meta property=\"article:modified_time\" content=\"2021-12-09T01:34:00+00:00\" \/>\n<meta property=\"og:image\" content=\"https:\/\/21panorama.com\/wp-content\/uploads\/2021\/12\/52b3a0ea-0ec7-4da0-bc11-9befd5af858f.jpeg\" \/>\n\t<meta property=\"og:image:width\" content=\"1024\" \/>\n\t<meta property=\"og:image:height\" content=\"683\" \/>\n\t<meta property=\"og:image:type\" content=\"image\/jpeg\" \/>\n<meta name=\"author\" content=\"admin\" \/>\n<meta name=\"twitter:card\" content=\"summary_large_image\" \/>\n<meta name=\"twitter:label1\" content=\"Escrito por\" \/>\n\t<meta name=\"twitter:data1\" content=\"admin\" \/>\n\t<meta name=\"twitter:label2\" content=\"Tiempo de lectura\" \/>\n\t<meta name=\"twitter:data2\" content=\"2 minutos\" \/>\n<script type=\"application\/ld+json\" class=\"yoast-schema-graph\">{\"@context\":\"https:\/\/schema.org\",\"@graph\":[{\"@type\":\"Article\",\"@id\":\"https:\/\/21panorama.com\/index.php\/2021\/12\/08\/perfila-congreso-direcciones-municipales-de-atencion-a-la-mujer\/#article\",\"isPartOf\":{\"@id\":\"https:\/\/21panorama.com\/index.php\/2021\/12\/08\/perfila-congreso-direcciones-municipales-de-atencion-a-la-mujer\/\"},\"author\":{\"name\":\"admin\",\"@id\":\"https:\/\/21panorama.com\/#\/schema\/person\/1afc291b96d5792a158768324287319f\"},\"headline\":\"Perfila congreso direcciones municipales de atenci\u00f3n a la mujer\",\"datePublished\":\"2021-12-09T01:33:59+00:00\",\"dateModified\":\"2021-12-09T01:34:00+00:00\",\"mainEntityOfPage\":{\"@id\":\"https:\/\/21panorama.com\/index.php\/2021\/12\/08\/perfila-congreso-direcciones-municipales-de-atencion-a-la-mujer\/\"},\"wordCount\":476,\"commentCount\":0,\"publisher\":{\"@id\":\"https:\/\/21panorama.com\/#organization\"},\"image\":{\"@id\":\"https:\/\/21panorama.com\/index.php\/2021\/12\/08\/perfila-congreso-direcciones-municipales-de-atencion-a-la-mujer\/#primaryimage\"},\"thumbnailUrl\":\"https:\/\/21panorama.com\/wp-content\/uploads\/2021\/12\/52b3a0ea-0ec7-4da0-bc11-9befd5af858f.jpeg\",\"keywords\":[\"MUJER\"],\"articleSection\":[\"Sociedad\"],\"inLanguage\":\"es\",\"potentialAction\":[{\"@type\":\"CommentAction\",\"name\":\"Comment\",\"target\":[\"https:\/\/21panorama.com\/index.php\/2021\/12\/08\/perfila-congreso-direcciones-municipales-de-atencion-a-la-mujer\/#respond\"]}]},{\"@type\":\"WebPage\",\"@id\":\"https:\/\/21panorama.com\/index.php\/2021\/12\/08\/perfila-congreso-direcciones-municipales-de-atencion-a-la-mujer\/\",\"url\":\"https:\/\/21panorama.com\/index.php\/2021\/12\/08\/perfila-congreso-direcciones-municipales-de-atencion-a-la-mujer\/\",\"name\":\"Perfila congreso direcciones municipales de atenci\u00f3n a la mujer - 21 Panorama\",\"isPartOf\":{\"@id\":\"https:\/\/21panorama.com\/#website\"},\"primaryImageOfPage\":{\"@id\":\"https:\/\/21panorama.com\/index.php\/2021\/12\/08\/perfila-congreso-direcciones-municipales-de-atencion-a-la-mujer\/#primaryimage\"},\"image\":{\"@id\":\"https:\/\/21panorama.com\/index.php\/2021\/12\/08\/perfila-congreso-direcciones-municipales-de-atencion-a-la-mujer\/#primaryimage\"},\"thumbnailUrl\":\"https:\/\/21panorama.com\/wp-content\/uploads\/2021\/12\/52b3a0ea-0ec7-4da0-bc11-9befd5af858f.jpeg\",\"datePublished\":\"2021-12-09T01:33:59+00:00\",\"dateModified\":\"2021-12-09T01:34:00+00:00\",\"breadcrumb\":{\"@id\":\"https:\/\/21panorama.com\/index.php\/2021\/12\/08\/perfila-congreso-direcciones-municipales-de-atencion-a-la-mujer\/#breadcrumb\"},\"inLanguage\":\"es\",\"potentialAction\":[{\"@type\":\"ReadAction\",\"target\":[\"https:\/\/21panorama.com\/index.php\/2021\/12\/08\/perfila-congreso-direcciones-municipales-de-atencion-a-la-mujer\/\"]}]},{\"@type\":\"ImageObject\",\"inLanguage\":\"es\",\"@id\":\"https:\/\/21panorama.com\/index.php\/2021\/12\/08\/perfila-congreso-direcciones-municipales-de-atencion-a-la-mujer\/#primaryimage\",\"url\":\"https:\/\/21panorama.com\/wp-content\/uploads\/2021\/12\/52b3a0ea-0ec7-4da0-bc11-9befd5af858f.jpeg\",\"contentUrl\":\"https:\/\/21panorama.com\/wp-content\/uploads\/2021\/12\/52b3a0ea-0ec7-4da0-bc11-9befd5af858f.jpeg\",\"width\":1024,\"height\":683},{\"@type\":\"BreadcrumbList\",\"@id\":\"https:\/\/21panorama.com\/index.php\/2021\/12\/08\/perfila-congreso-direcciones-municipales-de-atencion-a-la-mujer\/#breadcrumb\",\"itemListElement\":[{\"@type\":\"ListItem\",\"position\":1,\"name\":\"Inicio\",\"item\":\"https:\/\/21panorama.com\/\"},{\"@type\":\"ListItem\",\"position\":2,\"name\":\"Perfila congreso direcciones municipales de atenci\u00f3n a la mujer\"}]},{\"@type\":\"WebSite\",\"@id\":\"https:\/\/21panorama.com\/#website\",\"url\":\"https:\/\/21panorama.com\/\",\"name\":\"21 Panorama\",\"description\":\"La construcci\u00f3n de la opini\u00f3n p\u00fablica merece un mejor Panorama en este siglo 21 para alcanzar una sociedad con mayor transparencia y sin corrupci\u00f3n.\",\"publisher\":{\"@id\":\"https:\/\/21panorama.com\/#organization\"},\"potentialAction\":[{\"@type\":\"SearchAction\",\"target\":{\"@type\":\"EntryPoint\",\"urlTemplate\":\"https:\/\/21panorama.com\/?s={search_term_string}\"},\"query-input\":{\"@type\":\"PropertyValueSpecification\",\"valueRequired\":true,\"valueName\":\"search_term_string\"}}],\"inLanguage\":\"es\"},{\"@type\":\"Organization\",\"@id\":\"https:\/\/21panorama.com\/#organization\",\"name\":\"21 Panorama\",\"url\":\"https:\/\/21panorama.com\/\",\"logo\":{\"@type\":\"ImageObject\",\"inLanguage\":\"es\",\"@id\":\"https:\/\/21panorama.com\/#\/schema\/logo\/image\/\",\"url\":\"https:\/\/21panorama.com\/wp-content\/uploads\/2019\/07\/cropped-Logo-Panorama-01.jpeg\",\"contentUrl\":\"https:\/\/21panorama.com\/wp-content\/uploads\/2019\/07\/cropped-Logo-Panorama-01.jpeg\",\"width\":290,\"height\":70,\"caption\":\"21 Panorama\"},\"image\":{\"@id\":\"https:\/\/21panorama.com\/#\/schema\/logo\/image\/\"}},{\"@type\":\"Person\",\"@id\":\"https:\/\/21panorama.com\/#\/schema\/person\/1afc291b96d5792a158768324287319f\",\"name\":\"admin\",\"image\":{\"@type\":\"ImageObject\",\"inLanguage\":\"es\",\"@id\":\"https:\/\/21panorama.com\/#\/schema\/person\/image\/\",\"url\":\"https:\/\/secure.gravatar.com\/avatar\/ad365d9d9f46719215b0d042cc3df92a5a8683e09ef13d102233e5491985f0f0?s=96&d=mm&r=g\",\"contentUrl\":\"https:\/\/secure.gravatar.com\/avatar\/ad365d9d9f46719215b0d042cc3df92a5a8683e09ef13d102233e5491985f0f0?s=96&d=mm&r=g\",\"caption\":\"admin\"},\"url\":\"https:\/\/21panorama.com\/index.php\/author\/admin\/\"}]}<\/script>\n<!-- \/ Yoast SEO plugin. -->","yoast_head_json":{"title":"Perfila congreso direcciones municipales de atenci\u00f3n a la mujer - 21 Panorama","robots":{"index":"index","follow":"follow","max-snippet":"max-snippet:-1","max-image-preview":"max-image-preview:large","max-video-preview":"max-video-preview:-1"},"canonical":"https:\/\/21panorama.com\/index.php\/2021\/12\/08\/perfila-congreso-direcciones-municipales-de-atencion-a-la-mujer\/","og_locale":"es_MX","og_type":"article","og_title":"Perfila congreso direcciones municipales de atenci\u00f3n a la mujer - 21 Panorama","og_description":"La diputada Karina Labastida Sotelo (Morena), presidenta de la Comisi\u00f3n de Declaratorias de Alerta de Violencia de G\u00e9nero contra las Mujeres por Feminicidio y Desaparici\u00f3n y de Igualdad de G\u00e9nero llam\u00f3 a que, en el an\u00e1lisis de las iniciativas para crear las direcciones municipales dedicadas a la atenci\u00f3n a la mujer, se privilegie la protecci\u00f3n, prevenci\u00f3n y atenci\u00f3n de las violencias contras las mujeres.","og_url":"https:\/\/21panorama.com\/index.php\/2021\/12\/08\/perfila-congreso-direcciones-municipales-de-atencion-a-la-mujer\/","og_site_name":"21 Panorama","article_published_time":"2021-12-09T01:33:59+00:00","article_modified_time":"2021-12-09T01:34:00+00:00","og_image":[{"width":1024,"height":683,"url":"https:\/\/21panorama.com\/wp-content\/uploads\/2021\/12\/52b3a0ea-0ec7-4da0-bc11-9befd5af858f.jpeg","type":"image\/jpeg"}],"author":"admin","twitter_card":"summary_large_image","twitter_misc":{"Escrito por":"admin","Tiempo de lectura":"2 minutos"},"schema":{"@context":"https:\/\/schema.org","@graph":[{"@type":"Article","@id":"https:\/\/21panorama.com\/index.php\/2021\/12\/08\/perfila-congreso-direcciones-municipales-de-atencion-a-la-mujer\/#article","isPartOf":{"@id":"https:\/\/21panorama.com\/index.php\/2021\/12\/08\/perfila-congreso-direcciones-municipales-de-atencion-a-la-mujer\/"},"author":{"name":"admin","@id":"https:\/\/21panorama.com\/#\/schema\/person\/1afc291b96d5792a158768324287319f"},"headline":"Perfila congreso direcciones municipales de atenci\u00f3n a la mujer","datePublished":"2021-12-09T01:33:59+00:00","dateModified":"2021-12-09T01:34:00+00:00","mainEntityOfPage":{"@id":"https:\/\/21panorama.com\/index.php\/2021\/12\/08\/perfila-congreso-direcciones-municipales-de-atencion-a-la-mujer\/"},"wordCount":476,"commentCount":0,"publisher":{"@id":"https:\/\/21panorama.com\/#organization"},"image":{"@id":"https:\/\/21panorama.com\/index.php\/2021\/12\/08\/perfila-congreso-direcciones-municipales-de-atencion-a-la-mujer\/#primaryimage"},"thumbnailUrl":"https:\/\/21panorama.com\/wp-content\/uploads\/2021\/12\/52b3a0ea-0ec7-4da0-bc11-9befd5af858f.jpeg","keywords":["MUJER"],"articleSection":["Sociedad"],"inLanguage":"es","potentialAction":[{"@type":"CommentAction","name":"Comment","target":["https:\/\/21panorama.com\/index.php\/2021\/12\/08\/perfila-congreso-direcciones-municipales-de-atencion-a-la-mujer\/#respond"]}]},{"@type":"WebPage","@id":"https:\/\/21panorama.com\/index.php\/2021\/12\/08\/perfila-congreso-direcciones-municipales-de-atencion-a-la-mujer\/","url":"https:\/\/21panorama.com\/index.php\/2021\/12\/08\/perfila-congreso-direcciones-municipales-de-atencion-a-la-mujer\/","name":"Perfila congreso direcciones municipales de atenci\u00f3n a la mujer - 21 Panorama","isPartOf":{"@id":"https:\/\/21panorama.com\/#website"},"primaryImageOfPage":{"@id":"https:\/\/21panorama.com\/index.php\/2021\/12\/08\/perfila-congreso-direcciones-municipales-de-atencion-a-la-mujer\/#primaryimage"},"image":{"@id":"https:\/\/21panorama.com\/index.php\/2021\/12\/08\/perfila-congreso-direcciones-municipales-de-atencion-a-la-mujer\/#primaryimage"},"thumbnailUrl":"https:\/\/21panorama.com\/wp-content\/uploads\/2021\/12\/52b3a0ea-0ec7-4da0-bc11-9befd5af858f.jpeg","datePublished":"2021-12-09T01:33:59+00:00","dateModified":"2021-12-09T01:34:00+00:00","breadcrumb":{"@id":"https:\/\/21panorama.com\/index.php\/2021\/12\/08\/perfila-congreso-direcciones-municipales-de-atencion-a-la-mujer\/#breadcrumb"},"inLanguage":"es","potentialAction":[{"@type":"ReadAction","target":["https:\/\/21panorama.com\/index.php\/2021\/12\/08\/perfila-congreso-direcciones-municipales-de-atencion-a-la-mujer\/"]}]},{"@type":"ImageObject","inLanguage":"es","@id":"https:\/\/21panorama.com\/index.php\/2021\/12\/08\/perfila-congreso-direcciones-municipales-de-atencion-a-la-mujer\/#primaryimage","url":"https:\/\/21panorama.com\/wp-content\/uploads\/2021\/12\/52b3a0ea-0ec7-4da0-bc11-9befd5af858f.jpeg","contentUrl":"https:\/\/21panorama.com\/wp-content\/uploads\/2021\/12\/52b3a0ea-0ec7-4da0-bc11-9befd5af858f.jpeg","width":1024,"height":683},{"@type":"BreadcrumbList","@id":"https:\/\/21panorama.com\/index.php\/2021\/12\/08\/perfila-congreso-direcciones-municipales-de-atencion-a-la-mujer\/#breadcrumb","itemListElement":[{"@type":"ListItem","position":1,"name":"Inicio","item":"https:\/\/21panorama.com\/"},{"@type":"ListItem","position":2,"name":"Perfila congreso direcciones municipales de atenci\u00f3n a la mujer"}]},{"@type":"WebSite","@id":"https:\/\/21panorama.com\/#website","url":"https:\/\/21panorama.com\/","name":"21 Panorama","description":"La construcci\u00f3n de la opini\u00f3n p\u00fablica merece un mejor Panorama en este siglo 21 para alcanzar una sociedad con mayor transparencia y sin corrupci\u00f3n.","publisher":{"@id":"https:\/\/21panorama.com\/#organization"},"potentialAction":[{"@type":"SearchAction","target":{"@type":"EntryPoint","urlTemplate":"https:\/\/21panorama.com\/?s={search_term_string}"},"query-input":{"@type":"PropertyValueSpecification","valueRequired":true,"valueName":"search_term_string"}}],"inLanguage":"es"},{"@type":"Organization","@id":"https:\/\/21panorama.com\/#organization","name":"21 Panorama","url":"https:\/\/21panorama.com\/","logo":{"@type":"ImageObject","inLanguage":"es","@id":"https:\/\/21panorama.com\/#\/schema\/logo\/image\/","url":"https:\/\/21panorama.com\/wp-content\/uploads\/2019\/07\/cropped-Logo-Panorama-01.jpeg","contentUrl":"https:\/\/21panorama.com\/wp-content\/uploads\/2019\/07\/cropped-Logo-Panorama-01.jpeg","width":290,"height":70,"caption":"21 Panorama"},"image":{"@id":"https:\/\/21panorama.com\/#\/schema\/logo\/image\/"}},{"@type":"Person","@id":"https:\/\/21panorama.com\/#\/schema\/person\/1afc291b96d5792a158768324287319f","name":"admin","image":{"@type":"ImageObject","inLanguage":"es","@id":"https:\/\/21panorama.com\/#\/schema\/person\/image\/","url":"https:\/\/secure.gravatar.com\/avatar\/ad365d9d9f46719215b0d042cc3df92a5a8683e09ef13d102233e5491985f0f0?s=96&d=mm&r=g","contentUrl":"https:\/\/secure.gravatar.com\/avatar\/ad365d9d9f46719215b0d042cc3df92a5a8683e09ef13d102233e5491985f0f0?s=96&d=mm&r=g","caption":"admin"},"url":"https:\/\/21panorama.com\/index.php\/author\/admin\/"}]}},"_links":{"self":[{"href":"https:\/\/21panorama.com\/index.php\/wp-json\/wp\/v2\/posts\/2680","targetHints":{"allow":["GET"]}}],"collection":[{"href":"https:\/\/21panorama.com\/index.php\/wp-json\/wp\/v2\/posts"}],"about":[{"href":"https:\/\/21panorama.com\/index.php\/wp-json\/wp\/v2\/types\/post"}],"author":[{"embeddable":true,"href":"https:\/\/21panorama.com\/index.php\/wp-json\/wp\/v2\/users\/1"}],"replies":[{"embeddable":true,"href":"https:\/\/21panorama.com\/index.php\/wp-json\/wp\/v2\/comments?post=2680"}],"version-history":[{"count":1,"href":"https:\/\/21panorama.com\/index.php\/wp-json\/wp\/v2\/posts\/2680\/revisions"}],"predecessor-version":[{"id":2682,"href":"https:\/\/21panorama.com\/index.php\/wp-json\/wp\/v2\/posts\/2680\/revisions\/2682"}],"wp:featuredmedia":[{"embeddable":true,"href":"https:\/\/21panorama.com\/index.php\/wp-json\/wp\/v2\/media\/2681"}],"wp:attachment":[{"href":"https:\/\/21panorama.com\/index.php\/wp-json\/wp\/v2\/media?parent=2680"}],"wp:term":[{"taxonomy":"category","embeddable":true,"href":"https:\/\/21panorama.com\/index.php\/wp-json\/wp\/v2\/categories?post=2680"},{"taxonomy":"post_tag","embeddable":true,"href":"https:\/\/21panorama.com\/index.php\/wp-json\/wp\/v2\/tags?post=2680"}],"curies":[{"name":"wp","href":"https:\/\/api.w.org\/{rel}","templated":true}]}}