{"id":2660,"date":"2021-12-07T11:55:00","date_gmt":"2021-12-07T17:55:00","guid":{"rendered":"https:\/\/21panorama.com\/?p=2660"},"modified":"2021-12-08T11:58:04","modified_gmt":"2021-12-08T17:58:04","slug":"reconoce-uaem-labor-responsable-etica-y-creativa-de-trabajadores-de-area-administrativa","status":"publish","type":"post","link":"https:\/\/21panorama.com\/index.php\/2021\/12\/07\/reconoce-uaem-labor-responsable-etica-y-creativa-de-trabajadores-de-area-administrativa\/","title":{"rendered":"Reconoce UAEM labor responsable, \u00e9tica y creativa de trabajadores de \u00e1rea administrativa"},"content":{"rendered":"\n<p>Toluca, M\u00e9x; 07 de diciembre de 2021. El rector de la Universidad Aut\u00f3noma del Estado de M\u00e9xico (UAEM), Carlos Eduardo Barrera D\u00edaz, encabez\u00f3 la ceremonia de Entrega de Notas al Servicio Universitario y Cumplimiento Administrativo, durante la cual se galardon\u00f3 a 75 trabajadoras y trabajadores administrativos sindicalizados y de confianza, por contribuir a generar una instituci\u00f3n m\u00e1s productiva, inclusiva y sustentable, laborando con responsabilidad, \u00e9tica y creatividad.<br>En el Aula Magna \u201cLic. Adolfo L\u00f3pez Mateos\u201d, en el Edificio de Rector\u00eda, Barrera D\u00edaz reconoci\u00f3 el trabajo de las y los administrativos distinguidos, sobre todo, en un contexto que present\u00f3, por la contingencia sanitaria mundial, nuevos retos para mantener la calidad y eficiencia de sus funciones.<br>Acompa\u00f1ado de la secretaria de Administraci\u00f3n, Er\u00e9ndira Fierro Moreno, y del secretario de Rector\u00eda, Marco Aurelio Cienfuegos Terr\u00f3n, el rector record\u00f3 que el trabajo responsable, \u00e9tico y creativo constituye uno de los m\u00e1s valiosos recursos de una instituci\u00f3n.<br>En su oportunidad, Er\u00e9ndira Fierro Moreno expres\u00f3 que el galard\u00f3n que obtuvieron las y los universitarios es resultado de la excepcional labor desarrollada a lo largo de los a\u00f1os, que con la suma de voluntad, esfuerzo, honorabilidad, principios y valores institucionales, han contribuido al desarrollo de la Aut\u00f3noma mexiquense.<br>En tanto, Alma Gabriela Soriano Fragoso, quien lleva 17 a\u00f1os laborando al servicio de la UAEM, comparti\u00f3 -en representaci\u00f3n de los galardonados- que la M\u00e1xima Casa de Estudios mexiquense es una instituci\u00f3n de calidad educativa con reconocimiento nacional e internacional y un excelente lugar para trabajar.<br>Ante el representante del personal administrativo sindicalizado galardonado, Agust\u00edn Filomeno P\u00e9rez, y el secretario general del Sindicato \u00danico de Trabajadores y Empleados al Servicio de la UAEM, Pedro Rodr\u00edguez Magallanes, as\u00ed como de la directora de Recursos Humanos, Martha Olivia Cano Nava, indic\u00f3 que ante la contingencia sanitaria global, el mundo laboral enfrent\u00f3 los retos de la virtualidad, los cuales fueron superados por la comunidad administrativa de la UAEM, permitiendo, incluso, adquirir nuevas capacidades para desarrollar y cumplir con las diversas funciones a cargo.<\/p>\n\n\n\n<figure class=\"wp-block-gallery columns-3 is-cropped wp-block-gallery-1 is-layout-flex wp-block-gallery-is-layout-flex\"><ul class=\"blocks-gallery-grid\"><li class=\"blocks-gallery-item\"><figure><img decoding=\"async\" width=\"960\" height=\"494\" src=\"https:\/\/21panorama.com\/wp-content\/uploads\/2021\/12\/b1920ceb-d56a-4be0-a1c9-4439b08de5cc.jpeg\" alt=\"\" data-id=\"2662\" data-link=\"https:\/\/21panorama.com\/?attachment_id=2662\" class=\"wp-image-2662\" srcset=\"https:\/\/21panorama.com\/wp-content\/uploads\/2021\/12\/b1920ceb-d56a-4be0-a1c9-4439b08de5cc.jpeg 960w, https:\/\/21panorama.com\/wp-content\/uploads\/2021\/12\/b1920ceb-d56a-4be0-a1c9-4439b08de5cc-300x154.jpeg 300w, https:\/\/21panorama.com\/wp-content\/uploads\/2021\/12\/b1920ceb-d56a-4be0-a1c9-4439b08de5cc-768x395.jpeg 768w\" sizes=\"(max-width: 960px) 100vw, 960px\" \/><\/figure><\/li><li class=\"blocks-gallery-item\"><figure><img decoding=\"async\" width=\"960\" height=\"640\" src=\"https:\/\/21panorama.com\/wp-content\/uploads\/2021\/12\/8d34c3b6-3c15-4d66-b7d9-5619685f419c.jpeg\" alt=\"\" data-id=\"2663\" data-link=\"https:\/\/21panorama.com\/?attachment_id=2663\" class=\"wp-image-2663\" srcset=\"https:\/\/21panorama.com\/wp-content\/uploads\/2021\/12\/8d34c3b6-3c15-4d66-b7d9-5619685f419c.jpeg 960w, https:\/\/21panorama.com\/wp-content\/uploads\/2021\/12\/8d34c3b6-3c15-4d66-b7d9-5619685f419c-300x200.jpeg 300w, https:\/\/21panorama.com\/wp-content\/uploads\/2021\/12\/8d34c3b6-3c15-4d66-b7d9-5619685f419c-768x512.jpeg 768w\" sizes=\"(max-width: 960px) 100vw, 960px\" \/><\/figure><\/li><li class=\"blocks-gallery-item\"><figure><img decoding=\"async\" width=\"960\" height=\"640\" src=\"https:\/\/21panorama.com\/wp-content\/uploads\/2021\/12\/a864f5aa-d437-4010-ae82-220e36cace40.jpeg\" alt=\"\" data-id=\"2664\" data-full-url=\"https:\/\/21panorama.com\/wp-content\/uploads\/2021\/12\/a864f5aa-d437-4010-ae82-220e36cace40.jpeg\" data-link=\"https:\/\/21panorama.com\/?attachment_id=2664\" class=\"wp-image-2664\" srcset=\"https:\/\/21panorama.com\/wp-content\/uploads\/2021\/12\/a864f5aa-d437-4010-ae82-220e36cace40.jpeg 960w, https:\/\/21panorama.com\/wp-content\/uploads\/2021\/12\/a864f5aa-d437-4010-ae82-220e36cace40-300x200.jpeg 300w, https:\/\/21panorama.com\/wp-content\/uploads\/2021\/12\/a864f5aa-d437-4010-ae82-220e36cace40-768x512.jpeg 768w\" sizes=\"(max-width: 960px) 100vw, 960px\" \/><\/figure><\/li><\/ul><\/figure>\n","protected":false},"excerpt":{"rendered":"<p>La UAEM galardon\u00f3 a 75 trabajadores administrativos sindicalizados y de confianza, por contribuir a generar una instituci\u00f3n m\u00e1s productiva, inclusiva y sustentable.<\/p>\n","protected":false},"author":1,"featured_media":2661,"comment_status":"open","ping_status":"open","sticky":false,"template":"","format":"standard","meta":{"footnotes":""},"categories":[1],"tags":[131],"class_list":["post-2660","post","type-post","status-publish","format-standard","has-post-thumbnail","hentry","category-sociedad","tag-uaem"],"yoast_head":"<!-- This site is optimized with the Yoast SEO plugin v24.9 - https:\/\/yoast.com\/wordpress\/plugins\/seo\/ -->\n<title>Reconoce UAEM labor responsable, \u00e9tica y creativa de trabajadores de \u00e1rea administrativa - 21 Panorama<\/title>\n<meta name=\"robots\" content=\"index, follow, max-snippet:-1, max-image-preview:large, max-video-preview:-1\" \/>\n<link rel=\"canonical\" href=\"https:\/\/21panorama.com\/index.php\/2021\/12\/07\/reconoce-uaem-labor-responsable-etica-y-creativa-de-trabajadores-de-area-administrativa\/\" \/>\n<meta property=\"og:locale\" content=\"es_MX\" \/>\n<meta property=\"og:type\" content=\"article\" \/>\n<meta property=\"og:title\" content=\"Reconoce UAEM labor responsable, \u00e9tica y creativa de trabajadores de \u00e1rea administrativa - 21 Panorama\" \/>\n<meta property=\"og:description\" content=\"La UAEM galardon\u00f3 a 75 trabajadores administrativos sindicalizados y de confianza, por contribuir a generar una instituci\u00f3n m\u00e1s productiva, inclusiva y sustentable.\" \/>\n<meta property=\"og:url\" content=\"https:\/\/21panorama.com\/index.php\/2021\/12\/07\/reconoce-uaem-labor-responsable-etica-y-creativa-de-trabajadores-de-area-administrativa\/\" \/>\n<meta property=\"og:site_name\" content=\"21 Panorama\" \/>\n<meta property=\"article:published_time\" content=\"2021-12-07T17:55:00+00:00\" \/>\n<meta property=\"article:modified_time\" content=\"2021-12-08T17:58:04+00:00\" \/>\n<meta property=\"og:image\" content=\"https:\/\/21panorama.com\/wp-content\/uploads\/2021\/12\/031c657d-3494-4591-bb9b-8b0019cfb3bb.jpeg\" \/>\n\t<meta property=\"og:image:width\" content=\"960\" \/>\n\t<meta property=\"og:image:height\" content=\"640\" \/>\n\t<meta property=\"og:image:type\" content=\"image\/jpeg\" \/>\n<meta name=\"author\" content=\"admin\" \/>\n<meta name=\"twitter:card\" content=\"summary_large_image\" \/>\n<meta name=\"twitter:label1\" content=\"Escrito por\" \/>\n\t<meta name=\"twitter:data1\" content=\"admin\" \/>\n\t<meta name=\"twitter:label2\" content=\"Tiempo de lectura\" \/>\n\t<meta name=\"twitter:data2\" content=\"3 minutos\" \/>\n<script type=\"application\/ld+json\" class=\"yoast-schema-graph\">{\"@context\":\"https:\/\/schema.org\",\"@graph\":[{\"@type\":\"Article\",\"@id\":\"https:\/\/21panorama.com\/index.php\/2021\/12\/07\/reconoce-uaem-labor-responsable-etica-y-creativa-de-trabajadores-de-area-administrativa\/#article\",\"isPartOf\":{\"@id\":\"https:\/\/21panorama.com\/index.php\/2021\/12\/07\/reconoce-uaem-labor-responsable-etica-y-creativa-de-trabajadores-de-area-administrativa\/\"},\"author\":{\"name\":\"admin\",\"@id\":\"https:\/\/21panorama.com\/#\/schema\/person\/1afc291b96d5792a158768324287319f\"},\"headline\":\"Reconoce UAEM labor responsable, \u00e9tica y creativa de trabajadores de \u00e1rea administrativa\",\"datePublished\":\"2021-12-07T17:55:00+00:00\",\"dateModified\":\"2021-12-08T17:58:04+00:00\",\"mainEntityOfPage\":{\"@id\":\"https:\/\/21panorama.com\/index.php\/2021\/12\/07\/reconoce-uaem-labor-responsable-etica-y-creativa-de-trabajadores-de-area-administrativa\/\"},\"wordCount\":366,\"commentCount\":0,\"publisher\":{\"@id\":\"https:\/\/21panorama.com\/#organization\"},\"image\":{\"@id\":\"https:\/\/21panorama.com\/index.php\/2021\/12\/07\/reconoce-uaem-labor-responsable-etica-y-creativa-de-trabajadores-de-area-administrativa\/#primaryimage\"},\"thumbnailUrl\":\"https:\/\/21panorama.com\/wp-content\/uploads\/2021\/12\/031c657d-3494-4591-bb9b-8b0019cfb3bb.jpeg\",\"keywords\":[\"UAEM\"],\"articleSection\":[\"Sociedad\"],\"inLanguage\":\"es\",\"potentialAction\":[{\"@type\":\"CommentAction\",\"name\":\"Comment\",\"target\":[\"https:\/\/21panorama.com\/index.php\/2021\/12\/07\/reconoce-uaem-labor-responsable-etica-y-creativa-de-trabajadores-de-area-administrativa\/#respond\"]}]},{\"@type\":\"WebPage\",\"@id\":\"https:\/\/21panorama.com\/index.php\/2021\/12\/07\/reconoce-uaem-labor-responsable-etica-y-creativa-de-trabajadores-de-area-administrativa\/\",\"url\":\"https:\/\/21panorama.com\/index.php\/2021\/12\/07\/reconoce-uaem-labor-responsable-etica-y-creativa-de-trabajadores-de-area-administrativa\/\",\"name\":\"Reconoce UAEM labor responsable, \u00e9tica y creativa de trabajadores de \u00e1rea administrativa - 21 Panorama\",\"isPartOf\":{\"@id\":\"https:\/\/21panorama.com\/#website\"},\"primaryImageOfPage\":{\"@id\":\"https:\/\/21panorama.com\/index.php\/2021\/12\/07\/reconoce-uaem-labor-responsable-etica-y-creativa-de-trabajadores-de-area-administrativa\/#primaryimage\"},\"image\":{\"@id\":\"https:\/\/21panorama.com\/index.php\/2021\/12\/07\/reconoce-uaem-labor-responsable-etica-y-creativa-de-trabajadores-de-area-administrativa\/#primaryimage\"},\"thumbnailUrl\":\"https:\/\/21panorama.com\/wp-content\/uploads\/2021\/12\/031c657d-3494-4591-bb9b-8b0019cfb3bb.jpeg\",\"datePublished\":\"2021-12-07T17:55:00+00:00\",\"dateModified\":\"2021-12-08T17:58:04+00:00\",\"breadcrumb\":{\"@id\":\"https:\/\/21panorama.com\/index.php\/2021\/12\/07\/reconoce-uaem-labor-responsable-etica-y-creativa-de-trabajadores-de-area-administrativa\/#breadcrumb\"},\"inLanguage\":\"es\",\"potentialAction\":[{\"@type\":\"ReadAction\",\"target\":[\"https:\/\/21panorama.com\/index.php\/2021\/12\/07\/reconoce-uaem-labor-responsable-etica-y-creativa-de-trabajadores-de-area-administrativa\/\"]}]},{\"@type\":\"ImageObject\",\"inLanguage\":\"es\",\"@id\":\"https:\/\/21panorama.com\/index.php\/2021\/12\/07\/reconoce-uaem-labor-responsable-etica-y-creativa-de-trabajadores-de-area-administrativa\/#primaryimage\",\"url\":\"https:\/\/21panorama.com\/wp-content\/uploads\/2021\/12\/031c657d-3494-4591-bb9b-8b0019cfb3bb.jpeg\",\"contentUrl\":\"https:\/\/21panorama.com\/wp-content\/uploads\/2021\/12\/031c657d-3494-4591-bb9b-8b0019cfb3bb.jpeg\",\"width\":960,\"height\":640},{\"@type\":\"BreadcrumbList\",\"@id\":\"https:\/\/21panorama.com\/index.php\/2021\/12\/07\/reconoce-uaem-labor-responsable-etica-y-creativa-de-trabajadores-de-area-administrativa\/#breadcrumb\",\"itemListElement\":[{\"@type\":\"ListItem\",\"position\":1,\"name\":\"Inicio\",\"item\":\"https:\/\/21panorama.com\/\"},{\"@type\":\"ListItem\",\"position\":2,\"name\":\"Reconoce UAEM labor responsable, \u00e9tica y creativa de trabajadores de \u00e1rea administrativa\"}]},{\"@type\":\"WebSite\",\"@id\":\"https:\/\/21panorama.com\/#website\",\"url\":\"https:\/\/21panorama.com\/\",\"name\":\"21 Panorama\",\"description\":\"La construcci\u00f3n de la opini\u00f3n p\u00fablica merece un mejor Panorama en este siglo 21 para alcanzar una sociedad con mayor transparencia y sin corrupci\u00f3n.\",\"publisher\":{\"@id\":\"https:\/\/21panorama.com\/#organization\"},\"potentialAction\":[{\"@type\":\"SearchAction\",\"target\":{\"@type\":\"EntryPoint\",\"urlTemplate\":\"https:\/\/21panorama.com\/?s={search_term_string}\"},\"query-input\":{\"@type\":\"PropertyValueSpecification\",\"valueRequired\":true,\"valueName\":\"search_term_string\"}}],\"inLanguage\":\"es\"},{\"@type\":\"Organization\",\"@id\":\"https:\/\/21panorama.com\/#organization\",\"name\":\"21 Panorama\",\"url\":\"https:\/\/21panorama.com\/\",\"logo\":{\"@type\":\"ImageObject\",\"inLanguage\":\"es\",\"@id\":\"https:\/\/21panorama.com\/#\/schema\/logo\/image\/\",\"url\":\"https:\/\/21panorama.com\/wp-content\/uploads\/2019\/07\/cropped-Logo-Panorama-01.jpeg\",\"contentUrl\":\"https:\/\/21panorama.com\/wp-content\/uploads\/2019\/07\/cropped-Logo-Panorama-01.jpeg\",\"width\":290,\"height\":70,\"caption\":\"21 Panorama\"},\"image\":{\"@id\":\"https:\/\/21panorama.com\/#\/schema\/logo\/image\/\"}},{\"@type\":\"Person\",\"@id\":\"https:\/\/21panorama.com\/#\/schema\/person\/1afc291b96d5792a158768324287319f\",\"name\":\"admin\",\"image\":{\"@type\":\"ImageObject\",\"inLanguage\":\"es\",\"@id\":\"https:\/\/21panorama.com\/#\/schema\/person\/image\/\",\"url\":\"https:\/\/secure.gravatar.com\/avatar\/ad365d9d9f46719215b0d042cc3df92a5a8683e09ef13d102233e5491985f0f0?s=96&d=mm&r=g\",\"contentUrl\":\"https:\/\/secure.gravatar.com\/avatar\/ad365d9d9f46719215b0d042cc3df92a5a8683e09ef13d102233e5491985f0f0?s=96&d=mm&r=g\",\"caption\":\"admin\"},\"url\":\"https:\/\/21panorama.com\/index.php\/author\/admin\/\"}]}<\/script>\n<!-- \/ Yoast SEO plugin. -->","yoast_head_json":{"title":"Reconoce UAEM labor responsable, \u00e9tica y creativa de trabajadores de \u00e1rea administrativa - 21 Panorama","robots":{"index":"index","follow":"follow","max-snippet":"max-snippet:-1","max-image-preview":"max-image-preview:large","max-video-preview":"max-video-preview:-1"},"canonical":"https:\/\/21panorama.com\/index.php\/2021\/12\/07\/reconoce-uaem-labor-responsable-etica-y-creativa-de-trabajadores-de-area-administrativa\/","og_locale":"es_MX","og_type":"article","og_title":"Reconoce UAEM labor responsable, \u00e9tica y creativa de trabajadores de \u00e1rea administrativa - 21 Panorama","og_description":"La UAEM galardon\u00f3 a 75 trabajadores administrativos sindicalizados y de confianza, por contribuir a generar una instituci\u00f3n m\u00e1s productiva, inclusiva y sustentable.","og_url":"https:\/\/21panorama.com\/index.php\/2021\/12\/07\/reconoce-uaem-labor-responsable-etica-y-creativa-de-trabajadores-de-area-administrativa\/","og_site_name":"21 Panorama","article_published_time":"2021-12-07T17:55:00+00:00","article_modified_time":"2021-12-08T17:58:04+00:00","og_image":[{"width":960,"height":640,"url":"https:\/\/21panorama.com\/wp-content\/uploads\/2021\/12\/031c657d-3494-4591-bb9b-8b0019cfb3bb.jpeg","type":"image\/jpeg"}],"author":"admin","twitter_card":"summary_large_image","twitter_misc":{"Escrito por":"admin","Tiempo de lectura":"3 minutos"},"schema":{"@context":"https:\/\/schema.org","@graph":[{"@type":"Article","@id":"https:\/\/21panorama.com\/index.php\/2021\/12\/07\/reconoce-uaem-labor-responsable-etica-y-creativa-de-trabajadores-de-area-administrativa\/#article","isPartOf":{"@id":"https:\/\/21panorama.com\/index.php\/2021\/12\/07\/reconoce-uaem-labor-responsable-etica-y-creativa-de-trabajadores-de-area-administrativa\/"},"author":{"name":"admin","@id":"https:\/\/21panorama.com\/#\/schema\/person\/1afc291b96d5792a158768324287319f"},"headline":"Reconoce UAEM labor responsable, \u00e9tica y creativa de trabajadores de \u00e1rea administrativa","datePublished":"2021-12-07T17:55:00+00:00","dateModified":"2021-12-08T17:58:04+00:00","mainEntityOfPage":{"@id":"https:\/\/21panorama.com\/index.php\/2021\/12\/07\/reconoce-uaem-labor-responsable-etica-y-creativa-de-trabajadores-de-area-administrativa\/"},"wordCount":366,"commentCount":0,"publisher":{"@id":"https:\/\/21panorama.com\/#organization"},"image":{"@id":"https:\/\/21panorama.com\/index.php\/2021\/12\/07\/reconoce-uaem-labor-responsable-etica-y-creativa-de-trabajadores-de-area-administrativa\/#primaryimage"},"thumbnailUrl":"https:\/\/21panorama.com\/wp-content\/uploads\/2021\/12\/031c657d-3494-4591-bb9b-8b0019cfb3bb.jpeg","keywords":["UAEM"],"articleSection":["Sociedad"],"inLanguage":"es","potentialAction":[{"@type":"CommentAction","name":"Comment","target":["https:\/\/21panorama.com\/index.php\/2021\/12\/07\/reconoce-uaem-labor-responsable-etica-y-creativa-de-trabajadores-de-area-administrativa\/#respond"]}]},{"@type":"WebPage","@id":"https:\/\/21panorama.com\/index.php\/2021\/12\/07\/reconoce-uaem-labor-responsable-etica-y-creativa-de-trabajadores-de-area-administrativa\/","url":"https:\/\/21panorama.com\/index.php\/2021\/12\/07\/reconoce-uaem-labor-responsable-etica-y-creativa-de-trabajadores-de-area-administrativa\/","name":"Reconoce UAEM labor responsable, \u00e9tica y creativa de trabajadores de \u00e1rea administrativa - 21 Panorama","isPartOf":{"@id":"https:\/\/21panorama.com\/#website"},"primaryImageOfPage":{"@id":"https:\/\/21panorama.com\/index.php\/2021\/12\/07\/reconoce-uaem-labor-responsable-etica-y-creativa-de-trabajadores-de-area-administrativa\/#primaryimage"},"image":{"@id":"https:\/\/21panorama.com\/index.php\/2021\/12\/07\/reconoce-uaem-labor-responsable-etica-y-creativa-de-trabajadores-de-area-administrativa\/#primaryimage"},"thumbnailUrl":"https:\/\/21panorama.com\/wp-content\/uploads\/2021\/12\/031c657d-3494-4591-bb9b-8b0019cfb3bb.jpeg","datePublished":"2021-12-07T17:55:00+00:00","dateModified":"2021-12-08T17:58:04+00:00","breadcrumb":{"@id":"https:\/\/21panorama.com\/index.php\/2021\/12\/07\/reconoce-uaem-labor-responsable-etica-y-creativa-de-trabajadores-de-area-administrativa\/#breadcrumb"},"inLanguage":"es","potentialAction":[{"@type":"ReadAction","target":["https:\/\/21panorama.com\/index.php\/2021\/12\/07\/reconoce-uaem-labor-responsable-etica-y-creativa-de-trabajadores-de-area-administrativa\/"]}]},{"@type":"ImageObject","inLanguage":"es","@id":"https:\/\/21panorama.com\/index.php\/2021\/12\/07\/reconoce-uaem-labor-responsable-etica-y-creativa-de-trabajadores-de-area-administrativa\/#primaryimage","url":"https:\/\/21panorama.com\/wp-content\/uploads\/2021\/12\/031c657d-3494-4591-bb9b-8b0019cfb3bb.jpeg","contentUrl":"https:\/\/21panorama.com\/wp-content\/uploads\/2021\/12\/031c657d-3494-4591-bb9b-8b0019cfb3bb.jpeg","width":960,"height":640},{"@type":"BreadcrumbList","@id":"https:\/\/21panorama.com\/index.php\/2021\/12\/07\/reconoce-uaem-labor-responsable-etica-y-creativa-de-trabajadores-de-area-administrativa\/#breadcrumb","itemListElement":[{"@type":"ListItem","position":1,"name":"Inicio","item":"https:\/\/21panorama.com\/"},{"@type":"ListItem","position":2,"name":"Reconoce UAEM labor responsable, \u00e9tica y creativa de trabajadores de \u00e1rea administrativa"}]},{"@type":"WebSite","@id":"https:\/\/21panorama.com\/#website","url":"https:\/\/21panorama.com\/","name":"21 Panorama","description":"La construcci\u00f3n de la opini\u00f3n p\u00fablica merece un mejor Panorama en este siglo 21 para alcanzar una sociedad con mayor transparencia y sin corrupci\u00f3n.","publisher":{"@id":"https:\/\/21panorama.com\/#organization"},"potentialAction":[{"@type":"SearchAction","target":{"@type":"EntryPoint","urlTemplate":"https:\/\/21panorama.com\/?s={search_term_string}"},"query-input":{"@type":"PropertyValueSpecification","valueRequired":true,"valueName":"search_term_string"}}],"inLanguage":"es"},{"@type":"Organization","@id":"https:\/\/21panorama.com\/#organization","name":"21 Panorama","url":"https:\/\/21panorama.com\/","logo":{"@type":"ImageObject","inLanguage":"es","@id":"https:\/\/21panorama.com\/#\/schema\/logo\/image\/","url":"https:\/\/21panorama.com\/wp-content\/uploads\/2019\/07\/cropped-Logo-Panorama-01.jpeg","contentUrl":"https:\/\/21panorama.com\/wp-content\/uploads\/2019\/07\/cropped-Logo-Panorama-01.jpeg","width":290,"height":70,"caption":"21 Panorama"},"image":{"@id":"https:\/\/21panorama.com\/#\/schema\/logo\/image\/"}},{"@type":"Person","@id":"https:\/\/21panorama.com\/#\/schema\/person\/1afc291b96d5792a158768324287319f","name":"admin","image":{"@type":"ImageObject","inLanguage":"es","@id":"https:\/\/21panorama.com\/#\/schema\/person\/image\/","url":"https:\/\/secure.gravatar.com\/avatar\/ad365d9d9f46719215b0d042cc3df92a5a8683e09ef13d102233e5491985f0f0?s=96&d=mm&r=g","contentUrl":"https:\/\/secure.gravatar.com\/avatar\/ad365d9d9f46719215b0d042cc3df92a5a8683e09ef13d102233e5491985f0f0?s=96&d=mm&r=g","caption":"admin"},"url":"https:\/\/21panorama.com\/index.php\/author\/admin\/"}]}},"_links":{"self":[{"href":"https:\/\/21panorama.com\/index.php\/wp-json\/wp\/v2\/posts\/2660","targetHints":{"allow":["GET"]}}],"collection":[{"href":"https:\/\/21panorama.com\/index.php\/wp-json\/wp\/v2\/posts"}],"about":[{"href":"https:\/\/21panorama.com\/index.php\/wp-json\/wp\/v2\/types\/post"}],"author":[{"embeddable":true,"href":"https:\/\/21panorama.com\/index.php\/wp-json\/wp\/v2\/users\/1"}],"replies":[{"embeddable":true,"href":"https:\/\/21panorama.com\/index.php\/wp-json\/wp\/v2\/comments?post=2660"}],"version-history":[{"count":1,"href":"https:\/\/21panorama.com\/index.php\/wp-json\/wp\/v2\/posts\/2660\/revisions"}],"predecessor-version":[{"id":2665,"href":"https:\/\/21panorama.com\/index.php\/wp-json\/wp\/v2\/posts\/2660\/revisions\/2665"}],"wp:featuredmedia":[{"embeddable":true,"href":"https:\/\/21panorama.com\/index.php\/wp-json\/wp\/v2\/media\/2661"}],"wp:attachment":[{"href":"https:\/\/21panorama.com\/index.php\/wp-json\/wp\/v2\/media?parent=2660"}],"wp:term":[{"taxonomy":"category","embeddable":true,"href":"https:\/\/21panorama.com\/index.php\/wp-json\/wp\/v2\/categories?post=2660"},{"taxonomy":"post_tag","embeddable":true,"href":"https:\/\/21panorama.com\/index.php\/wp-json\/wp\/v2\/tags?post=2660"}],"curies":[{"name":"wp","href":"https:\/\/api.w.org\/{rel}","templated":true}]}}