{"id":2654,"date":"2021-12-07T17:54:08","date_gmt":"2021-12-07T23:54:08","guid":{"rendered":"https:\/\/21panorama.com\/?p=2654"},"modified":"2021-12-07T17:54:09","modified_gmt":"2021-12-07T23:54:09","slug":"impulsa-pri-declaratoria-de-presa-madin-como-area-natural-protegida","status":"publish","type":"post","link":"https:\/\/21panorama.com\/index.php\/2021\/12\/07\/impulsa-pri-declaratoria-de-presa-madin-como-area-natural-protegida\/","title":{"rendered":"Impulsa PRI declaratoria de Presa Mad\u00edn como \u00c1rea Natural Protegida"},"content":{"rendered":"\n<p>Toluca, Estado de M\u00e9xico, 07 de diciembre de 2021.- A fin de fortalecer acciones para el cuidado y protecci\u00f3n del medio ambiente e impulsar la protecci\u00f3n de los derechos de los grupos en situaci\u00f3n de vulnerabilidad, el Grupo Parlamentario del PRI en la LXI Legislatura local present\u00f3 un Punto de Acuerdo para exhortar la declaraci\u00f3n como \u00c1rea Natural Protegida a la Presa Mad\u00edn y una Iniciativa con Proyecto de Decreto para garantizar el respeto de los derechos de los mexiquenses m\u00e1s desprotegidos.<\/p>\n\n\n\n<p>Al presentar el Punto de Acuerdo por el que se exhorta respetuosamente al Titular del Ejecutivo Federal, para que valore la posibilidad de realizar la declaratoria como \u00c1rea Natural Protegida a la Presa Mad\u00edn, con la categor\u00eda de Reserva Ecol\u00f3gica Estatal \u201cSantuario de Agua y Forestal Presa Mad\u00edn\u201d, y con ello sus accesorios legales, el diputado local David Parra, record\u00f3 que dicha presa comprende los municipios de Xonacatl\u00e1n, Jilotzingo, Naucalpan de Ju\u00e1rez y Atizap\u00e1n de Zaragoza.<\/p>\n\n\n\n<p>Dicha presa, se\u00f1al\u00f3, fue construida en 1958, con el fin de controlar avenidas del r\u00edo Tlalnepantla y para el abastecimiento de agua potable a un importante sector urbano, y hoy, debido a la degradaci\u00f3n ambiental en la zona y su desatenci\u00f3n, actualmente la presa genera olores f\u00e9tidos las 24 horas del d\u00eda, afectando aproximadamente al menos a 30,000 habitantes de la zona.<\/p>\n\n\n\n<p>Por ello, pidi\u00f3 que se exhorte tambi\u00e9n a los ayuntamientos de Xonacatl\u00e1n, Jilotzingo, Naucalpan de Ju\u00e1rez y Atizap\u00e1n de Zaragoza para que instrumenten las acciones que correspondan para mejorar los procesos de tratamiento de descargas de aguas residuales.<\/p>\n\n\n\n<p>Por su parte, la diputada local, Evelyn Osornio, present\u00f3 la Iniciativa con Proyecto de Decreto para reformar el p\u00e1rrafo cuarto del art\u00edculo quinto de la Constituci\u00f3n Pol\u00edtica del Estado Libre y Soberano de M\u00e9xico, para reconocer los Derechos Humanos de los Grupos Sociales en situaci\u00f3n de vulnerabilidad.<\/p>\n\n\n\n<p>La diputada se\u00f1al\u00f3 que dicha iniciativa, pretende contribuir a que aquellas personas o grupos con condiciones sociales, econ\u00f3micas, culturales o psicol\u00f3gicas que les impiden incorporarse al desarrollo y acceder a mejores condiciones de bienestar como las personas adultas mayores, personas con discapacidad, mujeres, ni\u00f1os, pueblos ind\u00edgenas, migrantes, refugiados, grupos de la diversidad sexual y las personas privadas de su libertad, entre otras, puedan acceder a pol\u00edticas p\u00fablicas que determinen con precisi\u00f3n su atenci\u00f3n al ser parte de los grupos sociales en situaci\u00f3n de vulnerabilidad.<\/p>\n\n\n\n<p>A trav\u00e9s de estas acciones legislativas, el Grupo Parlamentario del PRI refrenda su compromiso de impulsar iniciativas que fortalezcan el cuidado del medio ambiente, y que garanticen el respeto de los derechos de los grupos m\u00e1s vulnerables de la entidad.<\/p>\n","protected":false},"excerpt":{"rendered":"<p>Adem\u00e1s, plantean propuesta para salvaguardar los derechos de grupos en situaci\u00f3n de vulnerabilidad.<\/p>\n","protected":false},"author":1,"featured_media":2655,"comment_status":"open","ping_status":"open","sticky":false,"template":"","format":"standard","meta":{"footnotes":""},"categories":[12],"tags":[33],"class_list":["post-2654","post","type-post","status-publish","format-standard","has-post-thumbnail","hentry","category-politica","tag-pri"],"yoast_head":"<!-- This site is optimized with the Yoast SEO plugin v24.9 - https:\/\/yoast.com\/wordpress\/plugins\/seo\/ -->\n<title>Impulsa PRI declaratoria de Presa Mad\u00edn como \u00c1rea Natural Protegida - 21 Panorama<\/title>\n<meta name=\"robots\" content=\"index, follow, max-snippet:-1, max-image-preview:large, max-video-preview:-1\" \/>\n<link rel=\"canonical\" href=\"https:\/\/21panorama.com\/index.php\/2021\/12\/07\/impulsa-pri-declaratoria-de-presa-madin-como-area-natural-protegida\/\" \/>\n<meta property=\"og:locale\" content=\"es_MX\" \/>\n<meta property=\"og:type\" content=\"article\" \/>\n<meta property=\"og:title\" content=\"Impulsa PRI declaratoria de Presa Mad\u00edn como \u00c1rea Natural Protegida - 21 Panorama\" \/>\n<meta property=\"og:description\" content=\"Adem\u00e1s, plantean propuesta para salvaguardar los derechos de grupos en situaci\u00f3n de vulnerabilidad.\" \/>\n<meta property=\"og:url\" content=\"https:\/\/21panorama.com\/index.php\/2021\/12\/07\/impulsa-pri-declaratoria-de-presa-madin-como-area-natural-protegida\/\" \/>\n<meta property=\"og:site_name\" content=\"21 Panorama\" \/>\n<meta property=\"article:published_time\" content=\"2021-12-07T23:54:08+00:00\" \/>\n<meta property=\"article:modified_time\" content=\"2021-12-07T23:54:09+00:00\" \/>\n<meta property=\"og:image\" content=\"https:\/\/21panorama.com\/wp-content\/uploads\/2021\/12\/588619f1-93f5-4ae5-a44c-f9b3f0c01793.jpeg\" \/>\n\t<meta property=\"og:image:width\" content=\"845\" \/>\n\t<meta property=\"og:image:height\" content=\"587\" \/>\n\t<meta property=\"og:image:type\" content=\"image\/jpeg\" \/>\n<meta name=\"author\" content=\"admin\" \/>\n<meta name=\"twitter:card\" content=\"summary_large_image\" \/>\n<meta name=\"twitter:label1\" content=\"Escrito por\" \/>\n\t<meta name=\"twitter:data1\" content=\"admin\" \/>\n\t<meta name=\"twitter:label2\" content=\"Tiempo de lectura\" \/>\n\t<meta name=\"twitter:data2\" content=\"2 minutos\" \/>\n<script type=\"application\/ld+json\" class=\"yoast-schema-graph\">{\"@context\":\"https:\/\/schema.org\",\"@graph\":[{\"@type\":\"Article\",\"@id\":\"https:\/\/21panorama.com\/index.php\/2021\/12\/07\/impulsa-pri-declaratoria-de-presa-madin-como-area-natural-protegida\/#article\",\"isPartOf\":{\"@id\":\"https:\/\/21panorama.com\/index.php\/2021\/12\/07\/impulsa-pri-declaratoria-de-presa-madin-como-area-natural-protegida\/\"},\"author\":{\"name\":\"admin\",\"@id\":\"https:\/\/21panorama.com\/#\/schema\/person\/1afc291b96d5792a158768324287319f\"},\"headline\":\"Impulsa PRI declaratoria de Presa Mad\u00edn como \u00c1rea Natural Protegida\",\"datePublished\":\"2021-12-07T23:54:08+00:00\",\"dateModified\":\"2021-12-07T23:54:09+00:00\",\"mainEntityOfPage\":{\"@id\":\"https:\/\/21panorama.com\/index.php\/2021\/12\/07\/impulsa-pri-declaratoria-de-presa-madin-como-area-natural-protegida\/\"},\"wordCount\":478,\"commentCount\":0,\"publisher\":{\"@id\":\"https:\/\/21panorama.com\/#organization\"},\"image\":{\"@id\":\"https:\/\/21panorama.com\/index.php\/2021\/12\/07\/impulsa-pri-declaratoria-de-presa-madin-como-area-natural-protegida\/#primaryimage\"},\"thumbnailUrl\":\"https:\/\/21panorama.com\/wp-content\/uploads\/2021\/12\/588619f1-93f5-4ae5-a44c-f9b3f0c01793.jpeg\",\"keywords\":[\"PRI\"],\"articleSection\":[\"Politica\"],\"inLanguage\":\"es\",\"potentialAction\":[{\"@type\":\"CommentAction\",\"name\":\"Comment\",\"target\":[\"https:\/\/21panorama.com\/index.php\/2021\/12\/07\/impulsa-pri-declaratoria-de-presa-madin-como-area-natural-protegida\/#respond\"]}]},{\"@type\":\"WebPage\",\"@id\":\"https:\/\/21panorama.com\/index.php\/2021\/12\/07\/impulsa-pri-declaratoria-de-presa-madin-como-area-natural-protegida\/\",\"url\":\"https:\/\/21panorama.com\/index.php\/2021\/12\/07\/impulsa-pri-declaratoria-de-presa-madin-como-area-natural-protegida\/\",\"name\":\"Impulsa PRI declaratoria de Presa Mad\u00edn como \u00c1rea Natural Protegida - 21 Panorama\",\"isPartOf\":{\"@id\":\"https:\/\/21panorama.com\/#website\"},\"primaryImageOfPage\":{\"@id\":\"https:\/\/21panorama.com\/index.php\/2021\/12\/07\/impulsa-pri-declaratoria-de-presa-madin-como-area-natural-protegida\/#primaryimage\"},\"image\":{\"@id\":\"https:\/\/21panorama.com\/index.php\/2021\/12\/07\/impulsa-pri-declaratoria-de-presa-madin-como-area-natural-protegida\/#primaryimage\"},\"thumbnailUrl\":\"https:\/\/21panorama.com\/wp-content\/uploads\/2021\/12\/588619f1-93f5-4ae5-a44c-f9b3f0c01793.jpeg\",\"datePublished\":\"2021-12-07T23:54:08+00:00\",\"dateModified\":\"2021-12-07T23:54:09+00:00\",\"breadcrumb\":{\"@id\":\"https:\/\/21panorama.com\/index.php\/2021\/12\/07\/impulsa-pri-declaratoria-de-presa-madin-como-area-natural-protegida\/#breadcrumb\"},\"inLanguage\":\"es\",\"potentialAction\":[{\"@type\":\"ReadAction\",\"target\":[\"https:\/\/21panorama.com\/index.php\/2021\/12\/07\/impulsa-pri-declaratoria-de-presa-madin-como-area-natural-protegida\/\"]}]},{\"@type\":\"ImageObject\",\"inLanguage\":\"es\",\"@id\":\"https:\/\/21panorama.com\/index.php\/2021\/12\/07\/impulsa-pri-declaratoria-de-presa-madin-como-area-natural-protegida\/#primaryimage\",\"url\":\"https:\/\/21panorama.com\/wp-content\/uploads\/2021\/12\/588619f1-93f5-4ae5-a44c-f9b3f0c01793.jpeg\",\"contentUrl\":\"https:\/\/21panorama.com\/wp-content\/uploads\/2021\/12\/588619f1-93f5-4ae5-a44c-f9b3f0c01793.jpeg\",\"width\":845,\"height\":587},{\"@type\":\"BreadcrumbList\",\"@id\":\"https:\/\/21panorama.com\/index.php\/2021\/12\/07\/impulsa-pri-declaratoria-de-presa-madin-como-area-natural-protegida\/#breadcrumb\",\"itemListElement\":[{\"@type\":\"ListItem\",\"position\":1,\"name\":\"Inicio\",\"item\":\"https:\/\/21panorama.com\/\"},{\"@type\":\"ListItem\",\"position\":2,\"name\":\"Impulsa PRI declaratoria de Presa Mad\u00edn como \u00c1rea Natural Protegida\"}]},{\"@type\":\"WebSite\",\"@id\":\"https:\/\/21panorama.com\/#website\",\"url\":\"https:\/\/21panorama.com\/\",\"name\":\"21 Panorama\",\"description\":\"La construcci\u00f3n de la opini\u00f3n p\u00fablica merece un mejor Panorama en este siglo 21 para alcanzar una sociedad con mayor transparencia y sin corrupci\u00f3n.\",\"publisher\":{\"@id\":\"https:\/\/21panorama.com\/#organization\"},\"potentialAction\":[{\"@type\":\"SearchAction\",\"target\":{\"@type\":\"EntryPoint\",\"urlTemplate\":\"https:\/\/21panorama.com\/?s={search_term_string}\"},\"query-input\":{\"@type\":\"PropertyValueSpecification\",\"valueRequired\":true,\"valueName\":\"search_term_string\"}}],\"inLanguage\":\"es\"},{\"@type\":\"Organization\",\"@id\":\"https:\/\/21panorama.com\/#organization\",\"name\":\"21 Panorama\",\"url\":\"https:\/\/21panorama.com\/\",\"logo\":{\"@type\":\"ImageObject\",\"inLanguage\":\"es\",\"@id\":\"https:\/\/21panorama.com\/#\/schema\/logo\/image\/\",\"url\":\"https:\/\/21panorama.com\/wp-content\/uploads\/2019\/07\/cropped-Logo-Panorama-01.jpeg\",\"contentUrl\":\"https:\/\/21panorama.com\/wp-content\/uploads\/2019\/07\/cropped-Logo-Panorama-01.jpeg\",\"width\":290,\"height\":70,\"caption\":\"21 Panorama\"},\"image\":{\"@id\":\"https:\/\/21panorama.com\/#\/schema\/logo\/image\/\"}},{\"@type\":\"Person\",\"@id\":\"https:\/\/21panorama.com\/#\/schema\/person\/1afc291b96d5792a158768324287319f\",\"name\":\"admin\",\"image\":{\"@type\":\"ImageObject\",\"inLanguage\":\"es\",\"@id\":\"https:\/\/21panorama.com\/#\/schema\/person\/image\/\",\"url\":\"https:\/\/secure.gravatar.com\/avatar\/ad365d9d9f46719215b0d042cc3df92a5a8683e09ef13d102233e5491985f0f0?s=96&d=mm&r=g\",\"contentUrl\":\"https:\/\/secure.gravatar.com\/avatar\/ad365d9d9f46719215b0d042cc3df92a5a8683e09ef13d102233e5491985f0f0?s=96&d=mm&r=g\",\"caption\":\"admin\"},\"url\":\"https:\/\/21panorama.com\/index.php\/author\/admin\/\"}]}<\/script>\n<!-- \/ Yoast SEO plugin. -->","yoast_head_json":{"title":"Impulsa PRI declaratoria de Presa Mad\u00edn como \u00c1rea Natural Protegida - 21 Panorama","robots":{"index":"index","follow":"follow","max-snippet":"max-snippet:-1","max-image-preview":"max-image-preview:large","max-video-preview":"max-video-preview:-1"},"canonical":"https:\/\/21panorama.com\/index.php\/2021\/12\/07\/impulsa-pri-declaratoria-de-presa-madin-como-area-natural-protegida\/","og_locale":"es_MX","og_type":"article","og_title":"Impulsa PRI declaratoria de Presa Mad\u00edn como \u00c1rea Natural Protegida - 21 Panorama","og_description":"Adem\u00e1s, plantean propuesta para salvaguardar los derechos de grupos en situaci\u00f3n de vulnerabilidad.","og_url":"https:\/\/21panorama.com\/index.php\/2021\/12\/07\/impulsa-pri-declaratoria-de-presa-madin-como-area-natural-protegida\/","og_site_name":"21 Panorama","article_published_time":"2021-12-07T23:54:08+00:00","article_modified_time":"2021-12-07T23:54:09+00:00","og_image":[{"width":845,"height":587,"url":"https:\/\/21panorama.com\/wp-content\/uploads\/2021\/12\/588619f1-93f5-4ae5-a44c-f9b3f0c01793.jpeg","type":"image\/jpeg"}],"author":"admin","twitter_card":"summary_large_image","twitter_misc":{"Escrito por":"admin","Tiempo de lectura":"2 minutos"},"schema":{"@context":"https:\/\/schema.org","@graph":[{"@type":"Article","@id":"https:\/\/21panorama.com\/index.php\/2021\/12\/07\/impulsa-pri-declaratoria-de-presa-madin-como-area-natural-protegida\/#article","isPartOf":{"@id":"https:\/\/21panorama.com\/index.php\/2021\/12\/07\/impulsa-pri-declaratoria-de-presa-madin-como-area-natural-protegida\/"},"author":{"name":"admin","@id":"https:\/\/21panorama.com\/#\/schema\/person\/1afc291b96d5792a158768324287319f"},"headline":"Impulsa PRI declaratoria de Presa Mad\u00edn como \u00c1rea Natural Protegida","datePublished":"2021-12-07T23:54:08+00:00","dateModified":"2021-12-07T23:54:09+00:00","mainEntityOfPage":{"@id":"https:\/\/21panorama.com\/index.php\/2021\/12\/07\/impulsa-pri-declaratoria-de-presa-madin-como-area-natural-protegida\/"},"wordCount":478,"commentCount":0,"publisher":{"@id":"https:\/\/21panorama.com\/#organization"},"image":{"@id":"https:\/\/21panorama.com\/index.php\/2021\/12\/07\/impulsa-pri-declaratoria-de-presa-madin-como-area-natural-protegida\/#primaryimage"},"thumbnailUrl":"https:\/\/21panorama.com\/wp-content\/uploads\/2021\/12\/588619f1-93f5-4ae5-a44c-f9b3f0c01793.jpeg","keywords":["PRI"],"articleSection":["Politica"],"inLanguage":"es","potentialAction":[{"@type":"CommentAction","name":"Comment","target":["https:\/\/21panorama.com\/index.php\/2021\/12\/07\/impulsa-pri-declaratoria-de-presa-madin-como-area-natural-protegida\/#respond"]}]},{"@type":"WebPage","@id":"https:\/\/21panorama.com\/index.php\/2021\/12\/07\/impulsa-pri-declaratoria-de-presa-madin-como-area-natural-protegida\/","url":"https:\/\/21panorama.com\/index.php\/2021\/12\/07\/impulsa-pri-declaratoria-de-presa-madin-como-area-natural-protegida\/","name":"Impulsa PRI declaratoria de Presa Mad\u00edn como \u00c1rea Natural Protegida - 21 Panorama","isPartOf":{"@id":"https:\/\/21panorama.com\/#website"},"primaryImageOfPage":{"@id":"https:\/\/21panorama.com\/index.php\/2021\/12\/07\/impulsa-pri-declaratoria-de-presa-madin-como-area-natural-protegida\/#primaryimage"},"image":{"@id":"https:\/\/21panorama.com\/index.php\/2021\/12\/07\/impulsa-pri-declaratoria-de-presa-madin-como-area-natural-protegida\/#primaryimage"},"thumbnailUrl":"https:\/\/21panorama.com\/wp-content\/uploads\/2021\/12\/588619f1-93f5-4ae5-a44c-f9b3f0c01793.jpeg","datePublished":"2021-12-07T23:54:08+00:00","dateModified":"2021-12-07T23:54:09+00:00","breadcrumb":{"@id":"https:\/\/21panorama.com\/index.php\/2021\/12\/07\/impulsa-pri-declaratoria-de-presa-madin-como-area-natural-protegida\/#breadcrumb"},"inLanguage":"es","potentialAction":[{"@type":"ReadAction","target":["https:\/\/21panorama.com\/index.php\/2021\/12\/07\/impulsa-pri-declaratoria-de-presa-madin-como-area-natural-protegida\/"]}]},{"@type":"ImageObject","inLanguage":"es","@id":"https:\/\/21panorama.com\/index.php\/2021\/12\/07\/impulsa-pri-declaratoria-de-presa-madin-como-area-natural-protegida\/#primaryimage","url":"https:\/\/21panorama.com\/wp-content\/uploads\/2021\/12\/588619f1-93f5-4ae5-a44c-f9b3f0c01793.jpeg","contentUrl":"https:\/\/21panorama.com\/wp-content\/uploads\/2021\/12\/588619f1-93f5-4ae5-a44c-f9b3f0c01793.jpeg","width":845,"height":587},{"@type":"BreadcrumbList","@id":"https:\/\/21panorama.com\/index.php\/2021\/12\/07\/impulsa-pri-declaratoria-de-presa-madin-como-area-natural-protegida\/#breadcrumb","itemListElement":[{"@type":"ListItem","position":1,"name":"Inicio","item":"https:\/\/21panorama.com\/"},{"@type":"ListItem","position":2,"name":"Impulsa PRI declaratoria de Presa Mad\u00edn como \u00c1rea Natural Protegida"}]},{"@type":"WebSite","@id":"https:\/\/21panorama.com\/#website","url":"https:\/\/21panorama.com\/","name":"21 Panorama","description":"La construcci\u00f3n de la opini\u00f3n p\u00fablica merece un mejor Panorama en este siglo 21 para alcanzar una sociedad con mayor transparencia y sin corrupci\u00f3n.","publisher":{"@id":"https:\/\/21panorama.com\/#organization"},"potentialAction":[{"@type":"SearchAction","target":{"@type":"EntryPoint","urlTemplate":"https:\/\/21panorama.com\/?s={search_term_string}"},"query-input":{"@type":"PropertyValueSpecification","valueRequired":true,"valueName":"search_term_string"}}],"inLanguage":"es"},{"@type":"Organization","@id":"https:\/\/21panorama.com\/#organization","name":"21 Panorama","url":"https:\/\/21panorama.com\/","logo":{"@type":"ImageObject","inLanguage":"es","@id":"https:\/\/21panorama.com\/#\/schema\/logo\/image\/","url":"https:\/\/21panorama.com\/wp-content\/uploads\/2019\/07\/cropped-Logo-Panorama-01.jpeg","contentUrl":"https:\/\/21panorama.com\/wp-content\/uploads\/2019\/07\/cropped-Logo-Panorama-01.jpeg","width":290,"height":70,"caption":"21 Panorama"},"image":{"@id":"https:\/\/21panorama.com\/#\/schema\/logo\/image\/"}},{"@type":"Person","@id":"https:\/\/21panorama.com\/#\/schema\/person\/1afc291b96d5792a158768324287319f","name":"admin","image":{"@type":"ImageObject","inLanguage":"es","@id":"https:\/\/21panorama.com\/#\/schema\/person\/image\/","url":"https:\/\/secure.gravatar.com\/avatar\/ad365d9d9f46719215b0d042cc3df92a5a8683e09ef13d102233e5491985f0f0?s=96&d=mm&r=g","contentUrl":"https:\/\/secure.gravatar.com\/avatar\/ad365d9d9f46719215b0d042cc3df92a5a8683e09ef13d102233e5491985f0f0?s=96&d=mm&r=g","caption":"admin"},"url":"https:\/\/21panorama.com\/index.php\/author\/admin\/"}]}},"_links":{"self":[{"href":"https:\/\/21panorama.com\/index.php\/wp-json\/wp\/v2\/posts\/2654","targetHints":{"allow":["GET"]}}],"collection":[{"href":"https:\/\/21panorama.com\/index.php\/wp-json\/wp\/v2\/posts"}],"about":[{"href":"https:\/\/21panorama.com\/index.php\/wp-json\/wp\/v2\/types\/post"}],"author":[{"embeddable":true,"href":"https:\/\/21panorama.com\/index.php\/wp-json\/wp\/v2\/users\/1"}],"replies":[{"embeddable":true,"href":"https:\/\/21panorama.com\/index.php\/wp-json\/wp\/v2\/comments?post=2654"}],"version-history":[{"count":1,"href":"https:\/\/21panorama.com\/index.php\/wp-json\/wp\/v2\/posts\/2654\/revisions"}],"predecessor-version":[{"id":2656,"href":"https:\/\/21panorama.com\/index.php\/wp-json\/wp\/v2\/posts\/2654\/revisions\/2656"}],"wp:featuredmedia":[{"embeddable":true,"href":"https:\/\/21panorama.com\/index.php\/wp-json\/wp\/v2\/media\/2655"}],"wp:attachment":[{"href":"https:\/\/21panorama.com\/index.php\/wp-json\/wp\/v2\/media?parent=2654"}],"wp:term":[{"taxonomy":"category","embeddable":true,"href":"https:\/\/21panorama.com\/index.php\/wp-json\/wp\/v2\/categories?post=2654"},{"taxonomy":"post_tag","embeddable":true,"href":"https:\/\/21panorama.com\/index.php\/wp-json\/wp\/v2\/tags?post=2654"}],"curies":[{"name":"wp","href":"https:\/\/api.w.org\/{rel}","templated":true}]}}