{"id":2642,"date":"2021-12-07T15:16:51","date_gmt":"2021-12-07T21:16:51","guid":{"rendered":"https:\/\/21panorama.com\/?p=2642"},"modified":"2021-12-07T15:16:52","modified_gmt":"2021-12-07T21:16:52","slug":"proponen-otorgar-becas-a-hijas-e-hijos-de-personal-militar-menores-de-siete-anos","status":"publish","type":"post","link":"https:\/\/21panorama.com\/index.php\/2021\/12\/07\/proponen-otorgar-becas-a-hijas-e-hijos-de-personal-militar-menores-de-siete-anos\/","title":{"rendered":"Proponen otorgar becas a hijas e hijos de personal militar, menores de siete a\u00f1os"},"content":{"rendered":"\n<p>El diputado Aguilar Castillo (PRI) present\u00f3 reformas a la Ley del Instituto de Seguridad Social para las Fuerzas Armadas<br>El diputado Ricardo Aguilar Castillo (PRI) plante\u00f3 reformar los art\u00edculos 18 y 138 de la Ley del Instituto de Seguridad Social para las Fuerzas Armadas Mexicanas, para que dentro de los beneficios sociales se incorpore la beca infantil, destinada a las hijas y los hijos del personal militar en activo, en rango de edad de 45 d\u00edas de nacido hasta los 7 a\u00f1os cumplidos.<\/p>\n\n\n\n<p>La iniciativa, enviada a la Comisi\u00f3n de Defensa Nacional, precisa que al personal que no se encuentre en una plaza de importancia o no cuenten con apoyo solidario de pareja, familiares o persona de confianza que pueda atender a su o sus menores, se le cubrir\u00e1 el cien por ciento del costo que implique la atenci\u00f3n integral de sus hijas o hijos por profesionales de la educaci\u00f3n y cuidado infantil, para el rango de edad mencionado.<\/p>\n\n\n\n<p>Se\u00f1ala que, dentro de los beneficios de \u00edndole social, se encuentran las becas de manutenci\u00f3n, colegiatura y especiales, dirigidas a hijos de militares en activo y retiro, as\u00ed como a los que hayan fallecido, desaparecido o se hayan incapacitado en primera o segunda categor\u00edas, las cuales se concentran en menores, en un rango que va de los 7 a\u00f1os hasta pasando la mayor\u00eda de edad, en caso de seguir estudiando, pero no existe un apoyo de igual magnitud a las y los hijos, de 45 d\u00edas de nacidos hasta los 7 a\u00f1os.<\/p>\n\n\n\n<p>Adem\u00e1s, la ley en su art\u00edculo 136 hace menci\u00f3n de los centros de bienestar infantil que atienden a los menores de este rango de edad, pero de una forma parcial y focalizada a plazas de importancia; en su art\u00edculo 149 refiere un servicio materno infantil que s\u00f3lo contempla a madres y cuyo servicio comprende consulta y tratamiento obst\u00e9trico y prenatal, atenci\u00f3n del parto, atenci\u00f3n del infante y ayuda a la lactancia.<\/p>\n\n\n\n<p>Considera fundamental que el Instituto de Seguridad Social para las Fuerzas Armadas Mexicanas est\u00e9 facultado para otorgar a las y los hijos de militares acciones de cuidado, as\u00ed como incorporar la beca infantil, que reforzar\u00eda el sentido de pertenencia de los militares, al ampliar prestaciones sociales y brindar certeza jur\u00eddica y emocional.<\/p>\n\n\n\n<p>A\u00f1ade que la din\u00e1mica social obliga a la actualizaci\u00f3n e incremento de las prestaciones de esa \u00edndole, las cuales ayudan directamente a disminuir las deserciones o separaciones que se registran en las Fuerzas Armadas, fortaleciendo la consistencia y solidez de la instituci\u00f3n castrense.<\/p>\n","protected":false},"excerpt":{"rendered":"<p>El diputado Aguilar Castillo (PRI) present\u00f3 reformas a la Ley del Instituto de Seguridad Social para las Fuerzas Armadas<\/p>\n","protected":false},"author":1,"featured_media":2643,"comment_status":"open","ping_status":"open","sticky":false,"template":"","format":"standard","meta":{"footnotes":""},"categories":[1],"tags":[239],"class_list":["post-2642","post","type-post","status-publish","format-standard","has-post-thumbnail","hentry","category-sociedad","tag-becas"],"yoast_head":"<!-- This site is optimized with the Yoast SEO plugin v24.9 - https:\/\/yoast.com\/wordpress\/plugins\/seo\/ -->\n<title>Proponen otorgar becas a hijas e hijos de personal militar, menores de siete a\u00f1os - 21 Panorama<\/title>\n<meta name=\"robots\" content=\"index, follow, max-snippet:-1, max-image-preview:large, max-video-preview:-1\" \/>\n<link rel=\"canonical\" href=\"https:\/\/21panorama.com\/index.php\/2021\/12\/07\/proponen-otorgar-becas-a-hijas-e-hijos-de-personal-militar-menores-de-siete-anos\/\" \/>\n<meta property=\"og:locale\" content=\"es_MX\" \/>\n<meta property=\"og:type\" content=\"article\" \/>\n<meta property=\"og:title\" content=\"Proponen otorgar becas a hijas e hijos de personal militar, menores de siete a\u00f1os - 21 Panorama\" \/>\n<meta property=\"og:description\" content=\"El diputado Aguilar Castillo (PRI) present\u00f3 reformas a la Ley del Instituto de Seguridad Social para las Fuerzas Armadas\" \/>\n<meta property=\"og:url\" content=\"https:\/\/21panorama.com\/index.php\/2021\/12\/07\/proponen-otorgar-becas-a-hijas-e-hijos-de-personal-militar-menores-de-siete-anos\/\" \/>\n<meta property=\"og:site_name\" content=\"21 Panorama\" \/>\n<meta property=\"article:published_time\" content=\"2021-12-07T21:16:51+00:00\" \/>\n<meta property=\"article:modified_time\" content=\"2021-12-07T21:16:52+00:00\" \/>\n<meta property=\"og:image\" content=\"https:\/\/21panorama.com\/wp-content\/uploads\/2021\/12\/184a0b0f-7ccf-4bf9-a432-22e020b42ce2.jpeg\" \/>\n\t<meta property=\"og:image:width\" content=\"720\" \/>\n\t<meta property=\"og:image:height\" content=\"960\" \/>\n\t<meta property=\"og:image:type\" content=\"image\/jpeg\" \/>\n<meta name=\"author\" content=\"admin\" \/>\n<meta name=\"twitter:card\" content=\"summary_large_image\" \/>\n<meta name=\"twitter:label1\" content=\"Escrito por\" \/>\n\t<meta name=\"twitter:data1\" content=\"admin\" \/>\n\t<meta name=\"twitter:label2\" content=\"Tiempo de lectura\" \/>\n\t<meta name=\"twitter:data2\" content=\"2 minutos\" \/>\n<script type=\"application\/ld+json\" class=\"yoast-schema-graph\">{\"@context\":\"https:\/\/schema.org\",\"@graph\":[{\"@type\":\"Article\",\"@id\":\"https:\/\/21panorama.com\/index.php\/2021\/12\/07\/proponen-otorgar-becas-a-hijas-e-hijos-de-personal-militar-menores-de-siete-anos\/#article\",\"isPartOf\":{\"@id\":\"https:\/\/21panorama.com\/index.php\/2021\/12\/07\/proponen-otorgar-becas-a-hijas-e-hijos-de-personal-militar-menores-de-siete-anos\/\"},\"author\":{\"name\":\"admin\",\"@id\":\"https:\/\/21panorama.com\/#\/schema\/person\/1afc291b96d5792a158768324287319f\"},\"headline\":\"Proponen otorgar becas a hijas e hijos de personal militar, menores de siete a\u00f1os\",\"datePublished\":\"2021-12-07T21:16:51+00:00\",\"dateModified\":\"2021-12-07T21:16:52+00:00\",\"mainEntityOfPage\":{\"@id\":\"https:\/\/21panorama.com\/index.php\/2021\/12\/07\/proponen-otorgar-becas-a-hijas-e-hijos-de-personal-militar-menores-de-siete-anos\/\"},\"wordCount\":449,\"commentCount\":0,\"publisher\":{\"@id\":\"https:\/\/21panorama.com\/#organization\"},\"image\":{\"@id\":\"https:\/\/21panorama.com\/index.php\/2021\/12\/07\/proponen-otorgar-becas-a-hijas-e-hijos-de-personal-militar-menores-de-siete-anos\/#primaryimage\"},\"thumbnailUrl\":\"https:\/\/21panorama.com\/wp-content\/uploads\/2021\/12\/184a0b0f-7ccf-4bf9-a432-22e020b42ce2.jpeg\",\"keywords\":[\"BECAS\"],\"articleSection\":[\"Sociedad\"],\"inLanguage\":\"es\",\"potentialAction\":[{\"@type\":\"CommentAction\",\"name\":\"Comment\",\"target\":[\"https:\/\/21panorama.com\/index.php\/2021\/12\/07\/proponen-otorgar-becas-a-hijas-e-hijos-de-personal-militar-menores-de-siete-anos\/#respond\"]}]},{\"@type\":\"WebPage\",\"@id\":\"https:\/\/21panorama.com\/index.php\/2021\/12\/07\/proponen-otorgar-becas-a-hijas-e-hijos-de-personal-militar-menores-de-siete-anos\/\",\"url\":\"https:\/\/21panorama.com\/index.php\/2021\/12\/07\/proponen-otorgar-becas-a-hijas-e-hijos-de-personal-militar-menores-de-siete-anos\/\",\"name\":\"Proponen otorgar becas a hijas e hijos de personal militar, menores de siete a\u00f1os - 21 Panorama\",\"isPartOf\":{\"@id\":\"https:\/\/21panorama.com\/#website\"},\"primaryImageOfPage\":{\"@id\":\"https:\/\/21panorama.com\/index.php\/2021\/12\/07\/proponen-otorgar-becas-a-hijas-e-hijos-de-personal-militar-menores-de-siete-anos\/#primaryimage\"},\"image\":{\"@id\":\"https:\/\/21panorama.com\/index.php\/2021\/12\/07\/proponen-otorgar-becas-a-hijas-e-hijos-de-personal-militar-menores-de-siete-anos\/#primaryimage\"},\"thumbnailUrl\":\"https:\/\/21panorama.com\/wp-content\/uploads\/2021\/12\/184a0b0f-7ccf-4bf9-a432-22e020b42ce2.jpeg\",\"datePublished\":\"2021-12-07T21:16:51+00:00\",\"dateModified\":\"2021-12-07T21:16:52+00:00\",\"breadcrumb\":{\"@id\":\"https:\/\/21panorama.com\/index.php\/2021\/12\/07\/proponen-otorgar-becas-a-hijas-e-hijos-de-personal-militar-menores-de-siete-anos\/#breadcrumb\"},\"inLanguage\":\"es\",\"potentialAction\":[{\"@type\":\"ReadAction\",\"target\":[\"https:\/\/21panorama.com\/index.php\/2021\/12\/07\/proponen-otorgar-becas-a-hijas-e-hijos-de-personal-militar-menores-de-siete-anos\/\"]}]},{\"@type\":\"ImageObject\",\"inLanguage\":\"es\",\"@id\":\"https:\/\/21panorama.com\/index.php\/2021\/12\/07\/proponen-otorgar-becas-a-hijas-e-hijos-de-personal-militar-menores-de-siete-anos\/#primaryimage\",\"url\":\"https:\/\/21panorama.com\/wp-content\/uploads\/2021\/12\/184a0b0f-7ccf-4bf9-a432-22e020b42ce2.jpeg\",\"contentUrl\":\"https:\/\/21panorama.com\/wp-content\/uploads\/2021\/12\/184a0b0f-7ccf-4bf9-a432-22e020b42ce2.jpeg\",\"width\":720,\"height\":960},{\"@type\":\"BreadcrumbList\",\"@id\":\"https:\/\/21panorama.com\/index.php\/2021\/12\/07\/proponen-otorgar-becas-a-hijas-e-hijos-de-personal-militar-menores-de-siete-anos\/#breadcrumb\",\"itemListElement\":[{\"@type\":\"ListItem\",\"position\":1,\"name\":\"Inicio\",\"item\":\"https:\/\/21panorama.com\/\"},{\"@type\":\"ListItem\",\"position\":2,\"name\":\"Proponen otorgar becas a hijas e hijos de personal militar, menores de siete a\u00f1os\"}]},{\"@type\":\"WebSite\",\"@id\":\"https:\/\/21panorama.com\/#website\",\"url\":\"https:\/\/21panorama.com\/\",\"name\":\"21 Panorama\",\"description\":\"La construcci\u00f3n de la opini\u00f3n p\u00fablica merece un mejor Panorama en este siglo 21 para alcanzar una sociedad con mayor transparencia y sin corrupci\u00f3n.\",\"publisher\":{\"@id\":\"https:\/\/21panorama.com\/#organization\"},\"potentialAction\":[{\"@type\":\"SearchAction\",\"target\":{\"@type\":\"EntryPoint\",\"urlTemplate\":\"https:\/\/21panorama.com\/?s={search_term_string}\"},\"query-input\":{\"@type\":\"PropertyValueSpecification\",\"valueRequired\":true,\"valueName\":\"search_term_string\"}}],\"inLanguage\":\"es\"},{\"@type\":\"Organization\",\"@id\":\"https:\/\/21panorama.com\/#organization\",\"name\":\"21 Panorama\",\"url\":\"https:\/\/21panorama.com\/\",\"logo\":{\"@type\":\"ImageObject\",\"inLanguage\":\"es\",\"@id\":\"https:\/\/21panorama.com\/#\/schema\/logo\/image\/\",\"url\":\"https:\/\/21panorama.com\/wp-content\/uploads\/2019\/07\/cropped-Logo-Panorama-01.jpeg\",\"contentUrl\":\"https:\/\/21panorama.com\/wp-content\/uploads\/2019\/07\/cropped-Logo-Panorama-01.jpeg\",\"width\":290,\"height\":70,\"caption\":\"21 Panorama\"},\"image\":{\"@id\":\"https:\/\/21panorama.com\/#\/schema\/logo\/image\/\"}},{\"@type\":\"Person\",\"@id\":\"https:\/\/21panorama.com\/#\/schema\/person\/1afc291b96d5792a158768324287319f\",\"name\":\"admin\",\"image\":{\"@type\":\"ImageObject\",\"inLanguage\":\"es\",\"@id\":\"https:\/\/21panorama.com\/#\/schema\/person\/image\/\",\"url\":\"https:\/\/secure.gravatar.com\/avatar\/ad365d9d9f46719215b0d042cc3df92a5a8683e09ef13d102233e5491985f0f0?s=96&d=mm&r=g\",\"contentUrl\":\"https:\/\/secure.gravatar.com\/avatar\/ad365d9d9f46719215b0d042cc3df92a5a8683e09ef13d102233e5491985f0f0?s=96&d=mm&r=g\",\"caption\":\"admin\"},\"url\":\"https:\/\/21panorama.com\/index.php\/author\/admin\/\"}]}<\/script>\n<!-- \/ Yoast SEO plugin. -->","yoast_head_json":{"title":"Proponen otorgar becas a hijas e hijos de personal militar, menores de siete a\u00f1os - 21 Panorama","robots":{"index":"index","follow":"follow","max-snippet":"max-snippet:-1","max-image-preview":"max-image-preview:large","max-video-preview":"max-video-preview:-1"},"canonical":"https:\/\/21panorama.com\/index.php\/2021\/12\/07\/proponen-otorgar-becas-a-hijas-e-hijos-de-personal-militar-menores-de-siete-anos\/","og_locale":"es_MX","og_type":"article","og_title":"Proponen otorgar becas a hijas e hijos de personal militar, menores de siete a\u00f1os - 21 Panorama","og_description":"El diputado Aguilar Castillo (PRI) present\u00f3 reformas a la Ley del Instituto de Seguridad Social para las Fuerzas Armadas","og_url":"https:\/\/21panorama.com\/index.php\/2021\/12\/07\/proponen-otorgar-becas-a-hijas-e-hijos-de-personal-militar-menores-de-siete-anos\/","og_site_name":"21 Panorama","article_published_time":"2021-12-07T21:16:51+00:00","article_modified_time":"2021-12-07T21:16:52+00:00","og_image":[{"width":720,"height":960,"url":"https:\/\/21panorama.com\/wp-content\/uploads\/2021\/12\/184a0b0f-7ccf-4bf9-a432-22e020b42ce2.jpeg","type":"image\/jpeg"}],"author":"admin","twitter_card":"summary_large_image","twitter_misc":{"Escrito por":"admin","Tiempo de lectura":"2 minutos"},"schema":{"@context":"https:\/\/schema.org","@graph":[{"@type":"Article","@id":"https:\/\/21panorama.com\/index.php\/2021\/12\/07\/proponen-otorgar-becas-a-hijas-e-hijos-de-personal-militar-menores-de-siete-anos\/#article","isPartOf":{"@id":"https:\/\/21panorama.com\/index.php\/2021\/12\/07\/proponen-otorgar-becas-a-hijas-e-hijos-de-personal-militar-menores-de-siete-anos\/"},"author":{"name":"admin","@id":"https:\/\/21panorama.com\/#\/schema\/person\/1afc291b96d5792a158768324287319f"},"headline":"Proponen otorgar becas a hijas e hijos de personal militar, menores de siete a\u00f1os","datePublished":"2021-12-07T21:16:51+00:00","dateModified":"2021-12-07T21:16:52+00:00","mainEntityOfPage":{"@id":"https:\/\/21panorama.com\/index.php\/2021\/12\/07\/proponen-otorgar-becas-a-hijas-e-hijos-de-personal-militar-menores-de-siete-anos\/"},"wordCount":449,"commentCount":0,"publisher":{"@id":"https:\/\/21panorama.com\/#organization"},"image":{"@id":"https:\/\/21panorama.com\/index.php\/2021\/12\/07\/proponen-otorgar-becas-a-hijas-e-hijos-de-personal-militar-menores-de-siete-anos\/#primaryimage"},"thumbnailUrl":"https:\/\/21panorama.com\/wp-content\/uploads\/2021\/12\/184a0b0f-7ccf-4bf9-a432-22e020b42ce2.jpeg","keywords":["BECAS"],"articleSection":["Sociedad"],"inLanguage":"es","potentialAction":[{"@type":"CommentAction","name":"Comment","target":["https:\/\/21panorama.com\/index.php\/2021\/12\/07\/proponen-otorgar-becas-a-hijas-e-hijos-de-personal-militar-menores-de-siete-anos\/#respond"]}]},{"@type":"WebPage","@id":"https:\/\/21panorama.com\/index.php\/2021\/12\/07\/proponen-otorgar-becas-a-hijas-e-hijos-de-personal-militar-menores-de-siete-anos\/","url":"https:\/\/21panorama.com\/index.php\/2021\/12\/07\/proponen-otorgar-becas-a-hijas-e-hijos-de-personal-militar-menores-de-siete-anos\/","name":"Proponen otorgar becas a hijas e hijos de personal militar, menores de siete a\u00f1os - 21 Panorama","isPartOf":{"@id":"https:\/\/21panorama.com\/#website"},"primaryImageOfPage":{"@id":"https:\/\/21panorama.com\/index.php\/2021\/12\/07\/proponen-otorgar-becas-a-hijas-e-hijos-de-personal-militar-menores-de-siete-anos\/#primaryimage"},"image":{"@id":"https:\/\/21panorama.com\/index.php\/2021\/12\/07\/proponen-otorgar-becas-a-hijas-e-hijos-de-personal-militar-menores-de-siete-anos\/#primaryimage"},"thumbnailUrl":"https:\/\/21panorama.com\/wp-content\/uploads\/2021\/12\/184a0b0f-7ccf-4bf9-a432-22e020b42ce2.jpeg","datePublished":"2021-12-07T21:16:51+00:00","dateModified":"2021-12-07T21:16:52+00:00","breadcrumb":{"@id":"https:\/\/21panorama.com\/index.php\/2021\/12\/07\/proponen-otorgar-becas-a-hijas-e-hijos-de-personal-militar-menores-de-siete-anos\/#breadcrumb"},"inLanguage":"es","potentialAction":[{"@type":"ReadAction","target":["https:\/\/21panorama.com\/index.php\/2021\/12\/07\/proponen-otorgar-becas-a-hijas-e-hijos-de-personal-militar-menores-de-siete-anos\/"]}]},{"@type":"ImageObject","inLanguage":"es","@id":"https:\/\/21panorama.com\/index.php\/2021\/12\/07\/proponen-otorgar-becas-a-hijas-e-hijos-de-personal-militar-menores-de-siete-anos\/#primaryimage","url":"https:\/\/21panorama.com\/wp-content\/uploads\/2021\/12\/184a0b0f-7ccf-4bf9-a432-22e020b42ce2.jpeg","contentUrl":"https:\/\/21panorama.com\/wp-content\/uploads\/2021\/12\/184a0b0f-7ccf-4bf9-a432-22e020b42ce2.jpeg","width":720,"height":960},{"@type":"BreadcrumbList","@id":"https:\/\/21panorama.com\/index.php\/2021\/12\/07\/proponen-otorgar-becas-a-hijas-e-hijos-de-personal-militar-menores-de-siete-anos\/#breadcrumb","itemListElement":[{"@type":"ListItem","position":1,"name":"Inicio","item":"https:\/\/21panorama.com\/"},{"@type":"ListItem","position":2,"name":"Proponen otorgar becas a hijas e hijos de personal militar, menores de siete a\u00f1os"}]},{"@type":"WebSite","@id":"https:\/\/21panorama.com\/#website","url":"https:\/\/21panorama.com\/","name":"21 Panorama","description":"La construcci\u00f3n de la opini\u00f3n p\u00fablica merece un mejor Panorama en este siglo 21 para alcanzar una sociedad con mayor transparencia y sin corrupci\u00f3n.","publisher":{"@id":"https:\/\/21panorama.com\/#organization"},"potentialAction":[{"@type":"SearchAction","target":{"@type":"EntryPoint","urlTemplate":"https:\/\/21panorama.com\/?s={search_term_string}"},"query-input":{"@type":"PropertyValueSpecification","valueRequired":true,"valueName":"search_term_string"}}],"inLanguage":"es"},{"@type":"Organization","@id":"https:\/\/21panorama.com\/#organization","name":"21 Panorama","url":"https:\/\/21panorama.com\/","logo":{"@type":"ImageObject","inLanguage":"es","@id":"https:\/\/21panorama.com\/#\/schema\/logo\/image\/","url":"https:\/\/21panorama.com\/wp-content\/uploads\/2019\/07\/cropped-Logo-Panorama-01.jpeg","contentUrl":"https:\/\/21panorama.com\/wp-content\/uploads\/2019\/07\/cropped-Logo-Panorama-01.jpeg","width":290,"height":70,"caption":"21 Panorama"},"image":{"@id":"https:\/\/21panorama.com\/#\/schema\/logo\/image\/"}},{"@type":"Person","@id":"https:\/\/21panorama.com\/#\/schema\/person\/1afc291b96d5792a158768324287319f","name":"admin","image":{"@type":"ImageObject","inLanguage":"es","@id":"https:\/\/21panorama.com\/#\/schema\/person\/image\/","url":"https:\/\/secure.gravatar.com\/avatar\/ad365d9d9f46719215b0d042cc3df92a5a8683e09ef13d102233e5491985f0f0?s=96&d=mm&r=g","contentUrl":"https:\/\/secure.gravatar.com\/avatar\/ad365d9d9f46719215b0d042cc3df92a5a8683e09ef13d102233e5491985f0f0?s=96&d=mm&r=g","caption":"admin"},"url":"https:\/\/21panorama.com\/index.php\/author\/admin\/"}]}},"_links":{"self":[{"href":"https:\/\/21panorama.com\/index.php\/wp-json\/wp\/v2\/posts\/2642","targetHints":{"allow":["GET"]}}],"collection":[{"href":"https:\/\/21panorama.com\/index.php\/wp-json\/wp\/v2\/posts"}],"about":[{"href":"https:\/\/21panorama.com\/index.php\/wp-json\/wp\/v2\/types\/post"}],"author":[{"embeddable":true,"href":"https:\/\/21panorama.com\/index.php\/wp-json\/wp\/v2\/users\/1"}],"replies":[{"embeddable":true,"href":"https:\/\/21panorama.com\/index.php\/wp-json\/wp\/v2\/comments?post=2642"}],"version-history":[{"count":1,"href":"https:\/\/21panorama.com\/index.php\/wp-json\/wp\/v2\/posts\/2642\/revisions"}],"predecessor-version":[{"id":2644,"href":"https:\/\/21panorama.com\/index.php\/wp-json\/wp\/v2\/posts\/2642\/revisions\/2644"}],"wp:featuredmedia":[{"embeddable":true,"href":"https:\/\/21panorama.com\/index.php\/wp-json\/wp\/v2\/media\/2643"}],"wp:attachment":[{"href":"https:\/\/21panorama.com\/index.php\/wp-json\/wp\/v2\/media?parent=2642"}],"wp:term":[{"taxonomy":"category","embeddable":true,"href":"https:\/\/21panorama.com\/index.php\/wp-json\/wp\/v2\/categories?post=2642"},{"taxonomy":"post_tag","embeddable":true,"href":"https:\/\/21panorama.com\/index.php\/wp-json\/wp\/v2\/tags?post=2642"}],"curies":[{"name":"wp","href":"https:\/\/api.w.org\/{rel}","templated":true}]}}