{"id":2638,"date":"2021-12-07T15:13:36","date_gmt":"2021-12-07T21:13:36","guid":{"rendered":"https:\/\/21panorama.com\/?p=2638"},"modified":"2021-12-07T15:13:37","modified_gmt":"2021-12-07T21:13:37","slug":"propone-gppan-homenaje-a-personal-de-salud-por-lucha-contra-covid","status":"publish","type":"post","link":"https:\/\/21panorama.com\/index.php\/2021\/12\/07\/propone-gppan-homenaje-a-personal-de-salud-por-lucha-contra-covid\/","title":{"rendered":"Propone GPPAN homenaje a personal de salud por lucha contra covid"},"content":{"rendered":"\n<p>En nombre del grupo parlamentario del PAN en el Congreso mexiquense, el diputado Francisco Brian Rojas Cano propuso inscribir con letras doradas en el muro de honor del sal\u00f3n de sesiones recinto del Poder Legislativo \u00b4Jos\u00e9 Mar\u00eda Morelos y Pav\u00f3n\u00b4 la frase \u00b4\u00b4En homenaje por su heroica labor salvando vidas ante la terrible pandemia de covid-19, a las m\u00e9dicas, m\u00e9dicos, enfermeras, enfermeros, as\u00ed como param\u00e9dicos y grupos afines a la salud, como H\u00e9roes de la Salud\u00b4\u00b4.<br>En presencia de representante del sector salud, el legislador se\u00f1al\u00f3 que el reconocimiento al personal m\u00e9dico y asociado es por su trabajo en arduas jornadas, atendiendo a pacientes con covid-19, incluso mucho antes de que se suministrara la vacuna y derivado de lo cual 240 mil trabajadores contrajeron la enfermedad y cuatro mil perdieron la vida entre 2020 y 2021; adem\u00e1s exhort\u00f3 a que la Legislatura se pronuncie por salarios y prestaciones dignas para las y los trabajadores del sector.<br>Las comisiones de Gobernaci\u00f3n y Puntos y de Salud, Asistencia y Bienestar Social analizar\u00e1n la propuesta, a la cual se adhiri\u00f3 el grupo parlamentario del PRI, a solicitud de su coordinador, el diputado El\u00edas Rescala Jim\u00e9nez.<\/p>\n\n\n\n<figure class=\"wp-block-image size-large\"><img decoding=\"async\" width=\"1024\" height=\"682\" src=\"https:\/\/21panorama.com\/wp-content\/uploads\/2021\/12\/06abbb37-e015-4d51-93d4-5bbdccadc534-1024x682.jpeg\" alt=\"\" class=\"wp-image-2640\" srcset=\"https:\/\/21panorama.com\/wp-content\/uploads\/2021\/12\/06abbb37-e015-4d51-93d4-5bbdccadc534-1024x682.jpeg 1024w, https:\/\/21panorama.com\/wp-content\/uploads\/2021\/12\/06abbb37-e015-4d51-93d4-5bbdccadc534-300x200.jpeg 300w, https:\/\/21panorama.com\/wp-content\/uploads\/2021\/12\/06abbb37-e015-4d51-93d4-5bbdccadc534-768x512.jpeg 768w, https:\/\/21panorama.com\/wp-content\/uploads\/2021\/12\/06abbb37-e015-4d51-93d4-5bbdccadc534-1536x1023.jpeg 1536w, https:\/\/21panorama.com\/wp-content\/uploads\/2021\/12\/06abbb37-e015-4d51-93d4-5bbdccadc534.jpeg 1600w\" sizes=\"(max-width: 1024px) 100vw, 1024px\" \/><\/figure>\n\n\n\n<p><\/p>\n","protected":false},"excerpt":{"rendered":"<p>240 mil trabajadores del sector contrajeron la enfermedad y 4 mil perdieron la vida.<\/p>\n","protected":false},"author":1,"featured_media":2639,"comment_status":"open","ping_status":"open","sticky":false,"template":"","format":"standard","meta":{"footnotes":""},"categories":[12],"tags":[141,238],"class_list":["post-2638","post","type-post","status-publish","format-standard","has-post-thumbnail","hentry","category-politica","tag-covid","tag-gppan"],"yoast_head":"<!-- This site is optimized with the Yoast SEO plugin v24.9 - https:\/\/yoast.com\/wordpress\/plugins\/seo\/ -->\n<title>Propone GPPAN homenaje a personal de salud por lucha contra covid - 21 Panorama<\/title>\n<meta name=\"robots\" content=\"index, follow, max-snippet:-1, max-image-preview:large, max-video-preview:-1\" \/>\n<link rel=\"canonical\" href=\"https:\/\/21panorama.com\/index.php\/2021\/12\/07\/propone-gppan-homenaje-a-personal-de-salud-por-lucha-contra-covid\/\" \/>\n<meta property=\"og:locale\" content=\"es_MX\" \/>\n<meta property=\"og:type\" content=\"article\" \/>\n<meta property=\"og:title\" content=\"Propone GPPAN homenaje a personal de salud por lucha contra covid - 21 Panorama\" \/>\n<meta property=\"og:description\" content=\"240 mil trabajadores del sector contrajeron la enfermedad y 4 mil perdieron la vida.\" \/>\n<meta property=\"og:url\" content=\"https:\/\/21panorama.com\/index.php\/2021\/12\/07\/propone-gppan-homenaje-a-personal-de-salud-por-lucha-contra-covid\/\" \/>\n<meta property=\"og:site_name\" content=\"21 Panorama\" \/>\n<meta property=\"article:published_time\" content=\"2021-12-07T21:13:36+00:00\" \/>\n<meta property=\"article:modified_time\" content=\"2021-12-07T21:13:37+00:00\" \/>\n<meta property=\"og:image\" content=\"https:\/\/21panorama.com\/wp-content\/uploads\/2021\/12\/9fc8bf72-8d47-4be7-9195-eaa5a86f4b8d.jpeg\" \/>\n\t<meta property=\"og:image:width\" content=\"1600\" \/>\n\t<meta property=\"og:image:height\" content=\"1066\" \/>\n\t<meta property=\"og:image:type\" content=\"image\/jpeg\" \/>\n<meta name=\"author\" content=\"admin\" \/>\n<meta name=\"twitter:card\" content=\"summary_large_image\" \/>\n<meta name=\"twitter:label1\" content=\"Escrito por\" \/>\n\t<meta name=\"twitter:data1\" content=\"admin\" \/>\n\t<meta name=\"twitter:label2\" content=\"Tiempo de lectura\" \/>\n\t<meta name=\"twitter:data2\" content=\"2 minutos\" \/>\n<script type=\"application\/ld+json\" class=\"yoast-schema-graph\">{\"@context\":\"https:\/\/schema.org\",\"@graph\":[{\"@type\":\"Article\",\"@id\":\"https:\/\/21panorama.com\/index.php\/2021\/12\/07\/propone-gppan-homenaje-a-personal-de-salud-por-lucha-contra-covid\/#article\",\"isPartOf\":{\"@id\":\"https:\/\/21panorama.com\/index.php\/2021\/12\/07\/propone-gppan-homenaje-a-personal-de-salud-por-lucha-contra-covid\/\"},\"author\":{\"name\":\"admin\",\"@id\":\"https:\/\/21panorama.com\/#\/schema\/person\/1afc291b96d5792a158768324287319f\"},\"headline\":\"Propone GPPAN homenaje a personal de salud por lucha contra covid\",\"datePublished\":\"2021-12-07T21:13:36+00:00\",\"dateModified\":\"2021-12-07T21:13:37+00:00\",\"mainEntityOfPage\":{\"@id\":\"https:\/\/21panorama.com\/index.php\/2021\/12\/07\/propone-gppan-homenaje-a-personal-de-salud-por-lucha-contra-covid\/\"},\"wordCount\":214,\"commentCount\":0,\"publisher\":{\"@id\":\"https:\/\/21panorama.com\/#organization\"},\"image\":{\"@id\":\"https:\/\/21panorama.com\/index.php\/2021\/12\/07\/propone-gppan-homenaje-a-personal-de-salud-por-lucha-contra-covid\/#primaryimage\"},\"thumbnailUrl\":\"https:\/\/21panorama.com\/wp-content\/uploads\/2021\/12\/9fc8bf72-8d47-4be7-9195-eaa5a86f4b8d.jpeg\",\"keywords\":[\"COVID\",\"GPPAN\"],\"articleSection\":[\"Politica\"],\"inLanguage\":\"es\",\"potentialAction\":[{\"@type\":\"CommentAction\",\"name\":\"Comment\",\"target\":[\"https:\/\/21panorama.com\/index.php\/2021\/12\/07\/propone-gppan-homenaje-a-personal-de-salud-por-lucha-contra-covid\/#respond\"]}]},{\"@type\":\"WebPage\",\"@id\":\"https:\/\/21panorama.com\/index.php\/2021\/12\/07\/propone-gppan-homenaje-a-personal-de-salud-por-lucha-contra-covid\/\",\"url\":\"https:\/\/21panorama.com\/index.php\/2021\/12\/07\/propone-gppan-homenaje-a-personal-de-salud-por-lucha-contra-covid\/\",\"name\":\"Propone GPPAN homenaje a personal de salud por lucha contra covid - 21 Panorama\",\"isPartOf\":{\"@id\":\"https:\/\/21panorama.com\/#website\"},\"primaryImageOfPage\":{\"@id\":\"https:\/\/21panorama.com\/index.php\/2021\/12\/07\/propone-gppan-homenaje-a-personal-de-salud-por-lucha-contra-covid\/#primaryimage\"},\"image\":{\"@id\":\"https:\/\/21panorama.com\/index.php\/2021\/12\/07\/propone-gppan-homenaje-a-personal-de-salud-por-lucha-contra-covid\/#primaryimage\"},\"thumbnailUrl\":\"https:\/\/21panorama.com\/wp-content\/uploads\/2021\/12\/9fc8bf72-8d47-4be7-9195-eaa5a86f4b8d.jpeg\",\"datePublished\":\"2021-12-07T21:13:36+00:00\",\"dateModified\":\"2021-12-07T21:13:37+00:00\",\"breadcrumb\":{\"@id\":\"https:\/\/21panorama.com\/index.php\/2021\/12\/07\/propone-gppan-homenaje-a-personal-de-salud-por-lucha-contra-covid\/#breadcrumb\"},\"inLanguage\":\"es\",\"potentialAction\":[{\"@type\":\"ReadAction\",\"target\":[\"https:\/\/21panorama.com\/index.php\/2021\/12\/07\/propone-gppan-homenaje-a-personal-de-salud-por-lucha-contra-covid\/\"]}]},{\"@type\":\"ImageObject\",\"inLanguage\":\"es\",\"@id\":\"https:\/\/21panorama.com\/index.php\/2021\/12\/07\/propone-gppan-homenaje-a-personal-de-salud-por-lucha-contra-covid\/#primaryimage\",\"url\":\"https:\/\/21panorama.com\/wp-content\/uploads\/2021\/12\/9fc8bf72-8d47-4be7-9195-eaa5a86f4b8d.jpeg\",\"contentUrl\":\"https:\/\/21panorama.com\/wp-content\/uploads\/2021\/12\/9fc8bf72-8d47-4be7-9195-eaa5a86f4b8d.jpeg\",\"width\":1600,\"height\":1066},{\"@type\":\"BreadcrumbList\",\"@id\":\"https:\/\/21panorama.com\/index.php\/2021\/12\/07\/propone-gppan-homenaje-a-personal-de-salud-por-lucha-contra-covid\/#breadcrumb\",\"itemListElement\":[{\"@type\":\"ListItem\",\"position\":1,\"name\":\"Inicio\",\"item\":\"https:\/\/21panorama.com\/\"},{\"@type\":\"ListItem\",\"position\":2,\"name\":\"Propone GPPAN homenaje a personal de salud por lucha contra covid\"}]},{\"@type\":\"WebSite\",\"@id\":\"https:\/\/21panorama.com\/#website\",\"url\":\"https:\/\/21panorama.com\/\",\"name\":\"21 Panorama\",\"description\":\"La construcci\u00f3n de la opini\u00f3n p\u00fablica merece un mejor Panorama en este siglo 21 para alcanzar una sociedad con mayor transparencia y sin corrupci\u00f3n.\",\"publisher\":{\"@id\":\"https:\/\/21panorama.com\/#organization\"},\"potentialAction\":[{\"@type\":\"SearchAction\",\"target\":{\"@type\":\"EntryPoint\",\"urlTemplate\":\"https:\/\/21panorama.com\/?s={search_term_string}\"},\"query-input\":{\"@type\":\"PropertyValueSpecification\",\"valueRequired\":true,\"valueName\":\"search_term_string\"}}],\"inLanguage\":\"es\"},{\"@type\":\"Organization\",\"@id\":\"https:\/\/21panorama.com\/#organization\",\"name\":\"21 Panorama\",\"url\":\"https:\/\/21panorama.com\/\",\"logo\":{\"@type\":\"ImageObject\",\"inLanguage\":\"es\",\"@id\":\"https:\/\/21panorama.com\/#\/schema\/logo\/image\/\",\"url\":\"https:\/\/21panorama.com\/wp-content\/uploads\/2019\/07\/cropped-Logo-Panorama-01.jpeg\",\"contentUrl\":\"https:\/\/21panorama.com\/wp-content\/uploads\/2019\/07\/cropped-Logo-Panorama-01.jpeg\",\"width\":290,\"height\":70,\"caption\":\"21 Panorama\"},\"image\":{\"@id\":\"https:\/\/21panorama.com\/#\/schema\/logo\/image\/\"}},{\"@type\":\"Person\",\"@id\":\"https:\/\/21panorama.com\/#\/schema\/person\/1afc291b96d5792a158768324287319f\",\"name\":\"admin\",\"image\":{\"@type\":\"ImageObject\",\"inLanguage\":\"es\",\"@id\":\"https:\/\/21panorama.com\/#\/schema\/person\/image\/\",\"url\":\"https:\/\/secure.gravatar.com\/avatar\/ad365d9d9f46719215b0d042cc3df92a5a8683e09ef13d102233e5491985f0f0?s=96&d=mm&r=g\",\"contentUrl\":\"https:\/\/secure.gravatar.com\/avatar\/ad365d9d9f46719215b0d042cc3df92a5a8683e09ef13d102233e5491985f0f0?s=96&d=mm&r=g\",\"caption\":\"admin\"},\"url\":\"https:\/\/21panorama.com\/index.php\/author\/admin\/\"}]}<\/script>\n<!-- \/ Yoast SEO plugin. -->","yoast_head_json":{"title":"Propone GPPAN homenaje a personal de salud por lucha contra covid - 21 Panorama","robots":{"index":"index","follow":"follow","max-snippet":"max-snippet:-1","max-image-preview":"max-image-preview:large","max-video-preview":"max-video-preview:-1"},"canonical":"https:\/\/21panorama.com\/index.php\/2021\/12\/07\/propone-gppan-homenaje-a-personal-de-salud-por-lucha-contra-covid\/","og_locale":"es_MX","og_type":"article","og_title":"Propone GPPAN homenaje a personal de salud por lucha contra covid - 21 Panorama","og_description":"240 mil trabajadores del sector contrajeron la enfermedad y 4 mil perdieron la vida.","og_url":"https:\/\/21panorama.com\/index.php\/2021\/12\/07\/propone-gppan-homenaje-a-personal-de-salud-por-lucha-contra-covid\/","og_site_name":"21 Panorama","article_published_time":"2021-12-07T21:13:36+00:00","article_modified_time":"2021-12-07T21:13:37+00:00","og_image":[{"width":1600,"height":1066,"url":"https:\/\/21panorama.com\/wp-content\/uploads\/2021\/12\/9fc8bf72-8d47-4be7-9195-eaa5a86f4b8d.jpeg","type":"image\/jpeg"}],"author":"admin","twitter_card":"summary_large_image","twitter_misc":{"Escrito por":"admin","Tiempo de lectura":"2 minutos"},"schema":{"@context":"https:\/\/schema.org","@graph":[{"@type":"Article","@id":"https:\/\/21panorama.com\/index.php\/2021\/12\/07\/propone-gppan-homenaje-a-personal-de-salud-por-lucha-contra-covid\/#article","isPartOf":{"@id":"https:\/\/21panorama.com\/index.php\/2021\/12\/07\/propone-gppan-homenaje-a-personal-de-salud-por-lucha-contra-covid\/"},"author":{"name":"admin","@id":"https:\/\/21panorama.com\/#\/schema\/person\/1afc291b96d5792a158768324287319f"},"headline":"Propone GPPAN homenaje a personal de salud por lucha contra covid","datePublished":"2021-12-07T21:13:36+00:00","dateModified":"2021-12-07T21:13:37+00:00","mainEntityOfPage":{"@id":"https:\/\/21panorama.com\/index.php\/2021\/12\/07\/propone-gppan-homenaje-a-personal-de-salud-por-lucha-contra-covid\/"},"wordCount":214,"commentCount":0,"publisher":{"@id":"https:\/\/21panorama.com\/#organization"},"image":{"@id":"https:\/\/21panorama.com\/index.php\/2021\/12\/07\/propone-gppan-homenaje-a-personal-de-salud-por-lucha-contra-covid\/#primaryimage"},"thumbnailUrl":"https:\/\/21panorama.com\/wp-content\/uploads\/2021\/12\/9fc8bf72-8d47-4be7-9195-eaa5a86f4b8d.jpeg","keywords":["COVID","GPPAN"],"articleSection":["Politica"],"inLanguage":"es","potentialAction":[{"@type":"CommentAction","name":"Comment","target":["https:\/\/21panorama.com\/index.php\/2021\/12\/07\/propone-gppan-homenaje-a-personal-de-salud-por-lucha-contra-covid\/#respond"]}]},{"@type":"WebPage","@id":"https:\/\/21panorama.com\/index.php\/2021\/12\/07\/propone-gppan-homenaje-a-personal-de-salud-por-lucha-contra-covid\/","url":"https:\/\/21panorama.com\/index.php\/2021\/12\/07\/propone-gppan-homenaje-a-personal-de-salud-por-lucha-contra-covid\/","name":"Propone GPPAN homenaje a personal de salud por lucha contra covid - 21 Panorama","isPartOf":{"@id":"https:\/\/21panorama.com\/#website"},"primaryImageOfPage":{"@id":"https:\/\/21panorama.com\/index.php\/2021\/12\/07\/propone-gppan-homenaje-a-personal-de-salud-por-lucha-contra-covid\/#primaryimage"},"image":{"@id":"https:\/\/21panorama.com\/index.php\/2021\/12\/07\/propone-gppan-homenaje-a-personal-de-salud-por-lucha-contra-covid\/#primaryimage"},"thumbnailUrl":"https:\/\/21panorama.com\/wp-content\/uploads\/2021\/12\/9fc8bf72-8d47-4be7-9195-eaa5a86f4b8d.jpeg","datePublished":"2021-12-07T21:13:36+00:00","dateModified":"2021-12-07T21:13:37+00:00","breadcrumb":{"@id":"https:\/\/21panorama.com\/index.php\/2021\/12\/07\/propone-gppan-homenaje-a-personal-de-salud-por-lucha-contra-covid\/#breadcrumb"},"inLanguage":"es","potentialAction":[{"@type":"ReadAction","target":["https:\/\/21panorama.com\/index.php\/2021\/12\/07\/propone-gppan-homenaje-a-personal-de-salud-por-lucha-contra-covid\/"]}]},{"@type":"ImageObject","inLanguage":"es","@id":"https:\/\/21panorama.com\/index.php\/2021\/12\/07\/propone-gppan-homenaje-a-personal-de-salud-por-lucha-contra-covid\/#primaryimage","url":"https:\/\/21panorama.com\/wp-content\/uploads\/2021\/12\/9fc8bf72-8d47-4be7-9195-eaa5a86f4b8d.jpeg","contentUrl":"https:\/\/21panorama.com\/wp-content\/uploads\/2021\/12\/9fc8bf72-8d47-4be7-9195-eaa5a86f4b8d.jpeg","width":1600,"height":1066},{"@type":"BreadcrumbList","@id":"https:\/\/21panorama.com\/index.php\/2021\/12\/07\/propone-gppan-homenaje-a-personal-de-salud-por-lucha-contra-covid\/#breadcrumb","itemListElement":[{"@type":"ListItem","position":1,"name":"Inicio","item":"https:\/\/21panorama.com\/"},{"@type":"ListItem","position":2,"name":"Propone GPPAN homenaje a personal de salud por lucha contra covid"}]},{"@type":"WebSite","@id":"https:\/\/21panorama.com\/#website","url":"https:\/\/21panorama.com\/","name":"21 Panorama","description":"La construcci\u00f3n de la opini\u00f3n p\u00fablica merece un mejor Panorama en este siglo 21 para alcanzar una sociedad con mayor transparencia y sin corrupci\u00f3n.","publisher":{"@id":"https:\/\/21panorama.com\/#organization"},"potentialAction":[{"@type":"SearchAction","target":{"@type":"EntryPoint","urlTemplate":"https:\/\/21panorama.com\/?s={search_term_string}"},"query-input":{"@type":"PropertyValueSpecification","valueRequired":true,"valueName":"search_term_string"}}],"inLanguage":"es"},{"@type":"Organization","@id":"https:\/\/21panorama.com\/#organization","name":"21 Panorama","url":"https:\/\/21panorama.com\/","logo":{"@type":"ImageObject","inLanguage":"es","@id":"https:\/\/21panorama.com\/#\/schema\/logo\/image\/","url":"https:\/\/21panorama.com\/wp-content\/uploads\/2019\/07\/cropped-Logo-Panorama-01.jpeg","contentUrl":"https:\/\/21panorama.com\/wp-content\/uploads\/2019\/07\/cropped-Logo-Panorama-01.jpeg","width":290,"height":70,"caption":"21 Panorama"},"image":{"@id":"https:\/\/21panorama.com\/#\/schema\/logo\/image\/"}},{"@type":"Person","@id":"https:\/\/21panorama.com\/#\/schema\/person\/1afc291b96d5792a158768324287319f","name":"admin","image":{"@type":"ImageObject","inLanguage":"es","@id":"https:\/\/21panorama.com\/#\/schema\/person\/image\/","url":"https:\/\/secure.gravatar.com\/avatar\/ad365d9d9f46719215b0d042cc3df92a5a8683e09ef13d102233e5491985f0f0?s=96&d=mm&r=g","contentUrl":"https:\/\/secure.gravatar.com\/avatar\/ad365d9d9f46719215b0d042cc3df92a5a8683e09ef13d102233e5491985f0f0?s=96&d=mm&r=g","caption":"admin"},"url":"https:\/\/21panorama.com\/index.php\/author\/admin\/"}]}},"_links":{"self":[{"href":"https:\/\/21panorama.com\/index.php\/wp-json\/wp\/v2\/posts\/2638","targetHints":{"allow":["GET"]}}],"collection":[{"href":"https:\/\/21panorama.com\/index.php\/wp-json\/wp\/v2\/posts"}],"about":[{"href":"https:\/\/21panorama.com\/index.php\/wp-json\/wp\/v2\/types\/post"}],"author":[{"embeddable":true,"href":"https:\/\/21panorama.com\/index.php\/wp-json\/wp\/v2\/users\/1"}],"replies":[{"embeddable":true,"href":"https:\/\/21panorama.com\/index.php\/wp-json\/wp\/v2\/comments?post=2638"}],"version-history":[{"count":1,"href":"https:\/\/21panorama.com\/index.php\/wp-json\/wp\/v2\/posts\/2638\/revisions"}],"predecessor-version":[{"id":2641,"href":"https:\/\/21panorama.com\/index.php\/wp-json\/wp\/v2\/posts\/2638\/revisions\/2641"}],"wp:featuredmedia":[{"embeddable":true,"href":"https:\/\/21panorama.com\/index.php\/wp-json\/wp\/v2\/media\/2639"}],"wp:attachment":[{"href":"https:\/\/21panorama.com\/index.php\/wp-json\/wp\/v2\/media?parent=2638"}],"wp:term":[{"taxonomy":"category","embeddable":true,"href":"https:\/\/21panorama.com\/index.php\/wp-json\/wp\/v2\/categories?post=2638"},{"taxonomy":"post_tag","embeddable":true,"href":"https:\/\/21panorama.com\/index.php\/wp-json\/wp\/v2\/tags?post=2638"}],"curies":[{"name":"wp","href":"https:\/\/api.w.org\/{rel}","templated":true}]}}