{"id":2632,"date":"2021-12-07T15:09:56","date_gmt":"2021-12-07T21:09:56","guid":{"rendered":"https:\/\/21panorama.com\/?p=2632"},"modified":"2021-12-07T15:09:58","modified_gmt":"2021-12-07T21:09:58","slug":"refrenda-gem-trabajo-responsable-y-cercania-entre-los-tres-niveles-de-gobierno-en-beneficio-de-la-ciudadania","status":"publish","type":"post","link":"https:\/\/21panorama.com\/index.php\/2021\/12\/07\/refrenda-gem-trabajo-responsable-y-cercania-entre-los-tres-niveles-de-gobierno-en-beneficio-de-la-ciudadania\/","title":{"rendered":"REFRENDA GEM TRABAJO RESPONSABLE Y CERCAN\u00cdA ENTRE LOS TRES NIVELES DE GOBIERNO EN BENEFICIO DE LA CIUDADAN\u00cdA"},"content":{"rendered":"\n<p>S\u00f3lo a trav\u00e9s de un trabajo coordinado, responsable e institucional entre los tres niveles de gobierno, federal, estatal y municipales, podremos salir adelante, y por eso estamos aqu\u00ed a nombre del Gobernador Alfredo Del Mazo para reiterarles toda la disposici\u00f3n para trabajar desde el Gobierno del estado con las familias de Ocoyoacac, afirm\u00f3 el Secretario General de Gobierno, del Estado de M\u00e9xico, Ernesto Nemer Alvarez.<\/p>\n\n\n\n<p>Al acudir en representaci\u00f3n del Gobernador Alfredo Del Mazo Maza a la toma de protesta del Presidente Municipal de Ocoyoacac, Samuel Verdeja Ruiz, para el periodo 2022-2024, se\u00f1al\u00f3 que este municipio es tierra generosa de riquezas naturales, lugar privilegiado de bosques, arroyos y valles, como el emblem\u00e1tico Parque Nacional Miguel Hidalgo \u201cLa Marquesa\u201d, espacio de convivencia en familia.<\/p>\n\n\n\n<p>Adem\u00e1s, dijo, han encontrado el equilibrio entre el aprovechamiento de los recursos naturales y las actividades productivas, para construir alternativas de desarrollo para sus habitantes.<\/p>\n\n\n\n<p>\u201cPor eso invito y exhorto a la nueva autoridad a que hagamos un gran trabajo, un trabajo de responsabilidad, un trabajo de cercan\u00eda, un trabajo que todos los d\u00edas nos estemos ganando la confianza de la ciudadan\u00eda; haber llegado es un gran reto, es un gran paso, pero ahora falta lo m\u00e1s importante, que la gente sepa por qu\u00e9 vot\u00f3 por ustedes\u201d, acot\u00f3.<\/p>\n\n\n\n<p>El funcionario mexiquense mencion\u00f3 que el mandatario estatal tiene una visi\u00f3n clara de c\u00f3mo se deben resolver los problemas en el Estado de M\u00e9xico, regional y municipalmente.<\/p>\n\n\n\n<p>\u201cEl Gobernador Alfredo Del Mazo es congruente, plural, es democr\u00e1tico, es un hombre que desde que lleg\u00f3 a la Gubernatura est\u00e1 gobernando para todos, porque sabe que la suma de todos hace una gran unidad para el Estado de M\u00e9xico, y hoy m\u00e1s que nunca el Estado de M\u00e9xico tiene que estar unido, tiene que enfrentar grandes retos y la \u00fanica manera en que lo puede hacer es hacer un ej\u00e9rcito y un gran equipo a favor de la gente que nos da su confianza&#8221;, dijo al reiterar el apoyo del mandatario mexiquense al Presidente municipal electo y su Cabildo.<\/p>\n\n\n\n<p>El Secretario General de Gobierno puntualiz\u00f3 algunas de las acciones que el Gobierno estatal ha llevado a cabo en coordinaci\u00f3n con el municipio de Ocoyoacac, entre las que destac\u00f3 la entrega de m\u00e1s de 91 mil canastas alimentarias, en beneficio de casi 2 mil personas en condici\u00f3n de vulnerabilidad y pobreza.<\/p>\n\n\n\n<p>A la par, con recursos superiores a los 169 millones de pesos, se realizaron tres importantes obras de infraestructura carretera y vial, para mejorar la movilidad en la regi\u00f3n; se han invertido m\u00e1s de 37 millones de pesos, destinados a casi 12 mil productores, principalmente de ma\u00edz.<\/p>\n\n\n\n<p>Al referir que el mandatario estatal es el Gobernador de las mujeres, puntualiz\u00f3 que, en materia de g\u00e9nero, se brindaron m\u00e1s de mil 200 servicios psicol\u00f3gicos, jur\u00eddicos y de trabajo social, mediante un Centro Naranja de Atenci\u00f3n para Mujeres, sus hijas e hijos en situaci\u00f3n de Violencia, propiciando su bienestar.<\/p>\n\n\n\n<p>Respecto al tema de seguridad, destac\u00f3 que todos los lunes el Gobernador encabeza una reuni\u00f3n de construcci\u00f3n de la paz, donde se coordinan acciones federales, estatales y municipales para disminuir la inseguridad.<\/p>\n\n\n\n<p>&#8220;La salud de las y los habitantes de Ocoyoacac es nuestra prioridad&#8221;, dijo, al informar que se han aplicado m\u00e1s de 70 mil vacunas contra el COVID-19 en este municipio.<\/p>\n\n\n\n<p>As\u00ed, m\u00e1s de 34 mil personas cuentan con esquema completo de vacunaci\u00f3n, que representa cerca del 70 por ciento de los habitantes de m\u00e1s de 18 a\u00f1os, y se han aplicado m\u00e1s de 4 mil primeras dosis a j\u00f3venes de entre 15 y 17, casi el 100 por ciento de este grupo.<\/p>\n\n\n\n<figure class=\"wp-block-gallery columns-3 is-cropped wp-block-gallery-1 is-layout-flex wp-block-gallery-is-layout-flex\"><ul class=\"blocks-gallery-grid\"><li class=\"blocks-gallery-item\"><figure><img decoding=\"async\" width=\"1024\" height=\"538\" src=\"https:\/\/21panorama.com\/wp-content\/uploads\/2021\/12\/f7833025-d667-4bb8-911d-2047ba61c6c0-1024x538.jpeg\" alt=\"\" data-id=\"2634\" data-link=\"https:\/\/21panorama.com\/?attachment_id=2634\" class=\"wp-image-2634\" srcset=\"https:\/\/21panorama.com\/wp-content\/uploads\/2021\/12\/f7833025-d667-4bb8-911d-2047ba61c6c0-1024x538.jpeg 1024w, https:\/\/21panorama.com\/wp-content\/uploads\/2021\/12\/f7833025-d667-4bb8-911d-2047ba61c6c0-300x158.jpeg 300w, https:\/\/21panorama.com\/wp-content\/uploads\/2021\/12\/f7833025-d667-4bb8-911d-2047ba61c6c0-768x403.jpeg 768w, https:\/\/21panorama.com\/wp-content\/uploads\/2021\/12\/f7833025-d667-4bb8-911d-2047ba61c6c0-1536x806.jpeg 1536w, https:\/\/21panorama.com\/wp-content\/uploads\/2021\/12\/f7833025-d667-4bb8-911d-2047ba61c6c0.jpeg 1600w\" sizes=\"(max-width: 1024px) 100vw, 1024px\" \/><\/figure><\/li><li class=\"blocks-gallery-item\"><figure><img decoding=\"async\" width=\"1024\" height=\"726\" src=\"https:\/\/21panorama.com\/wp-content\/uploads\/2021\/12\/faf17afa-9aa1-4bd1-bc76-bb438258856e-1024x726.jpeg\" alt=\"\" data-id=\"2635\" data-link=\"https:\/\/21panorama.com\/?attachment_id=2635\" class=\"wp-image-2635\" srcset=\"https:\/\/21panorama.com\/wp-content\/uploads\/2021\/12\/faf17afa-9aa1-4bd1-bc76-bb438258856e-1024x726.jpeg 1024w, https:\/\/21panorama.com\/wp-content\/uploads\/2021\/12\/faf17afa-9aa1-4bd1-bc76-bb438258856e-300x213.jpeg 300w, https:\/\/21panorama.com\/wp-content\/uploads\/2021\/12\/faf17afa-9aa1-4bd1-bc76-bb438258856e-768x544.jpeg 768w, https:\/\/21panorama.com\/wp-content\/uploads\/2021\/12\/faf17afa-9aa1-4bd1-bc76-bb438258856e-1536x1089.jpeg 1536w, https:\/\/21panorama.com\/wp-content\/uploads\/2021\/12\/faf17afa-9aa1-4bd1-bc76-bb438258856e.jpeg 1600w\" sizes=\"(max-width: 1024px) 100vw, 1024px\" \/><\/figure><\/li><li class=\"blocks-gallery-item\"><figure><img decoding=\"async\" width=\"1024\" height=\"764\" src=\"https:\/\/21panorama.com\/wp-content\/uploads\/2021\/12\/2d257ad3-d3bd-4dcd-8f7b-43d8d56326f1-1024x764.jpeg\" alt=\"\" data-id=\"2636\" data-full-url=\"https:\/\/21panorama.com\/wp-content\/uploads\/2021\/12\/2d257ad3-d3bd-4dcd-8f7b-43d8d56326f1.jpeg\" data-link=\"https:\/\/21panorama.com\/?attachment_id=2636\" class=\"wp-image-2636\" srcset=\"https:\/\/21panorama.com\/wp-content\/uploads\/2021\/12\/2d257ad3-d3bd-4dcd-8f7b-43d8d56326f1-1024x764.jpeg 1024w, https:\/\/21panorama.com\/wp-content\/uploads\/2021\/12\/2d257ad3-d3bd-4dcd-8f7b-43d8d56326f1-300x224.jpeg 300w, https:\/\/21panorama.com\/wp-content\/uploads\/2021\/12\/2d257ad3-d3bd-4dcd-8f7b-43d8d56326f1-768x573.jpeg 768w, https:\/\/21panorama.com\/wp-content\/uploads\/2021\/12\/2d257ad3-d3bd-4dcd-8f7b-43d8d56326f1-1536x1146.jpeg 1536w, https:\/\/21panorama.com\/wp-content\/uploads\/2021\/12\/2d257ad3-d3bd-4dcd-8f7b-43d8d56326f1.jpeg 1600w\" sizes=\"(max-width: 1024px) 100vw, 1024px\" \/><\/figure><\/li><\/ul><\/figure>\n","protected":false},"excerpt":{"rendered":"<p>Toma protesta Ernesto Nemer Alvarez a Presidente municipal de Ocoyoacac, Samuel Verdeja Ru\u00edz. <\/p>\n","protected":false},"author":1,"featured_media":2633,"comment_status":"open","ping_status":"open","sticky":false,"template":"","format":"standard","meta":{"footnotes":""},"categories":[1],"tags":[222],"class_list":["post-2632","post","type-post","status-publish","format-standard","has-post-thumbnail","hentry","category-sociedad","tag-gem"],"yoast_head":"<!-- This site is optimized with the Yoast SEO plugin v24.9 - https:\/\/yoast.com\/wordpress\/plugins\/seo\/ -->\n<title>REFRENDA GEM TRABAJO RESPONSABLE Y CERCAN\u00cdA ENTRE LOS TRES NIVELES DE GOBIERNO EN BENEFICIO DE LA CIUDADAN\u00cdA - 21 Panorama<\/title>\n<meta name=\"robots\" content=\"index, follow, max-snippet:-1, max-image-preview:large, max-video-preview:-1\" \/>\n<link rel=\"canonical\" href=\"https:\/\/21panorama.com\/index.php\/2021\/12\/07\/refrenda-gem-trabajo-responsable-y-cercania-entre-los-tres-niveles-de-gobierno-en-beneficio-de-la-ciudadania\/\" \/>\n<meta property=\"og:locale\" content=\"es_MX\" \/>\n<meta property=\"og:type\" content=\"article\" \/>\n<meta property=\"og:title\" content=\"REFRENDA GEM TRABAJO RESPONSABLE Y CERCAN\u00cdA ENTRE LOS TRES NIVELES DE GOBIERNO EN BENEFICIO DE LA CIUDADAN\u00cdA - 21 Panorama\" \/>\n<meta property=\"og:description\" content=\"Toma protesta Ernesto Nemer Alvarez a Presidente municipal de Ocoyoacac, Samuel Verdeja Ru\u00edz.\" \/>\n<meta property=\"og:url\" content=\"https:\/\/21panorama.com\/index.php\/2021\/12\/07\/refrenda-gem-trabajo-responsable-y-cercania-entre-los-tres-niveles-de-gobierno-en-beneficio-de-la-ciudadania\/\" \/>\n<meta property=\"og:site_name\" content=\"21 Panorama\" \/>\n<meta property=\"article:published_time\" content=\"2021-12-07T21:09:56+00:00\" \/>\n<meta property=\"article:modified_time\" content=\"2021-12-07T21:09:58+00:00\" \/>\n<meta property=\"og:image\" content=\"https:\/\/21panorama.com\/wp-content\/uploads\/2021\/12\/61f8380c-36cb-492c-a9a6-d1a0b4017986.jpeg\" \/>\n\t<meta property=\"og:image:width\" content=\"960\" \/>\n\t<meta property=\"og:image:height\" content=\"640\" \/>\n\t<meta property=\"og:image:type\" content=\"image\/jpeg\" \/>\n<meta name=\"author\" content=\"admin\" \/>\n<meta name=\"twitter:card\" content=\"summary_large_image\" \/>\n<meta name=\"twitter:label1\" content=\"Escrito por\" \/>\n\t<meta name=\"twitter:data1\" content=\"admin\" \/>\n\t<meta name=\"twitter:label2\" content=\"Tiempo de lectura\" \/>\n\t<meta name=\"twitter:data2\" content=\"4 minutos\" \/>\n<script type=\"application\/ld+json\" class=\"yoast-schema-graph\">{\"@context\":\"https:\/\/schema.org\",\"@graph\":[{\"@type\":\"Article\",\"@id\":\"https:\/\/21panorama.com\/index.php\/2021\/12\/07\/refrenda-gem-trabajo-responsable-y-cercania-entre-los-tres-niveles-de-gobierno-en-beneficio-de-la-ciudadania\/#article\",\"isPartOf\":{\"@id\":\"https:\/\/21panorama.com\/index.php\/2021\/12\/07\/refrenda-gem-trabajo-responsable-y-cercania-entre-los-tres-niveles-de-gobierno-en-beneficio-de-la-ciudadania\/\"},\"author\":{\"name\":\"admin\",\"@id\":\"https:\/\/21panorama.com\/#\/schema\/person\/1afc291b96d5792a158768324287319f\"},\"headline\":\"REFRENDA GEM TRABAJO RESPONSABLE Y CERCAN\u00cdA ENTRE LOS TRES NIVELES DE GOBIERNO EN BENEFICIO DE LA CIUDADAN\u00cdA\",\"datePublished\":\"2021-12-07T21:09:56+00:00\",\"dateModified\":\"2021-12-07T21:09:58+00:00\",\"mainEntityOfPage\":{\"@id\":\"https:\/\/21panorama.com\/index.php\/2021\/12\/07\/refrenda-gem-trabajo-responsable-y-cercania-entre-los-tres-niveles-de-gobierno-en-beneficio-de-la-ciudadania\/\"},\"wordCount\":646,\"commentCount\":0,\"publisher\":{\"@id\":\"https:\/\/21panorama.com\/#organization\"},\"image\":{\"@id\":\"https:\/\/21panorama.com\/index.php\/2021\/12\/07\/refrenda-gem-trabajo-responsable-y-cercania-entre-los-tres-niveles-de-gobierno-en-beneficio-de-la-ciudadania\/#primaryimage\"},\"thumbnailUrl\":\"https:\/\/21panorama.com\/wp-content\/uploads\/2021\/12\/61f8380c-36cb-492c-a9a6-d1a0b4017986.jpeg\",\"keywords\":[\"GEM\"],\"articleSection\":[\"Sociedad\"],\"inLanguage\":\"es\",\"potentialAction\":[{\"@type\":\"CommentAction\",\"name\":\"Comment\",\"target\":[\"https:\/\/21panorama.com\/index.php\/2021\/12\/07\/refrenda-gem-trabajo-responsable-y-cercania-entre-los-tres-niveles-de-gobierno-en-beneficio-de-la-ciudadania\/#respond\"]}]},{\"@type\":\"WebPage\",\"@id\":\"https:\/\/21panorama.com\/index.php\/2021\/12\/07\/refrenda-gem-trabajo-responsable-y-cercania-entre-los-tres-niveles-de-gobierno-en-beneficio-de-la-ciudadania\/\",\"url\":\"https:\/\/21panorama.com\/index.php\/2021\/12\/07\/refrenda-gem-trabajo-responsable-y-cercania-entre-los-tres-niveles-de-gobierno-en-beneficio-de-la-ciudadania\/\",\"name\":\"REFRENDA GEM TRABAJO RESPONSABLE Y CERCAN\u00cdA ENTRE LOS TRES NIVELES DE GOBIERNO EN BENEFICIO DE LA CIUDADAN\u00cdA - 21 Panorama\",\"isPartOf\":{\"@id\":\"https:\/\/21panorama.com\/#website\"},\"primaryImageOfPage\":{\"@id\":\"https:\/\/21panorama.com\/index.php\/2021\/12\/07\/refrenda-gem-trabajo-responsable-y-cercania-entre-los-tres-niveles-de-gobierno-en-beneficio-de-la-ciudadania\/#primaryimage\"},\"image\":{\"@id\":\"https:\/\/21panorama.com\/index.php\/2021\/12\/07\/refrenda-gem-trabajo-responsable-y-cercania-entre-los-tres-niveles-de-gobierno-en-beneficio-de-la-ciudadania\/#primaryimage\"},\"thumbnailUrl\":\"https:\/\/21panorama.com\/wp-content\/uploads\/2021\/12\/61f8380c-36cb-492c-a9a6-d1a0b4017986.jpeg\",\"datePublished\":\"2021-12-07T21:09:56+00:00\",\"dateModified\":\"2021-12-07T21:09:58+00:00\",\"breadcrumb\":{\"@id\":\"https:\/\/21panorama.com\/index.php\/2021\/12\/07\/refrenda-gem-trabajo-responsable-y-cercania-entre-los-tres-niveles-de-gobierno-en-beneficio-de-la-ciudadania\/#breadcrumb\"},\"inLanguage\":\"es\",\"potentialAction\":[{\"@type\":\"ReadAction\",\"target\":[\"https:\/\/21panorama.com\/index.php\/2021\/12\/07\/refrenda-gem-trabajo-responsable-y-cercania-entre-los-tres-niveles-de-gobierno-en-beneficio-de-la-ciudadania\/\"]}]},{\"@type\":\"ImageObject\",\"inLanguage\":\"es\",\"@id\":\"https:\/\/21panorama.com\/index.php\/2021\/12\/07\/refrenda-gem-trabajo-responsable-y-cercania-entre-los-tres-niveles-de-gobierno-en-beneficio-de-la-ciudadania\/#primaryimage\",\"url\":\"https:\/\/21panorama.com\/wp-content\/uploads\/2021\/12\/61f8380c-36cb-492c-a9a6-d1a0b4017986.jpeg\",\"contentUrl\":\"https:\/\/21panorama.com\/wp-content\/uploads\/2021\/12\/61f8380c-36cb-492c-a9a6-d1a0b4017986.jpeg\",\"width\":960,\"height\":640},{\"@type\":\"BreadcrumbList\",\"@id\":\"https:\/\/21panorama.com\/index.php\/2021\/12\/07\/refrenda-gem-trabajo-responsable-y-cercania-entre-los-tres-niveles-de-gobierno-en-beneficio-de-la-ciudadania\/#breadcrumb\",\"itemListElement\":[{\"@type\":\"ListItem\",\"position\":1,\"name\":\"Inicio\",\"item\":\"https:\/\/21panorama.com\/\"},{\"@type\":\"ListItem\",\"position\":2,\"name\":\"REFRENDA GEM TRABAJO RESPONSABLE Y CERCAN\u00cdA ENTRE LOS TRES NIVELES DE GOBIERNO EN BENEFICIO DE LA CIUDADAN\u00cdA\"}]},{\"@type\":\"WebSite\",\"@id\":\"https:\/\/21panorama.com\/#website\",\"url\":\"https:\/\/21panorama.com\/\",\"name\":\"21 Panorama\",\"description\":\"La construcci\u00f3n de la opini\u00f3n p\u00fablica merece un mejor Panorama en este siglo 21 para alcanzar una sociedad con mayor transparencia y sin corrupci\u00f3n.\",\"publisher\":{\"@id\":\"https:\/\/21panorama.com\/#organization\"},\"potentialAction\":[{\"@type\":\"SearchAction\",\"target\":{\"@type\":\"EntryPoint\",\"urlTemplate\":\"https:\/\/21panorama.com\/?s={search_term_string}\"},\"query-input\":{\"@type\":\"PropertyValueSpecification\",\"valueRequired\":true,\"valueName\":\"search_term_string\"}}],\"inLanguage\":\"es\"},{\"@type\":\"Organization\",\"@id\":\"https:\/\/21panorama.com\/#organization\",\"name\":\"21 Panorama\",\"url\":\"https:\/\/21panorama.com\/\",\"logo\":{\"@type\":\"ImageObject\",\"inLanguage\":\"es\",\"@id\":\"https:\/\/21panorama.com\/#\/schema\/logo\/image\/\",\"url\":\"https:\/\/21panorama.com\/wp-content\/uploads\/2019\/07\/cropped-Logo-Panorama-01.jpeg\",\"contentUrl\":\"https:\/\/21panorama.com\/wp-content\/uploads\/2019\/07\/cropped-Logo-Panorama-01.jpeg\",\"width\":290,\"height\":70,\"caption\":\"21 Panorama\"},\"image\":{\"@id\":\"https:\/\/21panorama.com\/#\/schema\/logo\/image\/\"}},{\"@type\":\"Person\",\"@id\":\"https:\/\/21panorama.com\/#\/schema\/person\/1afc291b96d5792a158768324287319f\",\"name\":\"admin\",\"image\":{\"@type\":\"ImageObject\",\"inLanguage\":\"es\",\"@id\":\"https:\/\/21panorama.com\/#\/schema\/person\/image\/\",\"url\":\"https:\/\/secure.gravatar.com\/avatar\/ad365d9d9f46719215b0d042cc3df92a5a8683e09ef13d102233e5491985f0f0?s=96&d=mm&r=g\",\"contentUrl\":\"https:\/\/secure.gravatar.com\/avatar\/ad365d9d9f46719215b0d042cc3df92a5a8683e09ef13d102233e5491985f0f0?s=96&d=mm&r=g\",\"caption\":\"admin\"},\"url\":\"https:\/\/21panorama.com\/index.php\/author\/admin\/\"}]}<\/script>\n<!-- \/ Yoast SEO plugin. -->","yoast_head_json":{"title":"REFRENDA GEM TRABAJO RESPONSABLE Y CERCAN\u00cdA ENTRE LOS TRES NIVELES DE GOBIERNO EN BENEFICIO DE LA CIUDADAN\u00cdA - 21 Panorama","robots":{"index":"index","follow":"follow","max-snippet":"max-snippet:-1","max-image-preview":"max-image-preview:large","max-video-preview":"max-video-preview:-1"},"canonical":"https:\/\/21panorama.com\/index.php\/2021\/12\/07\/refrenda-gem-trabajo-responsable-y-cercania-entre-los-tres-niveles-de-gobierno-en-beneficio-de-la-ciudadania\/","og_locale":"es_MX","og_type":"article","og_title":"REFRENDA GEM TRABAJO RESPONSABLE Y CERCAN\u00cdA ENTRE LOS TRES NIVELES DE GOBIERNO EN BENEFICIO DE LA CIUDADAN\u00cdA - 21 Panorama","og_description":"Toma protesta Ernesto Nemer Alvarez a Presidente municipal de Ocoyoacac, Samuel Verdeja Ru\u00edz.","og_url":"https:\/\/21panorama.com\/index.php\/2021\/12\/07\/refrenda-gem-trabajo-responsable-y-cercania-entre-los-tres-niveles-de-gobierno-en-beneficio-de-la-ciudadania\/","og_site_name":"21 Panorama","article_published_time":"2021-12-07T21:09:56+00:00","article_modified_time":"2021-12-07T21:09:58+00:00","og_image":[{"width":960,"height":640,"url":"https:\/\/21panorama.com\/wp-content\/uploads\/2021\/12\/61f8380c-36cb-492c-a9a6-d1a0b4017986.jpeg","type":"image\/jpeg"}],"author":"admin","twitter_card":"summary_large_image","twitter_misc":{"Escrito por":"admin","Tiempo de lectura":"4 minutos"},"schema":{"@context":"https:\/\/schema.org","@graph":[{"@type":"Article","@id":"https:\/\/21panorama.com\/index.php\/2021\/12\/07\/refrenda-gem-trabajo-responsable-y-cercania-entre-los-tres-niveles-de-gobierno-en-beneficio-de-la-ciudadania\/#article","isPartOf":{"@id":"https:\/\/21panorama.com\/index.php\/2021\/12\/07\/refrenda-gem-trabajo-responsable-y-cercania-entre-los-tres-niveles-de-gobierno-en-beneficio-de-la-ciudadania\/"},"author":{"name":"admin","@id":"https:\/\/21panorama.com\/#\/schema\/person\/1afc291b96d5792a158768324287319f"},"headline":"REFRENDA GEM TRABAJO RESPONSABLE Y CERCAN\u00cdA ENTRE LOS TRES NIVELES DE GOBIERNO EN BENEFICIO DE LA CIUDADAN\u00cdA","datePublished":"2021-12-07T21:09:56+00:00","dateModified":"2021-12-07T21:09:58+00:00","mainEntityOfPage":{"@id":"https:\/\/21panorama.com\/index.php\/2021\/12\/07\/refrenda-gem-trabajo-responsable-y-cercania-entre-los-tres-niveles-de-gobierno-en-beneficio-de-la-ciudadania\/"},"wordCount":646,"commentCount":0,"publisher":{"@id":"https:\/\/21panorama.com\/#organization"},"image":{"@id":"https:\/\/21panorama.com\/index.php\/2021\/12\/07\/refrenda-gem-trabajo-responsable-y-cercania-entre-los-tres-niveles-de-gobierno-en-beneficio-de-la-ciudadania\/#primaryimage"},"thumbnailUrl":"https:\/\/21panorama.com\/wp-content\/uploads\/2021\/12\/61f8380c-36cb-492c-a9a6-d1a0b4017986.jpeg","keywords":["GEM"],"articleSection":["Sociedad"],"inLanguage":"es","potentialAction":[{"@type":"CommentAction","name":"Comment","target":["https:\/\/21panorama.com\/index.php\/2021\/12\/07\/refrenda-gem-trabajo-responsable-y-cercania-entre-los-tres-niveles-de-gobierno-en-beneficio-de-la-ciudadania\/#respond"]}]},{"@type":"WebPage","@id":"https:\/\/21panorama.com\/index.php\/2021\/12\/07\/refrenda-gem-trabajo-responsable-y-cercania-entre-los-tres-niveles-de-gobierno-en-beneficio-de-la-ciudadania\/","url":"https:\/\/21panorama.com\/index.php\/2021\/12\/07\/refrenda-gem-trabajo-responsable-y-cercania-entre-los-tres-niveles-de-gobierno-en-beneficio-de-la-ciudadania\/","name":"REFRENDA GEM TRABAJO RESPONSABLE Y CERCAN\u00cdA ENTRE LOS TRES NIVELES DE GOBIERNO EN BENEFICIO DE LA CIUDADAN\u00cdA - 21 Panorama","isPartOf":{"@id":"https:\/\/21panorama.com\/#website"},"primaryImageOfPage":{"@id":"https:\/\/21panorama.com\/index.php\/2021\/12\/07\/refrenda-gem-trabajo-responsable-y-cercania-entre-los-tres-niveles-de-gobierno-en-beneficio-de-la-ciudadania\/#primaryimage"},"image":{"@id":"https:\/\/21panorama.com\/index.php\/2021\/12\/07\/refrenda-gem-trabajo-responsable-y-cercania-entre-los-tres-niveles-de-gobierno-en-beneficio-de-la-ciudadania\/#primaryimage"},"thumbnailUrl":"https:\/\/21panorama.com\/wp-content\/uploads\/2021\/12\/61f8380c-36cb-492c-a9a6-d1a0b4017986.jpeg","datePublished":"2021-12-07T21:09:56+00:00","dateModified":"2021-12-07T21:09:58+00:00","breadcrumb":{"@id":"https:\/\/21panorama.com\/index.php\/2021\/12\/07\/refrenda-gem-trabajo-responsable-y-cercania-entre-los-tres-niveles-de-gobierno-en-beneficio-de-la-ciudadania\/#breadcrumb"},"inLanguage":"es","potentialAction":[{"@type":"ReadAction","target":["https:\/\/21panorama.com\/index.php\/2021\/12\/07\/refrenda-gem-trabajo-responsable-y-cercania-entre-los-tres-niveles-de-gobierno-en-beneficio-de-la-ciudadania\/"]}]},{"@type":"ImageObject","inLanguage":"es","@id":"https:\/\/21panorama.com\/index.php\/2021\/12\/07\/refrenda-gem-trabajo-responsable-y-cercania-entre-los-tres-niveles-de-gobierno-en-beneficio-de-la-ciudadania\/#primaryimage","url":"https:\/\/21panorama.com\/wp-content\/uploads\/2021\/12\/61f8380c-36cb-492c-a9a6-d1a0b4017986.jpeg","contentUrl":"https:\/\/21panorama.com\/wp-content\/uploads\/2021\/12\/61f8380c-36cb-492c-a9a6-d1a0b4017986.jpeg","width":960,"height":640},{"@type":"BreadcrumbList","@id":"https:\/\/21panorama.com\/index.php\/2021\/12\/07\/refrenda-gem-trabajo-responsable-y-cercania-entre-los-tres-niveles-de-gobierno-en-beneficio-de-la-ciudadania\/#breadcrumb","itemListElement":[{"@type":"ListItem","position":1,"name":"Inicio","item":"https:\/\/21panorama.com\/"},{"@type":"ListItem","position":2,"name":"REFRENDA GEM TRABAJO RESPONSABLE Y CERCAN\u00cdA ENTRE LOS TRES NIVELES DE GOBIERNO EN BENEFICIO DE LA CIUDADAN\u00cdA"}]},{"@type":"WebSite","@id":"https:\/\/21panorama.com\/#website","url":"https:\/\/21panorama.com\/","name":"21 Panorama","description":"La construcci\u00f3n de la opini\u00f3n p\u00fablica merece un mejor Panorama en este siglo 21 para alcanzar una sociedad con mayor transparencia y sin corrupci\u00f3n.","publisher":{"@id":"https:\/\/21panorama.com\/#organization"},"potentialAction":[{"@type":"SearchAction","target":{"@type":"EntryPoint","urlTemplate":"https:\/\/21panorama.com\/?s={search_term_string}"},"query-input":{"@type":"PropertyValueSpecification","valueRequired":true,"valueName":"search_term_string"}}],"inLanguage":"es"},{"@type":"Organization","@id":"https:\/\/21panorama.com\/#organization","name":"21 Panorama","url":"https:\/\/21panorama.com\/","logo":{"@type":"ImageObject","inLanguage":"es","@id":"https:\/\/21panorama.com\/#\/schema\/logo\/image\/","url":"https:\/\/21panorama.com\/wp-content\/uploads\/2019\/07\/cropped-Logo-Panorama-01.jpeg","contentUrl":"https:\/\/21panorama.com\/wp-content\/uploads\/2019\/07\/cropped-Logo-Panorama-01.jpeg","width":290,"height":70,"caption":"21 Panorama"},"image":{"@id":"https:\/\/21panorama.com\/#\/schema\/logo\/image\/"}},{"@type":"Person","@id":"https:\/\/21panorama.com\/#\/schema\/person\/1afc291b96d5792a158768324287319f","name":"admin","image":{"@type":"ImageObject","inLanguage":"es","@id":"https:\/\/21panorama.com\/#\/schema\/person\/image\/","url":"https:\/\/secure.gravatar.com\/avatar\/ad365d9d9f46719215b0d042cc3df92a5a8683e09ef13d102233e5491985f0f0?s=96&d=mm&r=g","contentUrl":"https:\/\/secure.gravatar.com\/avatar\/ad365d9d9f46719215b0d042cc3df92a5a8683e09ef13d102233e5491985f0f0?s=96&d=mm&r=g","caption":"admin"},"url":"https:\/\/21panorama.com\/index.php\/author\/admin\/"}]}},"_links":{"self":[{"href":"https:\/\/21panorama.com\/index.php\/wp-json\/wp\/v2\/posts\/2632","targetHints":{"allow":["GET"]}}],"collection":[{"href":"https:\/\/21panorama.com\/index.php\/wp-json\/wp\/v2\/posts"}],"about":[{"href":"https:\/\/21panorama.com\/index.php\/wp-json\/wp\/v2\/types\/post"}],"author":[{"embeddable":true,"href":"https:\/\/21panorama.com\/index.php\/wp-json\/wp\/v2\/users\/1"}],"replies":[{"embeddable":true,"href":"https:\/\/21panorama.com\/index.php\/wp-json\/wp\/v2\/comments?post=2632"}],"version-history":[{"count":1,"href":"https:\/\/21panorama.com\/index.php\/wp-json\/wp\/v2\/posts\/2632\/revisions"}],"predecessor-version":[{"id":2637,"href":"https:\/\/21panorama.com\/index.php\/wp-json\/wp\/v2\/posts\/2632\/revisions\/2637"}],"wp:featuredmedia":[{"embeddable":true,"href":"https:\/\/21panorama.com\/index.php\/wp-json\/wp\/v2\/media\/2633"}],"wp:attachment":[{"href":"https:\/\/21panorama.com\/index.php\/wp-json\/wp\/v2\/media?parent=2632"}],"wp:term":[{"taxonomy":"category","embeddable":true,"href":"https:\/\/21panorama.com\/index.php\/wp-json\/wp\/v2\/categories?post=2632"},{"taxonomy":"post_tag","embeddable":true,"href":"https:\/\/21panorama.com\/index.php\/wp-json\/wp\/v2\/tags?post=2632"}],"curies":[{"name":"wp","href":"https:\/\/api.w.org\/{rel}","templated":true}]}}