{"id":263,"date":"2019-08-21T11:25:28","date_gmt":"2019-08-21T16:25:28","guid":{"rendered":"http:\/\/21panorama.com\/?p=263"},"modified":"2019-08-21T23:27:04","modified_gmt":"2019-08-22T04:27:04","slug":"reconocen-servidores-publicos-importancia-de-cursos-de-capacitacion-que-brinda-el-gem","status":"publish","type":"post","link":"https:\/\/21panorama.com\/index.php\/2019\/08\/21\/reconocen-servidores-publicos-importancia-de-cursos-de-capacitacion-que-brinda-el-gem\/","title":{"rendered":"RECONOCEN SERVIDORES P\u00daBLICOS IMPORTANCIA DE CURSOS DE CAPACITACI\u00d3N QUE BRINDA EL GEM"},"content":{"rendered":"\n<p>El Consejo de Investigaci\u00f3n y Evaluaci\u00f3n de la Pol\u00edtica Social (CIEPS) desarrolla programas de capacitaci\u00f3n para servidores p\u00fablicos de los organismos que conforman la Secretar\u00eda de Desarrollo Social, con el objetivo de impulsar los conocimiento de esta materia a favor de la sociedad.<\/p>\n\n\n\n<p>Por esta ocasi\u00f3n, en colaboraci\u00f3n con el Colegio Mexiquense llevan a cabo el curso de capacitaci\u00f3n \u201cPobreza y Pol\u00edtica Social\u201d encaminado a incrementar los conocimientos en materia de an\u00e1lisis, evaluaci\u00f3n y ejecuci\u00f3n de la pol\u00edtica social.<\/p>\n\n\n\n<p>\u201cEste curso y los conocimientos que estamos adquiriendo son muy importantes porque en el \u00e1rea en la que yo estoy hacemos la parte de la planeaci\u00f3n, apoyamos a las \u00e1reas a la hora de echar a andar programas nuevos o de evaluarlos\u201d, comparti\u00f3 Hilda Tenorio Gonz\u00e1lez, Jefa de \u00c1rea en la Unidad de Informaci\u00f3n, Planeaci\u00f3n, Programaci\u00f3n y Evaluaci\u00f3n (UIPPE) del Consejo Estatal de la Mujer y Bienestar Social (CEMyBS).<\/p>\n\n\n\n<p>Su objetivo es brindar a los participantes las herramientas te\u00f3ricas y conceptuales para facilitar el an\u00e1lisis de las pol\u00edticas sociales enfocadas a reducir la pobreza, as\u00ed como adquirir una visi\u00f3n general sobre el desarrollo de programas y pol\u00edticas encaminadas a disminuir las carencias del sector vulnerable de la poblaci\u00f3n.<\/p>\n\n\n\n<p>\u201cEs muy importante que identifiquemos estos \u00edndices de medici\u00f3n porque de alguna manera podemos fortalecer los programas de desarrollo social y que est\u00e9n enfocados a la poblaci\u00f3n que realmente lo necesita\u201d, coment\u00f3 Rufina Flores Torres, Jefa de la Unidad de Informaci\u00f3n, Planeaci\u00f3n, Programaci\u00f3n y Evaluaci\u00f3n del CEMyBS.<\/p>\n\n\n\n<p>\u201cNos sirve para identificar cu\u00e1l es la poblaci\u00f3n a la que tenemos que atender prioritariamente y tambi\u00e9n saber si lo que estamos haciendo va encaminado correctamente o hay que hacer alg\u00fan ajuste\u201d, resalt\u00f3 Hilda Tenorio Gonz\u00e1lez.<\/p>\n\n\n\n<p>\u201cLa importancia a nivel social de estos conocimientos, es que podemos, digamos, hacer un estudio y un an\u00e1lisis m\u00e1s preciso de la situaci\u00f3n que hay en el pa\u00eds, y eso te lleva a hacer mejores trabajos, mejores proyecciones de c\u00f3mo vas a apoyar a la gente que lo necesita\u201d, expres\u00f3.<\/p>\n\n\n\n<p>Cabe mencionar que el curso se desarrolla en las instalaciones del Colegio Mexiquense AC, es impartido por la Doctora Arlette Covarrubias Feregrino, y tiene una duraci\u00f3n de ocho sesiones presenciales. Inici\u00f3 el pasado 1 de agosto y culminar\u00e1 el 4 de septiembre.<\/p>\n\n\n\n<p>\u201cAgradecer la invitaci\u00f3n para el CIEPS porque nos invitaron a participar en este curso, porque considero que s\u00ed es muy importante la capacitaci\u00f3n para el mejor desempe\u00f1o de nuestras actividades y nuestras funciones que tenemos encomendadas en nuestras \u00e1reas de trabajo, en espec\u00edfico en el Consejo Estatal de la Mujer\u201d, mencion\u00f3 Rufina Flores Torres.<\/p>\n","protected":false},"excerpt":{"rendered":"<p>El Consejo de Investigaci\u00f3n y Evaluaci\u00f3n de la Pol\u00edtica Social (CIEPS) desarrolla programas de capacitaci\u00f3n para servidores p\u00fablicos de los organismos que conforman la Secretar\u00eda de Desarrollo Social, con el objetivo de impulsar los conocimiento de esta materia a favor de la sociedad. Por esta ocasi\u00f3n, en colaboraci\u00f3n con el Colegio Mexiquense llevan a cabo el curso de capacitaci\u00f3n \u201cPobreza y Pol\u00edtica Social\u201d encaminado a incrementar los conocimientos en materia de an\u00e1lisis, evaluaci\u00f3n y ejecuci\u00f3n de la pol\u00edtica social. \u201cEste curso y los conocimientos que estamos adquiriendo son muy importantes&hellip;<\/p>\n","protected":false},"author":1,"featured_media":264,"comment_status":"open","ping_status":"open","sticky":false,"template":"","format":"standard","meta":{"footnotes":""},"categories":[5,1],"tags":[],"class_list":["post-263","post","type-post","status-publish","format-standard","has-post-thumbnail","hentry","category-cultura","category-sociedad"],"yoast_head":"<!-- This site is optimized with the Yoast SEO plugin v24.9 - https:\/\/yoast.com\/wordpress\/plugins\/seo\/ -->\n<title>RECONOCEN SERVIDORES P\u00daBLICOS IMPORTANCIA DE CURSOS DE CAPACITACI\u00d3N QUE BRINDA EL GEM - 21 Panorama<\/title>\n<meta name=\"robots\" content=\"index, follow, max-snippet:-1, max-image-preview:large, max-video-preview:-1\" \/>\n<link rel=\"canonical\" href=\"https:\/\/21panorama.com\/index.php\/2019\/08\/21\/reconocen-servidores-publicos-importancia-de-cursos-de-capacitacion-que-brinda-el-gem\/\" \/>\n<meta property=\"og:locale\" content=\"es_MX\" \/>\n<meta property=\"og:type\" content=\"article\" \/>\n<meta property=\"og:title\" content=\"RECONOCEN SERVIDORES P\u00daBLICOS IMPORTANCIA DE CURSOS DE CAPACITACI\u00d3N QUE BRINDA EL GEM - 21 Panorama\" \/>\n<meta property=\"og:description\" content=\"El Consejo de Investigaci\u00f3n y Evaluaci\u00f3n de la Pol\u00edtica Social (CIEPS) desarrolla programas de capacitaci\u00f3n para servidores p\u00fablicos de los organismos que conforman la Secretar\u00eda de Desarrollo Social, con el objetivo de impulsar los conocimiento de esta materia a favor de la sociedad. Por esta ocasi\u00f3n, en colaboraci\u00f3n con el Colegio Mexiquense llevan a cabo el curso de capacitaci\u00f3n \u201cPobreza y Pol\u00edtica Social\u201d encaminado a incrementar los conocimientos en materia de an\u00e1lisis, evaluaci\u00f3n y ejecuci\u00f3n de la pol\u00edtica social. \u201cEste curso y los conocimientos que estamos adquiriendo son muy importantes&hellip;\" \/>\n<meta property=\"og:url\" content=\"https:\/\/21panorama.com\/index.php\/2019\/08\/21\/reconocen-servidores-publicos-importancia-de-cursos-de-capacitacion-que-brinda-el-gem\/\" \/>\n<meta property=\"og:site_name\" content=\"21 Panorama\" \/>\n<meta property=\"article:published_time\" content=\"2019-08-21T16:25:28+00:00\" \/>\n<meta property=\"article:modified_time\" content=\"2019-08-22T04:27:04+00:00\" \/>\n<meta property=\"og:image\" content=\"https:\/\/21panorama.com\/wp-content\/uploads\/2019\/08\/w2_8632_1.jpg\" \/>\n\t<meta property=\"og:image:width\" content=\"1423\" \/>\n\t<meta property=\"og:image:height\" content=\"949\" \/>\n\t<meta property=\"og:image:type\" content=\"image\/jpeg\" \/>\n<meta name=\"author\" content=\"admin\" \/>\n<meta name=\"twitter:card\" content=\"summary_large_image\" \/>\n<meta name=\"twitter:label1\" content=\"Escrito por\" \/>\n\t<meta name=\"twitter:data1\" content=\"admin\" \/>\n\t<meta name=\"twitter:label2\" content=\"Tiempo de lectura\" \/>\n\t<meta name=\"twitter:data2\" content=\"2 minutos\" \/>\n<script type=\"application\/ld+json\" class=\"yoast-schema-graph\">{\"@context\":\"https:\/\/schema.org\",\"@graph\":[{\"@type\":\"Article\",\"@id\":\"https:\/\/21panorama.com\/index.php\/2019\/08\/21\/reconocen-servidores-publicos-importancia-de-cursos-de-capacitacion-que-brinda-el-gem\/#article\",\"isPartOf\":{\"@id\":\"https:\/\/21panorama.com\/index.php\/2019\/08\/21\/reconocen-servidores-publicos-importancia-de-cursos-de-capacitacion-que-brinda-el-gem\/\"},\"author\":{\"name\":\"admin\",\"@id\":\"https:\/\/21panorama.com\/#\/schema\/person\/1afc291b96d5792a158768324287319f\"},\"headline\":\"RECONOCEN SERVIDORES P\u00daBLICOS IMPORTANCIA DE CURSOS DE CAPACITACI\u00d3N QUE BRINDA EL GEM\",\"datePublished\":\"2019-08-21T16:25:28+00:00\",\"dateModified\":\"2019-08-22T04:27:04+00:00\",\"mainEntityOfPage\":{\"@id\":\"https:\/\/21panorama.com\/index.php\/2019\/08\/21\/reconocen-servidores-publicos-importancia-de-cursos-de-capacitacion-que-brinda-el-gem\/\"},\"wordCount\":486,\"commentCount\":0,\"publisher\":{\"@id\":\"https:\/\/21panorama.com\/#organization\"},\"image\":{\"@id\":\"https:\/\/21panorama.com\/index.php\/2019\/08\/21\/reconocen-servidores-publicos-importancia-de-cursos-de-capacitacion-que-brinda-el-gem\/#primaryimage\"},\"thumbnailUrl\":\"https:\/\/21panorama.com\/wp-content\/uploads\/2019\/08\/w2_8632_1.jpg\",\"articleSection\":[\"Cultura\",\"Sociedad\"],\"inLanguage\":\"es\",\"potentialAction\":[{\"@type\":\"CommentAction\",\"name\":\"Comment\",\"target\":[\"https:\/\/21panorama.com\/index.php\/2019\/08\/21\/reconocen-servidores-publicos-importancia-de-cursos-de-capacitacion-que-brinda-el-gem\/#respond\"]}]},{\"@type\":\"WebPage\",\"@id\":\"https:\/\/21panorama.com\/index.php\/2019\/08\/21\/reconocen-servidores-publicos-importancia-de-cursos-de-capacitacion-que-brinda-el-gem\/\",\"url\":\"https:\/\/21panorama.com\/index.php\/2019\/08\/21\/reconocen-servidores-publicos-importancia-de-cursos-de-capacitacion-que-brinda-el-gem\/\",\"name\":\"RECONOCEN SERVIDORES P\u00daBLICOS IMPORTANCIA DE CURSOS DE CAPACITACI\u00d3N QUE BRINDA EL GEM - 21 Panorama\",\"isPartOf\":{\"@id\":\"https:\/\/21panorama.com\/#website\"},\"primaryImageOfPage\":{\"@id\":\"https:\/\/21panorama.com\/index.php\/2019\/08\/21\/reconocen-servidores-publicos-importancia-de-cursos-de-capacitacion-que-brinda-el-gem\/#primaryimage\"},\"image\":{\"@id\":\"https:\/\/21panorama.com\/index.php\/2019\/08\/21\/reconocen-servidores-publicos-importancia-de-cursos-de-capacitacion-que-brinda-el-gem\/#primaryimage\"},\"thumbnailUrl\":\"https:\/\/21panorama.com\/wp-content\/uploads\/2019\/08\/w2_8632_1.jpg\",\"datePublished\":\"2019-08-21T16:25:28+00:00\",\"dateModified\":\"2019-08-22T04:27:04+00:00\",\"breadcrumb\":{\"@id\":\"https:\/\/21panorama.com\/index.php\/2019\/08\/21\/reconocen-servidores-publicos-importancia-de-cursos-de-capacitacion-que-brinda-el-gem\/#breadcrumb\"},\"inLanguage\":\"es\",\"potentialAction\":[{\"@type\":\"ReadAction\",\"target\":[\"https:\/\/21panorama.com\/index.php\/2019\/08\/21\/reconocen-servidores-publicos-importancia-de-cursos-de-capacitacion-que-brinda-el-gem\/\"]}]},{\"@type\":\"ImageObject\",\"inLanguage\":\"es\",\"@id\":\"https:\/\/21panorama.com\/index.php\/2019\/08\/21\/reconocen-servidores-publicos-importancia-de-cursos-de-capacitacion-que-brinda-el-gem\/#primaryimage\",\"url\":\"https:\/\/21panorama.com\/wp-content\/uploads\/2019\/08\/w2_8632_1.jpg\",\"contentUrl\":\"https:\/\/21panorama.com\/wp-content\/uploads\/2019\/08\/w2_8632_1.jpg\",\"width\":1423,\"height\":949},{\"@type\":\"BreadcrumbList\",\"@id\":\"https:\/\/21panorama.com\/index.php\/2019\/08\/21\/reconocen-servidores-publicos-importancia-de-cursos-de-capacitacion-que-brinda-el-gem\/#breadcrumb\",\"itemListElement\":[{\"@type\":\"ListItem\",\"position\":1,\"name\":\"Inicio\",\"item\":\"https:\/\/21panorama.com\/\"},{\"@type\":\"ListItem\",\"position\":2,\"name\":\"RECONOCEN SERVIDORES P\u00daBLICOS IMPORTANCIA DE CURSOS DE CAPACITACI\u00d3N QUE BRINDA EL GEM\"}]},{\"@type\":\"WebSite\",\"@id\":\"https:\/\/21panorama.com\/#website\",\"url\":\"https:\/\/21panorama.com\/\",\"name\":\"21 Panorama\",\"description\":\"La construcci\u00f3n de la opini\u00f3n p\u00fablica merece un mejor Panorama en este siglo 21 para alcanzar una sociedad con mayor transparencia y sin corrupci\u00f3n.\",\"publisher\":{\"@id\":\"https:\/\/21panorama.com\/#organization\"},\"potentialAction\":[{\"@type\":\"SearchAction\",\"target\":{\"@type\":\"EntryPoint\",\"urlTemplate\":\"https:\/\/21panorama.com\/?s={search_term_string}\"},\"query-input\":{\"@type\":\"PropertyValueSpecification\",\"valueRequired\":true,\"valueName\":\"search_term_string\"}}],\"inLanguage\":\"es\"},{\"@type\":\"Organization\",\"@id\":\"https:\/\/21panorama.com\/#organization\",\"name\":\"21 Panorama\",\"url\":\"https:\/\/21panorama.com\/\",\"logo\":{\"@type\":\"ImageObject\",\"inLanguage\":\"es\",\"@id\":\"https:\/\/21panorama.com\/#\/schema\/logo\/image\/\",\"url\":\"https:\/\/21panorama.com\/wp-content\/uploads\/2019\/07\/cropped-Logo-Panorama-01.jpeg\",\"contentUrl\":\"https:\/\/21panorama.com\/wp-content\/uploads\/2019\/07\/cropped-Logo-Panorama-01.jpeg\",\"width\":290,\"height\":70,\"caption\":\"21 Panorama\"},\"image\":{\"@id\":\"https:\/\/21panorama.com\/#\/schema\/logo\/image\/\"}},{\"@type\":\"Person\",\"@id\":\"https:\/\/21panorama.com\/#\/schema\/person\/1afc291b96d5792a158768324287319f\",\"name\":\"admin\",\"image\":{\"@type\":\"ImageObject\",\"inLanguage\":\"es\",\"@id\":\"https:\/\/21panorama.com\/#\/schema\/person\/image\/\",\"url\":\"https:\/\/secure.gravatar.com\/avatar\/ad365d9d9f46719215b0d042cc3df92a5a8683e09ef13d102233e5491985f0f0?s=96&d=mm&r=g\",\"contentUrl\":\"https:\/\/secure.gravatar.com\/avatar\/ad365d9d9f46719215b0d042cc3df92a5a8683e09ef13d102233e5491985f0f0?s=96&d=mm&r=g\",\"caption\":\"admin\"},\"url\":\"https:\/\/21panorama.com\/index.php\/author\/admin\/\"}]}<\/script>\n<!-- \/ Yoast SEO plugin. -->","yoast_head_json":{"title":"RECONOCEN SERVIDORES P\u00daBLICOS IMPORTANCIA DE CURSOS DE CAPACITACI\u00d3N QUE BRINDA EL GEM - 21 Panorama","robots":{"index":"index","follow":"follow","max-snippet":"max-snippet:-1","max-image-preview":"max-image-preview:large","max-video-preview":"max-video-preview:-1"},"canonical":"https:\/\/21panorama.com\/index.php\/2019\/08\/21\/reconocen-servidores-publicos-importancia-de-cursos-de-capacitacion-que-brinda-el-gem\/","og_locale":"es_MX","og_type":"article","og_title":"RECONOCEN SERVIDORES P\u00daBLICOS IMPORTANCIA DE CURSOS DE CAPACITACI\u00d3N QUE BRINDA EL GEM - 21 Panorama","og_description":"El Consejo de Investigaci\u00f3n y Evaluaci\u00f3n de la Pol\u00edtica Social (CIEPS) desarrolla programas de capacitaci\u00f3n para servidores p\u00fablicos de los organismos que conforman la Secretar\u00eda de Desarrollo Social, con el objetivo de impulsar los conocimiento de esta materia a favor de la sociedad. Por esta ocasi\u00f3n, en colaboraci\u00f3n con el Colegio Mexiquense llevan a cabo el curso de capacitaci\u00f3n \u201cPobreza y Pol\u00edtica Social\u201d encaminado a incrementar los conocimientos en materia de an\u00e1lisis, evaluaci\u00f3n y ejecuci\u00f3n de la pol\u00edtica social. \u201cEste curso y los conocimientos que estamos adquiriendo son muy importantes&hellip;","og_url":"https:\/\/21panorama.com\/index.php\/2019\/08\/21\/reconocen-servidores-publicos-importancia-de-cursos-de-capacitacion-que-brinda-el-gem\/","og_site_name":"21 Panorama","article_published_time":"2019-08-21T16:25:28+00:00","article_modified_time":"2019-08-22T04:27:04+00:00","og_image":[{"width":1423,"height":949,"url":"https:\/\/21panorama.com\/wp-content\/uploads\/2019\/08\/w2_8632_1.jpg","type":"image\/jpeg"}],"author":"admin","twitter_card":"summary_large_image","twitter_misc":{"Escrito por":"admin","Tiempo de lectura":"2 minutos"},"schema":{"@context":"https:\/\/schema.org","@graph":[{"@type":"Article","@id":"https:\/\/21panorama.com\/index.php\/2019\/08\/21\/reconocen-servidores-publicos-importancia-de-cursos-de-capacitacion-que-brinda-el-gem\/#article","isPartOf":{"@id":"https:\/\/21panorama.com\/index.php\/2019\/08\/21\/reconocen-servidores-publicos-importancia-de-cursos-de-capacitacion-que-brinda-el-gem\/"},"author":{"name":"admin","@id":"https:\/\/21panorama.com\/#\/schema\/person\/1afc291b96d5792a158768324287319f"},"headline":"RECONOCEN SERVIDORES P\u00daBLICOS IMPORTANCIA DE CURSOS DE CAPACITACI\u00d3N QUE BRINDA EL GEM","datePublished":"2019-08-21T16:25:28+00:00","dateModified":"2019-08-22T04:27:04+00:00","mainEntityOfPage":{"@id":"https:\/\/21panorama.com\/index.php\/2019\/08\/21\/reconocen-servidores-publicos-importancia-de-cursos-de-capacitacion-que-brinda-el-gem\/"},"wordCount":486,"commentCount":0,"publisher":{"@id":"https:\/\/21panorama.com\/#organization"},"image":{"@id":"https:\/\/21panorama.com\/index.php\/2019\/08\/21\/reconocen-servidores-publicos-importancia-de-cursos-de-capacitacion-que-brinda-el-gem\/#primaryimage"},"thumbnailUrl":"https:\/\/21panorama.com\/wp-content\/uploads\/2019\/08\/w2_8632_1.jpg","articleSection":["Cultura","Sociedad"],"inLanguage":"es","potentialAction":[{"@type":"CommentAction","name":"Comment","target":["https:\/\/21panorama.com\/index.php\/2019\/08\/21\/reconocen-servidores-publicos-importancia-de-cursos-de-capacitacion-que-brinda-el-gem\/#respond"]}]},{"@type":"WebPage","@id":"https:\/\/21panorama.com\/index.php\/2019\/08\/21\/reconocen-servidores-publicos-importancia-de-cursos-de-capacitacion-que-brinda-el-gem\/","url":"https:\/\/21panorama.com\/index.php\/2019\/08\/21\/reconocen-servidores-publicos-importancia-de-cursos-de-capacitacion-que-brinda-el-gem\/","name":"RECONOCEN SERVIDORES P\u00daBLICOS IMPORTANCIA DE CURSOS DE CAPACITACI\u00d3N QUE BRINDA EL GEM - 21 Panorama","isPartOf":{"@id":"https:\/\/21panorama.com\/#website"},"primaryImageOfPage":{"@id":"https:\/\/21panorama.com\/index.php\/2019\/08\/21\/reconocen-servidores-publicos-importancia-de-cursos-de-capacitacion-que-brinda-el-gem\/#primaryimage"},"image":{"@id":"https:\/\/21panorama.com\/index.php\/2019\/08\/21\/reconocen-servidores-publicos-importancia-de-cursos-de-capacitacion-que-brinda-el-gem\/#primaryimage"},"thumbnailUrl":"https:\/\/21panorama.com\/wp-content\/uploads\/2019\/08\/w2_8632_1.jpg","datePublished":"2019-08-21T16:25:28+00:00","dateModified":"2019-08-22T04:27:04+00:00","breadcrumb":{"@id":"https:\/\/21panorama.com\/index.php\/2019\/08\/21\/reconocen-servidores-publicos-importancia-de-cursos-de-capacitacion-que-brinda-el-gem\/#breadcrumb"},"inLanguage":"es","potentialAction":[{"@type":"ReadAction","target":["https:\/\/21panorama.com\/index.php\/2019\/08\/21\/reconocen-servidores-publicos-importancia-de-cursos-de-capacitacion-que-brinda-el-gem\/"]}]},{"@type":"ImageObject","inLanguage":"es","@id":"https:\/\/21panorama.com\/index.php\/2019\/08\/21\/reconocen-servidores-publicos-importancia-de-cursos-de-capacitacion-que-brinda-el-gem\/#primaryimage","url":"https:\/\/21panorama.com\/wp-content\/uploads\/2019\/08\/w2_8632_1.jpg","contentUrl":"https:\/\/21panorama.com\/wp-content\/uploads\/2019\/08\/w2_8632_1.jpg","width":1423,"height":949},{"@type":"BreadcrumbList","@id":"https:\/\/21panorama.com\/index.php\/2019\/08\/21\/reconocen-servidores-publicos-importancia-de-cursos-de-capacitacion-que-brinda-el-gem\/#breadcrumb","itemListElement":[{"@type":"ListItem","position":1,"name":"Inicio","item":"https:\/\/21panorama.com\/"},{"@type":"ListItem","position":2,"name":"RECONOCEN SERVIDORES P\u00daBLICOS IMPORTANCIA DE CURSOS DE CAPACITACI\u00d3N QUE BRINDA EL GEM"}]},{"@type":"WebSite","@id":"https:\/\/21panorama.com\/#website","url":"https:\/\/21panorama.com\/","name":"21 Panorama","description":"La construcci\u00f3n de la opini\u00f3n p\u00fablica merece un mejor Panorama en este siglo 21 para alcanzar una sociedad con mayor transparencia y sin corrupci\u00f3n.","publisher":{"@id":"https:\/\/21panorama.com\/#organization"},"potentialAction":[{"@type":"SearchAction","target":{"@type":"EntryPoint","urlTemplate":"https:\/\/21panorama.com\/?s={search_term_string}"},"query-input":{"@type":"PropertyValueSpecification","valueRequired":true,"valueName":"search_term_string"}}],"inLanguage":"es"},{"@type":"Organization","@id":"https:\/\/21panorama.com\/#organization","name":"21 Panorama","url":"https:\/\/21panorama.com\/","logo":{"@type":"ImageObject","inLanguage":"es","@id":"https:\/\/21panorama.com\/#\/schema\/logo\/image\/","url":"https:\/\/21panorama.com\/wp-content\/uploads\/2019\/07\/cropped-Logo-Panorama-01.jpeg","contentUrl":"https:\/\/21panorama.com\/wp-content\/uploads\/2019\/07\/cropped-Logo-Panorama-01.jpeg","width":290,"height":70,"caption":"21 Panorama"},"image":{"@id":"https:\/\/21panorama.com\/#\/schema\/logo\/image\/"}},{"@type":"Person","@id":"https:\/\/21panorama.com\/#\/schema\/person\/1afc291b96d5792a158768324287319f","name":"admin","image":{"@type":"ImageObject","inLanguage":"es","@id":"https:\/\/21panorama.com\/#\/schema\/person\/image\/","url":"https:\/\/secure.gravatar.com\/avatar\/ad365d9d9f46719215b0d042cc3df92a5a8683e09ef13d102233e5491985f0f0?s=96&d=mm&r=g","contentUrl":"https:\/\/secure.gravatar.com\/avatar\/ad365d9d9f46719215b0d042cc3df92a5a8683e09ef13d102233e5491985f0f0?s=96&d=mm&r=g","caption":"admin"},"url":"https:\/\/21panorama.com\/index.php\/author\/admin\/"}]}},"_links":{"self":[{"href":"https:\/\/21panorama.com\/index.php\/wp-json\/wp\/v2\/posts\/263","targetHints":{"allow":["GET"]}}],"collection":[{"href":"https:\/\/21panorama.com\/index.php\/wp-json\/wp\/v2\/posts"}],"about":[{"href":"https:\/\/21panorama.com\/index.php\/wp-json\/wp\/v2\/types\/post"}],"author":[{"embeddable":true,"href":"https:\/\/21panorama.com\/index.php\/wp-json\/wp\/v2\/users\/1"}],"replies":[{"embeddable":true,"href":"https:\/\/21panorama.com\/index.php\/wp-json\/wp\/v2\/comments?post=263"}],"version-history":[{"count":1,"href":"https:\/\/21panorama.com\/index.php\/wp-json\/wp\/v2\/posts\/263\/revisions"}],"predecessor-version":[{"id":265,"href":"https:\/\/21panorama.com\/index.php\/wp-json\/wp\/v2\/posts\/263\/revisions\/265"}],"wp:featuredmedia":[{"embeddable":true,"href":"https:\/\/21panorama.com\/index.php\/wp-json\/wp\/v2\/media\/264"}],"wp:attachment":[{"href":"https:\/\/21panorama.com\/index.php\/wp-json\/wp\/v2\/media?parent=263"}],"wp:term":[{"taxonomy":"category","embeddable":true,"href":"https:\/\/21panorama.com\/index.php\/wp-json\/wp\/v2\/categories?post=263"},{"taxonomy":"post_tag","embeddable":true,"href":"https:\/\/21panorama.com\/index.php\/wp-json\/wp\/v2\/tags?post=263"}],"curies":[{"name":"wp","href":"https:\/\/api.w.org\/{rel}","templated":true}]}}