{"id":2629,"date":"2021-12-07T15:05:34","date_gmt":"2021-12-07T21:05:34","guid":{"rendered":"https:\/\/21panorama.com\/?p=2629"},"modified":"2021-12-07T15:05:36","modified_gmt":"2021-12-07T21:05:36","slug":"ante-nuevas-variantes-del-sars-cov-2-como-omicron-recomendable-continuar-con-medidas-sanitarias","status":"publish","type":"post","link":"https:\/\/21panorama.com\/index.php\/2021\/12\/07\/ante-nuevas-variantes-del-sars-cov-2-como-omicron-recomendable-continuar-con-medidas-sanitarias\/","title":{"rendered":"Ante nuevas variantes del SARS-CoV-2 como \u00d3micron recomendable continuar con medidas sanitarias"},"content":{"rendered":"\n<p>Toluca, M\u00e9x. 07 de diciembre de 2021. Ante el registro de la nueva variante del virus del SARS-CoV-2, denominada \u00d3micron por la Organizaci\u00f3n Mundial de la Salud (OMS), se recomienda dar continuidad a las medidas sanitarias que se establecieron al inicio de la pandemia de COVID-19 y contar con el esquema de vacunaci\u00f3n, acciones que podr\u00edan abonar a evitar contagios durante la temporada invernal, sostuvo el acad\u00e9mico de la Universidad Aut\u00f3noma del Estado de M\u00e9xico (UAEM), Miguel \u00c1ngel Karam Calder\u00f3n.<br>\u201cNecesitamos tiempo para conocer las caracter\u00edsticas reales de la nueva variante del virus surgida a fines del mes de noviembre en territorio africano\u201d destac\u00f3 el acad\u00e9mico de la Facultad de Medicina de la UAEM, quien enfatiz\u00f3 que sin importar el laboratorio donde se desarrollaron, es importante adquirir las vacunas anti covid que han probado eficacia e incluso es posible optar por su refuerzo cuando las autoridades de salud las autoricen.<br>Las medidas de seguridad como el uso correcto del cubrebocas, el distanciamiento social, el lavado constante de manos y evitar reuniones con un gran n\u00famero de personas en lugares cerrados, deber\u00e1n seguir aplic\u00e1ndose, asegur\u00f3 el especialista en epidemiolog\u00eda de la Aut\u00f3noma mexiquense.<br>Respecto al cuadro cl\u00ednico, Karam Calder\u00f3n coment\u00f3 que los s\u00edntomas que produce \u00d3micron, identificados gracias a reportes de la Asociaci\u00f3n m\u00e9dica sudafricana, son poco habituales respecto a otras variantes, por ejemplo, fatiga, dolores musculares, tos seca o picaz\u00f3n en la garganta, en algunos casos fiebre baja, y se presentan mayoritariamente en hombres menores de 40 a\u00f1os, de los cuales la mitad estaban vacunados, pero no presentaron p\u00e9rdida de gusto ni olfato.<br>Karam Calder\u00f3n se\u00f1al\u00f3 que nuevas variantes del SARS-Cov-2 podr\u00e1n surgir hasta que un porcentaje importante de personas se vacunen a nivel mundial; sin embargo, \u00c1frica es la regi\u00f3n que ha tenido menos de 10 por ciento de acceso a las vacunas producidas en el mundo, y este escenario es propicio para el surgimiento de nuevas variantes.<br>De acuerdo con informes preliminares por m\u00e9dicos sudafricanos, la variante \u00d3micron presenta una cantidad importante de mutaciones que la har\u00edan potencialmente m\u00e1s transmisible e incluso menos susceptible a la inmunidad por vacuna o infecci\u00f3n; sin embargo, dijo el especialista de la UAEM, a\u00fan es prematuro adelantar aseveraciones, ya que a\u00fan no se conoce en su totalidad el desarrollo de la cepa original surgida en Wuhan, China.<br>Ante la cercan\u00eda de la temporada invernal, Miguel \u00c1ngel Karam Calder\u00f3n se\u00f1al\u00f3 que debemos seguir con las medidas de protecci\u00f3n y ser solidarios con nuestros amigos y familiares, por lo que debemos atender las medidas sanitarias, ya que la pandemia a\u00fan no concluye.<\/p>\n","protected":false},"excerpt":{"rendered":"<p>De acuerdo con investigador de la UAEM, la variante \u00d3micron cuenta con diversas mutaciones; sin embargo, es apresurado afirmar que es m\u00e1s contagiosa, letal o que evade la protecci\u00f3n de las vacunas, lo m\u00e1s importante es continuar con las medidas como el lavado de manos y uso correcto de cubrebocas.<\/p>\n","protected":false},"author":1,"featured_media":2630,"comment_status":"open","ping_status":"open","sticky":false,"template":"","format":"standard","meta":{"footnotes":""},"categories":[6],"tags":[141],"class_list":["post-2629","post","type-post","status-publish","format-standard","has-post-thumbnail","hentry","category-cienciaysalud","tag-covid"],"yoast_head":"<!-- This site is optimized with the Yoast SEO plugin v24.9 - https:\/\/yoast.com\/wordpress\/plugins\/seo\/ -->\n<title>Ante nuevas variantes del SARS-CoV-2 como \u00d3micron recomendable continuar con medidas sanitarias - 21 Panorama<\/title>\n<meta name=\"robots\" content=\"index, follow, max-snippet:-1, max-image-preview:large, max-video-preview:-1\" \/>\n<link rel=\"canonical\" href=\"https:\/\/21panorama.com\/index.php\/2021\/12\/07\/ante-nuevas-variantes-del-sars-cov-2-como-omicron-recomendable-continuar-con-medidas-sanitarias\/\" \/>\n<meta property=\"og:locale\" content=\"es_MX\" \/>\n<meta property=\"og:type\" content=\"article\" \/>\n<meta property=\"og:title\" content=\"Ante nuevas variantes del SARS-CoV-2 como \u00d3micron recomendable continuar con medidas sanitarias - 21 Panorama\" \/>\n<meta property=\"og:description\" content=\"De acuerdo con investigador de la UAEM, la variante \u00d3micron cuenta con diversas mutaciones; sin embargo, es apresurado afirmar que es m\u00e1s contagiosa, letal o que evade la protecci\u00f3n de las vacunas, lo m\u00e1s importante es continuar con las medidas como el lavado de manos y uso correcto de cubrebocas.\" \/>\n<meta property=\"og:url\" content=\"https:\/\/21panorama.com\/index.php\/2021\/12\/07\/ante-nuevas-variantes-del-sars-cov-2-como-omicron-recomendable-continuar-con-medidas-sanitarias\/\" \/>\n<meta property=\"og:site_name\" content=\"21 Panorama\" \/>\n<meta property=\"article:published_time\" content=\"2021-12-07T21:05:34+00:00\" \/>\n<meta property=\"article:modified_time\" content=\"2021-12-07T21:05:36+00:00\" \/>\n<meta property=\"og:image\" content=\"https:\/\/21panorama.com\/wp-content\/uploads\/2021\/12\/a8d36395-202f-4a22-8fc3-f1b574ea4cb0.jpeg\" \/>\n\t<meta property=\"og:image:width\" content=\"960\" \/>\n\t<meta property=\"og:image:height\" content=\"640\" \/>\n\t<meta property=\"og:image:type\" content=\"image\/jpeg\" \/>\n<meta name=\"author\" content=\"admin\" \/>\n<meta name=\"twitter:card\" content=\"summary_large_image\" \/>\n<meta name=\"twitter:label1\" content=\"Escrito por\" \/>\n\t<meta name=\"twitter:data1\" content=\"admin\" \/>\n\t<meta name=\"twitter:label2\" content=\"Tiempo de lectura\" \/>\n\t<meta name=\"twitter:data2\" content=\"2 minutos\" \/>\n<script type=\"application\/ld+json\" class=\"yoast-schema-graph\">{\"@context\":\"https:\/\/schema.org\",\"@graph\":[{\"@type\":\"Article\",\"@id\":\"https:\/\/21panorama.com\/index.php\/2021\/12\/07\/ante-nuevas-variantes-del-sars-cov-2-como-omicron-recomendable-continuar-con-medidas-sanitarias\/#article\",\"isPartOf\":{\"@id\":\"https:\/\/21panorama.com\/index.php\/2021\/12\/07\/ante-nuevas-variantes-del-sars-cov-2-como-omicron-recomendable-continuar-con-medidas-sanitarias\/\"},\"author\":{\"name\":\"admin\",\"@id\":\"https:\/\/21panorama.com\/#\/schema\/person\/1afc291b96d5792a158768324287319f\"},\"headline\":\"Ante nuevas variantes del SARS-CoV-2 como \u00d3micron recomendable continuar con medidas sanitarias\",\"datePublished\":\"2021-12-07T21:05:34+00:00\",\"dateModified\":\"2021-12-07T21:05:36+00:00\",\"mainEntityOfPage\":{\"@id\":\"https:\/\/21panorama.com\/index.php\/2021\/12\/07\/ante-nuevas-variantes-del-sars-cov-2-como-omicron-recomendable-continuar-con-medidas-sanitarias\/\"},\"wordCount\":474,\"commentCount\":0,\"publisher\":{\"@id\":\"https:\/\/21panorama.com\/#organization\"},\"image\":{\"@id\":\"https:\/\/21panorama.com\/index.php\/2021\/12\/07\/ante-nuevas-variantes-del-sars-cov-2-como-omicron-recomendable-continuar-con-medidas-sanitarias\/#primaryimage\"},\"thumbnailUrl\":\"https:\/\/21panorama.com\/wp-content\/uploads\/2021\/12\/a8d36395-202f-4a22-8fc3-f1b574ea4cb0.jpeg\",\"keywords\":[\"COVID\"],\"articleSection\":[\"Ciencia y Salud\"],\"inLanguage\":\"es\",\"potentialAction\":[{\"@type\":\"CommentAction\",\"name\":\"Comment\",\"target\":[\"https:\/\/21panorama.com\/index.php\/2021\/12\/07\/ante-nuevas-variantes-del-sars-cov-2-como-omicron-recomendable-continuar-con-medidas-sanitarias\/#respond\"]}]},{\"@type\":\"WebPage\",\"@id\":\"https:\/\/21panorama.com\/index.php\/2021\/12\/07\/ante-nuevas-variantes-del-sars-cov-2-como-omicron-recomendable-continuar-con-medidas-sanitarias\/\",\"url\":\"https:\/\/21panorama.com\/index.php\/2021\/12\/07\/ante-nuevas-variantes-del-sars-cov-2-como-omicron-recomendable-continuar-con-medidas-sanitarias\/\",\"name\":\"Ante nuevas variantes del SARS-CoV-2 como \u00d3micron recomendable continuar con medidas sanitarias - 21 Panorama\",\"isPartOf\":{\"@id\":\"https:\/\/21panorama.com\/#website\"},\"primaryImageOfPage\":{\"@id\":\"https:\/\/21panorama.com\/index.php\/2021\/12\/07\/ante-nuevas-variantes-del-sars-cov-2-como-omicron-recomendable-continuar-con-medidas-sanitarias\/#primaryimage\"},\"image\":{\"@id\":\"https:\/\/21panorama.com\/index.php\/2021\/12\/07\/ante-nuevas-variantes-del-sars-cov-2-como-omicron-recomendable-continuar-con-medidas-sanitarias\/#primaryimage\"},\"thumbnailUrl\":\"https:\/\/21panorama.com\/wp-content\/uploads\/2021\/12\/a8d36395-202f-4a22-8fc3-f1b574ea4cb0.jpeg\",\"datePublished\":\"2021-12-07T21:05:34+00:00\",\"dateModified\":\"2021-12-07T21:05:36+00:00\",\"breadcrumb\":{\"@id\":\"https:\/\/21panorama.com\/index.php\/2021\/12\/07\/ante-nuevas-variantes-del-sars-cov-2-como-omicron-recomendable-continuar-con-medidas-sanitarias\/#breadcrumb\"},\"inLanguage\":\"es\",\"potentialAction\":[{\"@type\":\"ReadAction\",\"target\":[\"https:\/\/21panorama.com\/index.php\/2021\/12\/07\/ante-nuevas-variantes-del-sars-cov-2-como-omicron-recomendable-continuar-con-medidas-sanitarias\/\"]}]},{\"@type\":\"ImageObject\",\"inLanguage\":\"es\",\"@id\":\"https:\/\/21panorama.com\/index.php\/2021\/12\/07\/ante-nuevas-variantes-del-sars-cov-2-como-omicron-recomendable-continuar-con-medidas-sanitarias\/#primaryimage\",\"url\":\"https:\/\/21panorama.com\/wp-content\/uploads\/2021\/12\/a8d36395-202f-4a22-8fc3-f1b574ea4cb0.jpeg\",\"contentUrl\":\"https:\/\/21panorama.com\/wp-content\/uploads\/2021\/12\/a8d36395-202f-4a22-8fc3-f1b574ea4cb0.jpeg\",\"width\":960,\"height\":640},{\"@type\":\"BreadcrumbList\",\"@id\":\"https:\/\/21panorama.com\/index.php\/2021\/12\/07\/ante-nuevas-variantes-del-sars-cov-2-como-omicron-recomendable-continuar-con-medidas-sanitarias\/#breadcrumb\",\"itemListElement\":[{\"@type\":\"ListItem\",\"position\":1,\"name\":\"Inicio\",\"item\":\"https:\/\/21panorama.com\/\"},{\"@type\":\"ListItem\",\"position\":2,\"name\":\"Ante nuevas variantes del SARS-CoV-2 como \u00d3micron recomendable continuar con medidas sanitarias\"}]},{\"@type\":\"WebSite\",\"@id\":\"https:\/\/21panorama.com\/#website\",\"url\":\"https:\/\/21panorama.com\/\",\"name\":\"21 Panorama\",\"description\":\"La construcci\u00f3n de la opini\u00f3n p\u00fablica merece un mejor Panorama en este siglo 21 para alcanzar una sociedad con mayor transparencia y sin corrupci\u00f3n.\",\"publisher\":{\"@id\":\"https:\/\/21panorama.com\/#organization\"},\"potentialAction\":[{\"@type\":\"SearchAction\",\"target\":{\"@type\":\"EntryPoint\",\"urlTemplate\":\"https:\/\/21panorama.com\/?s={search_term_string}\"},\"query-input\":{\"@type\":\"PropertyValueSpecification\",\"valueRequired\":true,\"valueName\":\"search_term_string\"}}],\"inLanguage\":\"es\"},{\"@type\":\"Organization\",\"@id\":\"https:\/\/21panorama.com\/#organization\",\"name\":\"21 Panorama\",\"url\":\"https:\/\/21panorama.com\/\",\"logo\":{\"@type\":\"ImageObject\",\"inLanguage\":\"es\",\"@id\":\"https:\/\/21panorama.com\/#\/schema\/logo\/image\/\",\"url\":\"https:\/\/21panorama.com\/wp-content\/uploads\/2019\/07\/cropped-Logo-Panorama-01.jpeg\",\"contentUrl\":\"https:\/\/21panorama.com\/wp-content\/uploads\/2019\/07\/cropped-Logo-Panorama-01.jpeg\",\"width\":290,\"height\":70,\"caption\":\"21 Panorama\"},\"image\":{\"@id\":\"https:\/\/21panorama.com\/#\/schema\/logo\/image\/\"}},{\"@type\":\"Person\",\"@id\":\"https:\/\/21panorama.com\/#\/schema\/person\/1afc291b96d5792a158768324287319f\",\"name\":\"admin\",\"image\":{\"@type\":\"ImageObject\",\"inLanguage\":\"es\",\"@id\":\"https:\/\/21panorama.com\/#\/schema\/person\/image\/\",\"url\":\"https:\/\/secure.gravatar.com\/avatar\/ad365d9d9f46719215b0d042cc3df92a5a8683e09ef13d102233e5491985f0f0?s=96&d=mm&r=g\",\"contentUrl\":\"https:\/\/secure.gravatar.com\/avatar\/ad365d9d9f46719215b0d042cc3df92a5a8683e09ef13d102233e5491985f0f0?s=96&d=mm&r=g\",\"caption\":\"admin\"},\"url\":\"https:\/\/21panorama.com\/index.php\/author\/admin\/\"}]}<\/script>\n<!-- \/ Yoast SEO plugin. -->","yoast_head_json":{"title":"Ante nuevas variantes del SARS-CoV-2 como \u00d3micron recomendable continuar con medidas sanitarias - 21 Panorama","robots":{"index":"index","follow":"follow","max-snippet":"max-snippet:-1","max-image-preview":"max-image-preview:large","max-video-preview":"max-video-preview:-1"},"canonical":"https:\/\/21panorama.com\/index.php\/2021\/12\/07\/ante-nuevas-variantes-del-sars-cov-2-como-omicron-recomendable-continuar-con-medidas-sanitarias\/","og_locale":"es_MX","og_type":"article","og_title":"Ante nuevas variantes del SARS-CoV-2 como \u00d3micron recomendable continuar con medidas sanitarias - 21 Panorama","og_description":"De acuerdo con investigador de la UAEM, la variante \u00d3micron cuenta con diversas mutaciones; sin embargo, es apresurado afirmar que es m\u00e1s contagiosa, letal o que evade la protecci\u00f3n de las vacunas, lo m\u00e1s importante es continuar con las medidas como el lavado de manos y uso correcto de cubrebocas.","og_url":"https:\/\/21panorama.com\/index.php\/2021\/12\/07\/ante-nuevas-variantes-del-sars-cov-2-como-omicron-recomendable-continuar-con-medidas-sanitarias\/","og_site_name":"21 Panorama","article_published_time":"2021-12-07T21:05:34+00:00","article_modified_time":"2021-12-07T21:05:36+00:00","og_image":[{"width":960,"height":640,"url":"https:\/\/21panorama.com\/wp-content\/uploads\/2021\/12\/a8d36395-202f-4a22-8fc3-f1b574ea4cb0.jpeg","type":"image\/jpeg"}],"author":"admin","twitter_card":"summary_large_image","twitter_misc":{"Escrito por":"admin","Tiempo de lectura":"2 minutos"},"schema":{"@context":"https:\/\/schema.org","@graph":[{"@type":"Article","@id":"https:\/\/21panorama.com\/index.php\/2021\/12\/07\/ante-nuevas-variantes-del-sars-cov-2-como-omicron-recomendable-continuar-con-medidas-sanitarias\/#article","isPartOf":{"@id":"https:\/\/21panorama.com\/index.php\/2021\/12\/07\/ante-nuevas-variantes-del-sars-cov-2-como-omicron-recomendable-continuar-con-medidas-sanitarias\/"},"author":{"name":"admin","@id":"https:\/\/21panorama.com\/#\/schema\/person\/1afc291b96d5792a158768324287319f"},"headline":"Ante nuevas variantes del SARS-CoV-2 como \u00d3micron recomendable continuar con medidas sanitarias","datePublished":"2021-12-07T21:05:34+00:00","dateModified":"2021-12-07T21:05:36+00:00","mainEntityOfPage":{"@id":"https:\/\/21panorama.com\/index.php\/2021\/12\/07\/ante-nuevas-variantes-del-sars-cov-2-como-omicron-recomendable-continuar-con-medidas-sanitarias\/"},"wordCount":474,"commentCount":0,"publisher":{"@id":"https:\/\/21panorama.com\/#organization"},"image":{"@id":"https:\/\/21panorama.com\/index.php\/2021\/12\/07\/ante-nuevas-variantes-del-sars-cov-2-como-omicron-recomendable-continuar-con-medidas-sanitarias\/#primaryimage"},"thumbnailUrl":"https:\/\/21panorama.com\/wp-content\/uploads\/2021\/12\/a8d36395-202f-4a22-8fc3-f1b574ea4cb0.jpeg","keywords":["COVID"],"articleSection":["Ciencia y Salud"],"inLanguage":"es","potentialAction":[{"@type":"CommentAction","name":"Comment","target":["https:\/\/21panorama.com\/index.php\/2021\/12\/07\/ante-nuevas-variantes-del-sars-cov-2-como-omicron-recomendable-continuar-con-medidas-sanitarias\/#respond"]}]},{"@type":"WebPage","@id":"https:\/\/21panorama.com\/index.php\/2021\/12\/07\/ante-nuevas-variantes-del-sars-cov-2-como-omicron-recomendable-continuar-con-medidas-sanitarias\/","url":"https:\/\/21panorama.com\/index.php\/2021\/12\/07\/ante-nuevas-variantes-del-sars-cov-2-como-omicron-recomendable-continuar-con-medidas-sanitarias\/","name":"Ante nuevas variantes del SARS-CoV-2 como \u00d3micron recomendable continuar con medidas sanitarias - 21 Panorama","isPartOf":{"@id":"https:\/\/21panorama.com\/#website"},"primaryImageOfPage":{"@id":"https:\/\/21panorama.com\/index.php\/2021\/12\/07\/ante-nuevas-variantes-del-sars-cov-2-como-omicron-recomendable-continuar-con-medidas-sanitarias\/#primaryimage"},"image":{"@id":"https:\/\/21panorama.com\/index.php\/2021\/12\/07\/ante-nuevas-variantes-del-sars-cov-2-como-omicron-recomendable-continuar-con-medidas-sanitarias\/#primaryimage"},"thumbnailUrl":"https:\/\/21panorama.com\/wp-content\/uploads\/2021\/12\/a8d36395-202f-4a22-8fc3-f1b574ea4cb0.jpeg","datePublished":"2021-12-07T21:05:34+00:00","dateModified":"2021-12-07T21:05:36+00:00","breadcrumb":{"@id":"https:\/\/21panorama.com\/index.php\/2021\/12\/07\/ante-nuevas-variantes-del-sars-cov-2-como-omicron-recomendable-continuar-con-medidas-sanitarias\/#breadcrumb"},"inLanguage":"es","potentialAction":[{"@type":"ReadAction","target":["https:\/\/21panorama.com\/index.php\/2021\/12\/07\/ante-nuevas-variantes-del-sars-cov-2-como-omicron-recomendable-continuar-con-medidas-sanitarias\/"]}]},{"@type":"ImageObject","inLanguage":"es","@id":"https:\/\/21panorama.com\/index.php\/2021\/12\/07\/ante-nuevas-variantes-del-sars-cov-2-como-omicron-recomendable-continuar-con-medidas-sanitarias\/#primaryimage","url":"https:\/\/21panorama.com\/wp-content\/uploads\/2021\/12\/a8d36395-202f-4a22-8fc3-f1b574ea4cb0.jpeg","contentUrl":"https:\/\/21panorama.com\/wp-content\/uploads\/2021\/12\/a8d36395-202f-4a22-8fc3-f1b574ea4cb0.jpeg","width":960,"height":640},{"@type":"BreadcrumbList","@id":"https:\/\/21panorama.com\/index.php\/2021\/12\/07\/ante-nuevas-variantes-del-sars-cov-2-como-omicron-recomendable-continuar-con-medidas-sanitarias\/#breadcrumb","itemListElement":[{"@type":"ListItem","position":1,"name":"Inicio","item":"https:\/\/21panorama.com\/"},{"@type":"ListItem","position":2,"name":"Ante nuevas variantes del SARS-CoV-2 como \u00d3micron recomendable continuar con medidas sanitarias"}]},{"@type":"WebSite","@id":"https:\/\/21panorama.com\/#website","url":"https:\/\/21panorama.com\/","name":"21 Panorama","description":"La construcci\u00f3n de la opini\u00f3n p\u00fablica merece un mejor Panorama en este siglo 21 para alcanzar una sociedad con mayor transparencia y sin corrupci\u00f3n.","publisher":{"@id":"https:\/\/21panorama.com\/#organization"},"potentialAction":[{"@type":"SearchAction","target":{"@type":"EntryPoint","urlTemplate":"https:\/\/21panorama.com\/?s={search_term_string}"},"query-input":{"@type":"PropertyValueSpecification","valueRequired":true,"valueName":"search_term_string"}}],"inLanguage":"es"},{"@type":"Organization","@id":"https:\/\/21panorama.com\/#organization","name":"21 Panorama","url":"https:\/\/21panorama.com\/","logo":{"@type":"ImageObject","inLanguage":"es","@id":"https:\/\/21panorama.com\/#\/schema\/logo\/image\/","url":"https:\/\/21panorama.com\/wp-content\/uploads\/2019\/07\/cropped-Logo-Panorama-01.jpeg","contentUrl":"https:\/\/21panorama.com\/wp-content\/uploads\/2019\/07\/cropped-Logo-Panorama-01.jpeg","width":290,"height":70,"caption":"21 Panorama"},"image":{"@id":"https:\/\/21panorama.com\/#\/schema\/logo\/image\/"}},{"@type":"Person","@id":"https:\/\/21panorama.com\/#\/schema\/person\/1afc291b96d5792a158768324287319f","name":"admin","image":{"@type":"ImageObject","inLanguage":"es","@id":"https:\/\/21panorama.com\/#\/schema\/person\/image\/","url":"https:\/\/secure.gravatar.com\/avatar\/ad365d9d9f46719215b0d042cc3df92a5a8683e09ef13d102233e5491985f0f0?s=96&d=mm&r=g","contentUrl":"https:\/\/secure.gravatar.com\/avatar\/ad365d9d9f46719215b0d042cc3df92a5a8683e09ef13d102233e5491985f0f0?s=96&d=mm&r=g","caption":"admin"},"url":"https:\/\/21panorama.com\/index.php\/author\/admin\/"}]}},"_links":{"self":[{"href":"https:\/\/21panorama.com\/index.php\/wp-json\/wp\/v2\/posts\/2629","targetHints":{"allow":["GET"]}}],"collection":[{"href":"https:\/\/21panorama.com\/index.php\/wp-json\/wp\/v2\/posts"}],"about":[{"href":"https:\/\/21panorama.com\/index.php\/wp-json\/wp\/v2\/types\/post"}],"author":[{"embeddable":true,"href":"https:\/\/21panorama.com\/index.php\/wp-json\/wp\/v2\/users\/1"}],"replies":[{"embeddable":true,"href":"https:\/\/21panorama.com\/index.php\/wp-json\/wp\/v2\/comments?post=2629"}],"version-history":[{"count":1,"href":"https:\/\/21panorama.com\/index.php\/wp-json\/wp\/v2\/posts\/2629\/revisions"}],"predecessor-version":[{"id":2631,"href":"https:\/\/21panorama.com\/index.php\/wp-json\/wp\/v2\/posts\/2629\/revisions\/2631"}],"wp:featuredmedia":[{"embeddable":true,"href":"https:\/\/21panorama.com\/index.php\/wp-json\/wp\/v2\/media\/2630"}],"wp:attachment":[{"href":"https:\/\/21panorama.com\/index.php\/wp-json\/wp\/v2\/media?parent=2629"}],"wp:term":[{"taxonomy":"category","embeddable":true,"href":"https:\/\/21panorama.com\/index.php\/wp-json\/wp\/v2\/categories?post=2629"},{"taxonomy":"post_tag","embeddable":true,"href":"https:\/\/21panorama.com\/index.php\/wp-json\/wp\/v2\/tags?post=2629"}],"curies":[{"name":"wp","href":"https:\/\/api.w.org\/{rel}","templated":true}]}}