{"id":2593,"date":"2021-12-06T16:51:02","date_gmt":"2021-12-06T22:51:02","guid":{"rendered":"https:\/\/21panorama.com\/?p=2593"},"modified":"2021-12-06T16:51:05","modified_gmt":"2021-12-06T22:51:05","slug":"tunde-pri-a-morena-por-inflacion","status":"publish","type":"post","link":"https:\/\/21panorama.com\/index.php\/2021\/12\/06\/tunde-pri-a-morena-por-inflacion\/","title":{"rendered":"TUNDE PRI A MORENA POR INFLACI\u00d3N"},"content":{"rendered":"\n<p>El PRI Nacional emprendi\u00f3 en sus redes sociales una serie de se\u00f1alamientos respecto a la econom\u00eda y el proceso inflacionario de los productos alimenticios con el hashtag #MorenaTeCuesta.<\/p>\n\n\n\n<figure class=\"wp-block-embed\"><div class=\"wp-block-embed__wrapper\">\nhttps:\/\/fb.watch\/9JSERLQP9Y\/\n<\/div><\/figure>\n\n\n\n<p>Con el gobierno de Morena, los alimentos como el pollo tuvieron el mayor aumento de precio en 20 a\u00f1os.<\/p>\n\n\n\n<p>Productos b\u00e1sicos como el frijol se han vuelto art\u00edculos de lujo, y cuesta el doble poder consumirlos.<\/p>\n\n\n\n<p>Morena afecta la calidad de vida de los mexicanos elevando los precios de productos b\u00e1sicos, como la leche, al grado de que es imposible comprarlos.<\/p>\n\n\n\n<p>Morena nos est\u00e1 costando cada vez m\u00e1s y se ve reflejado en el precio de productos b\u00e1sicos como el kilo de huevo.<\/p>\n\n\n\n<p>Despu\u00e9s de 3 a\u00f1os del gobierno de Morena, los mexicanos seguimos esperando que hagan algo para ayudar a la econom\u00eda familiar.<\/p>\n\n\n\n<p>Con el gobierno de Morena se ha limitado el traslado al interior del pa\u00eds. La tarifa de las casetas aument\u00f3 entre $1 y $31, afectando directamente a nuestros bolsillos.<\/p>\n\n\n\n<figure class=\"wp-block-embed is-type-rich is-provider-twitter wp-block-embed-twitter\"><div class=\"wp-block-embed__wrapper\">\n<blockquote class=\"twitter-tweet\" data-width=\"550\" data-dnt=\"true\"><p lang=\"es\" dir=\"ltr\">En lo que va del 2021, las familias mexicanas se han visto afectadas por el aumento en el precio de la canasta b\u00e1sica, ya no les alcanza para comprar la despensa completa. <a href=\"https:\/\/twitter.com\/hashtag\/MorenaTeCuesta?src=hash&amp;ref_src=twsrc%5Etfw\">#MorenaTeCuesta<\/a> <a href=\"https:\/\/t.co\/NlkyB6I9z9\">pic.twitter.com\/NlkyB6I9z9<\/a><\/p>&mdash; PRI (@PRI_Nacional) <a href=\"https:\/\/twitter.com\/PRI_Nacional\/status\/1467866480918204418?ref_src=twsrc%5Etfw\">December 6, 2021<\/a><\/blockquote><script async src=\"https:\/\/platform.twitter.com\/widgets.js\" charset=\"utf-8\"><\/script>\n<\/div><\/figure>\n\n\n\n<figure class=\"wp-block-gallery columns-3 is-cropped wp-block-gallery-1 is-layout-flex wp-block-gallery-is-layout-flex\"><ul class=\"blocks-gallery-grid\"><li class=\"blocks-gallery-item\"><figure><img decoding=\"async\" width=\"1024\" height=\"1024\" src=\"https:\/\/21panorama.com\/wp-content\/uploads\/2021\/12\/52dbeef7-faa1-4cce-a1c3-21c9d64a2967-1024x1024.jpeg\" alt=\"\" data-id=\"2595\" data-link=\"https:\/\/21panorama.com\/?attachment_id=2595\" class=\"wp-image-2595\" srcset=\"https:\/\/21panorama.com\/wp-content\/uploads\/2021\/12\/52dbeef7-faa1-4cce-a1c3-21c9d64a2967-1024x1024.jpeg 1024w, https:\/\/21panorama.com\/wp-content\/uploads\/2021\/12\/52dbeef7-faa1-4cce-a1c3-21c9d64a2967-300x300.jpeg 300w, https:\/\/21panorama.com\/wp-content\/uploads\/2021\/12\/52dbeef7-faa1-4cce-a1c3-21c9d64a2967-150x150.jpeg 150w, https:\/\/21panorama.com\/wp-content\/uploads\/2021\/12\/52dbeef7-faa1-4cce-a1c3-21c9d64a2967-768x768.jpeg 768w, https:\/\/21panorama.com\/wp-content\/uploads\/2021\/12\/52dbeef7-faa1-4cce-a1c3-21c9d64a2967.jpeg 1080w\" sizes=\"(max-width: 1024px) 100vw, 1024px\" \/><\/figure><\/li><li class=\"blocks-gallery-item\"><figure><img decoding=\"async\" width=\"1024\" height=\"1024\" src=\"https:\/\/21panorama.com\/wp-content\/uploads\/2021\/12\/9e466824-06a0-4b5b-bdce-f73b05728b77-1024x1024.jpeg\" alt=\"\" data-id=\"2596\" data-link=\"https:\/\/21panorama.com\/?attachment_id=2596\" class=\"wp-image-2596\" srcset=\"https:\/\/21panorama.com\/wp-content\/uploads\/2021\/12\/9e466824-06a0-4b5b-bdce-f73b05728b77-1024x1024.jpeg 1024w, https:\/\/21panorama.com\/wp-content\/uploads\/2021\/12\/9e466824-06a0-4b5b-bdce-f73b05728b77-300x300.jpeg 300w, https:\/\/21panorama.com\/wp-content\/uploads\/2021\/12\/9e466824-06a0-4b5b-bdce-f73b05728b77-150x150.jpeg 150w, https:\/\/21panorama.com\/wp-content\/uploads\/2021\/12\/9e466824-06a0-4b5b-bdce-f73b05728b77-768x768.jpeg 768w, https:\/\/21panorama.com\/wp-content\/uploads\/2021\/12\/9e466824-06a0-4b5b-bdce-f73b05728b77.jpeg 1080w\" sizes=\"(max-width: 1024px) 100vw, 1024px\" \/><\/figure><\/li><li class=\"blocks-gallery-item\"><figure><img decoding=\"async\" width=\"959\" height=\"640\" src=\"https:\/\/21panorama.com\/wp-content\/uploads\/2021\/12\/9044f328-ff37-4b10-baca-e12b914b86d3.jpeg\" alt=\"\" data-id=\"2597\" data-full-url=\"https:\/\/21panorama.com\/wp-content\/uploads\/2021\/12\/9044f328-ff37-4b10-baca-e12b914b86d3.jpeg\" data-link=\"https:\/\/21panorama.com\/?attachment_id=2597\" class=\"wp-image-2597\" srcset=\"https:\/\/21panorama.com\/wp-content\/uploads\/2021\/12\/9044f328-ff37-4b10-baca-e12b914b86d3.jpeg 959w, https:\/\/21panorama.com\/wp-content\/uploads\/2021\/12\/9044f328-ff37-4b10-baca-e12b914b86d3-300x200.jpeg 300w, https:\/\/21panorama.com\/wp-content\/uploads\/2021\/12\/9044f328-ff37-4b10-baca-e12b914b86d3-768x513.jpeg 768w\" sizes=\"(max-width: 959px) 100vw, 959px\" \/><\/figure><\/li><\/ul><\/figure>\n","protected":false},"excerpt":{"rendered":"<p>El PRI Nacional emprendi\u00f3 en sus redes sociales una serie de se\u00f1alamientos respecto a la econom\u00eda y el proceso inflacionario de los productos alimenticios con el hashtag  #MorenaTeCuesta.  <\/p>\n","protected":false},"author":1,"featured_media":2594,"comment_status":"open","ping_status":"open","sticky":false,"template":"","format":"standard","meta":{"footnotes":""},"categories":[12],"tags":[74,33],"class_list":["post-2593","post","type-post","status-publish","format-standard","has-post-thumbnail","hentry","category-politica","tag-morena","tag-pri"],"yoast_head":"<!-- This site is optimized with the Yoast SEO plugin v24.9 - https:\/\/yoast.com\/wordpress\/plugins\/seo\/ -->\n<title>TUNDE PRI A MORENA POR INFLACI\u00d3N - 21 Panorama<\/title>\n<meta name=\"robots\" content=\"index, follow, max-snippet:-1, max-image-preview:large, max-video-preview:-1\" \/>\n<link rel=\"canonical\" href=\"https:\/\/21panorama.com\/index.php\/2021\/12\/06\/tunde-pri-a-morena-por-inflacion\/\" \/>\n<meta property=\"og:locale\" content=\"es_MX\" \/>\n<meta property=\"og:type\" content=\"article\" \/>\n<meta property=\"og:title\" content=\"TUNDE PRI A MORENA POR INFLACI\u00d3N - 21 Panorama\" \/>\n<meta property=\"og:description\" content=\"El PRI Nacional emprendi\u00f3 en sus redes sociales una serie de se\u00f1alamientos respecto a la econom\u00eda y el proceso inflacionario de los productos alimenticios con el hashtag #MorenaTeCuesta.\" \/>\n<meta property=\"og:url\" content=\"https:\/\/21panorama.com\/index.php\/2021\/12\/06\/tunde-pri-a-morena-por-inflacion\/\" \/>\n<meta property=\"og:site_name\" content=\"21 Panorama\" \/>\n<meta property=\"article:published_time\" content=\"2021-12-06T22:51:02+00:00\" \/>\n<meta property=\"article:modified_time\" content=\"2021-12-06T22:51:05+00:00\" \/>\n<meta property=\"og:image\" content=\"https:\/\/21panorama.com\/wp-content\/uploads\/2021\/12\/ceecf85e-b134-4b37-a6d1-8c79fedac8cd.jpeg\" \/>\n\t<meta property=\"og:image:width\" content=\"1080\" \/>\n\t<meta property=\"og:image:height\" content=\"1080\" \/>\n\t<meta property=\"og:image:type\" content=\"image\/jpeg\" \/>\n<meta name=\"author\" content=\"admin\" \/>\n<meta name=\"twitter:card\" content=\"summary_large_image\" \/>\n<meta name=\"twitter:label1\" content=\"Escrito por\" \/>\n\t<meta name=\"twitter:data1\" content=\"admin\" \/>\n\t<meta name=\"twitter:label2\" content=\"Tiempo de lectura\" \/>\n\t<meta name=\"twitter:data2\" content=\"2 minutos\" \/>\n<script type=\"application\/ld+json\" class=\"yoast-schema-graph\">{\"@context\":\"https:\/\/schema.org\",\"@graph\":[{\"@type\":\"Article\",\"@id\":\"https:\/\/21panorama.com\/index.php\/2021\/12\/06\/tunde-pri-a-morena-por-inflacion\/#article\",\"isPartOf\":{\"@id\":\"https:\/\/21panorama.com\/index.php\/2021\/12\/06\/tunde-pri-a-morena-por-inflacion\/\"},\"author\":{\"name\":\"admin\",\"@id\":\"https:\/\/21panorama.com\/#\/schema\/person\/1afc291b96d5792a158768324287319f\"},\"headline\":\"TUNDE PRI A MORENA POR INFLACI\u00d3N\",\"datePublished\":\"2021-12-06T22:51:02+00:00\",\"dateModified\":\"2021-12-06T22:51:05+00:00\",\"mainEntityOfPage\":{\"@id\":\"https:\/\/21panorama.com\/index.php\/2021\/12\/06\/tunde-pri-a-morena-por-inflacion\/\"},\"wordCount\":188,\"commentCount\":0,\"publisher\":{\"@id\":\"https:\/\/21panorama.com\/#organization\"},\"image\":{\"@id\":\"https:\/\/21panorama.com\/index.php\/2021\/12\/06\/tunde-pri-a-morena-por-inflacion\/#primaryimage\"},\"thumbnailUrl\":\"https:\/\/21panorama.com\/wp-content\/uploads\/2021\/12\/ceecf85e-b134-4b37-a6d1-8c79fedac8cd.jpeg\",\"keywords\":[\"morena\",\"PRI\"],\"articleSection\":[\"Politica\"],\"inLanguage\":\"es\",\"potentialAction\":[{\"@type\":\"CommentAction\",\"name\":\"Comment\",\"target\":[\"https:\/\/21panorama.com\/index.php\/2021\/12\/06\/tunde-pri-a-morena-por-inflacion\/#respond\"]}]},{\"@type\":\"WebPage\",\"@id\":\"https:\/\/21panorama.com\/index.php\/2021\/12\/06\/tunde-pri-a-morena-por-inflacion\/\",\"url\":\"https:\/\/21panorama.com\/index.php\/2021\/12\/06\/tunde-pri-a-morena-por-inflacion\/\",\"name\":\"TUNDE PRI A MORENA POR INFLACI\u00d3N - 21 Panorama\",\"isPartOf\":{\"@id\":\"https:\/\/21panorama.com\/#website\"},\"primaryImageOfPage\":{\"@id\":\"https:\/\/21panorama.com\/index.php\/2021\/12\/06\/tunde-pri-a-morena-por-inflacion\/#primaryimage\"},\"image\":{\"@id\":\"https:\/\/21panorama.com\/index.php\/2021\/12\/06\/tunde-pri-a-morena-por-inflacion\/#primaryimage\"},\"thumbnailUrl\":\"https:\/\/21panorama.com\/wp-content\/uploads\/2021\/12\/ceecf85e-b134-4b37-a6d1-8c79fedac8cd.jpeg\",\"datePublished\":\"2021-12-06T22:51:02+00:00\",\"dateModified\":\"2021-12-06T22:51:05+00:00\",\"breadcrumb\":{\"@id\":\"https:\/\/21panorama.com\/index.php\/2021\/12\/06\/tunde-pri-a-morena-por-inflacion\/#breadcrumb\"},\"inLanguage\":\"es\",\"potentialAction\":[{\"@type\":\"ReadAction\",\"target\":[\"https:\/\/21panorama.com\/index.php\/2021\/12\/06\/tunde-pri-a-morena-por-inflacion\/\"]}]},{\"@type\":\"ImageObject\",\"inLanguage\":\"es\",\"@id\":\"https:\/\/21panorama.com\/index.php\/2021\/12\/06\/tunde-pri-a-morena-por-inflacion\/#primaryimage\",\"url\":\"https:\/\/21panorama.com\/wp-content\/uploads\/2021\/12\/ceecf85e-b134-4b37-a6d1-8c79fedac8cd.jpeg\",\"contentUrl\":\"https:\/\/21panorama.com\/wp-content\/uploads\/2021\/12\/ceecf85e-b134-4b37-a6d1-8c79fedac8cd.jpeg\",\"width\":1080,\"height\":1080},{\"@type\":\"BreadcrumbList\",\"@id\":\"https:\/\/21panorama.com\/index.php\/2021\/12\/06\/tunde-pri-a-morena-por-inflacion\/#breadcrumb\",\"itemListElement\":[{\"@type\":\"ListItem\",\"position\":1,\"name\":\"Inicio\",\"item\":\"https:\/\/21panorama.com\/\"},{\"@type\":\"ListItem\",\"position\":2,\"name\":\"TUNDE PRI A MORENA POR INFLACI\u00d3N\"}]},{\"@type\":\"WebSite\",\"@id\":\"https:\/\/21panorama.com\/#website\",\"url\":\"https:\/\/21panorama.com\/\",\"name\":\"21 Panorama\",\"description\":\"La construcci\u00f3n de la opini\u00f3n p\u00fablica merece un mejor Panorama en este siglo 21 para alcanzar una sociedad con mayor transparencia y sin corrupci\u00f3n.\",\"publisher\":{\"@id\":\"https:\/\/21panorama.com\/#organization\"},\"potentialAction\":[{\"@type\":\"SearchAction\",\"target\":{\"@type\":\"EntryPoint\",\"urlTemplate\":\"https:\/\/21panorama.com\/?s={search_term_string}\"},\"query-input\":{\"@type\":\"PropertyValueSpecification\",\"valueRequired\":true,\"valueName\":\"search_term_string\"}}],\"inLanguage\":\"es\"},{\"@type\":\"Organization\",\"@id\":\"https:\/\/21panorama.com\/#organization\",\"name\":\"21 Panorama\",\"url\":\"https:\/\/21panorama.com\/\",\"logo\":{\"@type\":\"ImageObject\",\"inLanguage\":\"es\",\"@id\":\"https:\/\/21panorama.com\/#\/schema\/logo\/image\/\",\"url\":\"https:\/\/21panorama.com\/wp-content\/uploads\/2019\/07\/cropped-Logo-Panorama-01.jpeg\",\"contentUrl\":\"https:\/\/21panorama.com\/wp-content\/uploads\/2019\/07\/cropped-Logo-Panorama-01.jpeg\",\"width\":290,\"height\":70,\"caption\":\"21 Panorama\"},\"image\":{\"@id\":\"https:\/\/21panorama.com\/#\/schema\/logo\/image\/\"}},{\"@type\":\"Person\",\"@id\":\"https:\/\/21panorama.com\/#\/schema\/person\/1afc291b96d5792a158768324287319f\",\"name\":\"admin\",\"image\":{\"@type\":\"ImageObject\",\"inLanguage\":\"es\",\"@id\":\"https:\/\/21panorama.com\/#\/schema\/person\/image\/\",\"url\":\"https:\/\/secure.gravatar.com\/avatar\/ad365d9d9f46719215b0d042cc3df92a5a8683e09ef13d102233e5491985f0f0?s=96&d=mm&r=g\",\"contentUrl\":\"https:\/\/secure.gravatar.com\/avatar\/ad365d9d9f46719215b0d042cc3df92a5a8683e09ef13d102233e5491985f0f0?s=96&d=mm&r=g\",\"caption\":\"admin\"},\"url\":\"https:\/\/21panorama.com\/index.php\/author\/admin\/\"}]}<\/script>\n<!-- \/ Yoast SEO plugin. -->","yoast_head_json":{"title":"TUNDE PRI A MORENA POR INFLACI\u00d3N - 21 Panorama","robots":{"index":"index","follow":"follow","max-snippet":"max-snippet:-1","max-image-preview":"max-image-preview:large","max-video-preview":"max-video-preview:-1"},"canonical":"https:\/\/21panorama.com\/index.php\/2021\/12\/06\/tunde-pri-a-morena-por-inflacion\/","og_locale":"es_MX","og_type":"article","og_title":"TUNDE PRI A MORENA POR INFLACI\u00d3N - 21 Panorama","og_description":"El PRI Nacional emprendi\u00f3 en sus redes sociales una serie de se\u00f1alamientos respecto a la econom\u00eda y el proceso inflacionario de los productos alimenticios con el hashtag #MorenaTeCuesta.","og_url":"https:\/\/21panorama.com\/index.php\/2021\/12\/06\/tunde-pri-a-morena-por-inflacion\/","og_site_name":"21 Panorama","article_published_time":"2021-12-06T22:51:02+00:00","article_modified_time":"2021-12-06T22:51:05+00:00","og_image":[{"width":1080,"height":1080,"url":"https:\/\/21panorama.com\/wp-content\/uploads\/2021\/12\/ceecf85e-b134-4b37-a6d1-8c79fedac8cd.jpeg","type":"image\/jpeg"}],"author":"admin","twitter_card":"summary_large_image","twitter_misc":{"Escrito por":"admin","Tiempo de lectura":"2 minutos"},"schema":{"@context":"https:\/\/schema.org","@graph":[{"@type":"Article","@id":"https:\/\/21panorama.com\/index.php\/2021\/12\/06\/tunde-pri-a-morena-por-inflacion\/#article","isPartOf":{"@id":"https:\/\/21panorama.com\/index.php\/2021\/12\/06\/tunde-pri-a-morena-por-inflacion\/"},"author":{"name":"admin","@id":"https:\/\/21panorama.com\/#\/schema\/person\/1afc291b96d5792a158768324287319f"},"headline":"TUNDE PRI A MORENA POR INFLACI\u00d3N","datePublished":"2021-12-06T22:51:02+00:00","dateModified":"2021-12-06T22:51:05+00:00","mainEntityOfPage":{"@id":"https:\/\/21panorama.com\/index.php\/2021\/12\/06\/tunde-pri-a-morena-por-inflacion\/"},"wordCount":188,"commentCount":0,"publisher":{"@id":"https:\/\/21panorama.com\/#organization"},"image":{"@id":"https:\/\/21panorama.com\/index.php\/2021\/12\/06\/tunde-pri-a-morena-por-inflacion\/#primaryimage"},"thumbnailUrl":"https:\/\/21panorama.com\/wp-content\/uploads\/2021\/12\/ceecf85e-b134-4b37-a6d1-8c79fedac8cd.jpeg","keywords":["morena","PRI"],"articleSection":["Politica"],"inLanguage":"es","potentialAction":[{"@type":"CommentAction","name":"Comment","target":["https:\/\/21panorama.com\/index.php\/2021\/12\/06\/tunde-pri-a-morena-por-inflacion\/#respond"]}]},{"@type":"WebPage","@id":"https:\/\/21panorama.com\/index.php\/2021\/12\/06\/tunde-pri-a-morena-por-inflacion\/","url":"https:\/\/21panorama.com\/index.php\/2021\/12\/06\/tunde-pri-a-morena-por-inflacion\/","name":"TUNDE PRI A MORENA POR INFLACI\u00d3N - 21 Panorama","isPartOf":{"@id":"https:\/\/21panorama.com\/#website"},"primaryImageOfPage":{"@id":"https:\/\/21panorama.com\/index.php\/2021\/12\/06\/tunde-pri-a-morena-por-inflacion\/#primaryimage"},"image":{"@id":"https:\/\/21panorama.com\/index.php\/2021\/12\/06\/tunde-pri-a-morena-por-inflacion\/#primaryimage"},"thumbnailUrl":"https:\/\/21panorama.com\/wp-content\/uploads\/2021\/12\/ceecf85e-b134-4b37-a6d1-8c79fedac8cd.jpeg","datePublished":"2021-12-06T22:51:02+00:00","dateModified":"2021-12-06T22:51:05+00:00","breadcrumb":{"@id":"https:\/\/21panorama.com\/index.php\/2021\/12\/06\/tunde-pri-a-morena-por-inflacion\/#breadcrumb"},"inLanguage":"es","potentialAction":[{"@type":"ReadAction","target":["https:\/\/21panorama.com\/index.php\/2021\/12\/06\/tunde-pri-a-morena-por-inflacion\/"]}]},{"@type":"ImageObject","inLanguage":"es","@id":"https:\/\/21panorama.com\/index.php\/2021\/12\/06\/tunde-pri-a-morena-por-inflacion\/#primaryimage","url":"https:\/\/21panorama.com\/wp-content\/uploads\/2021\/12\/ceecf85e-b134-4b37-a6d1-8c79fedac8cd.jpeg","contentUrl":"https:\/\/21panorama.com\/wp-content\/uploads\/2021\/12\/ceecf85e-b134-4b37-a6d1-8c79fedac8cd.jpeg","width":1080,"height":1080},{"@type":"BreadcrumbList","@id":"https:\/\/21panorama.com\/index.php\/2021\/12\/06\/tunde-pri-a-morena-por-inflacion\/#breadcrumb","itemListElement":[{"@type":"ListItem","position":1,"name":"Inicio","item":"https:\/\/21panorama.com\/"},{"@type":"ListItem","position":2,"name":"TUNDE PRI A MORENA POR INFLACI\u00d3N"}]},{"@type":"WebSite","@id":"https:\/\/21panorama.com\/#website","url":"https:\/\/21panorama.com\/","name":"21 Panorama","description":"La construcci\u00f3n de la opini\u00f3n p\u00fablica merece un mejor Panorama en este siglo 21 para alcanzar una sociedad con mayor transparencia y sin corrupci\u00f3n.","publisher":{"@id":"https:\/\/21panorama.com\/#organization"},"potentialAction":[{"@type":"SearchAction","target":{"@type":"EntryPoint","urlTemplate":"https:\/\/21panorama.com\/?s={search_term_string}"},"query-input":{"@type":"PropertyValueSpecification","valueRequired":true,"valueName":"search_term_string"}}],"inLanguage":"es"},{"@type":"Organization","@id":"https:\/\/21panorama.com\/#organization","name":"21 Panorama","url":"https:\/\/21panorama.com\/","logo":{"@type":"ImageObject","inLanguage":"es","@id":"https:\/\/21panorama.com\/#\/schema\/logo\/image\/","url":"https:\/\/21panorama.com\/wp-content\/uploads\/2019\/07\/cropped-Logo-Panorama-01.jpeg","contentUrl":"https:\/\/21panorama.com\/wp-content\/uploads\/2019\/07\/cropped-Logo-Panorama-01.jpeg","width":290,"height":70,"caption":"21 Panorama"},"image":{"@id":"https:\/\/21panorama.com\/#\/schema\/logo\/image\/"}},{"@type":"Person","@id":"https:\/\/21panorama.com\/#\/schema\/person\/1afc291b96d5792a158768324287319f","name":"admin","image":{"@type":"ImageObject","inLanguage":"es","@id":"https:\/\/21panorama.com\/#\/schema\/person\/image\/","url":"https:\/\/secure.gravatar.com\/avatar\/ad365d9d9f46719215b0d042cc3df92a5a8683e09ef13d102233e5491985f0f0?s=96&d=mm&r=g","contentUrl":"https:\/\/secure.gravatar.com\/avatar\/ad365d9d9f46719215b0d042cc3df92a5a8683e09ef13d102233e5491985f0f0?s=96&d=mm&r=g","caption":"admin"},"url":"https:\/\/21panorama.com\/index.php\/author\/admin\/"}]}},"_links":{"self":[{"href":"https:\/\/21panorama.com\/index.php\/wp-json\/wp\/v2\/posts\/2593","targetHints":{"allow":["GET"]}}],"collection":[{"href":"https:\/\/21panorama.com\/index.php\/wp-json\/wp\/v2\/posts"}],"about":[{"href":"https:\/\/21panorama.com\/index.php\/wp-json\/wp\/v2\/types\/post"}],"author":[{"embeddable":true,"href":"https:\/\/21panorama.com\/index.php\/wp-json\/wp\/v2\/users\/1"}],"replies":[{"embeddable":true,"href":"https:\/\/21panorama.com\/index.php\/wp-json\/wp\/v2\/comments?post=2593"}],"version-history":[{"count":1,"href":"https:\/\/21panorama.com\/index.php\/wp-json\/wp\/v2\/posts\/2593\/revisions"}],"predecessor-version":[{"id":2598,"href":"https:\/\/21panorama.com\/index.php\/wp-json\/wp\/v2\/posts\/2593\/revisions\/2598"}],"wp:featuredmedia":[{"embeddable":true,"href":"https:\/\/21panorama.com\/index.php\/wp-json\/wp\/v2\/media\/2594"}],"wp:attachment":[{"href":"https:\/\/21panorama.com\/index.php\/wp-json\/wp\/v2\/media?parent=2593"}],"wp:term":[{"taxonomy":"category","embeddable":true,"href":"https:\/\/21panorama.com\/index.php\/wp-json\/wp\/v2\/categories?post=2593"},{"taxonomy":"post_tag","embeddable":true,"href":"https:\/\/21panorama.com\/index.php\/wp-json\/wp\/v2\/tags?post=2593"}],"curies":[{"name":"wp","href":"https:\/\/api.w.org\/{rel}","templated":true}]}}