{"id":259,"date":"2019-08-18T21:18:02","date_gmt":"2019-08-19T02:18:02","guid":{"rendered":"http:\/\/21panorama.com\/?p=259"},"modified":"2019-08-18T21:18:03","modified_gmt":"2019-08-19T02:18:03","slug":"destaca-julio-alfonso-hernandez-madurez-politica-del-poder-legislativo-estatal","status":"publish","type":"post","link":"https:\/\/21panorama.com\/index.php\/2019\/08\/18\/destaca-julio-alfonso-hernandez-madurez-politica-del-poder-legislativo-estatal\/","title":{"rendered":"DESTACA JULIO ALFONSO HERN\u00c1NDEZ MADUREZ POL\u00cdTICA DEL PODER LEGISLATIVO ESTATAL"},"content":{"rendered":"\n<p>\u201cLa Diputaci\u00f3n Permanente procurar\u00e1 actuar con la madurez pol\u00edtica y la responsabilidad con que lo hace el Pleno legislativo; por encima de nuestro inter\u00e9s, estar\u00e1n los intereses superiores de los mexiquenses, a quienes nos debemos y servimos\u201d, afirm\u00f3 el presidente de este \u00f3rgano parlamentario, el diputado Julio Alfonso Hern\u00e1ndez Ram\u00edrez.<\/p>\n\n\n\n<p>El legislador de morena sostuvo que, en el desarrollo de sus funciones, la Diputaci\u00f3n Permanente observar\u00e1 con puntualidad la ley y cumplir\u00e1 con las reglas y formalidades del procedimiento; ser\u00e1 cuidadosa de favorecer el di\u00e1logo, el respeto, y el entendimiento, a fin de construir acuerdos con la participaci\u00f3n de todos los grupos parlamentarios.<\/p>\n\n\n\n<p>En nombre de los diputados que integran la Permanente, el legislador se\u00f1al\u00f3 que asumen la responsabilidad con el firme prop\u00f3sito de garantizar en todo momento la continuidad y la presencia efectiva de la Legislatura y de favorecer con ello el debido equilibrio de los poderes p\u00fablicos del Estado de M\u00e9xico.<\/p>\n\n\n\n<p>Asegur\u00f3 que atender\u00e1n con diligencia las iniciativas y los asuntos que se presenten y que, en caso de as\u00ed competer a este \u00f3rgano, analizar\u00e1n y resolver\u00e1n cada materia con apego a la ley y buscando el mayor beneficio para la sociedad mexiquense.<\/p>\n\n\n\n<p>Agradeci\u00f3 a la Junta de Coordinaci\u00f3n Pol\u00edtica; al presidente de esta, el diputado Maurilio Hern\u00e1ndez Gonz\u00e1lez, y a sus compa\u00f1eras y compa\u00f1eros legisladores por la oportunidad de ejercer esta encomienda. \u201cEs una gran responsabilidad, pero tambi\u00e9n la oportunidad de continuar sirviendo a la Legislatura y al pueblo del Estado de M\u00e9xico\u201d, concluy\u00f3.<\/p>\n\n\n\n<p>Forman parte de la Permanente la diputada Maribel Mart\u00ednez Altamirano, del PRI, quien fungir\u00e1 como vicepresidenta, y el diputado Sergio Garc\u00eda Sosa, del PT, como secretario.<\/p>\n\n\n\n<p>Tambi\u00e9n integran este \u00f3rgano parlamentario las diputadas Ingrid Krasopani Schemelensky Castro (PAN), Claudia Gonz\u00e1lez Cer\u00f3n (PRD), Rosa Mar\u00eda Zetina Gonz\u00e1lez (morena), Mar\u00eda de Lourdes Garay Casillas (PES) y Juliana Felipa Arias Calder\u00f3n, y el diputado Israel Pl\u00e1cido Espinosa Ortiz (PRI).<\/p>\n","protected":false},"excerpt":{"rendered":"<p>\u201cLa Diputaci\u00f3n Permanente procurar\u00e1 actuar con la madurez pol\u00edtica y la responsabilidad con que lo hace el Pleno legislativo; por encima de nuestro inter\u00e9s, estar\u00e1n los intereses superiores de los mexiquenses, a quienes nos debemos y servimos\u201d, afirm\u00f3 el presidente de este \u00f3rgano parlamentario, el diputado Julio Alfonso Hern\u00e1ndez Ram\u00edrez. El legislador de morena sostuvo que, en el desarrollo de sus funciones, la Diputaci\u00f3n Permanente observar\u00e1 con puntualidad la ley y cumplir\u00e1 con las reglas y formalidades del procedimiento; ser\u00e1 cuidadosa de favorecer el di\u00e1logo, el respeto, y el entendimiento,&hellip;<\/p>\n","protected":false},"author":1,"featured_media":260,"comment_status":"open","ping_status":"open","sticky":false,"template":"","format":"standard","meta":{"footnotes":""},"categories":[3,12,1],"tags":[],"class_list":["post-259","post","type-post","status-publish","format-standard","has-post-thumbnail","hentry","category-ecomomia","category-politica","category-sociedad"],"yoast_head":"<!-- This site is optimized with the Yoast SEO plugin v24.9 - https:\/\/yoast.com\/wordpress\/plugins\/seo\/ -->\n<title>DESTACA JULIO ALFONSO HERN\u00c1NDEZ MADUREZ POL\u00cdTICA DEL PODER LEGISLATIVO ESTATAL - 21 Panorama<\/title>\n<meta name=\"robots\" content=\"index, follow, max-snippet:-1, max-image-preview:large, max-video-preview:-1\" \/>\n<link rel=\"canonical\" href=\"https:\/\/21panorama.com\/index.php\/2019\/08\/18\/destaca-julio-alfonso-hernandez-madurez-politica-del-poder-legislativo-estatal\/\" \/>\n<meta property=\"og:locale\" content=\"es_MX\" \/>\n<meta property=\"og:type\" content=\"article\" \/>\n<meta property=\"og:title\" content=\"DESTACA JULIO ALFONSO HERN\u00c1NDEZ MADUREZ POL\u00cdTICA DEL PODER LEGISLATIVO ESTATAL - 21 Panorama\" \/>\n<meta property=\"og:description\" content=\"\u201cLa Diputaci\u00f3n Permanente procurar\u00e1 actuar con la madurez pol\u00edtica y la responsabilidad con que lo hace el Pleno legislativo; por encima de nuestro inter\u00e9s, estar\u00e1n los intereses superiores de los mexiquenses, a quienes nos debemos y servimos\u201d, afirm\u00f3 el presidente de este \u00f3rgano parlamentario, el diputado Julio Alfonso Hern\u00e1ndez Ram\u00edrez. El legislador de morena sostuvo que, en el desarrollo de sus funciones, la Diputaci\u00f3n Permanente observar\u00e1 con puntualidad la ley y cumplir\u00e1 con las reglas y formalidades del procedimiento; ser\u00e1 cuidadosa de favorecer el di\u00e1logo, el respeto, y el entendimiento,&hellip;\" \/>\n<meta property=\"og:url\" content=\"https:\/\/21panorama.com\/index.php\/2019\/08\/18\/destaca-julio-alfonso-hernandez-madurez-politica-del-poder-legislativo-estatal\/\" \/>\n<meta property=\"og:site_name\" content=\"21 Panorama\" \/>\n<meta property=\"article:published_time\" content=\"2019-08-19T02:18:02+00:00\" \/>\n<meta property=\"article:modified_time\" content=\"2019-08-19T02:18:03+00:00\" \/>\n<meta property=\"og:image\" content=\"https:\/\/21panorama.com\/wp-content\/uploads\/2019\/08\/1078a.jpg\" \/>\n\t<meta property=\"og:image:width\" content=\"850\" \/>\n\t<meta property=\"og:image:height\" content=\"567\" \/>\n\t<meta property=\"og:image:type\" content=\"image\/jpeg\" \/>\n<meta name=\"author\" content=\"admin\" \/>\n<meta name=\"twitter:card\" content=\"summary_large_image\" \/>\n<meta name=\"twitter:label1\" content=\"Escrito por\" \/>\n\t<meta name=\"twitter:data1\" content=\"admin\" \/>\n\t<meta name=\"twitter:label2\" content=\"Tiempo de lectura\" \/>\n\t<meta name=\"twitter:data2\" content=\"2 minutos\" \/>\n<script type=\"application\/ld+json\" class=\"yoast-schema-graph\">{\"@context\":\"https:\/\/schema.org\",\"@graph\":[{\"@type\":\"Article\",\"@id\":\"https:\/\/21panorama.com\/index.php\/2019\/08\/18\/destaca-julio-alfonso-hernandez-madurez-politica-del-poder-legislativo-estatal\/#article\",\"isPartOf\":{\"@id\":\"https:\/\/21panorama.com\/index.php\/2019\/08\/18\/destaca-julio-alfonso-hernandez-madurez-politica-del-poder-legislativo-estatal\/\"},\"author\":{\"name\":\"admin\",\"@id\":\"https:\/\/21panorama.com\/#\/schema\/person\/1afc291b96d5792a158768324287319f\"},\"headline\":\"DESTACA JULIO ALFONSO HERN\u00c1NDEZ MADUREZ POL\u00cdTICA DEL PODER LEGISLATIVO ESTATAL\",\"datePublished\":\"2019-08-19T02:18:02+00:00\",\"dateModified\":\"2019-08-19T02:18:03+00:00\",\"mainEntityOfPage\":{\"@id\":\"https:\/\/21panorama.com\/index.php\/2019\/08\/18\/destaca-julio-alfonso-hernandez-madurez-politica-del-poder-legislativo-estatal\/\"},\"wordCount\":359,\"commentCount\":0,\"publisher\":{\"@id\":\"https:\/\/21panorama.com\/#organization\"},\"image\":{\"@id\":\"https:\/\/21panorama.com\/index.php\/2019\/08\/18\/destaca-julio-alfonso-hernandez-madurez-politica-del-poder-legislativo-estatal\/#primaryimage\"},\"thumbnailUrl\":\"https:\/\/21panorama.com\/wp-content\/uploads\/2019\/08\/1078a.jpg\",\"articleSection\":[\"Econom\u00eda\",\"Politica\",\"Sociedad\"],\"inLanguage\":\"es\",\"potentialAction\":[{\"@type\":\"CommentAction\",\"name\":\"Comment\",\"target\":[\"https:\/\/21panorama.com\/index.php\/2019\/08\/18\/destaca-julio-alfonso-hernandez-madurez-politica-del-poder-legislativo-estatal\/#respond\"]}]},{\"@type\":\"WebPage\",\"@id\":\"https:\/\/21panorama.com\/index.php\/2019\/08\/18\/destaca-julio-alfonso-hernandez-madurez-politica-del-poder-legislativo-estatal\/\",\"url\":\"https:\/\/21panorama.com\/index.php\/2019\/08\/18\/destaca-julio-alfonso-hernandez-madurez-politica-del-poder-legislativo-estatal\/\",\"name\":\"DESTACA JULIO ALFONSO HERN\u00c1NDEZ MADUREZ POL\u00cdTICA DEL PODER LEGISLATIVO ESTATAL - 21 Panorama\",\"isPartOf\":{\"@id\":\"https:\/\/21panorama.com\/#website\"},\"primaryImageOfPage\":{\"@id\":\"https:\/\/21panorama.com\/index.php\/2019\/08\/18\/destaca-julio-alfonso-hernandez-madurez-politica-del-poder-legislativo-estatal\/#primaryimage\"},\"image\":{\"@id\":\"https:\/\/21panorama.com\/index.php\/2019\/08\/18\/destaca-julio-alfonso-hernandez-madurez-politica-del-poder-legislativo-estatal\/#primaryimage\"},\"thumbnailUrl\":\"https:\/\/21panorama.com\/wp-content\/uploads\/2019\/08\/1078a.jpg\",\"datePublished\":\"2019-08-19T02:18:02+00:00\",\"dateModified\":\"2019-08-19T02:18:03+00:00\",\"breadcrumb\":{\"@id\":\"https:\/\/21panorama.com\/index.php\/2019\/08\/18\/destaca-julio-alfonso-hernandez-madurez-politica-del-poder-legislativo-estatal\/#breadcrumb\"},\"inLanguage\":\"es\",\"potentialAction\":[{\"@type\":\"ReadAction\",\"target\":[\"https:\/\/21panorama.com\/index.php\/2019\/08\/18\/destaca-julio-alfonso-hernandez-madurez-politica-del-poder-legislativo-estatal\/\"]}]},{\"@type\":\"ImageObject\",\"inLanguage\":\"es\",\"@id\":\"https:\/\/21panorama.com\/index.php\/2019\/08\/18\/destaca-julio-alfonso-hernandez-madurez-politica-del-poder-legislativo-estatal\/#primaryimage\",\"url\":\"https:\/\/21panorama.com\/wp-content\/uploads\/2019\/08\/1078a.jpg\",\"contentUrl\":\"https:\/\/21panorama.com\/wp-content\/uploads\/2019\/08\/1078a.jpg\",\"width\":850,\"height\":567},{\"@type\":\"BreadcrumbList\",\"@id\":\"https:\/\/21panorama.com\/index.php\/2019\/08\/18\/destaca-julio-alfonso-hernandez-madurez-politica-del-poder-legislativo-estatal\/#breadcrumb\",\"itemListElement\":[{\"@type\":\"ListItem\",\"position\":1,\"name\":\"Inicio\",\"item\":\"https:\/\/21panorama.com\/\"},{\"@type\":\"ListItem\",\"position\":2,\"name\":\"DESTACA JULIO ALFONSO HERN\u00c1NDEZ MADUREZ POL\u00cdTICA DEL PODER LEGISLATIVO ESTATAL\"}]},{\"@type\":\"WebSite\",\"@id\":\"https:\/\/21panorama.com\/#website\",\"url\":\"https:\/\/21panorama.com\/\",\"name\":\"21 Panorama\",\"description\":\"La construcci\u00f3n de la opini\u00f3n p\u00fablica merece un mejor Panorama en este siglo 21 para alcanzar una sociedad con mayor transparencia y sin corrupci\u00f3n.\",\"publisher\":{\"@id\":\"https:\/\/21panorama.com\/#organization\"},\"potentialAction\":[{\"@type\":\"SearchAction\",\"target\":{\"@type\":\"EntryPoint\",\"urlTemplate\":\"https:\/\/21panorama.com\/?s={search_term_string}\"},\"query-input\":{\"@type\":\"PropertyValueSpecification\",\"valueRequired\":true,\"valueName\":\"search_term_string\"}}],\"inLanguage\":\"es\"},{\"@type\":\"Organization\",\"@id\":\"https:\/\/21panorama.com\/#organization\",\"name\":\"21 Panorama\",\"url\":\"https:\/\/21panorama.com\/\",\"logo\":{\"@type\":\"ImageObject\",\"inLanguage\":\"es\",\"@id\":\"https:\/\/21panorama.com\/#\/schema\/logo\/image\/\",\"url\":\"https:\/\/21panorama.com\/wp-content\/uploads\/2019\/07\/cropped-Logo-Panorama-01.jpeg\",\"contentUrl\":\"https:\/\/21panorama.com\/wp-content\/uploads\/2019\/07\/cropped-Logo-Panorama-01.jpeg\",\"width\":290,\"height\":70,\"caption\":\"21 Panorama\"},\"image\":{\"@id\":\"https:\/\/21panorama.com\/#\/schema\/logo\/image\/\"}},{\"@type\":\"Person\",\"@id\":\"https:\/\/21panorama.com\/#\/schema\/person\/1afc291b96d5792a158768324287319f\",\"name\":\"admin\",\"image\":{\"@type\":\"ImageObject\",\"inLanguage\":\"es\",\"@id\":\"https:\/\/21panorama.com\/#\/schema\/person\/image\/\",\"url\":\"https:\/\/secure.gravatar.com\/avatar\/ad365d9d9f46719215b0d042cc3df92a5a8683e09ef13d102233e5491985f0f0?s=96&d=mm&r=g\",\"contentUrl\":\"https:\/\/secure.gravatar.com\/avatar\/ad365d9d9f46719215b0d042cc3df92a5a8683e09ef13d102233e5491985f0f0?s=96&d=mm&r=g\",\"caption\":\"admin\"},\"url\":\"https:\/\/21panorama.com\/index.php\/author\/admin\/\"}]}<\/script>\n<!-- \/ Yoast SEO plugin. -->","yoast_head_json":{"title":"DESTACA JULIO ALFONSO HERN\u00c1NDEZ MADUREZ POL\u00cdTICA DEL PODER LEGISLATIVO ESTATAL - 21 Panorama","robots":{"index":"index","follow":"follow","max-snippet":"max-snippet:-1","max-image-preview":"max-image-preview:large","max-video-preview":"max-video-preview:-1"},"canonical":"https:\/\/21panorama.com\/index.php\/2019\/08\/18\/destaca-julio-alfonso-hernandez-madurez-politica-del-poder-legislativo-estatal\/","og_locale":"es_MX","og_type":"article","og_title":"DESTACA JULIO ALFONSO HERN\u00c1NDEZ MADUREZ POL\u00cdTICA DEL PODER LEGISLATIVO ESTATAL - 21 Panorama","og_description":"\u201cLa Diputaci\u00f3n Permanente procurar\u00e1 actuar con la madurez pol\u00edtica y la responsabilidad con que lo hace el Pleno legislativo; por encima de nuestro inter\u00e9s, estar\u00e1n los intereses superiores de los mexiquenses, a quienes nos debemos y servimos\u201d, afirm\u00f3 el presidente de este \u00f3rgano parlamentario, el diputado Julio Alfonso Hern\u00e1ndez Ram\u00edrez. El legislador de morena sostuvo que, en el desarrollo de sus funciones, la Diputaci\u00f3n Permanente observar\u00e1 con puntualidad la ley y cumplir\u00e1 con las reglas y formalidades del procedimiento; ser\u00e1 cuidadosa de favorecer el di\u00e1logo, el respeto, y el entendimiento,&hellip;","og_url":"https:\/\/21panorama.com\/index.php\/2019\/08\/18\/destaca-julio-alfonso-hernandez-madurez-politica-del-poder-legislativo-estatal\/","og_site_name":"21 Panorama","article_published_time":"2019-08-19T02:18:02+00:00","article_modified_time":"2019-08-19T02:18:03+00:00","og_image":[{"width":850,"height":567,"url":"https:\/\/21panorama.com\/wp-content\/uploads\/2019\/08\/1078a.jpg","type":"image\/jpeg"}],"author":"admin","twitter_card":"summary_large_image","twitter_misc":{"Escrito por":"admin","Tiempo de lectura":"2 minutos"},"schema":{"@context":"https:\/\/schema.org","@graph":[{"@type":"Article","@id":"https:\/\/21panorama.com\/index.php\/2019\/08\/18\/destaca-julio-alfonso-hernandez-madurez-politica-del-poder-legislativo-estatal\/#article","isPartOf":{"@id":"https:\/\/21panorama.com\/index.php\/2019\/08\/18\/destaca-julio-alfonso-hernandez-madurez-politica-del-poder-legislativo-estatal\/"},"author":{"name":"admin","@id":"https:\/\/21panorama.com\/#\/schema\/person\/1afc291b96d5792a158768324287319f"},"headline":"DESTACA JULIO ALFONSO HERN\u00c1NDEZ MADUREZ POL\u00cdTICA DEL PODER LEGISLATIVO ESTATAL","datePublished":"2019-08-19T02:18:02+00:00","dateModified":"2019-08-19T02:18:03+00:00","mainEntityOfPage":{"@id":"https:\/\/21panorama.com\/index.php\/2019\/08\/18\/destaca-julio-alfonso-hernandez-madurez-politica-del-poder-legislativo-estatal\/"},"wordCount":359,"commentCount":0,"publisher":{"@id":"https:\/\/21panorama.com\/#organization"},"image":{"@id":"https:\/\/21panorama.com\/index.php\/2019\/08\/18\/destaca-julio-alfonso-hernandez-madurez-politica-del-poder-legislativo-estatal\/#primaryimage"},"thumbnailUrl":"https:\/\/21panorama.com\/wp-content\/uploads\/2019\/08\/1078a.jpg","articleSection":["Econom\u00eda","Politica","Sociedad"],"inLanguage":"es","potentialAction":[{"@type":"CommentAction","name":"Comment","target":["https:\/\/21panorama.com\/index.php\/2019\/08\/18\/destaca-julio-alfonso-hernandez-madurez-politica-del-poder-legislativo-estatal\/#respond"]}]},{"@type":"WebPage","@id":"https:\/\/21panorama.com\/index.php\/2019\/08\/18\/destaca-julio-alfonso-hernandez-madurez-politica-del-poder-legislativo-estatal\/","url":"https:\/\/21panorama.com\/index.php\/2019\/08\/18\/destaca-julio-alfonso-hernandez-madurez-politica-del-poder-legislativo-estatal\/","name":"DESTACA JULIO ALFONSO HERN\u00c1NDEZ MADUREZ POL\u00cdTICA DEL PODER LEGISLATIVO ESTATAL - 21 Panorama","isPartOf":{"@id":"https:\/\/21panorama.com\/#website"},"primaryImageOfPage":{"@id":"https:\/\/21panorama.com\/index.php\/2019\/08\/18\/destaca-julio-alfonso-hernandez-madurez-politica-del-poder-legislativo-estatal\/#primaryimage"},"image":{"@id":"https:\/\/21panorama.com\/index.php\/2019\/08\/18\/destaca-julio-alfonso-hernandez-madurez-politica-del-poder-legislativo-estatal\/#primaryimage"},"thumbnailUrl":"https:\/\/21panorama.com\/wp-content\/uploads\/2019\/08\/1078a.jpg","datePublished":"2019-08-19T02:18:02+00:00","dateModified":"2019-08-19T02:18:03+00:00","breadcrumb":{"@id":"https:\/\/21panorama.com\/index.php\/2019\/08\/18\/destaca-julio-alfonso-hernandez-madurez-politica-del-poder-legislativo-estatal\/#breadcrumb"},"inLanguage":"es","potentialAction":[{"@type":"ReadAction","target":["https:\/\/21panorama.com\/index.php\/2019\/08\/18\/destaca-julio-alfonso-hernandez-madurez-politica-del-poder-legislativo-estatal\/"]}]},{"@type":"ImageObject","inLanguage":"es","@id":"https:\/\/21panorama.com\/index.php\/2019\/08\/18\/destaca-julio-alfonso-hernandez-madurez-politica-del-poder-legislativo-estatal\/#primaryimage","url":"https:\/\/21panorama.com\/wp-content\/uploads\/2019\/08\/1078a.jpg","contentUrl":"https:\/\/21panorama.com\/wp-content\/uploads\/2019\/08\/1078a.jpg","width":850,"height":567},{"@type":"BreadcrumbList","@id":"https:\/\/21panorama.com\/index.php\/2019\/08\/18\/destaca-julio-alfonso-hernandez-madurez-politica-del-poder-legislativo-estatal\/#breadcrumb","itemListElement":[{"@type":"ListItem","position":1,"name":"Inicio","item":"https:\/\/21panorama.com\/"},{"@type":"ListItem","position":2,"name":"DESTACA JULIO ALFONSO HERN\u00c1NDEZ MADUREZ POL\u00cdTICA DEL PODER LEGISLATIVO ESTATAL"}]},{"@type":"WebSite","@id":"https:\/\/21panorama.com\/#website","url":"https:\/\/21panorama.com\/","name":"21 Panorama","description":"La construcci\u00f3n de la opini\u00f3n p\u00fablica merece un mejor Panorama en este siglo 21 para alcanzar una sociedad con mayor transparencia y sin corrupci\u00f3n.","publisher":{"@id":"https:\/\/21panorama.com\/#organization"},"potentialAction":[{"@type":"SearchAction","target":{"@type":"EntryPoint","urlTemplate":"https:\/\/21panorama.com\/?s={search_term_string}"},"query-input":{"@type":"PropertyValueSpecification","valueRequired":true,"valueName":"search_term_string"}}],"inLanguage":"es"},{"@type":"Organization","@id":"https:\/\/21panorama.com\/#organization","name":"21 Panorama","url":"https:\/\/21panorama.com\/","logo":{"@type":"ImageObject","inLanguage":"es","@id":"https:\/\/21panorama.com\/#\/schema\/logo\/image\/","url":"https:\/\/21panorama.com\/wp-content\/uploads\/2019\/07\/cropped-Logo-Panorama-01.jpeg","contentUrl":"https:\/\/21panorama.com\/wp-content\/uploads\/2019\/07\/cropped-Logo-Panorama-01.jpeg","width":290,"height":70,"caption":"21 Panorama"},"image":{"@id":"https:\/\/21panorama.com\/#\/schema\/logo\/image\/"}},{"@type":"Person","@id":"https:\/\/21panorama.com\/#\/schema\/person\/1afc291b96d5792a158768324287319f","name":"admin","image":{"@type":"ImageObject","inLanguage":"es","@id":"https:\/\/21panorama.com\/#\/schema\/person\/image\/","url":"https:\/\/secure.gravatar.com\/avatar\/ad365d9d9f46719215b0d042cc3df92a5a8683e09ef13d102233e5491985f0f0?s=96&d=mm&r=g","contentUrl":"https:\/\/secure.gravatar.com\/avatar\/ad365d9d9f46719215b0d042cc3df92a5a8683e09ef13d102233e5491985f0f0?s=96&d=mm&r=g","caption":"admin"},"url":"https:\/\/21panorama.com\/index.php\/author\/admin\/"}]}},"_links":{"self":[{"href":"https:\/\/21panorama.com\/index.php\/wp-json\/wp\/v2\/posts\/259","targetHints":{"allow":["GET"]}}],"collection":[{"href":"https:\/\/21panorama.com\/index.php\/wp-json\/wp\/v2\/posts"}],"about":[{"href":"https:\/\/21panorama.com\/index.php\/wp-json\/wp\/v2\/types\/post"}],"author":[{"embeddable":true,"href":"https:\/\/21panorama.com\/index.php\/wp-json\/wp\/v2\/users\/1"}],"replies":[{"embeddable":true,"href":"https:\/\/21panorama.com\/index.php\/wp-json\/wp\/v2\/comments?post=259"}],"version-history":[{"count":1,"href":"https:\/\/21panorama.com\/index.php\/wp-json\/wp\/v2\/posts\/259\/revisions"}],"predecessor-version":[{"id":261,"href":"https:\/\/21panorama.com\/index.php\/wp-json\/wp\/v2\/posts\/259\/revisions\/261"}],"wp:featuredmedia":[{"embeddable":true,"href":"https:\/\/21panorama.com\/index.php\/wp-json\/wp\/v2\/media\/260"}],"wp:attachment":[{"href":"https:\/\/21panorama.com\/index.php\/wp-json\/wp\/v2\/media?parent=259"}],"wp:term":[{"taxonomy":"category","embeddable":true,"href":"https:\/\/21panorama.com\/index.php\/wp-json\/wp\/v2\/categories?post=259"},{"taxonomy":"post_tag","embeddable":true,"href":"https:\/\/21panorama.com\/index.php\/wp-json\/wp\/v2\/tags?post=259"}],"curies":[{"name":"wp","href":"https:\/\/api.w.org\/{rel}","templated":true}]}}