{"id":2569,"date":"2021-12-06T11:38:35","date_gmt":"2021-12-06T17:38:35","guid":{"rendered":"https:\/\/21panorama.com\/?p=2569"},"modified":"2021-12-06T11:38:37","modified_gmt":"2021-12-06T17:38:37","slug":"inaugura-jaime-cervantes-casa-de-atencion-ciudadana-en-lerma","status":"publish","type":"post","link":"https:\/\/21panorama.com\/index.php\/2021\/12\/06\/inaugura-jaime-cervantes-casa-de-atencion-ciudadana-en-lerma\/","title":{"rendered":"Inaugura Jaime Cervantes Casa de Atenci\u00f3n Ciudadana en Lerma"},"content":{"rendered":"\n<p>El diputado Jaime Cervantes S\u00e1nchez (PRI), representante del IV distrito electoral local con cabecera en Lerma, abri\u00f3 las puertas de su Casa de Atenci\u00f3n Ciudadana que, dijo, ser\u00e1 un medio de contacto permanente y apoyo de personas integrantes de grupos vulnerables, familias mexiquenses y poblaci\u00f3n en general, a quienes adelant\u00f3 que el presupuesto del Estado de M\u00e9xico para 2022 favorecer\u00e1 quienes menos tienen, pues atender\u00e1 de manera prioritaria la salud, la educaci\u00f3n, la alimentaci\u00f3n, la cultura, el deporte y la infraestructura de primer nivel.<br>Acompa\u00f1ado del diputado El\u00edas Rescala Jim\u00e9nez, coordinador de la bancada del PRI en la LXI Legislatura estatal, afirm\u00f3 que el gobernador Alfredo del Mazo Maza les ha pedido aprobar un presupuesto de car\u00e1cter social y que esta Casa de Atenci\u00f3n busca convertirse en la Casa del Pueblo de este distrito, integrado tambi\u00e9n por Tianguistenco, Capulhuac, Santa Cruz Atizap\u00e1n, Texcalyacac, Ocoyoacac y Xalatlaco, por lo que sus puertas estar\u00e1n siempre abiertas.<br>Destac\u00f3 que los representantes populares del PRI son defensores de las mejores causas, como la democracia, la justicia social, las instituciones, el federalismo y la educaci\u00f3n p\u00fablica y llam\u00f3 a la ciudadan\u00eda a trabajar en unidad para que las y los hijos de todos y todas alcancen sus sue\u00f1os y tengan m\u00e1s y mejores oportunidades.<br>El diputado tambi\u00e9n fue acompa\u00f1ado en este acto por las y los diputados locales Alejandra del Moral Vela, Karla Aguilar Talavera, Braulio \u00c1lvarez Jasso, Alfredo Quiroz Fuentes y Jes\u00fas Moreno Mercado, entre otros, adem\u00e1s de Eric No\u00e9 Ortega Mill\u00e1n, alcalde de Lerma, ediles en funciones y electos del distrito IV.<\/p>\n\n\n\n<figure class=\"wp-block-gallery columns-2 is-cropped wp-block-gallery-1 is-layout-flex wp-block-gallery-is-layout-flex\"><ul class=\"blocks-gallery-grid\"><li class=\"blocks-gallery-item\"><figure><img decoding=\"async\" width=\"1024\" height=\"683\" src=\"https:\/\/21panorama.com\/wp-content\/uploads\/2021\/12\/a831dfa8-2b6a-4812-8d3e-bbec751cdee4.jpeg\" alt=\"\" data-id=\"2571\" data-link=\"https:\/\/21panorama.com\/?attachment_id=2571\" class=\"wp-image-2571\" srcset=\"https:\/\/21panorama.com\/wp-content\/uploads\/2021\/12\/a831dfa8-2b6a-4812-8d3e-bbec751cdee4.jpeg 1024w, https:\/\/21panorama.com\/wp-content\/uploads\/2021\/12\/a831dfa8-2b6a-4812-8d3e-bbec751cdee4-300x200.jpeg 300w, https:\/\/21panorama.com\/wp-content\/uploads\/2021\/12\/a831dfa8-2b6a-4812-8d3e-bbec751cdee4-768x512.jpeg 768w\" sizes=\"(max-width: 1024px) 100vw, 1024px\" \/><\/figure><\/li><li class=\"blocks-gallery-item\"><figure><img decoding=\"async\" width=\"1024\" height=\"683\" src=\"https:\/\/21panorama.com\/wp-content\/uploads\/2021\/12\/c1efa7bc-55c7-4c25-b99a-2bc1d54c2852.jpeg\" alt=\"\" data-id=\"2572\" data-full-url=\"https:\/\/21panorama.com\/wp-content\/uploads\/2021\/12\/c1efa7bc-55c7-4c25-b99a-2bc1d54c2852.jpeg\" data-link=\"https:\/\/21panorama.com\/?attachment_id=2572\" class=\"wp-image-2572\" srcset=\"https:\/\/21panorama.com\/wp-content\/uploads\/2021\/12\/c1efa7bc-55c7-4c25-b99a-2bc1d54c2852.jpeg 1024w, https:\/\/21panorama.com\/wp-content\/uploads\/2021\/12\/c1efa7bc-55c7-4c25-b99a-2bc1d54c2852-300x200.jpeg 300w, https:\/\/21panorama.com\/wp-content\/uploads\/2021\/12\/c1efa7bc-55c7-4c25-b99a-2bc1d54c2852-768x512.jpeg 768w\" sizes=\"(max-width: 1024px) 100vw, 1024px\" \/><\/figure><\/li><\/ul><\/figure>\n","protected":false},"excerpt":{"rendered":"<p>Afirm\u00f3 que el grupo parlamentario del PRI respalda un Presupuesto 2022 de car\u00e1cter social.<\/p>\n","protected":false},"author":1,"featured_media":2570,"comment_status":"open","ping_status":"open","sticky":false,"template":"","format":"standard","meta":{"footnotes":""},"categories":[1],"tags":[64],"class_list":["post-2569","post","type-post","status-publish","format-standard","has-post-thumbnail","hentry","category-sociedad","tag-lerma"],"yoast_head":"<!-- This site is optimized with the Yoast SEO plugin v24.9 - https:\/\/yoast.com\/wordpress\/plugins\/seo\/ -->\n<title>Inaugura Jaime Cervantes Casa de Atenci\u00f3n Ciudadana en Lerma - 21 Panorama<\/title>\n<meta name=\"robots\" content=\"index, follow, max-snippet:-1, max-image-preview:large, max-video-preview:-1\" \/>\n<link rel=\"canonical\" href=\"https:\/\/21panorama.com\/index.php\/2021\/12\/06\/inaugura-jaime-cervantes-casa-de-atencion-ciudadana-en-lerma\/\" \/>\n<meta property=\"og:locale\" content=\"es_MX\" \/>\n<meta property=\"og:type\" content=\"article\" \/>\n<meta property=\"og:title\" content=\"Inaugura Jaime Cervantes Casa de Atenci\u00f3n Ciudadana en Lerma - 21 Panorama\" \/>\n<meta property=\"og:description\" content=\"Afirm\u00f3 que el grupo parlamentario del PRI respalda un Presupuesto 2022 de car\u00e1cter social.\" \/>\n<meta property=\"og:url\" content=\"https:\/\/21panorama.com\/index.php\/2021\/12\/06\/inaugura-jaime-cervantes-casa-de-atencion-ciudadana-en-lerma\/\" \/>\n<meta property=\"og:site_name\" content=\"21 Panorama\" \/>\n<meta property=\"article:published_time\" content=\"2021-12-06T17:38:35+00:00\" \/>\n<meta property=\"article:modified_time\" content=\"2021-12-06T17:38:37+00:00\" \/>\n<meta property=\"og:image\" content=\"https:\/\/21panorama.com\/wp-content\/uploads\/2021\/12\/6a92c6a6-3b6a-4a5e-9ce4-70521bbd0449.jpeg\" \/>\n\t<meta property=\"og:image:width\" content=\"1024\" \/>\n\t<meta property=\"og:image:height\" content=\"689\" \/>\n\t<meta property=\"og:image:type\" content=\"image\/jpeg\" \/>\n<meta name=\"author\" content=\"admin\" \/>\n<meta name=\"twitter:card\" content=\"summary_large_image\" \/>\n<meta name=\"twitter:label1\" content=\"Escrito por\" \/>\n\t<meta name=\"twitter:data1\" content=\"admin\" \/>\n\t<meta name=\"twitter:label2\" content=\"Tiempo de lectura\" \/>\n\t<meta name=\"twitter:data2\" content=\"2 minutos\" \/>\n<script type=\"application\/ld+json\" class=\"yoast-schema-graph\">{\"@context\":\"https:\/\/schema.org\",\"@graph\":[{\"@type\":\"Article\",\"@id\":\"https:\/\/21panorama.com\/index.php\/2021\/12\/06\/inaugura-jaime-cervantes-casa-de-atencion-ciudadana-en-lerma\/#article\",\"isPartOf\":{\"@id\":\"https:\/\/21panorama.com\/index.php\/2021\/12\/06\/inaugura-jaime-cervantes-casa-de-atencion-ciudadana-en-lerma\/\"},\"author\":{\"name\":\"admin\",\"@id\":\"https:\/\/21panorama.com\/#\/schema\/person\/1afc291b96d5792a158768324287319f\"},\"headline\":\"Inaugura Jaime Cervantes Casa de Atenci\u00f3n Ciudadana en Lerma\",\"datePublished\":\"2021-12-06T17:38:35+00:00\",\"dateModified\":\"2021-12-06T17:38:37+00:00\",\"mainEntityOfPage\":{\"@id\":\"https:\/\/21panorama.com\/index.php\/2021\/12\/06\/inaugura-jaime-cervantes-casa-de-atencion-ciudadana-en-lerma\/\"},\"wordCount\":292,\"commentCount\":0,\"publisher\":{\"@id\":\"https:\/\/21panorama.com\/#organization\"},\"image\":{\"@id\":\"https:\/\/21panorama.com\/index.php\/2021\/12\/06\/inaugura-jaime-cervantes-casa-de-atencion-ciudadana-en-lerma\/#primaryimage\"},\"thumbnailUrl\":\"https:\/\/21panorama.com\/wp-content\/uploads\/2021\/12\/6a92c6a6-3b6a-4a5e-9ce4-70521bbd0449.jpeg\",\"keywords\":[\"Lerma\"],\"articleSection\":[\"Sociedad\"],\"inLanguage\":\"es\",\"potentialAction\":[{\"@type\":\"CommentAction\",\"name\":\"Comment\",\"target\":[\"https:\/\/21panorama.com\/index.php\/2021\/12\/06\/inaugura-jaime-cervantes-casa-de-atencion-ciudadana-en-lerma\/#respond\"]}]},{\"@type\":\"WebPage\",\"@id\":\"https:\/\/21panorama.com\/index.php\/2021\/12\/06\/inaugura-jaime-cervantes-casa-de-atencion-ciudadana-en-lerma\/\",\"url\":\"https:\/\/21panorama.com\/index.php\/2021\/12\/06\/inaugura-jaime-cervantes-casa-de-atencion-ciudadana-en-lerma\/\",\"name\":\"Inaugura Jaime Cervantes Casa de Atenci\u00f3n Ciudadana en Lerma - 21 Panorama\",\"isPartOf\":{\"@id\":\"https:\/\/21panorama.com\/#website\"},\"primaryImageOfPage\":{\"@id\":\"https:\/\/21panorama.com\/index.php\/2021\/12\/06\/inaugura-jaime-cervantes-casa-de-atencion-ciudadana-en-lerma\/#primaryimage\"},\"image\":{\"@id\":\"https:\/\/21panorama.com\/index.php\/2021\/12\/06\/inaugura-jaime-cervantes-casa-de-atencion-ciudadana-en-lerma\/#primaryimage\"},\"thumbnailUrl\":\"https:\/\/21panorama.com\/wp-content\/uploads\/2021\/12\/6a92c6a6-3b6a-4a5e-9ce4-70521bbd0449.jpeg\",\"datePublished\":\"2021-12-06T17:38:35+00:00\",\"dateModified\":\"2021-12-06T17:38:37+00:00\",\"breadcrumb\":{\"@id\":\"https:\/\/21panorama.com\/index.php\/2021\/12\/06\/inaugura-jaime-cervantes-casa-de-atencion-ciudadana-en-lerma\/#breadcrumb\"},\"inLanguage\":\"es\",\"potentialAction\":[{\"@type\":\"ReadAction\",\"target\":[\"https:\/\/21panorama.com\/index.php\/2021\/12\/06\/inaugura-jaime-cervantes-casa-de-atencion-ciudadana-en-lerma\/\"]}]},{\"@type\":\"ImageObject\",\"inLanguage\":\"es\",\"@id\":\"https:\/\/21panorama.com\/index.php\/2021\/12\/06\/inaugura-jaime-cervantes-casa-de-atencion-ciudadana-en-lerma\/#primaryimage\",\"url\":\"https:\/\/21panorama.com\/wp-content\/uploads\/2021\/12\/6a92c6a6-3b6a-4a5e-9ce4-70521bbd0449.jpeg\",\"contentUrl\":\"https:\/\/21panorama.com\/wp-content\/uploads\/2021\/12\/6a92c6a6-3b6a-4a5e-9ce4-70521bbd0449.jpeg\",\"width\":1024,\"height\":689},{\"@type\":\"BreadcrumbList\",\"@id\":\"https:\/\/21panorama.com\/index.php\/2021\/12\/06\/inaugura-jaime-cervantes-casa-de-atencion-ciudadana-en-lerma\/#breadcrumb\",\"itemListElement\":[{\"@type\":\"ListItem\",\"position\":1,\"name\":\"Inicio\",\"item\":\"https:\/\/21panorama.com\/\"},{\"@type\":\"ListItem\",\"position\":2,\"name\":\"Inaugura Jaime Cervantes Casa de Atenci\u00f3n Ciudadana en Lerma\"}]},{\"@type\":\"WebSite\",\"@id\":\"https:\/\/21panorama.com\/#website\",\"url\":\"https:\/\/21panorama.com\/\",\"name\":\"21 Panorama\",\"description\":\"La construcci\u00f3n de la opini\u00f3n p\u00fablica merece un mejor Panorama en este siglo 21 para alcanzar una sociedad con mayor transparencia y sin corrupci\u00f3n.\",\"publisher\":{\"@id\":\"https:\/\/21panorama.com\/#organization\"},\"potentialAction\":[{\"@type\":\"SearchAction\",\"target\":{\"@type\":\"EntryPoint\",\"urlTemplate\":\"https:\/\/21panorama.com\/?s={search_term_string}\"},\"query-input\":{\"@type\":\"PropertyValueSpecification\",\"valueRequired\":true,\"valueName\":\"search_term_string\"}}],\"inLanguage\":\"es\"},{\"@type\":\"Organization\",\"@id\":\"https:\/\/21panorama.com\/#organization\",\"name\":\"21 Panorama\",\"url\":\"https:\/\/21panorama.com\/\",\"logo\":{\"@type\":\"ImageObject\",\"inLanguage\":\"es\",\"@id\":\"https:\/\/21panorama.com\/#\/schema\/logo\/image\/\",\"url\":\"https:\/\/21panorama.com\/wp-content\/uploads\/2019\/07\/cropped-Logo-Panorama-01.jpeg\",\"contentUrl\":\"https:\/\/21panorama.com\/wp-content\/uploads\/2019\/07\/cropped-Logo-Panorama-01.jpeg\",\"width\":290,\"height\":70,\"caption\":\"21 Panorama\"},\"image\":{\"@id\":\"https:\/\/21panorama.com\/#\/schema\/logo\/image\/\"}},{\"@type\":\"Person\",\"@id\":\"https:\/\/21panorama.com\/#\/schema\/person\/1afc291b96d5792a158768324287319f\",\"name\":\"admin\",\"image\":{\"@type\":\"ImageObject\",\"inLanguage\":\"es\",\"@id\":\"https:\/\/21panorama.com\/#\/schema\/person\/image\/\",\"url\":\"https:\/\/secure.gravatar.com\/avatar\/ad365d9d9f46719215b0d042cc3df92a5a8683e09ef13d102233e5491985f0f0?s=96&d=mm&r=g\",\"contentUrl\":\"https:\/\/secure.gravatar.com\/avatar\/ad365d9d9f46719215b0d042cc3df92a5a8683e09ef13d102233e5491985f0f0?s=96&d=mm&r=g\",\"caption\":\"admin\"},\"url\":\"https:\/\/21panorama.com\/index.php\/author\/admin\/\"}]}<\/script>\n<!-- \/ Yoast SEO plugin. -->","yoast_head_json":{"title":"Inaugura Jaime Cervantes Casa de Atenci\u00f3n Ciudadana en Lerma - 21 Panorama","robots":{"index":"index","follow":"follow","max-snippet":"max-snippet:-1","max-image-preview":"max-image-preview:large","max-video-preview":"max-video-preview:-1"},"canonical":"https:\/\/21panorama.com\/index.php\/2021\/12\/06\/inaugura-jaime-cervantes-casa-de-atencion-ciudadana-en-lerma\/","og_locale":"es_MX","og_type":"article","og_title":"Inaugura Jaime Cervantes Casa de Atenci\u00f3n Ciudadana en Lerma - 21 Panorama","og_description":"Afirm\u00f3 que el grupo parlamentario del PRI respalda un Presupuesto 2022 de car\u00e1cter social.","og_url":"https:\/\/21panorama.com\/index.php\/2021\/12\/06\/inaugura-jaime-cervantes-casa-de-atencion-ciudadana-en-lerma\/","og_site_name":"21 Panorama","article_published_time":"2021-12-06T17:38:35+00:00","article_modified_time":"2021-12-06T17:38:37+00:00","og_image":[{"width":1024,"height":689,"url":"https:\/\/21panorama.com\/wp-content\/uploads\/2021\/12\/6a92c6a6-3b6a-4a5e-9ce4-70521bbd0449.jpeg","type":"image\/jpeg"}],"author":"admin","twitter_card":"summary_large_image","twitter_misc":{"Escrito por":"admin","Tiempo de lectura":"2 minutos"},"schema":{"@context":"https:\/\/schema.org","@graph":[{"@type":"Article","@id":"https:\/\/21panorama.com\/index.php\/2021\/12\/06\/inaugura-jaime-cervantes-casa-de-atencion-ciudadana-en-lerma\/#article","isPartOf":{"@id":"https:\/\/21panorama.com\/index.php\/2021\/12\/06\/inaugura-jaime-cervantes-casa-de-atencion-ciudadana-en-lerma\/"},"author":{"name":"admin","@id":"https:\/\/21panorama.com\/#\/schema\/person\/1afc291b96d5792a158768324287319f"},"headline":"Inaugura Jaime Cervantes Casa de Atenci\u00f3n Ciudadana en Lerma","datePublished":"2021-12-06T17:38:35+00:00","dateModified":"2021-12-06T17:38:37+00:00","mainEntityOfPage":{"@id":"https:\/\/21panorama.com\/index.php\/2021\/12\/06\/inaugura-jaime-cervantes-casa-de-atencion-ciudadana-en-lerma\/"},"wordCount":292,"commentCount":0,"publisher":{"@id":"https:\/\/21panorama.com\/#organization"},"image":{"@id":"https:\/\/21panorama.com\/index.php\/2021\/12\/06\/inaugura-jaime-cervantes-casa-de-atencion-ciudadana-en-lerma\/#primaryimage"},"thumbnailUrl":"https:\/\/21panorama.com\/wp-content\/uploads\/2021\/12\/6a92c6a6-3b6a-4a5e-9ce4-70521bbd0449.jpeg","keywords":["Lerma"],"articleSection":["Sociedad"],"inLanguage":"es","potentialAction":[{"@type":"CommentAction","name":"Comment","target":["https:\/\/21panorama.com\/index.php\/2021\/12\/06\/inaugura-jaime-cervantes-casa-de-atencion-ciudadana-en-lerma\/#respond"]}]},{"@type":"WebPage","@id":"https:\/\/21panorama.com\/index.php\/2021\/12\/06\/inaugura-jaime-cervantes-casa-de-atencion-ciudadana-en-lerma\/","url":"https:\/\/21panorama.com\/index.php\/2021\/12\/06\/inaugura-jaime-cervantes-casa-de-atencion-ciudadana-en-lerma\/","name":"Inaugura Jaime Cervantes Casa de Atenci\u00f3n Ciudadana en Lerma - 21 Panorama","isPartOf":{"@id":"https:\/\/21panorama.com\/#website"},"primaryImageOfPage":{"@id":"https:\/\/21panorama.com\/index.php\/2021\/12\/06\/inaugura-jaime-cervantes-casa-de-atencion-ciudadana-en-lerma\/#primaryimage"},"image":{"@id":"https:\/\/21panorama.com\/index.php\/2021\/12\/06\/inaugura-jaime-cervantes-casa-de-atencion-ciudadana-en-lerma\/#primaryimage"},"thumbnailUrl":"https:\/\/21panorama.com\/wp-content\/uploads\/2021\/12\/6a92c6a6-3b6a-4a5e-9ce4-70521bbd0449.jpeg","datePublished":"2021-12-06T17:38:35+00:00","dateModified":"2021-12-06T17:38:37+00:00","breadcrumb":{"@id":"https:\/\/21panorama.com\/index.php\/2021\/12\/06\/inaugura-jaime-cervantes-casa-de-atencion-ciudadana-en-lerma\/#breadcrumb"},"inLanguage":"es","potentialAction":[{"@type":"ReadAction","target":["https:\/\/21panorama.com\/index.php\/2021\/12\/06\/inaugura-jaime-cervantes-casa-de-atencion-ciudadana-en-lerma\/"]}]},{"@type":"ImageObject","inLanguage":"es","@id":"https:\/\/21panorama.com\/index.php\/2021\/12\/06\/inaugura-jaime-cervantes-casa-de-atencion-ciudadana-en-lerma\/#primaryimage","url":"https:\/\/21panorama.com\/wp-content\/uploads\/2021\/12\/6a92c6a6-3b6a-4a5e-9ce4-70521bbd0449.jpeg","contentUrl":"https:\/\/21panorama.com\/wp-content\/uploads\/2021\/12\/6a92c6a6-3b6a-4a5e-9ce4-70521bbd0449.jpeg","width":1024,"height":689},{"@type":"BreadcrumbList","@id":"https:\/\/21panorama.com\/index.php\/2021\/12\/06\/inaugura-jaime-cervantes-casa-de-atencion-ciudadana-en-lerma\/#breadcrumb","itemListElement":[{"@type":"ListItem","position":1,"name":"Inicio","item":"https:\/\/21panorama.com\/"},{"@type":"ListItem","position":2,"name":"Inaugura Jaime Cervantes Casa de Atenci\u00f3n Ciudadana en Lerma"}]},{"@type":"WebSite","@id":"https:\/\/21panorama.com\/#website","url":"https:\/\/21panorama.com\/","name":"21 Panorama","description":"La construcci\u00f3n de la opini\u00f3n p\u00fablica merece un mejor Panorama en este siglo 21 para alcanzar una sociedad con mayor transparencia y sin corrupci\u00f3n.","publisher":{"@id":"https:\/\/21panorama.com\/#organization"},"potentialAction":[{"@type":"SearchAction","target":{"@type":"EntryPoint","urlTemplate":"https:\/\/21panorama.com\/?s={search_term_string}"},"query-input":{"@type":"PropertyValueSpecification","valueRequired":true,"valueName":"search_term_string"}}],"inLanguage":"es"},{"@type":"Organization","@id":"https:\/\/21panorama.com\/#organization","name":"21 Panorama","url":"https:\/\/21panorama.com\/","logo":{"@type":"ImageObject","inLanguage":"es","@id":"https:\/\/21panorama.com\/#\/schema\/logo\/image\/","url":"https:\/\/21panorama.com\/wp-content\/uploads\/2019\/07\/cropped-Logo-Panorama-01.jpeg","contentUrl":"https:\/\/21panorama.com\/wp-content\/uploads\/2019\/07\/cropped-Logo-Panorama-01.jpeg","width":290,"height":70,"caption":"21 Panorama"},"image":{"@id":"https:\/\/21panorama.com\/#\/schema\/logo\/image\/"}},{"@type":"Person","@id":"https:\/\/21panorama.com\/#\/schema\/person\/1afc291b96d5792a158768324287319f","name":"admin","image":{"@type":"ImageObject","inLanguage":"es","@id":"https:\/\/21panorama.com\/#\/schema\/person\/image\/","url":"https:\/\/secure.gravatar.com\/avatar\/ad365d9d9f46719215b0d042cc3df92a5a8683e09ef13d102233e5491985f0f0?s=96&d=mm&r=g","contentUrl":"https:\/\/secure.gravatar.com\/avatar\/ad365d9d9f46719215b0d042cc3df92a5a8683e09ef13d102233e5491985f0f0?s=96&d=mm&r=g","caption":"admin"},"url":"https:\/\/21panorama.com\/index.php\/author\/admin\/"}]}},"_links":{"self":[{"href":"https:\/\/21panorama.com\/index.php\/wp-json\/wp\/v2\/posts\/2569","targetHints":{"allow":["GET"]}}],"collection":[{"href":"https:\/\/21panorama.com\/index.php\/wp-json\/wp\/v2\/posts"}],"about":[{"href":"https:\/\/21panorama.com\/index.php\/wp-json\/wp\/v2\/types\/post"}],"author":[{"embeddable":true,"href":"https:\/\/21panorama.com\/index.php\/wp-json\/wp\/v2\/users\/1"}],"replies":[{"embeddable":true,"href":"https:\/\/21panorama.com\/index.php\/wp-json\/wp\/v2\/comments?post=2569"}],"version-history":[{"count":1,"href":"https:\/\/21panorama.com\/index.php\/wp-json\/wp\/v2\/posts\/2569\/revisions"}],"predecessor-version":[{"id":2573,"href":"https:\/\/21panorama.com\/index.php\/wp-json\/wp\/v2\/posts\/2569\/revisions\/2573"}],"wp:featuredmedia":[{"embeddable":true,"href":"https:\/\/21panorama.com\/index.php\/wp-json\/wp\/v2\/media\/2570"}],"wp:attachment":[{"href":"https:\/\/21panorama.com\/index.php\/wp-json\/wp\/v2\/media?parent=2569"}],"wp:term":[{"taxonomy":"category","embeddable":true,"href":"https:\/\/21panorama.com\/index.php\/wp-json\/wp\/v2\/categories?post=2569"},{"taxonomy":"post_tag","embeddable":true,"href":"https:\/\/21panorama.com\/index.php\/wp-json\/wp\/v2\/tags?post=2569"}],"curies":[{"name":"wp","href":"https:\/\/api.w.org\/{rel}","templated":true}]}}