{"id":256,"date":"2019-08-18T21:16:06","date_gmt":"2019-08-19T02:16:06","guid":{"rendered":"http:\/\/21panorama.com\/?p=256"},"modified":"2019-08-18T21:16:07","modified_gmt":"2019-08-19T02:16:07","slug":"impulsa-la-60-legislatura-leyes-de-autentica-representacion-social-violeta-nova-gomez","status":"publish","type":"post","link":"https:\/\/21panorama.com\/index.php\/2019\/08\/18\/impulsa-la-60-legislatura-leyes-de-autentica-representacion-social-violeta-nova-gomez\/","title":{"rendered":"IMPULSA LA 60 LEGISLATURA LEYES DE AUT\u00c9NTICA REPRESENTACI\u00d3N SOCIAL: VIOLETA NOVA G\u00d3MEZ"},"content":{"rendered":"\n<p>La diputada Violeta Nova G\u00f3mez, presidenta de la Directiva del Tercer Periodo Ordinario de Sesiones, sostuvo que para contribuir a la Cuarta Transformaci\u00f3n de la vida p\u00fablica del pa\u00eds es responsabilidad de los legisladores impulsar leyes de aut\u00e9ntica representaci\u00f3n, cercanas, directas y transparentes, por lo que la 60 Legislatura \u00fanicamente se justificar\u00e1 por sus resultados, su car\u00e1cter representativo, su eficacia, por el papel que desempe\u00f1a y, sobre todo, por su identificaci\u00f3n con el pueblo.<\/p>\n\n\n\n<p>Al declarar la clausura del periodo, la legisladora de morena subray\u00f3 que el pa\u00eds y el Estado de M\u00e9xico viven un momento hist\u00f3rico de relevancia democr\u00e1tica, por lo que lo que esta Legislatura adquiere una dimensi\u00f3n significativa para las funciones que desempe\u00f1a, las cuales tienen que ver con la vida pol\u00edtica y la expedici\u00f3n de las leyes, pero tambi\u00e9n con la vigilancia de la labor gubernamental para asegurar el sano ejercicio del poder p\u00fablico.<\/p>\n\n\n\n<p>Inform\u00f3 que, pese a los 20 d\u00edas de los que se conform\u00f3 el Tercer Periodo, la Legislatura aprovech\u00f3 al m\u00e1ximo la actividad parlamentaria con la realizaci\u00f3n de 11 sesiones plenarias en las que se trataron 20 asuntos en promedio por sesi\u00f3n, se presentaron 73 iniciativas de decreto, de las que se aprobaron 10, y 43 puntos de acuerdo, de los que se aprobaron 25; adem\u00e1s, hubo 18 reuniones de trabajo y dictamen de las comisiones legislativas.<\/p>\n\n\n\n<p>En el momento de la apertura del periodo, el 20 de julio, record\u00f3 la legisladora, se encontraban en la agenda temas de inter\u00e9s para los mexiquenses que se convirtieron en leyes con efectos generales y que contribuir\u00e1n a mejorar la convivencia social y a fortalecer las instituciones.<\/p>\n\n\n\n<p>Afirm\u00f3 que con la recepci\u00f3n y aprobaci\u00f3n de la licencia definitiva del titular del \u00d3rgano Superior de Fiscalizaci\u00f3n del Estado de M\u00e9xico (OSFEM) y el nombramiento del suplente temporal, que fungir\u00e1 hasta que se haga la designaci\u00f3n del nuevo auditor, la 60 Legislatura dej\u00f3 constancia de que har\u00e1 lo necesario para que los procedimientos de fiscalizaci\u00f3n de la hacienda p\u00fablica estatal y municipal sean eficaces y eficientes.<\/p>\n\n\n\n<p>Resalt\u00f3 las modificaciones al C\u00f3digo Civil del Estado de M\u00e9xico para establecer que las copias certificadas de las actas de nacimiento expedidas por el Registro Civil no tengan fecha de vencimiento, y las reformas al C\u00f3digo Administrativo para establecer, con car\u00e1cter de norma jur\u00eddica, la agroecolog\u00eda a trav\u00e9s de rotaci\u00f3n y asociaci\u00f3n de cultivos, en apoyo al campo, a los agricultores y al cuidado del medio ambiente.<\/p>\n\n\n\n<p>Con las adiciones a la Ley Org\u00e1nica Municipal del Estado de M\u00e9xico para armonizar las atribuciones de los 125 ayuntamientos en materia forestal, indic\u00f3 la legisladora, se podr\u00e1n crear pol\u00edticas, programas y acciones encaminadas a la conservaci\u00f3n de los bosques, a la reforestaci\u00f3n, campa\u00f1as contra incendios, sanidad y promoci\u00f3n de una cultura forestal en la entidad; adem\u00e1s, se reform\u00f3 el C\u00f3digo Penal del Estado de M\u00e9xico para salvaguardar los recursos y ecosistemas forestales con el incremento de penalidades al fijar sanciones m\u00e1s severas, sobre todo cuando son servidores p\u00fablicos quienes cometan ese tipo de il\u00edcitos.<\/p>\n\n\n\n<p>Tambi\u00e9n se aprob\u00f3 la inscripci\u00f3n con letras doradas del nombre de Heberto Castillo Mart\u00ednez en el muro de honor del Sal\u00f3n de Sesiones del recinto del Poder Legislativo, como un testimonio permanente de la Soberan\u00eda popular en reconocimiento de su lucha por la democracia.<\/p>\n\n\n\n<p>De igual manera, enfatiz\u00f3 en la incorporaci\u00f3n de un cap\u00edtulo al C\u00f3digo Penal sobre violencia ejercida a trav\u00e9s de las tecnolog\u00edas de la informaci\u00f3n y la comunicaci\u00f3n para regular y sancionar el fen\u00f3meno de la pornograf\u00eda no consentida, y la creaci\u00f3n del Instituto Municipal de la Mujer de Toluca propuesto por el ayuntamiento de la capital, y que tiene como objeto primordial la atenci\u00f3n de la mujer toluque\u00f1a, procurando su \u00f3ptimo desarrollo en un entorno de seguridad e igualdad.<\/p>\n\n\n\n<p>Se contribuy\u00f3 a vigorizar el Sistema Estatal para Prevenir, Atender, Sancionar y Erradicar la Violencia contra las Mujeres y las Ni\u00f1as con la ampliaci\u00f3n de la representaci\u00f3n de la Legislatura mediante la participaci\u00f3n de las presidencias de la Comisi\u00f3n para la Igualdad de G\u00e9nero y de la Comisi\u00f3n Especial para Combatir y Erradicar la Violencia Vinculada a los Feminicidios en el Estado de M\u00e9xico, y se estableci\u00f3 que el 19 de noviembre se celebre el D\u00eda de la Mujer Emprendedora en la entidad.<\/p>\n\n\n\n<p>Asimismo, se\u00f1al\u00f3 que se fortaleci\u00f3 la Ley para la Atenci\u00f3n y Protecci\u00f3n de Personas con la Condici\u00f3n del Espectro Autista en el Estado de M\u00e9xico, al incorporar acciones espec\u00edficas en favor de su tratamiento, y se declar\u00f3 el 2 de abril de cada a\u00f1o como D\u00eda Estatal de Concientizaci\u00f3n sobre el Autismo.<\/p>\n\n\n\n<p>Tambi\u00e9n mencion\u00f3 que se emitieron diversos puntos de acuerdo para exhortar a distintas instancias municipales estatales y federales con el prop\u00f3sito de que cumplan diligentemente con su responsabilidad y atiendan las funciones que les corresponde y la problem\u00e1tica planteada por la propia ciudadan\u00eda, por lo que indic\u00f3 que estar\u00e1n atentos a las respuestas y seguir\u00e1n defendiendo la atribuci\u00f3n relacionada con el control y la gesti\u00f3n social que les corresponde como representantes populares.<\/p>\n\n\n\n<p>La legisladora subray\u00f3 que m\u00e1s all\u00e1 de las cifras hay un trabajo legislativo de aportaciones sociales concretas y de efectos positivos en beneficio de la poblaci\u00f3n del Estado de M\u00e9xico, ya que los diputados ofrecieron la mayor parte de su tiempo para esta labor por el compromiso que tienen ante los mexiquenses, ya que est\u00e1n conscientes de que la realidad no es est\u00e1tica ni puede suspenderse o ignorarse.<\/p>\n","protected":false},"excerpt":{"rendered":"<p>La diputada Violeta Nova G\u00f3mez, presidenta de la Directiva del Tercer Periodo Ordinario de Sesiones, sostuvo que para contribuir a la Cuarta Transformaci\u00f3n de la vida p\u00fablica del pa\u00eds es responsabilidad de los legisladores impulsar leyes de aut\u00e9ntica representaci\u00f3n, cercanas, directas y transparentes, por lo que la 60 Legislatura \u00fanicamente se justificar\u00e1 por sus resultados, su car\u00e1cter representativo, su eficacia, por el papel que desempe\u00f1a y, sobre todo, por su identificaci\u00f3n con el pueblo. Al declarar la clausura del periodo, la legisladora de morena subray\u00f3 que el pa\u00eds y el&hellip;<\/p>\n","protected":false},"author":1,"featured_media":257,"comment_status":"open","ping_status":"open","sticky":false,"template":"","format":"standard","meta":{"footnotes":""},"categories":[12,1],"tags":[],"class_list":["post-256","post","type-post","status-publish","format-standard","has-post-thumbnail","hentry","category-politica","category-sociedad"],"yoast_head":"<!-- This site is optimized with the Yoast SEO plugin v24.9 - https:\/\/yoast.com\/wordpress\/plugins\/seo\/ -->\n<title>IMPULSA LA 60 LEGISLATURA LEYES DE AUT\u00c9NTICA REPRESENTACI\u00d3N SOCIAL: VIOLETA NOVA G\u00d3MEZ - 21 Panorama<\/title>\n<meta name=\"robots\" content=\"index, follow, max-snippet:-1, max-image-preview:large, max-video-preview:-1\" \/>\n<link rel=\"canonical\" href=\"https:\/\/21panorama.com\/index.php\/2019\/08\/18\/impulsa-la-60-legislatura-leyes-de-autentica-representacion-social-violeta-nova-gomez\/\" \/>\n<meta property=\"og:locale\" content=\"es_MX\" \/>\n<meta property=\"og:type\" content=\"article\" \/>\n<meta property=\"og:title\" content=\"IMPULSA LA 60 LEGISLATURA LEYES DE AUT\u00c9NTICA REPRESENTACI\u00d3N SOCIAL: VIOLETA NOVA G\u00d3MEZ - 21 Panorama\" \/>\n<meta property=\"og:description\" content=\"La diputada Violeta Nova G\u00f3mez, presidenta de la Directiva del Tercer Periodo Ordinario de Sesiones, sostuvo que para contribuir a la Cuarta Transformaci\u00f3n de la vida p\u00fablica del pa\u00eds es responsabilidad de los legisladores impulsar leyes de aut\u00e9ntica representaci\u00f3n, cercanas, directas y transparentes, por lo que la 60 Legislatura \u00fanicamente se justificar\u00e1 por sus resultados, su car\u00e1cter representativo, su eficacia, por el papel que desempe\u00f1a y, sobre todo, por su identificaci\u00f3n con el pueblo. Al declarar la clausura del periodo, la legisladora de morena subray\u00f3 que el pa\u00eds y el&hellip;\" \/>\n<meta property=\"og:url\" content=\"https:\/\/21panorama.com\/index.php\/2019\/08\/18\/impulsa-la-60-legislatura-leyes-de-autentica-representacion-social-violeta-nova-gomez\/\" \/>\n<meta property=\"og:site_name\" content=\"21 Panorama\" \/>\n<meta property=\"article:published_time\" content=\"2019-08-19T02:16:06+00:00\" \/>\n<meta property=\"article:modified_time\" content=\"2019-08-19T02:16:07+00:00\" \/>\n<meta property=\"og:image\" content=\"https:\/\/21panorama.com\/wp-content\/uploads\/2019\/08\/1077a.jpg\" \/>\n\t<meta property=\"og:image:width\" content=\"850\" \/>\n\t<meta property=\"og:image:height\" content=\"567\" \/>\n\t<meta property=\"og:image:type\" content=\"image\/jpeg\" \/>\n<meta name=\"author\" content=\"admin\" \/>\n<meta name=\"twitter:card\" content=\"summary_large_image\" \/>\n<meta name=\"twitter:label1\" content=\"Escrito por\" \/>\n\t<meta name=\"twitter:data1\" content=\"admin\" \/>\n\t<meta name=\"twitter:label2\" content=\"Tiempo de lectura\" \/>\n\t<meta name=\"twitter:data2\" content=\"5 minutos\" \/>\n<script type=\"application\/ld+json\" class=\"yoast-schema-graph\">{\"@context\":\"https:\/\/schema.org\",\"@graph\":[{\"@type\":\"Article\",\"@id\":\"https:\/\/21panorama.com\/index.php\/2019\/08\/18\/impulsa-la-60-legislatura-leyes-de-autentica-representacion-social-violeta-nova-gomez\/#article\",\"isPartOf\":{\"@id\":\"https:\/\/21panorama.com\/index.php\/2019\/08\/18\/impulsa-la-60-legislatura-leyes-de-autentica-representacion-social-violeta-nova-gomez\/\"},\"author\":{\"name\":\"admin\",\"@id\":\"https:\/\/21panorama.com\/#\/schema\/person\/1afc291b96d5792a158768324287319f\"},\"headline\":\"IMPULSA LA 60 LEGISLATURA LEYES DE AUT\u00c9NTICA REPRESENTACI\u00d3N SOCIAL: VIOLETA NOVA G\u00d3MEZ\",\"datePublished\":\"2019-08-19T02:16:06+00:00\",\"dateModified\":\"2019-08-19T02:16:07+00:00\",\"mainEntityOfPage\":{\"@id\":\"https:\/\/21panorama.com\/index.php\/2019\/08\/18\/impulsa-la-60-legislatura-leyes-de-autentica-representacion-social-violeta-nova-gomez\/\"},\"wordCount\":1002,\"commentCount\":0,\"publisher\":{\"@id\":\"https:\/\/21panorama.com\/#organization\"},\"image\":{\"@id\":\"https:\/\/21panorama.com\/index.php\/2019\/08\/18\/impulsa-la-60-legislatura-leyes-de-autentica-representacion-social-violeta-nova-gomez\/#primaryimage\"},\"thumbnailUrl\":\"https:\/\/21panorama.com\/wp-content\/uploads\/2019\/08\/1077a.jpg\",\"articleSection\":[\"Politica\",\"Sociedad\"],\"inLanguage\":\"es\",\"potentialAction\":[{\"@type\":\"CommentAction\",\"name\":\"Comment\",\"target\":[\"https:\/\/21panorama.com\/index.php\/2019\/08\/18\/impulsa-la-60-legislatura-leyes-de-autentica-representacion-social-violeta-nova-gomez\/#respond\"]}]},{\"@type\":\"WebPage\",\"@id\":\"https:\/\/21panorama.com\/index.php\/2019\/08\/18\/impulsa-la-60-legislatura-leyes-de-autentica-representacion-social-violeta-nova-gomez\/\",\"url\":\"https:\/\/21panorama.com\/index.php\/2019\/08\/18\/impulsa-la-60-legislatura-leyes-de-autentica-representacion-social-violeta-nova-gomez\/\",\"name\":\"IMPULSA LA 60 LEGISLATURA LEYES DE AUT\u00c9NTICA REPRESENTACI\u00d3N SOCIAL: VIOLETA NOVA G\u00d3MEZ - 21 Panorama\",\"isPartOf\":{\"@id\":\"https:\/\/21panorama.com\/#website\"},\"primaryImageOfPage\":{\"@id\":\"https:\/\/21panorama.com\/index.php\/2019\/08\/18\/impulsa-la-60-legislatura-leyes-de-autentica-representacion-social-violeta-nova-gomez\/#primaryimage\"},\"image\":{\"@id\":\"https:\/\/21panorama.com\/index.php\/2019\/08\/18\/impulsa-la-60-legislatura-leyes-de-autentica-representacion-social-violeta-nova-gomez\/#primaryimage\"},\"thumbnailUrl\":\"https:\/\/21panorama.com\/wp-content\/uploads\/2019\/08\/1077a.jpg\",\"datePublished\":\"2019-08-19T02:16:06+00:00\",\"dateModified\":\"2019-08-19T02:16:07+00:00\",\"breadcrumb\":{\"@id\":\"https:\/\/21panorama.com\/index.php\/2019\/08\/18\/impulsa-la-60-legislatura-leyes-de-autentica-representacion-social-violeta-nova-gomez\/#breadcrumb\"},\"inLanguage\":\"es\",\"potentialAction\":[{\"@type\":\"ReadAction\",\"target\":[\"https:\/\/21panorama.com\/index.php\/2019\/08\/18\/impulsa-la-60-legislatura-leyes-de-autentica-representacion-social-violeta-nova-gomez\/\"]}]},{\"@type\":\"ImageObject\",\"inLanguage\":\"es\",\"@id\":\"https:\/\/21panorama.com\/index.php\/2019\/08\/18\/impulsa-la-60-legislatura-leyes-de-autentica-representacion-social-violeta-nova-gomez\/#primaryimage\",\"url\":\"https:\/\/21panorama.com\/wp-content\/uploads\/2019\/08\/1077a.jpg\",\"contentUrl\":\"https:\/\/21panorama.com\/wp-content\/uploads\/2019\/08\/1077a.jpg\",\"width\":850,\"height\":567},{\"@type\":\"BreadcrumbList\",\"@id\":\"https:\/\/21panorama.com\/index.php\/2019\/08\/18\/impulsa-la-60-legislatura-leyes-de-autentica-representacion-social-violeta-nova-gomez\/#breadcrumb\",\"itemListElement\":[{\"@type\":\"ListItem\",\"position\":1,\"name\":\"Inicio\",\"item\":\"https:\/\/21panorama.com\/\"},{\"@type\":\"ListItem\",\"position\":2,\"name\":\"IMPULSA LA 60 LEGISLATURA LEYES DE AUT\u00c9NTICA REPRESENTACI\u00d3N SOCIAL: VIOLETA NOVA G\u00d3MEZ\"}]},{\"@type\":\"WebSite\",\"@id\":\"https:\/\/21panorama.com\/#website\",\"url\":\"https:\/\/21panorama.com\/\",\"name\":\"21 Panorama\",\"description\":\"La construcci\u00f3n de la opini\u00f3n p\u00fablica merece un mejor Panorama en este siglo 21 para alcanzar una sociedad con mayor transparencia y sin corrupci\u00f3n.\",\"publisher\":{\"@id\":\"https:\/\/21panorama.com\/#organization\"},\"potentialAction\":[{\"@type\":\"SearchAction\",\"target\":{\"@type\":\"EntryPoint\",\"urlTemplate\":\"https:\/\/21panorama.com\/?s={search_term_string}\"},\"query-input\":{\"@type\":\"PropertyValueSpecification\",\"valueRequired\":true,\"valueName\":\"search_term_string\"}}],\"inLanguage\":\"es\"},{\"@type\":\"Organization\",\"@id\":\"https:\/\/21panorama.com\/#organization\",\"name\":\"21 Panorama\",\"url\":\"https:\/\/21panorama.com\/\",\"logo\":{\"@type\":\"ImageObject\",\"inLanguage\":\"es\",\"@id\":\"https:\/\/21panorama.com\/#\/schema\/logo\/image\/\",\"url\":\"https:\/\/21panorama.com\/wp-content\/uploads\/2019\/07\/cropped-Logo-Panorama-01.jpeg\",\"contentUrl\":\"https:\/\/21panorama.com\/wp-content\/uploads\/2019\/07\/cropped-Logo-Panorama-01.jpeg\",\"width\":290,\"height\":70,\"caption\":\"21 Panorama\"},\"image\":{\"@id\":\"https:\/\/21panorama.com\/#\/schema\/logo\/image\/\"}},{\"@type\":\"Person\",\"@id\":\"https:\/\/21panorama.com\/#\/schema\/person\/1afc291b96d5792a158768324287319f\",\"name\":\"admin\",\"image\":{\"@type\":\"ImageObject\",\"inLanguage\":\"es\",\"@id\":\"https:\/\/21panorama.com\/#\/schema\/person\/image\/\",\"url\":\"https:\/\/secure.gravatar.com\/avatar\/ad365d9d9f46719215b0d042cc3df92a5a8683e09ef13d102233e5491985f0f0?s=96&d=mm&r=g\",\"contentUrl\":\"https:\/\/secure.gravatar.com\/avatar\/ad365d9d9f46719215b0d042cc3df92a5a8683e09ef13d102233e5491985f0f0?s=96&d=mm&r=g\",\"caption\":\"admin\"},\"url\":\"https:\/\/21panorama.com\/index.php\/author\/admin\/\"}]}<\/script>\n<!-- \/ Yoast SEO plugin. -->","yoast_head_json":{"title":"IMPULSA LA 60 LEGISLATURA LEYES DE AUT\u00c9NTICA REPRESENTACI\u00d3N SOCIAL: VIOLETA NOVA G\u00d3MEZ - 21 Panorama","robots":{"index":"index","follow":"follow","max-snippet":"max-snippet:-1","max-image-preview":"max-image-preview:large","max-video-preview":"max-video-preview:-1"},"canonical":"https:\/\/21panorama.com\/index.php\/2019\/08\/18\/impulsa-la-60-legislatura-leyes-de-autentica-representacion-social-violeta-nova-gomez\/","og_locale":"es_MX","og_type":"article","og_title":"IMPULSA LA 60 LEGISLATURA LEYES DE AUT\u00c9NTICA REPRESENTACI\u00d3N SOCIAL: VIOLETA NOVA G\u00d3MEZ - 21 Panorama","og_description":"La diputada Violeta Nova G\u00f3mez, presidenta de la Directiva del Tercer Periodo Ordinario de Sesiones, sostuvo que para contribuir a la Cuarta Transformaci\u00f3n de la vida p\u00fablica del pa\u00eds es responsabilidad de los legisladores impulsar leyes de aut\u00e9ntica representaci\u00f3n, cercanas, directas y transparentes, por lo que la 60 Legislatura \u00fanicamente se justificar\u00e1 por sus resultados, su car\u00e1cter representativo, su eficacia, por el papel que desempe\u00f1a y, sobre todo, por su identificaci\u00f3n con el pueblo. Al declarar la clausura del periodo, la legisladora de morena subray\u00f3 que el pa\u00eds y el&hellip;","og_url":"https:\/\/21panorama.com\/index.php\/2019\/08\/18\/impulsa-la-60-legislatura-leyes-de-autentica-representacion-social-violeta-nova-gomez\/","og_site_name":"21 Panorama","article_published_time":"2019-08-19T02:16:06+00:00","article_modified_time":"2019-08-19T02:16:07+00:00","og_image":[{"width":850,"height":567,"url":"https:\/\/21panorama.com\/wp-content\/uploads\/2019\/08\/1077a.jpg","type":"image\/jpeg"}],"author":"admin","twitter_card":"summary_large_image","twitter_misc":{"Escrito por":"admin","Tiempo de lectura":"5 minutos"},"schema":{"@context":"https:\/\/schema.org","@graph":[{"@type":"Article","@id":"https:\/\/21panorama.com\/index.php\/2019\/08\/18\/impulsa-la-60-legislatura-leyes-de-autentica-representacion-social-violeta-nova-gomez\/#article","isPartOf":{"@id":"https:\/\/21panorama.com\/index.php\/2019\/08\/18\/impulsa-la-60-legislatura-leyes-de-autentica-representacion-social-violeta-nova-gomez\/"},"author":{"name":"admin","@id":"https:\/\/21panorama.com\/#\/schema\/person\/1afc291b96d5792a158768324287319f"},"headline":"IMPULSA LA 60 LEGISLATURA LEYES DE AUT\u00c9NTICA REPRESENTACI\u00d3N SOCIAL: VIOLETA NOVA G\u00d3MEZ","datePublished":"2019-08-19T02:16:06+00:00","dateModified":"2019-08-19T02:16:07+00:00","mainEntityOfPage":{"@id":"https:\/\/21panorama.com\/index.php\/2019\/08\/18\/impulsa-la-60-legislatura-leyes-de-autentica-representacion-social-violeta-nova-gomez\/"},"wordCount":1002,"commentCount":0,"publisher":{"@id":"https:\/\/21panorama.com\/#organization"},"image":{"@id":"https:\/\/21panorama.com\/index.php\/2019\/08\/18\/impulsa-la-60-legislatura-leyes-de-autentica-representacion-social-violeta-nova-gomez\/#primaryimage"},"thumbnailUrl":"https:\/\/21panorama.com\/wp-content\/uploads\/2019\/08\/1077a.jpg","articleSection":["Politica","Sociedad"],"inLanguage":"es","potentialAction":[{"@type":"CommentAction","name":"Comment","target":["https:\/\/21panorama.com\/index.php\/2019\/08\/18\/impulsa-la-60-legislatura-leyes-de-autentica-representacion-social-violeta-nova-gomez\/#respond"]}]},{"@type":"WebPage","@id":"https:\/\/21panorama.com\/index.php\/2019\/08\/18\/impulsa-la-60-legislatura-leyes-de-autentica-representacion-social-violeta-nova-gomez\/","url":"https:\/\/21panorama.com\/index.php\/2019\/08\/18\/impulsa-la-60-legislatura-leyes-de-autentica-representacion-social-violeta-nova-gomez\/","name":"IMPULSA LA 60 LEGISLATURA LEYES DE AUT\u00c9NTICA REPRESENTACI\u00d3N SOCIAL: VIOLETA NOVA G\u00d3MEZ - 21 Panorama","isPartOf":{"@id":"https:\/\/21panorama.com\/#website"},"primaryImageOfPage":{"@id":"https:\/\/21panorama.com\/index.php\/2019\/08\/18\/impulsa-la-60-legislatura-leyes-de-autentica-representacion-social-violeta-nova-gomez\/#primaryimage"},"image":{"@id":"https:\/\/21panorama.com\/index.php\/2019\/08\/18\/impulsa-la-60-legislatura-leyes-de-autentica-representacion-social-violeta-nova-gomez\/#primaryimage"},"thumbnailUrl":"https:\/\/21panorama.com\/wp-content\/uploads\/2019\/08\/1077a.jpg","datePublished":"2019-08-19T02:16:06+00:00","dateModified":"2019-08-19T02:16:07+00:00","breadcrumb":{"@id":"https:\/\/21panorama.com\/index.php\/2019\/08\/18\/impulsa-la-60-legislatura-leyes-de-autentica-representacion-social-violeta-nova-gomez\/#breadcrumb"},"inLanguage":"es","potentialAction":[{"@type":"ReadAction","target":["https:\/\/21panorama.com\/index.php\/2019\/08\/18\/impulsa-la-60-legislatura-leyes-de-autentica-representacion-social-violeta-nova-gomez\/"]}]},{"@type":"ImageObject","inLanguage":"es","@id":"https:\/\/21panorama.com\/index.php\/2019\/08\/18\/impulsa-la-60-legislatura-leyes-de-autentica-representacion-social-violeta-nova-gomez\/#primaryimage","url":"https:\/\/21panorama.com\/wp-content\/uploads\/2019\/08\/1077a.jpg","contentUrl":"https:\/\/21panorama.com\/wp-content\/uploads\/2019\/08\/1077a.jpg","width":850,"height":567},{"@type":"BreadcrumbList","@id":"https:\/\/21panorama.com\/index.php\/2019\/08\/18\/impulsa-la-60-legislatura-leyes-de-autentica-representacion-social-violeta-nova-gomez\/#breadcrumb","itemListElement":[{"@type":"ListItem","position":1,"name":"Inicio","item":"https:\/\/21panorama.com\/"},{"@type":"ListItem","position":2,"name":"IMPULSA LA 60 LEGISLATURA LEYES DE AUT\u00c9NTICA REPRESENTACI\u00d3N SOCIAL: VIOLETA NOVA G\u00d3MEZ"}]},{"@type":"WebSite","@id":"https:\/\/21panorama.com\/#website","url":"https:\/\/21panorama.com\/","name":"21 Panorama","description":"La construcci\u00f3n de la opini\u00f3n p\u00fablica merece un mejor Panorama en este siglo 21 para alcanzar una sociedad con mayor transparencia y sin corrupci\u00f3n.","publisher":{"@id":"https:\/\/21panorama.com\/#organization"},"potentialAction":[{"@type":"SearchAction","target":{"@type":"EntryPoint","urlTemplate":"https:\/\/21panorama.com\/?s={search_term_string}"},"query-input":{"@type":"PropertyValueSpecification","valueRequired":true,"valueName":"search_term_string"}}],"inLanguage":"es"},{"@type":"Organization","@id":"https:\/\/21panorama.com\/#organization","name":"21 Panorama","url":"https:\/\/21panorama.com\/","logo":{"@type":"ImageObject","inLanguage":"es","@id":"https:\/\/21panorama.com\/#\/schema\/logo\/image\/","url":"https:\/\/21panorama.com\/wp-content\/uploads\/2019\/07\/cropped-Logo-Panorama-01.jpeg","contentUrl":"https:\/\/21panorama.com\/wp-content\/uploads\/2019\/07\/cropped-Logo-Panorama-01.jpeg","width":290,"height":70,"caption":"21 Panorama"},"image":{"@id":"https:\/\/21panorama.com\/#\/schema\/logo\/image\/"}},{"@type":"Person","@id":"https:\/\/21panorama.com\/#\/schema\/person\/1afc291b96d5792a158768324287319f","name":"admin","image":{"@type":"ImageObject","inLanguage":"es","@id":"https:\/\/21panorama.com\/#\/schema\/person\/image\/","url":"https:\/\/secure.gravatar.com\/avatar\/ad365d9d9f46719215b0d042cc3df92a5a8683e09ef13d102233e5491985f0f0?s=96&d=mm&r=g","contentUrl":"https:\/\/secure.gravatar.com\/avatar\/ad365d9d9f46719215b0d042cc3df92a5a8683e09ef13d102233e5491985f0f0?s=96&d=mm&r=g","caption":"admin"},"url":"https:\/\/21panorama.com\/index.php\/author\/admin\/"}]}},"_links":{"self":[{"href":"https:\/\/21panorama.com\/index.php\/wp-json\/wp\/v2\/posts\/256","targetHints":{"allow":["GET"]}}],"collection":[{"href":"https:\/\/21panorama.com\/index.php\/wp-json\/wp\/v2\/posts"}],"about":[{"href":"https:\/\/21panorama.com\/index.php\/wp-json\/wp\/v2\/types\/post"}],"author":[{"embeddable":true,"href":"https:\/\/21panorama.com\/index.php\/wp-json\/wp\/v2\/users\/1"}],"replies":[{"embeddable":true,"href":"https:\/\/21panorama.com\/index.php\/wp-json\/wp\/v2\/comments?post=256"}],"version-history":[{"count":1,"href":"https:\/\/21panorama.com\/index.php\/wp-json\/wp\/v2\/posts\/256\/revisions"}],"predecessor-version":[{"id":258,"href":"https:\/\/21panorama.com\/index.php\/wp-json\/wp\/v2\/posts\/256\/revisions\/258"}],"wp:featuredmedia":[{"embeddable":true,"href":"https:\/\/21panorama.com\/index.php\/wp-json\/wp\/v2\/media\/257"}],"wp:attachment":[{"href":"https:\/\/21panorama.com\/index.php\/wp-json\/wp\/v2\/media?parent=256"}],"wp:term":[{"taxonomy":"category","embeddable":true,"href":"https:\/\/21panorama.com\/index.php\/wp-json\/wp\/v2\/categories?post=256"},{"taxonomy":"post_tag","embeddable":true,"href":"https:\/\/21panorama.com\/index.php\/wp-json\/wp\/v2\/tags?post=256"}],"curies":[{"name":"wp","href":"https:\/\/api.w.org\/{rel}","templated":true}]}}