{"id":2556,"date":"2021-12-05T12:10:55","date_gmt":"2021-12-05T18:10:55","guid":{"rendered":"https:\/\/21panorama.com\/?p=2556"},"modified":"2021-12-05T12:10:56","modified_gmt":"2021-12-05T18:10:56","slug":"el-oro-salio-adelante-a-pesar-de-las-adversidades-barranco","status":"publish","type":"post","link":"https:\/\/21panorama.com\/index.php\/2021\/12\/05\/el-oro-salio-adelante-a-pesar-de-las-adversidades-barranco\/","title":{"rendered":"EL ORO SALI\u00d3 ADELANTE A PESAR DE LAS ADVERSIDADES: BARRANCO"},"content":{"rendered":"\n<p>Ha sido un alto honor servir a mi municipio El Oro y que a pesar de la emergencia sanitaria, su gente tuvo la determinaci\u00f3n y responsabilidad de salir adelante en materia de obras para las comunidades, servicios tur\u00edsticos, deporte, entre otros logros alcanzados.<\/p>\n\n\n\n<p>Al realizar su Tercer informe de Gobierno y acompa\u00f1ado del Secretario General de Gobierno Ernesto Nemer \u00c1lvarez, el alcalde Marco Antonio Barranco S\u00e1nchez dijo ser indispensable continuar promoviendo el turismo en nuestro Pueblo M\u00e1gico para que siga siendo un tesoro mexiquense.<\/p>\n\n\n\n<p>\u201cGarantizamos continuar como un municipio seguro con la entrega del Centro de Comando y Control para el monitoreo de las 60 c\u00e1maras de video vigilancia ubicadas en zonas estrat\u00e9gicas de la Cabecera Municipal\u201d, dijo.<br>&nbsp;<br>En cumplimiento a la rendici\u00f3n de cuentas como deber constitucional y obligaci\u00f3n moral, dio a conocer que cada una de las obras de las 52 comunidades &nbsp;fueron platicadas y consensadas con los vecinos, pues creo firmemente que quien no escucha la voz del pueblo carece enormemente de sensibilidad para tomar las mejores decisiones en beneficio de pobladores necesitados de dialogar con sus autoridades, pues ah\u00ed se encuentra el deber que nos corresponde atender.<\/p>\n\n\n\n<p>Al dar cuenta del trabajo realizado en estos tres a\u00f1os de gobierno municipal, dijo que los logros no son s\u00f3lo de su servidor, son el resultado del trabajo de todas y todos los aurenses. Se\u00f1al\u00f3 que desde el Sistema DIF trabajamos con \u00e1nimo de siempre ayudar a las familias aurenses, mi esposa, siempre preocupada y ocupada por los m\u00e1s vulnerables, entreg\u00f3 aparatos funcionales con el apoyo del Gobierno del Estado de M\u00e9xico y organizaciones civiles.<\/p>\n\n\n\n<p>Se puso en marcha la farmacia \u201cFamilias que brillan\u201d &nbsp;con la finalidad de conseguir medicamento de buena calidad y a precios m\u00e1s bajos.<br>Se condon\u00f3 &nbsp;en un 80% el costo de tr\u00e1mites jur\u00eddicos, terapias f\u00edsicas y psicol\u00f3gicas, tambi\u00e9n la cuota mensual de la Estancia Infantil y Preescolar durante la pandemia con la finalidad de ayudar a la econom\u00eda familiar, ya que es de todos sabido que por esta emergencia sanitaria todos hemos pasado momentos dif\u00edciles.<\/p>\n\n\n\n<p>La mayor exigencia de la poblaci\u00f3n fue la distribuci\u00f3n del l\u00edquido vital, \u201cme llena de orgullo el haber sido parte de esta inversi\u00f3n hist\u00f3rica de la CAEM en nuestro municipio aplicada en perforaciones, equipamientos electromec\u00e1nicos y l\u00edneas de conducci\u00f3n de pozos profundos, construcci\u00f3n de sistemas de alcantarillado y sistemas de agua potable, proyectos ejecutivos y la construcci\u00f3n del embovedamiento del R\u00edo San Juan\u201d, manifest\u00f3.<\/p>\n\n\n\n<figure class=\"wp-block-gallery columns-2 is-cropped wp-block-gallery-1 is-layout-flex wp-block-gallery-is-layout-flex\"><ul class=\"blocks-gallery-grid\"><li class=\"blocks-gallery-item\"><figure><img decoding=\"async\" width=\"1024\" height=\"683\" src=\"https:\/\/21panorama.com\/wp-content\/uploads\/2021\/12\/5d411a8d-62b6-495d-8e30-b0499acae341.jpeg\" alt=\"\" data-id=\"2558\" data-link=\"https:\/\/21panorama.com\/?attachment_id=2558\" class=\"wp-image-2558\" srcset=\"https:\/\/21panorama.com\/wp-content\/uploads\/2021\/12\/5d411a8d-62b6-495d-8e30-b0499acae341.jpeg 1024w, https:\/\/21panorama.com\/wp-content\/uploads\/2021\/12\/5d411a8d-62b6-495d-8e30-b0499acae341-300x200.jpeg 300w, https:\/\/21panorama.com\/wp-content\/uploads\/2021\/12\/5d411a8d-62b6-495d-8e30-b0499acae341-768x512.jpeg 768w\" sizes=\"(max-width: 1024px) 100vw, 1024px\" \/><\/figure><\/li><li class=\"blocks-gallery-item\"><figure><img decoding=\"async\" width=\"942\" height=\"554\" src=\"https:\/\/21panorama.com\/wp-content\/uploads\/2021\/12\/aeb5647e-0e4f-494a-af2d-c4df62bf1757.jpeg\" alt=\"\" data-id=\"2559\" data-full-url=\"https:\/\/21panorama.com\/wp-content\/uploads\/2021\/12\/aeb5647e-0e4f-494a-af2d-c4df62bf1757.jpeg\" data-link=\"https:\/\/21panorama.com\/?attachment_id=2559\" class=\"wp-image-2559\" srcset=\"https:\/\/21panorama.com\/wp-content\/uploads\/2021\/12\/aeb5647e-0e4f-494a-af2d-c4df62bf1757.jpeg 942w, https:\/\/21panorama.com\/wp-content\/uploads\/2021\/12\/aeb5647e-0e4f-494a-af2d-c4df62bf1757-300x176.jpeg 300w, https:\/\/21panorama.com\/wp-content\/uploads\/2021\/12\/aeb5647e-0e4f-494a-af2d-c4df62bf1757-768x452.jpeg 768w\" sizes=\"(max-width: 942px) 100vw, 942px\" \/><\/figure><\/li><\/ul><\/figure>\n","protected":false},"excerpt":{"rendered":"<p>El Presidente Municipal Marco Barranco enumer\u00f3 los resultados en su tercer informe de gobierno. <\/p>\n","protected":false},"author":1,"featured_media":2557,"comment_status":"open","ping_status":"open","sticky":false,"template":"","format":"standard","meta":{"footnotes":""},"categories":[1],"tags":[89],"class_list":["post-2556","post","type-post","status-publish","format-standard","has-post-thumbnail","hentry","category-sociedad","tag-eloro"],"yoast_head":"<!-- This site is optimized with the Yoast SEO plugin v24.9 - https:\/\/yoast.com\/wordpress\/plugins\/seo\/ -->\n<title>EL ORO SALI\u00d3 ADELANTE A PESAR DE LAS ADVERSIDADES: BARRANCO - 21 Panorama<\/title>\n<meta name=\"robots\" content=\"index, follow, max-snippet:-1, max-image-preview:large, max-video-preview:-1\" \/>\n<link rel=\"canonical\" href=\"https:\/\/21panorama.com\/index.php\/2021\/12\/05\/el-oro-salio-adelante-a-pesar-de-las-adversidades-barranco\/\" \/>\n<meta property=\"og:locale\" content=\"es_MX\" \/>\n<meta property=\"og:type\" content=\"article\" \/>\n<meta property=\"og:title\" content=\"EL ORO SALI\u00d3 ADELANTE A PESAR DE LAS ADVERSIDADES: BARRANCO - 21 Panorama\" \/>\n<meta property=\"og:description\" content=\"El Presidente Municipal Marco Barranco enumer\u00f3 los resultados en su tercer informe de gobierno.\" \/>\n<meta property=\"og:url\" content=\"https:\/\/21panorama.com\/index.php\/2021\/12\/05\/el-oro-salio-adelante-a-pesar-de-las-adversidades-barranco\/\" \/>\n<meta property=\"og:site_name\" content=\"21 Panorama\" \/>\n<meta property=\"article:published_time\" content=\"2021-12-05T18:10:55+00:00\" \/>\n<meta property=\"article:modified_time\" content=\"2021-12-05T18:10:56+00:00\" \/>\n<meta property=\"og:image\" content=\"https:\/\/21panorama.com\/wp-content\/uploads\/2021\/12\/148e604e-2305-4725-8769-1f74f42debf4.jpeg\" \/>\n\t<meta property=\"og:image:width\" content=\"1600\" \/>\n\t<meta property=\"og:image:height\" content=\"1066\" \/>\n\t<meta property=\"og:image:type\" content=\"image\/jpeg\" \/>\n<meta name=\"author\" content=\"admin\" \/>\n<meta name=\"twitter:card\" content=\"summary_large_image\" \/>\n<meta name=\"twitter:label1\" content=\"Escrito por\" \/>\n\t<meta name=\"twitter:data1\" content=\"admin\" \/>\n\t<meta name=\"twitter:label2\" content=\"Tiempo de lectura\" \/>\n\t<meta name=\"twitter:data2\" content=\"3 minutos\" \/>\n<script type=\"application\/ld+json\" class=\"yoast-schema-graph\">{\"@context\":\"https:\/\/schema.org\",\"@graph\":[{\"@type\":\"Article\",\"@id\":\"https:\/\/21panorama.com\/index.php\/2021\/12\/05\/el-oro-salio-adelante-a-pesar-de-las-adversidades-barranco\/#article\",\"isPartOf\":{\"@id\":\"https:\/\/21panorama.com\/index.php\/2021\/12\/05\/el-oro-salio-adelante-a-pesar-de-las-adversidades-barranco\/\"},\"author\":{\"name\":\"admin\",\"@id\":\"https:\/\/21panorama.com\/#\/schema\/person\/1afc291b96d5792a158768324287319f\"},\"headline\":\"EL ORO SALI\u00d3 ADELANTE A PESAR DE LAS ADVERSIDADES: BARRANCO\",\"datePublished\":\"2021-12-05T18:10:55+00:00\",\"dateModified\":\"2021-12-05T18:10:56+00:00\",\"mainEntityOfPage\":{\"@id\":\"https:\/\/21panorama.com\/index.php\/2021\/12\/05\/el-oro-salio-adelante-a-pesar-de-las-adversidades-barranco\/\"},\"wordCount\":449,\"commentCount\":0,\"publisher\":{\"@id\":\"https:\/\/21panorama.com\/#organization\"},\"image\":{\"@id\":\"https:\/\/21panorama.com\/index.php\/2021\/12\/05\/el-oro-salio-adelante-a-pesar-de-las-adversidades-barranco\/#primaryimage\"},\"thumbnailUrl\":\"https:\/\/21panorama.com\/wp-content\/uploads\/2021\/12\/148e604e-2305-4725-8769-1f74f42debf4.jpeg\",\"keywords\":[\"ElOro\"],\"articleSection\":[\"Sociedad\"],\"inLanguage\":\"es\",\"potentialAction\":[{\"@type\":\"CommentAction\",\"name\":\"Comment\",\"target\":[\"https:\/\/21panorama.com\/index.php\/2021\/12\/05\/el-oro-salio-adelante-a-pesar-de-las-adversidades-barranco\/#respond\"]}]},{\"@type\":\"WebPage\",\"@id\":\"https:\/\/21panorama.com\/index.php\/2021\/12\/05\/el-oro-salio-adelante-a-pesar-de-las-adversidades-barranco\/\",\"url\":\"https:\/\/21panorama.com\/index.php\/2021\/12\/05\/el-oro-salio-adelante-a-pesar-de-las-adversidades-barranco\/\",\"name\":\"EL ORO SALI\u00d3 ADELANTE A PESAR DE LAS ADVERSIDADES: BARRANCO - 21 Panorama\",\"isPartOf\":{\"@id\":\"https:\/\/21panorama.com\/#website\"},\"primaryImageOfPage\":{\"@id\":\"https:\/\/21panorama.com\/index.php\/2021\/12\/05\/el-oro-salio-adelante-a-pesar-de-las-adversidades-barranco\/#primaryimage\"},\"image\":{\"@id\":\"https:\/\/21panorama.com\/index.php\/2021\/12\/05\/el-oro-salio-adelante-a-pesar-de-las-adversidades-barranco\/#primaryimage\"},\"thumbnailUrl\":\"https:\/\/21panorama.com\/wp-content\/uploads\/2021\/12\/148e604e-2305-4725-8769-1f74f42debf4.jpeg\",\"datePublished\":\"2021-12-05T18:10:55+00:00\",\"dateModified\":\"2021-12-05T18:10:56+00:00\",\"breadcrumb\":{\"@id\":\"https:\/\/21panorama.com\/index.php\/2021\/12\/05\/el-oro-salio-adelante-a-pesar-de-las-adversidades-barranco\/#breadcrumb\"},\"inLanguage\":\"es\",\"potentialAction\":[{\"@type\":\"ReadAction\",\"target\":[\"https:\/\/21panorama.com\/index.php\/2021\/12\/05\/el-oro-salio-adelante-a-pesar-de-las-adversidades-barranco\/\"]}]},{\"@type\":\"ImageObject\",\"inLanguage\":\"es\",\"@id\":\"https:\/\/21panorama.com\/index.php\/2021\/12\/05\/el-oro-salio-adelante-a-pesar-de-las-adversidades-barranco\/#primaryimage\",\"url\":\"https:\/\/21panorama.com\/wp-content\/uploads\/2021\/12\/148e604e-2305-4725-8769-1f74f42debf4.jpeg\",\"contentUrl\":\"https:\/\/21panorama.com\/wp-content\/uploads\/2021\/12\/148e604e-2305-4725-8769-1f74f42debf4.jpeg\",\"width\":1600,\"height\":1066},{\"@type\":\"BreadcrumbList\",\"@id\":\"https:\/\/21panorama.com\/index.php\/2021\/12\/05\/el-oro-salio-adelante-a-pesar-de-las-adversidades-barranco\/#breadcrumb\",\"itemListElement\":[{\"@type\":\"ListItem\",\"position\":1,\"name\":\"Inicio\",\"item\":\"https:\/\/21panorama.com\/\"},{\"@type\":\"ListItem\",\"position\":2,\"name\":\"EL ORO SALI\u00d3 ADELANTE A PESAR DE LAS ADVERSIDADES: BARRANCO\"}]},{\"@type\":\"WebSite\",\"@id\":\"https:\/\/21panorama.com\/#website\",\"url\":\"https:\/\/21panorama.com\/\",\"name\":\"21 Panorama\",\"description\":\"La construcci\u00f3n de la opini\u00f3n p\u00fablica merece un mejor Panorama en este siglo 21 para alcanzar una sociedad con mayor transparencia y sin corrupci\u00f3n.\",\"publisher\":{\"@id\":\"https:\/\/21panorama.com\/#organization\"},\"potentialAction\":[{\"@type\":\"SearchAction\",\"target\":{\"@type\":\"EntryPoint\",\"urlTemplate\":\"https:\/\/21panorama.com\/?s={search_term_string}\"},\"query-input\":{\"@type\":\"PropertyValueSpecification\",\"valueRequired\":true,\"valueName\":\"search_term_string\"}}],\"inLanguage\":\"es\"},{\"@type\":\"Organization\",\"@id\":\"https:\/\/21panorama.com\/#organization\",\"name\":\"21 Panorama\",\"url\":\"https:\/\/21panorama.com\/\",\"logo\":{\"@type\":\"ImageObject\",\"inLanguage\":\"es\",\"@id\":\"https:\/\/21panorama.com\/#\/schema\/logo\/image\/\",\"url\":\"https:\/\/21panorama.com\/wp-content\/uploads\/2019\/07\/cropped-Logo-Panorama-01.jpeg\",\"contentUrl\":\"https:\/\/21panorama.com\/wp-content\/uploads\/2019\/07\/cropped-Logo-Panorama-01.jpeg\",\"width\":290,\"height\":70,\"caption\":\"21 Panorama\"},\"image\":{\"@id\":\"https:\/\/21panorama.com\/#\/schema\/logo\/image\/\"}},{\"@type\":\"Person\",\"@id\":\"https:\/\/21panorama.com\/#\/schema\/person\/1afc291b96d5792a158768324287319f\",\"name\":\"admin\",\"image\":{\"@type\":\"ImageObject\",\"inLanguage\":\"es\",\"@id\":\"https:\/\/21panorama.com\/#\/schema\/person\/image\/\",\"url\":\"https:\/\/secure.gravatar.com\/avatar\/ad365d9d9f46719215b0d042cc3df92a5a8683e09ef13d102233e5491985f0f0?s=96&d=mm&r=g\",\"contentUrl\":\"https:\/\/secure.gravatar.com\/avatar\/ad365d9d9f46719215b0d042cc3df92a5a8683e09ef13d102233e5491985f0f0?s=96&d=mm&r=g\",\"caption\":\"admin\"},\"url\":\"https:\/\/21panorama.com\/index.php\/author\/admin\/\"}]}<\/script>\n<!-- \/ Yoast SEO plugin. -->","yoast_head_json":{"title":"EL ORO SALI\u00d3 ADELANTE A PESAR DE LAS ADVERSIDADES: BARRANCO - 21 Panorama","robots":{"index":"index","follow":"follow","max-snippet":"max-snippet:-1","max-image-preview":"max-image-preview:large","max-video-preview":"max-video-preview:-1"},"canonical":"https:\/\/21panorama.com\/index.php\/2021\/12\/05\/el-oro-salio-adelante-a-pesar-de-las-adversidades-barranco\/","og_locale":"es_MX","og_type":"article","og_title":"EL ORO SALI\u00d3 ADELANTE A PESAR DE LAS ADVERSIDADES: BARRANCO - 21 Panorama","og_description":"El Presidente Municipal Marco Barranco enumer\u00f3 los resultados en su tercer informe de gobierno.","og_url":"https:\/\/21panorama.com\/index.php\/2021\/12\/05\/el-oro-salio-adelante-a-pesar-de-las-adversidades-barranco\/","og_site_name":"21 Panorama","article_published_time":"2021-12-05T18:10:55+00:00","article_modified_time":"2021-12-05T18:10:56+00:00","og_image":[{"width":1600,"height":1066,"url":"https:\/\/21panorama.com\/wp-content\/uploads\/2021\/12\/148e604e-2305-4725-8769-1f74f42debf4.jpeg","type":"image\/jpeg"}],"author":"admin","twitter_card":"summary_large_image","twitter_misc":{"Escrito por":"admin","Tiempo de lectura":"3 minutos"},"schema":{"@context":"https:\/\/schema.org","@graph":[{"@type":"Article","@id":"https:\/\/21panorama.com\/index.php\/2021\/12\/05\/el-oro-salio-adelante-a-pesar-de-las-adversidades-barranco\/#article","isPartOf":{"@id":"https:\/\/21panorama.com\/index.php\/2021\/12\/05\/el-oro-salio-adelante-a-pesar-de-las-adversidades-barranco\/"},"author":{"name":"admin","@id":"https:\/\/21panorama.com\/#\/schema\/person\/1afc291b96d5792a158768324287319f"},"headline":"EL ORO SALI\u00d3 ADELANTE A PESAR DE LAS ADVERSIDADES: BARRANCO","datePublished":"2021-12-05T18:10:55+00:00","dateModified":"2021-12-05T18:10:56+00:00","mainEntityOfPage":{"@id":"https:\/\/21panorama.com\/index.php\/2021\/12\/05\/el-oro-salio-adelante-a-pesar-de-las-adversidades-barranco\/"},"wordCount":449,"commentCount":0,"publisher":{"@id":"https:\/\/21panorama.com\/#organization"},"image":{"@id":"https:\/\/21panorama.com\/index.php\/2021\/12\/05\/el-oro-salio-adelante-a-pesar-de-las-adversidades-barranco\/#primaryimage"},"thumbnailUrl":"https:\/\/21panorama.com\/wp-content\/uploads\/2021\/12\/148e604e-2305-4725-8769-1f74f42debf4.jpeg","keywords":["ElOro"],"articleSection":["Sociedad"],"inLanguage":"es","potentialAction":[{"@type":"CommentAction","name":"Comment","target":["https:\/\/21panorama.com\/index.php\/2021\/12\/05\/el-oro-salio-adelante-a-pesar-de-las-adversidades-barranco\/#respond"]}]},{"@type":"WebPage","@id":"https:\/\/21panorama.com\/index.php\/2021\/12\/05\/el-oro-salio-adelante-a-pesar-de-las-adversidades-barranco\/","url":"https:\/\/21panorama.com\/index.php\/2021\/12\/05\/el-oro-salio-adelante-a-pesar-de-las-adversidades-barranco\/","name":"EL ORO SALI\u00d3 ADELANTE A PESAR DE LAS ADVERSIDADES: BARRANCO - 21 Panorama","isPartOf":{"@id":"https:\/\/21panorama.com\/#website"},"primaryImageOfPage":{"@id":"https:\/\/21panorama.com\/index.php\/2021\/12\/05\/el-oro-salio-adelante-a-pesar-de-las-adversidades-barranco\/#primaryimage"},"image":{"@id":"https:\/\/21panorama.com\/index.php\/2021\/12\/05\/el-oro-salio-adelante-a-pesar-de-las-adversidades-barranco\/#primaryimage"},"thumbnailUrl":"https:\/\/21panorama.com\/wp-content\/uploads\/2021\/12\/148e604e-2305-4725-8769-1f74f42debf4.jpeg","datePublished":"2021-12-05T18:10:55+00:00","dateModified":"2021-12-05T18:10:56+00:00","breadcrumb":{"@id":"https:\/\/21panorama.com\/index.php\/2021\/12\/05\/el-oro-salio-adelante-a-pesar-de-las-adversidades-barranco\/#breadcrumb"},"inLanguage":"es","potentialAction":[{"@type":"ReadAction","target":["https:\/\/21panorama.com\/index.php\/2021\/12\/05\/el-oro-salio-adelante-a-pesar-de-las-adversidades-barranco\/"]}]},{"@type":"ImageObject","inLanguage":"es","@id":"https:\/\/21panorama.com\/index.php\/2021\/12\/05\/el-oro-salio-adelante-a-pesar-de-las-adversidades-barranco\/#primaryimage","url":"https:\/\/21panorama.com\/wp-content\/uploads\/2021\/12\/148e604e-2305-4725-8769-1f74f42debf4.jpeg","contentUrl":"https:\/\/21panorama.com\/wp-content\/uploads\/2021\/12\/148e604e-2305-4725-8769-1f74f42debf4.jpeg","width":1600,"height":1066},{"@type":"BreadcrumbList","@id":"https:\/\/21panorama.com\/index.php\/2021\/12\/05\/el-oro-salio-adelante-a-pesar-de-las-adversidades-barranco\/#breadcrumb","itemListElement":[{"@type":"ListItem","position":1,"name":"Inicio","item":"https:\/\/21panorama.com\/"},{"@type":"ListItem","position":2,"name":"EL ORO SALI\u00d3 ADELANTE A PESAR DE LAS ADVERSIDADES: BARRANCO"}]},{"@type":"WebSite","@id":"https:\/\/21panorama.com\/#website","url":"https:\/\/21panorama.com\/","name":"21 Panorama","description":"La construcci\u00f3n de la opini\u00f3n p\u00fablica merece un mejor Panorama en este siglo 21 para alcanzar una sociedad con mayor transparencia y sin corrupci\u00f3n.","publisher":{"@id":"https:\/\/21panorama.com\/#organization"},"potentialAction":[{"@type":"SearchAction","target":{"@type":"EntryPoint","urlTemplate":"https:\/\/21panorama.com\/?s={search_term_string}"},"query-input":{"@type":"PropertyValueSpecification","valueRequired":true,"valueName":"search_term_string"}}],"inLanguage":"es"},{"@type":"Organization","@id":"https:\/\/21panorama.com\/#organization","name":"21 Panorama","url":"https:\/\/21panorama.com\/","logo":{"@type":"ImageObject","inLanguage":"es","@id":"https:\/\/21panorama.com\/#\/schema\/logo\/image\/","url":"https:\/\/21panorama.com\/wp-content\/uploads\/2019\/07\/cropped-Logo-Panorama-01.jpeg","contentUrl":"https:\/\/21panorama.com\/wp-content\/uploads\/2019\/07\/cropped-Logo-Panorama-01.jpeg","width":290,"height":70,"caption":"21 Panorama"},"image":{"@id":"https:\/\/21panorama.com\/#\/schema\/logo\/image\/"}},{"@type":"Person","@id":"https:\/\/21panorama.com\/#\/schema\/person\/1afc291b96d5792a158768324287319f","name":"admin","image":{"@type":"ImageObject","inLanguage":"es","@id":"https:\/\/21panorama.com\/#\/schema\/person\/image\/","url":"https:\/\/secure.gravatar.com\/avatar\/ad365d9d9f46719215b0d042cc3df92a5a8683e09ef13d102233e5491985f0f0?s=96&d=mm&r=g","contentUrl":"https:\/\/secure.gravatar.com\/avatar\/ad365d9d9f46719215b0d042cc3df92a5a8683e09ef13d102233e5491985f0f0?s=96&d=mm&r=g","caption":"admin"},"url":"https:\/\/21panorama.com\/index.php\/author\/admin\/"}]}},"_links":{"self":[{"href":"https:\/\/21panorama.com\/index.php\/wp-json\/wp\/v2\/posts\/2556","targetHints":{"allow":["GET"]}}],"collection":[{"href":"https:\/\/21panorama.com\/index.php\/wp-json\/wp\/v2\/posts"}],"about":[{"href":"https:\/\/21panorama.com\/index.php\/wp-json\/wp\/v2\/types\/post"}],"author":[{"embeddable":true,"href":"https:\/\/21panorama.com\/index.php\/wp-json\/wp\/v2\/users\/1"}],"replies":[{"embeddable":true,"href":"https:\/\/21panorama.com\/index.php\/wp-json\/wp\/v2\/comments?post=2556"}],"version-history":[{"count":1,"href":"https:\/\/21panorama.com\/index.php\/wp-json\/wp\/v2\/posts\/2556\/revisions"}],"predecessor-version":[{"id":2560,"href":"https:\/\/21panorama.com\/index.php\/wp-json\/wp\/v2\/posts\/2556\/revisions\/2560"}],"wp:featuredmedia":[{"embeddable":true,"href":"https:\/\/21panorama.com\/index.php\/wp-json\/wp\/v2\/media\/2557"}],"wp:attachment":[{"href":"https:\/\/21panorama.com\/index.php\/wp-json\/wp\/v2\/media?parent=2556"}],"wp:term":[{"taxonomy":"category","embeddable":true,"href":"https:\/\/21panorama.com\/index.php\/wp-json\/wp\/v2\/categories?post=2556"},{"taxonomy":"post_tag","embeddable":true,"href":"https:\/\/21panorama.com\/index.php\/wp-json\/wp\/v2\/tags?post=2556"}],"curies":[{"name":"wp","href":"https:\/\/api.w.org\/{rel}","templated":true}]}}