{"id":2547,"date":"2021-12-05T12:02:43","date_gmt":"2021-12-05T18:02:43","guid":{"rendered":"https:\/\/21panorama.com\/?p=2547"},"modified":"2021-12-05T12:02:44","modified_gmt":"2021-12-05T18:02:44","slug":"propuesta-de-presupuesto-responde-a-compromiso-con-mexiquenses-de-destinar-recursos-a-quienes-mas-lo-necesitan-elias-rescala","status":"publish","type":"post","link":"https:\/\/21panorama.com\/index.php\/2021\/12\/05\/propuesta-de-presupuesto-responde-a-compromiso-con-mexiquenses-de-destinar-recursos-a-quienes-mas-lo-necesitan-elias-rescala\/","title":{"rendered":"Propuesta de presupuesto responde a compromiso con mexiquenses de destinar recursos a quienes m\u00e1s lo necesitan: El\u00edas Rescala"},"content":{"rendered":"\n<p>Las y los diputados del PRI respaldamos la iniciativa de presupuesto presentada por el gobernador Alfredo Del Mazo, porque responde al compromiso que asumimos con los mexiquenses para que los recursos lleguen a quienes m\u00e1s lo necesitan, asegur\u00f3 El\u00edas Rescala, Coordinador de los diputados del Revolucionario Institucional en la LXI Legislatura Local.<\/p>\n\n\n\n<p>Al encabezar la inauguraci\u00f3n de la Casa de Atenci\u00f3n Ciudadana del diputado local por el distrito 4, Jaime Cervantes, El\u00edas Rescala sostuvo que lo que distingue a los diputados del PRI, es que trabajan de la mano con las familias mexiquenses. Esa es la \u00fanica forma de escuchar sus necesidades m\u00e1s apremiantes y poder resolverlas, a trav\u00e9s de un presupuesto responsable que les permita tener mejores condiciones de vida.<\/p>\n\n\n\n<p>Por ello, adelant\u00f3, que las y los diputados priistas respaldar\u00e1n la propuesta de presupuesto con argumentos s\u00f3lidos y construyendo acuerdos para lograr que los programas sociales, y el aumento del 10 por ciento al rubro educativo sean una realidad que beneficie a las familias de toda la entidad.<br>Asegur\u00f3 que el proyecto de presupuesto que actualmente analiza la Legislatura mexiquense, contempla el tema educativo, de salud, de infraestructura y mujeres como temas prioritarios, por lo que se consideran inversiones muy importantes.<\/p>\n\n\n\n<p>De cada diez pesos siete van dirigidos al gasto social, se aumenta el presupuesto en salud en poco m\u00e1s de mil millones de pesos, para atender a las familias, adem\u00e1s de que tambi\u00e9n contempla infraestructura vial y de movilidad y la inversi\u00f3n para aumentar las canastas universales y el Salario Rosa, entre otros programas que ayudan directamente a las familias de la entidad.<\/p>\n\n\n\n<p>Al hacer uso de la palabra, la presidenta del CDE del PRI en el Edom\u00e9x y tambi\u00e9n diputada local, Alejandra Del Moral, reconoci\u00f3 que gracias al impulso del coordinador del Grupo Parlamentario del PRI, El\u00edas Rescala, las y los diputados est\u00e1n abriendo espacios de encuentro social, para regresar al territorio y sumarse al trabajo de cercan\u00eda que ha mantenido el gobernador Alfredo Del Mazo.<\/p>\n\n\n\n<p>En su oportunidad, el diputado local, Jaime Cervantes agradeci\u00f3 el respaldo y la confianza ciudadana que permiti\u00f3 que, hoy, las familias del distrito tengan una representaci\u00f3n ante el Congreso Local que defienda y abandere sus principales causas.<\/p>\n\n\n\n<p>Esta Casa de Atenci\u00f3n Ciudadana, coment\u00f3, ser\u00e1 un espacio de puertas abiertas para recibir y escuchar a las familias de todo el distrito para llevar su voz a la C\u00e1mara de diputados, defendiendo en todo momento los logros que se han obtenido trabajando a trav\u00e9s de la cercan\u00eda permanente con la sociedad.<br>A este evento acudieron tambi\u00e9n la diputada Karla Aguilar, as\u00ed como los diputados Alfredo Quiroz, Braulio \u00c1lvarez, Jes\u00fas Moreno, as\u00ed como presidentas y presidentes municipales electos de los municipios que conforman este distrito.<\/p>\n\n\n\n<figure class=\"wp-block-gallery columns-3 is-cropped wp-block-gallery-1 is-layout-flex wp-block-gallery-is-layout-flex\"><ul class=\"blocks-gallery-grid\"><li class=\"blocks-gallery-item\"><figure><img decoding=\"async\" width=\"1024\" height=\"682\" src=\"https:\/\/21panorama.com\/wp-content\/uploads\/2021\/12\/ae28485e-1ed9-463d-b0d5-52876a2b9a91.jpeg\" alt=\"\" data-id=\"2549\" data-link=\"https:\/\/21panorama.com\/?attachment_id=2549\" class=\"wp-image-2549\" srcset=\"https:\/\/21panorama.com\/wp-content\/uploads\/2021\/12\/ae28485e-1ed9-463d-b0d5-52876a2b9a91.jpeg 1024w, https:\/\/21panorama.com\/wp-content\/uploads\/2021\/12\/ae28485e-1ed9-463d-b0d5-52876a2b9a91-300x200.jpeg 300w, https:\/\/21panorama.com\/wp-content\/uploads\/2021\/12\/ae28485e-1ed9-463d-b0d5-52876a2b9a91-768x512.jpeg 768w\" sizes=\"(max-width: 1024px) 100vw, 1024px\" \/><\/figure><\/li><li class=\"blocks-gallery-item\"><figure><img decoding=\"async\" width=\"1024\" height=\"682\" src=\"https:\/\/21panorama.com\/wp-content\/uploads\/2021\/12\/00c9d291-11c8-4611-b8e4-ae00ad69f4db.jpeg\" alt=\"\" data-id=\"2550\" data-link=\"https:\/\/21panorama.com\/?attachment_id=2550\" class=\"wp-image-2550\" srcset=\"https:\/\/21panorama.com\/wp-content\/uploads\/2021\/12\/00c9d291-11c8-4611-b8e4-ae00ad69f4db.jpeg 1024w, https:\/\/21panorama.com\/wp-content\/uploads\/2021\/12\/00c9d291-11c8-4611-b8e4-ae00ad69f4db-300x200.jpeg 300w, https:\/\/21panorama.com\/wp-content\/uploads\/2021\/12\/00c9d291-11c8-4611-b8e4-ae00ad69f4db-768x512.jpeg 768w\" sizes=\"(max-width: 1024px) 100vw, 1024px\" \/><\/figure><\/li><li class=\"blocks-gallery-item\"><figure><img decoding=\"async\" width=\"683\" height=\"1024\" src=\"https:\/\/21panorama.com\/wp-content\/uploads\/2021\/12\/eefe8b4d-274b-4c55-a7a5-3122654d5146.jpeg\" alt=\"\" data-id=\"2551\" data-full-url=\"https:\/\/21panorama.com\/wp-content\/uploads\/2021\/12\/eefe8b4d-274b-4c55-a7a5-3122654d5146.jpeg\" data-link=\"https:\/\/21panorama.com\/?attachment_id=2551\" class=\"wp-image-2551\" srcset=\"https:\/\/21panorama.com\/wp-content\/uploads\/2021\/12\/eefe8b4d-274b-4c55-a7a5-3122654d5146.jpeg 683w, https:\/\/21panorama.com\/wp-content\/uploads\/2021\/12\/eefe8b4d-274b-4c55-a7a5-3122654d5146-200x300.jpeg 200w\" sizes=\"(max-width: 683px) 100vw, 683px\" \/><\/figure><\/li><\/ul><\/figure>\n","protected":false},"excerpt":{"rendered":"<p>Inauguran Casa de Atenci\u00f3n Ciudadana del diputado local por el distrito 4, Jaime Cervantes.<\/p>\n","protected":false},"author":1,"featured_media":2548,"comment_status":"open","ping_status":"open","sticky":false,"template":"","format":"standard","meta":{"footnotes":""},"categories":[1],"tags":[115],"class_list":["post-2547","post","type-post","status-publish","format-standard","has-post-thumbnail","hentry","category-sociedad","tag-eliasrescala"],"yoast_head":"<!-- This site is optimized with the Yoast SEO plugin v24.9 - https:\/\/yoast.com\/wordpress\/plugins\/seo\/ -->\n<title>Propuesta de presupuesto responde a compromiso con mexiquenses de destinar recursos a quienes m\u00e1s lo necesitan: El\u00edas Rescala - 21 Panorama<\/title>\n<meta name=\"robots\" content=\"index, follow, max-snippet:-1, max-image-preview:large, max-video-preview:-1\" \/>\n<link rel=\"canonical\" href=\"https:\/\/21panorama.com\/index.php\/2021\/12\/05\/propuesta-de-presupuesto-responde-a-compromiso-con-mexiquenses-de-destinar-recursos-a-quienes-mas-lo-necesitan-elias-rescala\/\" \/>\n<meta property=\"og:locale\" content=\"es_MX\" \/>\n<meta property=\"og:type\" content=\"article\" \/>\n<meta property=\"og:title\" content=\"Propuesta de presupuesto responde a compromiso con mexiquenses de destinar recursos a quienes m\u00e1s lo necesitan: El\u00edas Rescala - 21 Panorama\" \/>\n<meta property=\"og:description\" content=\"Inauguran Casa de Atenci\u00f3n Ciudadana del diputado local por el distrito 4, Jaime Cervantes.\" \/>\n<meta property=\"og:url\" content=\"https:\/\/21panorama.com\/index.php\/2021\/12\/05\/propuesta-de-presupuesto-responde-a-compromiso-con-mexiquenses-de-destinar-recursos-a-quienes-mas-lo-necesitan-elias-rescala\/\" \/>\n<meta property=\"og:site_name\" content=\"21 Panorama\" \/>\n<meta property=\"article:published_time\" content=\"2021-12-05T18:02:43+00:00\" \/>\n<meta property=\"article:modified_time\" content=\"2021-12-05T18:02:44+00:00\" \/>\n<meta property=\"og:image\" content=\"https:\/\/21panorama.com\/wp-content\/uploads\/2021\/12\/691a4d66-99ae-4b3d-ac5a-7591ecc4dfcf.jpeg\" \/>\n\t<meta property=\"og:image:width\" content=\"1024\" \/>\n\t<meta property=\"og:image:height\" content=\"682\" \/>\n\t<meta property=\"og:image:type\" content=\"image\/jpeg\" \/>\n<meta name=\"author\" content=\"admin\" \/>\n<meta name=\"twitter:card\" content=\"summary_large_image\" \/>\n<meta name=\"twitter:label1\" content=\"Escrito por\" \/>\n\t<meta name=\"twitter:data1\" content=\"admin\" \/>\n\t<meta name=\"twitter:label2\" content=\"Tiempo de lectura\" \/>\n\t<meta name=\"twitter:data2\" content=\"3 minutos\" \/>\n<script type=\"application\/ld+json\" class=\"yoast-schema-graph\">{\"@context\":\"https:\/\/schema.org\",\"@graph\":[{\"@type\":\"Article\",\"@id\":\"https:\/\/21panorama.com\/index.php\/2021\/12\/05\/propuesta-de-presupuesto-responde-a-compromiso-con-mexiquenses-de-destinar-recursos-a-quienes-mas-lo-necesitan-elias-rescala\/#article\",\"isPartOf\":{\"@id\":\"https:\/\/21panorama.com\/index.php\/2021\/12\/05\/propuesta-de-presupuesto-responde-a-compromiso-con-mexiquenses-de-destinar-recursos-a-quienes-mas-lo-necesitan-elias-rescala\/\"},\"author\":{\"name\":\"admin\",\"@id\":\"https:\/\/21panorama.com\/#\/schema\/person\/1afc291b96d5792a158768324287319f\"},\"headline\":\"Propuesta de presupuesto responde a compromiso con mexiquenses de destinar recursos a quienes m\u00e1s lo necesitan: El\u00edas Rescala\",\"datePublished\":\"2021-12-05T18:02:43+00:00\",\"dateModified\":\"2021-12-05T18:02:44+00:00\",\"mainEntityOfPage\":{\"@id\":\"https:\/\/21panorama.com\/index.php\/2021\/12\/05\/propuesta-de-presupuesto-responde-a-compromiso-con-mexiquenses-de-destinar-recursos-a-quienes-mas-lo-necesitan-elias-rescala\/\"},\"wordCount\":494,\"commentCount\":0,\"publisher\":{\"@id\":\"https:\/\/21panorama.com\/#organization\"},\"image\":{\"@id\":\"https:\/\/21panorama.com\/index.php\/2021\/12\/05\/propuesta-de-presupuesto-responde-a-compromiso-con-mexiquenses-de-destinar-recursos-a-quienes-mas-lo-necesitan-elias-rescala\/#primaryimage\"},\"thumbnailUrl\":\"https:\/\/21panorama.com\/wp-content\/uploads\/2021\/12\/691a4d66-99ae-4b3d-ac5a-7591ecc4dfcf.jpeg\",\"keywords\":[\"El\u00edasRescala\"],\"articleSection\":[\"Sociedad\"],\"inLanguage\":\"es\",\"potentialAction\":[{\"@type\":\"CommentAction\",\"name\":\"Comment\",\"target\":[\"https:\/\/21panorama.com\/index.php\/2021\/12\/05\/propuesta-de-presupuesto-responde-a-compromiso-con-mexiquenses-de-destinar-recursos-a-quienes-mas-lo-necesitan-elias-rescala\/#respond\"]}]},{\"@type\":\"WebPage\",\"@id\":\"https:\/\/21panorama.com\/index.php\/2021\/12\/05\/propuesta-de-presupuesto-responde-a-compromiso-con-mexiquenses-de-destinar-recursos-a-quienes-mas-lo-necesitan-elias-rescala\/\",\"url\":\"https:\/\/21panorama.com\/index.php\/2021\/12\/05\/propuesta-de-presupuesto-responde-a-compromiso-con-mexiquenses-de-destinar-recursos-a-quienes-mas-lo-necesitan-elias-rescala\/\",\"name\":\"Propuesta de presupuesto responde a compromiso con mexiquenses de destinar recursos a quienes m\u00e1s lo necesitan: El\u00edas Rescala - 21 Panorama\",\"isPartOf\":{\"@id\":\"https:\/\/21panorama.com\/#website\"},\"primaryImageOfPage\":{\"@id\":\"https:\/\/21panorama.com\/index.php\/2021\/12\/05\/propuesta-de-presupuesto-responde-a-compromiso-con-mexiquenses-de-destinar-recursos-a-quienes-mas-lo-necesitan-elias-rescala\/#primaryimage\"},\"image\":{\"@id\":\"https:\/\/21panorama.com\/index.php\/2021\/12\/05\/propuesta-de-presupuesto-responde-a-compromiso-con-mexiquenses-de-destinar-recursos-a-quienes-mas-lo-necesitan-elias-rescala\/#primaryimage\"},\"thumbnailUrl\":\"https:\/\/21panorama.com\/wp-content\/uploads\/2021\/12\/691a4d66-99ae-4b3d-ac5a-7591ecc4dfcf.jpeg\",\"datePublished\":\"2021-12-05T18:02:43+00:00\",\"dateModified\":\"2021-12-05T18:02:44+00:00\",\"breadcrumb\":{\"@id\":\"https:\/\/21panorama.com\/index.php\/2021\/12\/05\/propuesta-de-presupuesto-responde-a-compromiso-con-mexiquenses-de-destinar-recursos-a-quienes-mas-lo-necesitan-elias-rescala\/#breadcrumb\"},\"inLanguage\":\"es\",\"potentialAction\":[{\"@type\":\"ReadAction\",\"target\":[\"https:\/\/21panorama.com\/index.php\/2021\/12\/05\/propuesta-de-presupuesto-responde-a-compromiso-con-mexiquenses-de-destinar-recursos-a-quienes-mas-lo-necesitan-elias-rescala\/\"]}]},{\"@type\":\"ImageObject\",\"inLanguage\":\"es\",\"@id\":\"https:\/\/21panorama.com\/index.php\/2021\/12\/05\/propuesta-de-presupuesto-responde-a-compromiso-con-mexiquenses-de-destinar-recursos-a-quienes-mas-lo-necesitan-elias-rescala\/#primaryimage\",\"url\":\"https:\/\/21panorama.com\/wp-content\/uploads\/2021\/12\/691a4d66-99ae-4b3d-ac5a-7591ecc4dfcf.jpeg\",\"contentUrl\":\"https:\/\/21panorama.com\/wp-content\/uploads\/2021\/12\/691a4d66-99ae-4b3d-ac5a-7591ecc4dfcf.jpeg\",\"width\":1024,\"height\":682},{\"@type\":\"BreadcrumbList\",\"@id\":\"https:\/\/21panorama.com\/index.php\/2021\/12\/05\/propuesta-de-presupuesto-responde-a-compromiso-con-mexiquenses-de-destinar-recursos-a-quienes-mas-lo-necesitan-elias-rescala\/#breadcrumb\",\"itemListElement\":[{\"@type\":\"ListItem\",\"position\":1,\"name\":\"Inicio\",\"item\":\"https:\/\/21panorama.com\/\"},{\"@type\":\"ListItem\",\"position\":2,\"name\":\"Propuesta de presupuesto responde a compromiso con mexiquenses de destinar recursos a quienes m\u00e1s lo necesitan: El\u00edas Rescala\"}]},{\"@type\":\"WebSite\",\"@id\":\"https:\/\/21panorama.com\/#website\",\"url\":\"https:\/\/21panorama.com\/\",\"name\":\"21 Panorama\",\"description\":\"La construcci\u00f3n de la opini\u00f3n p\u00fablica merece un mejor Panorama en este siglo 21 para alcanzar una sociedad con mayor transparencia y sin corrupci\u00f3n.\",\"publisher\":{\"@id\":\"https:\/\/21panorama.com\/#organization\"},\"potentialAction\":[{\"@type\":\"SearchAction\",\"target\":{\"@type\":\"EntryPoint\",\"urlTemplate\":\"https:\/\/21panorama.com\/?s={search_term_string}\"},\"query-input\":{\"@type\":\"PropertyValueSpecification\",\"valueRequired\":true,\"valueName\":\"search_term_string\"}}],\"inLanguage\":\"es\"},{\"@type\":\"Organization\",\"@id\":\"https:\/\/21panorama.com\/#organization\",\"name\":\"21 Panorama\",\"url\":\"https:\/\/21panorama.com\/\",\"logo\":{\"@type\":\"ImageObject\",\"inLanguage\":\"es\",\"@id\":\"https:\/\/21panorama.com\/#\/schema\/logo\/image\/\",\"url\":\"https:\/\/21panorama.com\/wp-content\/uploads\/2019\/07\/cropped-Logo-Panorama-01.jpeg\",\"contentUrl\":\"https:\/\/21panorama.com\/wp-content\/uploads\/2019\/07\/cropped-Logo-Panorama-01.jpeg\",\"width\":290,\"height\":70,\"caption\":\"21 Panorama\"},\"image\":{\"@id\":\"https:\/\/21panorama.com\/#\/schema\/logo\/image\/\"}},{\"@type\":\"Person\",\"@id\":\"https:\/\/21panorama.com\/#\/schema\/person\/1afc291b96d5792a158768324287319f\",\"name\":\"admin\",\"image\":{\"@type\":\"ImageObject\",\"inLanguage\":\"es\",\"@id\":\"https:\/\/21panorama.com\/#\/schema\/person\/image\/\",\"url\":\"https:\/\/secure.gravatar.com\/avatar\/ad365d9d9f46719215b0d042cc3df92a5a8683e09ef13d102233e5491985f0f0?s=96&d=mm&r=g\",\"contentUrl\":\"https:\/\/secure.gravatar.com\/avatar\/ad365d9d9f46719215b0d042cc3df92a5a8683e09ef13d102233e5491985f0f0?s=96&d=mm&r=g\",\"caption\":\"admin\"},\"url\":\"https:\/\/21panorama.com\/index.php\/author\/admin\/\"}]}<\/script>\n<!-- \/ Yoast SEO plugin. -->","yoast_head_json":{"title":"Propuesta de presupuesto responde a compromiso con mexiquenses de destinar recursos a quienes m\u00e1s lo necesitan: El\u00edas Rescala - 21 Panorama","robots":{"index":"index","follow":"follow","max-snippet":"max-snippet:-1","max-image-preview":"max-image-preview:large","max-video-preview":"max-video-preview:-1"},"canonical":"https:\/\/21panorama.com\/index.php\/2021\/12\/05\/propuesta-de-presupuesto-responde-a-compromiso-con-mexiquenses-de-destinar-recursos-a-quienes-mas-lo-necesitan-elias-rescala\/","og_locale":"es_MX","og_type":"article","og_title":"Propuesta de presupuesto responde a compromiso con mexiquenses de destinar recursos a quienes m\u00e1s lo necesitan: El\u00edas Rescala - 21 Panorama","og_description":"Inauguran Casa de Atenci\u00f3n Ciudadana del diputado local por el distrito 4, Jaime Cervantes.","og_url":"https:\/\/21panorama.com\/index.php\/2021\/12\/05\/propuesta-de-presupuesto-responde-a-compromiso-con-mexiquenses-de-destinar-recursos-a-quienes-mas-lo-necesitan-elias-rescala\/","og_site_name":"21 Panorama","article_published_time":"2021-12-05T18:02:43+00:00","article_modified_time":"2021-12-05T18:02:44+00:00","og_image":[{"width":1024,"height":682,"url":"https:\/\/21panorama.com\/wp-content\/uploads\/2021\/12\/691a4d66-99ae-4b3d-ac5a-7591ecc4dfcf.jpeg","type":"image\/jpeg"}],"author":"admin","twitter_card":"summary_large_image","twitter_misc":{"Escrito por":"admin","Tiempo de lectura":"3 minutos"},"schema":{"@context":"https:\/\/schema.org","@graph":[{"@type":"Article","@id":"https:\/\/21panorama.com\/index.php\/2021\/12\/05\/propuesta-de-presupuesto-responde-a-compromiso-con-mexiquenses-de-destinar-recursos-a-quienes-mas-lo-necesitan-elias-rescala\/#article","isPartOf":{"@id":"https:\/\/21panorama.com\/index.php\/2021\/12\/05\/propuesta-de-presupuesto-responde-a-compromiso-con-mexiquenses-de-destinar-recursos-a-quienes-mas-lo-necesitan-elias-rescala\/"},"author":{"name":"admin","@id":"https:\/\/21panorama.com\/#\/schema\/person\/1afc291b96d5792a158768324287319f"},"headline":"Propuesta de presupuesto responde a compromiso con mexiquenses de destinar recursos a quienes m\u00e1s lo necesitan: El\u00edas Rescala","datePublished":"2021-12-05T18:02:43+00:00","dateModified":"2021-12-05T18:02:44+00:00","mainEntityOfPage":{"@id":"https:\/\/21panorama.com\/index.php\/2021\/12\/05\/propuesta-de-presupuesto-responde-a-compromiso-con-mexiquenses-de-destinar-recursos-a-quienes-mas-lo-necesitan-elias-rescala\/"},"wordCount":494,"commentCount":0,"publisher":{"@id":"https:\/\/21panorama.com\/#organization"},"image":{"@id":"https:\/\/21panorama.com\/index.php\/2021\/12\/05\/propuesta-de-presupuesto-responde-a-compromiso-con-mexiquenses-de-destinar-recursos-a-quienes-mas-lo-necesitan-elias-rescala\/#primaryimage"},"thumbnailUrl":"https:\/\/21panorama.com\/wp-content\/uploads\/2021\/12\/691a4d66-99ae-4b3d-ac5a-7591ecc4dfcf.jpeg","keywords":["El\u00edasRescala"],"articleSection":["Sociedad"],"inLanguage":"es","potentialAction":[{"@type":"CommentAction","name":"Comment","target":["https:\/\/21panorama.com\/index.php\/2021\/12\/05\/propuesta-de-presupuesto-responde-a-compromiso-con-mexiquenses-de-destinar-recursos-a-quienes-mas-lo-necesitan-elias-rescala\/#respond"]}]},{"@type":"WebPage","@id":"https:\/\/21panorama.com\/index.php\/2021\/12\/05\/propuesta-de-presupuesto-responde-a-compromiso-con-mexiquenses-de-destinar-recursos-a-quienes-mas-lo-necesitan-elias-rescala\/","url":"https:\/\/21panorama.com\/index.php\/2021\/12\/05\/propuesta-de-presupuesto-responde-a-compromiso-con-mexiquenses-de-destinar-recursos-a-quienes-mas-lo-necesitan-elias-rescala\/","name":"Propuesta de presupuesto responde a compromiso con mexiquenses de destinar recursos a quienes m\u00e1s lo necesitan: El\u00edas Rescala - 21 Panorama","isPartOf":{"@id":"https:\/\/21panorama.com\/#website"},"primaryImageOfPage":{"@id":"https:\/\/21panorama.com\/index.php\/2021\/12\/05\/propuesta-de-presupuesto-responde-a-compromiso-con-mexiquenses-de-destinar-recursos-a-quienes-mas-lo-necesitan-elias-rescala\/#primaryimage"},"image":{"@id":"https:\/\/21panorama.com\/index.php\/2021\/12\/05\/propuesta-de-presupuesto-responde-a-compromiso-con-mexiquenses-de-destinar-recursos-a-quienes-mas-lo-necesitan-elias-rescala\/#primaryimage"},"thumbnailUrl":"https:\/\/21panorama.com\/wp-content\/uploads\/2021\/12\/691a4d66-99ae-4b3d-ac5a-7591ecc4dfcf.jpeg","datePublished":"2021-12-05T18:02:43+00:00","dateModified":"2021-12-05T18:02:44+00:00","breadcrumb":{"@id":"https:\/\/21panorama.com\/index.php\/2021\/12\/05\/propuesta-de-presupuesto-responde-a-compromiso-con-mexiquenses-de-destinar-recursos-a-quienes-mas-lo-necesitan-elias-rescala\/#breadcrumb"},"inLanguage":"es","potentialAction":[{"@type":"ReadAction","target":["https:\/\/21panorama.com\/index.php\/2021\/12\/05\/propuesta-de-presupuesto-responde-a-compromiso-con-mexiquenses-de-destinar-recursos-a-quienes-mas-lo-necesitan-elias-rescala\/"]}]},{"@type":"ImageObject","inLanguage":"es","@id":"https:\/\/21panorama.com\/index.php\/2021\/12\/05\/propuesta-de-presupuesto-responde-a-compromiso-con-mexiquenses-de-destinar-recursos-a-quienes-mas-lo-necesitan-elias-rescala\/#primaryimage","url":"https:\/\/21panorama.com\/wp-content\/uploads\/2021\/12\/691a4d66-99ae-4b3d-ac5a-7591ecc4dfcf.jpeg","contentUrl":"https:\/\/21panorama.com\/wp-content\/uploads\/2021\/12\/691a4d66-99ae-4b3d-ac5a-7591ecc4dfcf.jpeg","width":1024,"height":682},{"@type":"BreadcrumbList","@id":"https:\/\/21panorama.com\/index.php\/2021\/12\/05\/propuesta-de-presupuesto-responde-a-compromiso-con-mexiquenses-de-destinar-recursos-a-quienes-mas-lo-necesitan-elias-rescala\/#breadcrumb","itemListElement":[{"@type":"ListItem","position":1,"name":"Inicio","item":"https:\/\/21panorama.com\/"},{"@type":"ListItem","position":2,"name":"Propuesta de presupuesto responde a compromiso con mexiquenses de destinar recursos a quienes m\u00e1s lo necesitan: El\u00edas Rescala"}]},{"@type":"WebSite","@id":"https:\/\/21panorama.com\/#website","url":"https:\/\/21panorama.com\/","name":"21 Panorama","description":"La construcci\u00f3n de la opini\u00f3n p\u00fablica merece un mejor Panorama en este siglo 21 para alcanzar una sociedad con mayor transparencia y sin corrupci\u00f3n.","publisher":{"@id":"https:\/\/21panorama.com\/#organization"},"potentialAction":[{"@type":"SearchAction","target":{"@type":"EntryPoint","urlTemplate":"https:\/\/21panorama.com\/?s={search_term_string}"},"query-input":{"@type":"PropertyValueSpecification","valueRequired":true,"valueName":"search_term_string"}}],"inLanguage":"es"},{"@type":"Organization","@id":"https:\/\/21panorama.com\/#organization","name":"21 Panorama","url":"https:\/\/21panorama.com\/","logo":{"@type":"ImageObject","inLanguage":"es","@id":"https:\/\/21panorama.com\/#\/schema\/logo\/image\/","url":"https:\/\/21panorama.com\/wp-content\/uploads\/2019\/07\/cropped-Logo-Panorama-01.jpeg","contentUrl":"https:\/\/21panorama.com\/wp-content\/uploads\/2019\/07\/cropped-Logo-Panorama-01.jpeg","width":290,"height":70,"caption":"21 Panorama"},"image":{"@id":"https:\/\/21panorama.com\/#\/schema\/logo\/image\/"}},{"@type":"Person","@id":"https:\/\/21panorama.com\/#\/schema\/person\/1afc291b96d5792a158768324287319f","name":"admin","image":{"@type":"ImageObject","inLanguage":"es","@id":"https:\/\/21panorama.com\/#\/schema\/person\/image\/","url":"https:\/\/secure.gravatar.com\/avatar\/ad365d9d9f46719215b0d042cc3df92a5a8683e09ef13d102233e5491985f0f0?s=96&d=mm&r=g","contentUrl":"https:\/\/secure.gravatar.com\/avatar\/ad365d9d9f46719215b0d042cc3df92a5a8683e09ef13d102233e5491985f0f0?s=96&d=mm&r=g","caption":"admin"},"url":"https:\/\/21panorama.com\/index.php\/author\/admin\/"}]}},"_links":{"self":[{"href":"https:\/\/21panorama.com\/index.php\/wp-json\/wp\/v2\/posts\/2547","targetHints":{"allow":["GET"]}}],"collection":[{"href":"https:\/\/21panorama.com\/index.php\/wp-json\/wp\/v2\/posts"}],"about":[{"href":"https:\/\/21panorama.com\/index.php\/wp-json\/wp\/v2\/types\/post"}],"author":[{"embeddable":true,"href":"https:\/\/21panorama.com\/index.php\/wp-json\/wp\/v2\/users\/1"}],"replies":[{"embeddable":true,"href":"https:\/\/21panorama.com\/index.php\/wp-json\/wp\/v2\/comments?post=2547"}],"version-history":[{"count":1,"href":"https:\/\/21panorama.com\/index.php\/wp-json\/wp\/v2\/posts\/2547\/revisions"}],"predecessor-version":[{"id":2552,"href":"https:\/\/21panorama.com\/index.php\/wp-json\/wp\/v2\/posts\/2547\/revisions\/2552"}],"wp:featuredmedia":[{"embeddable":true,"href":"https:\/\/21panorama.com\/index.php\/wp-json\/wp\/v2\/media\/2548"}],"wp:attachment":[{"href":"https:\/\/21panorama.com\/index.php\/wp-json\/wp\/v2\/media?parent=2547"}],"wp:term":[{"taxonomy":"category","embeddable":true,"href":"https:\/\/21panorama.com\/index.php\/wp-json\/wp\/v2\/categories?post=2547"},{"taxonomy":"post_tag","embeddable":true,"href":"https:\/\/21panorama.com\/index.php\/wp-json\/wp\/v2\/tags?post=2547"}],"curies":[{"name":"wp","href":"https:\/\/api.w.org\/{rel}","templated":true}]}}