{"id":2535,"date":"2021-12-05T11:52:41","date_gmt":"2021-12-05T17:52:41","guid":{"rendered":"https:\/\/21panorama.com\/?p=2535"},"modified":"2021-12-05T11:52:43","modified_gmt":"2021-12-05T17:52:43","slug":"institutenses-pilares-de-la-historia-de-la-uaem","status":"publish","type":"post","link":"https:\/\/21panorama.com\/index.php\/2021\/12\/05\/institutenses-pilares-de-la-historia-de-la-uaem\/","title":{"rendered":"Institutenses, pilares de la historia de la UAEM"},"content":{"rendered":"\n<p>Toluca, M\u00e9x; 05 de diciembre de 2021. La Administraci\u00f3n 2021-2025 de la Universidad Aut\u00f3noma del Estado de M\u00e9xico (UAEM) valora y atesora lo cimentado por los institutenses, pilares de la instituci\u00f3n y referentes claves del futuro, asegur\u00f3 la secretaria de Difusi\u00f3n Cultural de esta casa de estudios, Mar\u00eda de las Mercedes Portilla Luja.Durante la reuni\u00f3n anual de la Fraternidad Institutense y ante el rector Carlos Eduardo Barrera D\u00edaz, la servidora universitaria subray\u00f3 que conmemorar esta fecha reafirma la creencia en el estado y el valor en el saber cient\u00edfico.<br>En el Aula Magna \u201cLic. Adolfo L\u00f3pez Mateos\u201d del Edificio de Rector\u00eda, destac\u00f3 que las y los institutenses son figuras respetables de la comunidad universitaria, quienes se han distinguido por trabajar a favor de preservar la historia de la instituci\u00f3n; \u201cellos se erigen como fundadores de una de las tradiciones m\u00e1s arraigadas en nuestra universidad\u201d.<br>Ante el secretario de Rector\u00eda, Marco Aurelio Cienfuegos Terr\u00f3n, agradeci\u00f3 la entrega, paciencia y respeto de quienes formaron parte del Instituto Cient\u00edfico y Literario Aut\u00f3nomo (ICLA). Con su trabajo, dijo, demostraron que la UAEM es enorme por su comunidad y \u201cesa fuerza universitaria que nos hace sentir orgullo de lo que somos\u201d.Con la compa\u00f1\u00eda del integrante de la fraternidad institutense, Jos\u00e9 G\u00f3mez Dom\u00ednguez, sostuvo que la Aut\u00f3noma mexiquense es producto de la inteligencia y creatividad de su comunidad, que \u201cha dado lustre por su saber, su intachable ejemplo, su elocuente trabajo y contribuciones, por d\u00e9cadas, desde diferentes \u00e1mbitos, en favor de su alma mater, que les dio informaci\u00f3n, estructura y rumbo\u201d.<br>En su oportunidad, el institutense Humberto Lira Mora mencion\u00f3 que la fraternidad muestra su respaldo y solidaridad a la Administraci\u00f3n 2021-2025. Tambi\u00e9n realiz\u00f3 un recorrido hist\u00f3rico por la fundaci\u00f3n del Instituto Cient\u00edfico y Literario. Indic\u00f3 que la libertad, la autonom\u00eda y el conocimiento son los ejes que debe preservar la universidad.<br>En este marco, el rector Carlos Eduardo Barrera D\u00edaz entreg\u00f3 reconocimientos a institutenses destacados: Alejandro Caballero Carrillo, Ra\u00fal Miramontes Ortega, Rosa Mar\u00eda Arizmendi Vilchis y Jos\u00e9 Mar\u00eda P\u00e9rez Iniesta.<\/p>\n\n\n\n<figure class=\"wp-block-gallery columns-3 is-cropped wp-block-gallery-1 is-layout-flex wp-block-gallery-is-layout-flex\"><ul class=\"blocks-gallery-grid\"><li class=\"blocks-gallery-item\"><figure><img decoding=\"async\" width=\"960\" height=\"640\" src=\"https:\/\/21panorama.com\/wp-content\/uploads\/2021\/12\/846ba339-5ebb-4cda-a06f-696d6c4073d6.jpeg\" alt=\"\" data-id=\"2537\" data-link=\"https:\/\/21panorama.com\/?attachment_id=2537\" class=\"wp-image-2537\" srcset=\"https:\/\/21panorama.com\/wp-content\/uploads\/2021\/12\/846ba339-5ebb-4cda-a06f-696d6c4073d6.jpeg 960w, https:\/\/21panorama.com\/wp-content\/uploads\/2021\/12\/846ba339-5ebb-4cda-a06f-696d6c4073d6-300x200.jpeg 300w, https:\/\/21panorama.com\/wp-content\/uploads\/2021\/12\/846ba339-5ebb-4cda-a06f-696d6c4073d6-768x512.jpeg 768w\" sizes=\"(max-width: 960px) 100vw, 960px\" \/><\/figure><\/li><li class=\"blocks-gallery-item\"><figure><img decoding=\"async\" width=\"960\" height=\"640\" src=\"https:\/\/21panorama.com\/wp-content\/uploads\/2021\/12\/c16d93f0-fec4-43ea-b37e-bce2a3f89be8.jpeg\" alt=\"\" data-id=\"2538\" data-link=\"https:\/\/21panorama.com\/?attachment_id=2538\" class=\"wp-image-2538\" srcset=\"https:\/\/21panorama.com\/wp-content\/uploads\/2021\/12\/c16d93f0-fec4-43ea-b37e-bce2a3f89be8.jpeg 960w, https:\/\/21panorama.com\/wp-content\/uploads\/2021\/12\/c16d93f0-fec4-43ea-b37e-bce2a3f89be8-300x200.jpeg 300w, https:\/\/21panorama.com\/wp-content\/uploads\/2021\/12\/c16d93f0-fec4-43ea-b37e-bce2a3f89be8-768x512.jpeg 768w\" sizes=\"(max-width: 960px) 100vw, 960px\" \/><\/figure><\/li><li class=\"blocks-gallery-item\"><figure><img decoding=\"async\" width=\"960\" height=\"540\" src=\"https:\/\/21panorama.com\/wp-content\/uploads\/2021\/12\/ce02824e-bb57-4f8d-a044-ec6a8b6b5f8e.jpeg\" alt=\"\" data-id=\"2539\" data-full-url=\"https:\/\/21panorama.com\/wp-content\/uploads\/2021\/12\/ce02824e-bb57-4f8d-a044-ec6a8b6b5f8e.jpeg\" data-link=\"https:\/\/21panorama.com\/?attachment_id=2539\" class=\"wp-image-2539\" srcset=\"https:\/\/21panorama.com\/wp-content\/uploads\/2021\/12\/ce02824e-bb57-4f8d-a044-ec6a8b6b5f8e.jpeg 960w, https:\/\/21panorama.com\/wp-content\/uploads\/2021\/12\/ce02824e-bb57-4f8d-a044-ec6a8b6b5f8e-300x169.jpeg 300w, https:\/\/21panorama.com\/wp-content\/uploads\/2021\/12\/ce02824e-bb57-4f8d-a044-ec6a8b6b5f8e-768x432.jpeg 768w\" sizes=\"(max-width: 960px) 100vw, 960px\" \/><\/figure><\/li><\/ul><\/figure>\n","protected":false},"excerpt":{"rendered":"<p>El rector Carlos Eduardo Barrera D\u00edaz encabez\u00f3 la reuni\u00f3n anual de la fraternidad institutense de la m\u00e1xima casa de estudios mexiquense.<\/p>\n","protected":false},"author":1,"featured_media":2536,"comment_status":"open","ping_status":"open","sticky":false,"template":"","format":"standard","meta":{"footnotes":""},"categories":[1],"tags":[131],"class_list":["post-2535","post","type-post","status-publish","format-standard","has-post-thumbnail","hentry","category-sociedad","tag-uaem"],"yoast_head":"<!-- This site is optimized with the Yoast SEO plugin v24.9 - https:\/\/yoast.com\/wordpress\/plugins\/seo\/ -->\n<title>Institutenses, pilares de la historia de la UAEM - 21 Panorama<\/title>\n<meta name=\"robots\" content=\"index, follow, max-snippet:-1, max-image-preview:large, max-video-preview:-1\" \/>\n<link rel=\"canonical\" href=\"https:\/\/21panorama.com\/index.php\/2021\/12\/05\/institutenses-pilares-de-la-historia-de-la-uaem\/\" \/>\n<meta property=\"og:locale\" content=\"es_MX\" \/>\n<meta property=\"og:type\" content=\"article\" \/>\n<meta property=\"og:title\" content=\"Institutenses, pilares de la historia de la UAEM - 21 Panorama\" \/>\n<meta property=\"og:description\" content=\"El rector Carlos Eduardo Barrera D\u00edaz encabez\u00f3 la reuni\u00f3n anual de la fraternidad institutense de la m\u00e1xima casa de estudios mexiquense.\" \/>\n<meta property=\"og:url\" content=\"https:\/\/21panorama.com\/index.php\/2021\/12\/05\/institutenses-pilares-de-la-historia-de-la-uaem\/\" \/>\n<meta property=\"og:site_name\" content=\"21 Panorama\" \/>\n<meta property=\"article:published_time\" content=\"2021-12-05T17:52:41+00:00\" \/>\n<meta property=\"article:modified_time\" content=\"2021-12-05T17:52:43+00:00\" \/>\n<meta property=\"og:image\" content=\"https:\/\/21panorama.com\/wp-content\/uploads\/2021\/12\/97c5cb4e-7c9e-4275-a995-1e81e532e2fa.jpeg\" \/>\n\t<meta property=\"og:image:width\" content=\"960\" \/>\n\t<meta property=\"og:image:height\" content=\"640\" \/>\n\t<meta property=\"og:image:type\" content=\"image\/jpeg\" \/>\n<meta name=\"author\" content=\"admin\" \/>\n<meta name=\"twitter:card\" content=\"summary_large_image\" \/>\n<meta name=\"twitter:label1\" content=\"Escrito por\" \/>\n\t<meta name=\"twitter:data1\" content=\"admin\" \/>\n\t<meta name=\"twitter:label2\" content=\"Tiempo de lectura\" \/>\n\t<meta name=\"twitter:data2\" content=\"3 minutos\" \/>\n<script type=\"application\/ld+json\" class=\"yoast-schema-graph\">{\"@context\":\"https:\/\/schema.org\",\"@graph\":[{\"@type\":\"Article\",\"@id\":\"https:\/\/21panorama.com\/index.php\/2021\/12\/05\/institutenses-pilares-de-la-historia-de-la-uaem\/#article\",\"isPartOf\":{\"@id\":\"https:\/\/21panorama.com\/index.php\/2021\/12\/05\/institutenses-pilares-de-la-historia-de-la-uaem\/\"},\"author\":{\"name\":\"admin\",\"@id\":\"https:\/\/21panorama.com\/#\/schema\/person\/1afc291b96d5792a158768324287319f\"},\"headline\":\"Institutenses, pilares de la historia de la UAEM\",\"datePublished\":\"2021-12-05T17:52:41+00:00\",\"dateModified\":\"2021-12-05T17:52:43+00:00\",\"mainEntityOfPage\":{\"@id\":\"https:\/\/21panorama.com\/index.php\/2021\/12\/05\/institutenses-pilares-de-la-historia-de-la-uaem\/\"},\"wordCount\":378,\"commentCount\":0,\"publisher\":{\"@id\":\"https:\/\/21panorama.com\/#organization\"},\"image\":{\"@id\":\"https:\/\/21panorama.com\/index.php\/2021\/12\/05\/institutenses-pilares-de-la-historia-de-la-uaem\/#primaryimage\"},\"thumbnailUrl\":\"https:\/\/21panorama.com\/wp-content\/uploads\/2021\/12\/97c5cb4e-7c9e-4275-a995-1e81e532e2fa.jpeg\",\"keywords\":[\"UAEM\"],\"articleSection\":[\"Sociedad\"],\"inLanguage\":\"es\",\"potentialAction\":[{\"@type\":\"CommentAction\",\"name\":\"Comment\",\"target\":[\"https:\/\/21panorama.com\/index.php\/2021\/12\/05\/institutenses-pilares-de-la-historia-de-la-uaem\/#respond\"]}]},{\"@type\":\"WebPage\",\"@id\":\"https:\/\/21panorama.com\/index.php\/2021\/12\/05\/institutenses-pilares-de-la-historia-de-la-uaem\/\",\"url\":\"https:\/\/21panorama.com\/index.php\/2021\/12\/05\/institutenses-pilares-de-la-historia-de-la-uaem\/\",\"name\":\"Institutenses, pilares de la historia de la UAEM - 21 Panorama\",\"isPartOf\":{\"@id\":\"https:\/\/21panorama.com\/#website\"},\"primaryImageOfPage\":{\"@id\":\"https:\/\/21panorama.com\/index.php\/2021\/12\/05\/institutenses-pilares-de-la-historia-de-la-uaem\/#primaryimage\"},\"image\":{\"@id\":\"https:\/\/21panorama.com\/index.php\/2021\/12\/05\/institutenses-pilares-de-la-historia-de-la-uaem\/#primaryimage\"},\"thumbnailUrl\":\"https:\/\/21panorama.com\/wp-content\/uploads\/2021\/12\/97c5cb4e-7c9e-4275-a995-1e81e532e2fa.jpeg\",\"datePublished\":\"2021-12-05T17:52:41+00:00\",\"dateModified\":\"2021-12-05T17:52:43+00:00\",\"breadcrumb\":{\"@id\":\"https:\/\/21panorama.com\/index.php\/2021\/12\/05\/institutenses-pilares-de-la-historia-de-la-uaem\/#breadcrumb\"},\"inLanguage\":\"es\",\"potentialAction\":[{\"@type\":\"ReadAction\",\"target\":[\"https:\/\/21panorama.com\/index.php\/2021\/12\/05\/institutenses-pilares-de-la-historia-de-la-uaem\/\"]}]},{\"@type\":\"ImageObject\",\"inLanguage\":\"es\",\"@id\":\"https:\/\/21panorama.com\/index.php\/2021\/12\/05\/institutenses-pilares-de-la-historia-de-la-uaem\/#primaryimage\",\"url\":\"https:\/\/21panorama.com\/wp-content\/uploads\/2021\/12\/97c5cb4e-7c9e-4275-a995-1e81e532e2fa.jpeg\",\"contentUrl\":\"https:\/\/21panorama.com\/wp-content\/uploads\/2021\/12\/97c5cb4e-7c9e-4275-a995-1e81e532e2fa.jpeg\",\"width\":960,\"height\":640},{\"@type\":\"BreadcrumbList\",\"@id\":\"https:\/\/21panorama.com\/index.php\/2021\/12\/05\/institutenses-pilares-de-la-historia-de-la-uaem\/#breadcrumb\",\"itemListElement\":[{\"@type\":\"ListItem\",\"position\":1,\"name\":\"Inicio\",\"item\":\"https:\/\/21panorama.com\/\"},{\"@type\":\"ListItem\",\"position\":2,\"name\":\"Institutenses, pilares de la historia de la UAEM\"}]},{\"@type\":\"WebSite\",\"@id\":\"https:\/\/21panorama.com\/#website\",\"url\":\"https:\/\/21panorama.com\/\",\"name\":\"21 Panorama\",\"description\":\"La construcci\u00f3n de la opini\u00f3n p\u00fablica merece un mejor Panorama en este siglo 21 para alcanzar una sociedad con mayor transparencia y sin corrupci\u00f3n.\",\"publisher\":{\"@id\":\"https:\/\/21panorama.com\/#organization\"},\"potentialAction\":[{\"@type\":\"SearchAction\",\"target\":{\"@type\":\"EntryPoint\",\"urlTemplate\":\"https:\/\/21panorama.com\/?s={search_term_string}\"},\"query-input\":{\"@type\":\"PropertyValueSpecification\",\"valueRequired\":true,\"valueName\":\"search_term_string\"}}],\"inLanguage\":\"es\"},{\"@type\":\"Organization\",\"@id\":\"https:\/\/21panorama.com\/#organization\",\"name\":\"21 Panorama\",\"url\":\"https:\/\/21panorama.com\/\",\"logo\":{\"@type\":\"ImageObject\",\"inLanguage\":\"es\",\"@id\":\"https:\/\/21panorama.com\/#\/schema\/logo\/image\/\",\"url\":\"https:\/\/21panorama.com\/wp-content\/uploads\/2019\/07\/cropped-Logo-Panorama-01.jpeg\",\"contentUrl\":\"https:\/\/21panorama.com\/wp-content\/uploads\/2019\/07\/cropped-Logo-Panorama-01.jpeg\",\"width\":290,\"height\":70,\"caption\":\"21 Panorama\"},\"image\":{\"@id\":\"https:\/\/21panorama.com\/#\/schema\/logo\/image\/\"}},{\"@type\":\"Person\",\"@id\":\"https:\/\/21panorama.com\/#\/schema\/person\/1afc291b96d5792a158768324287319f\",\"name\":\"admin\",\"image\":{\"@type\":\"ImageObject\",\"inLanguage\":\"es\",\"@id\":\"https:\/\/21panorama.com\/#\/schema\/person\/image\/\",\"url\":\"https:\/\/secure.gravatar.com\/avatar\/ad365d9d9f46719215b0d042cc3df92a5a8683e09ef13d102233e5491985f0f0?s=96&d=mm&r=g\",\"contentUrl\":\"https:\/\/secure.gravatar.com\/avatar\/ad365d9d9f46719215b0d042cc3df92a5a8683e09ef13d102233e5491985f0f0?s=96&d=mm&r=g\",\"caption\":\"admin\"},\"url\":\"https:\/\/21panorama.com\/index.php\/author\/admin\/\"}]}<\/script>\n<!-- \/ Yoast SEO plugin. -->","yoast_head_json":{"title":"Institutenses, pilares de la historia de la UAEM - 21 Panorama","robots":{"index":"index","follow":"follow","max-snippet":"max-snippet:-1","max-image-preview":"max-image-preview:large","max-video-preview":"max-video-preview:-1"},"canonical":"https:\/\/21panorama.com\/index.php\/2021\/12\/05\/institutenses-pilares-de-la-historia-de-la-uaem\/","og_locale":"es_MX","og_type":"article","og_title":"Institutenses, pilares de la historia de la UAEM - 21 Panorama","og_description":"El rector Carlos Eduardo Barrera D\u00edaz encabez\u00f3 la reuni\u00f3n anual de la fraternidad institutense de la m\u00e1xima casa de estudios mexiquense.","og_url":"https:\/\/21panorama.com\/index.php\/2021\/12\/05\/institutenses-pilares-de-la-historia-de-la-uaem\/","og_site_name":"21 Panorama","article_published_time":"2021-12-05T17:52:41+00:00","article_modified_time":"2021-12-05T17:52:43+00:00","og_image":[{"width":960,"height":640,"url":"https:\/\/21panorama.com\/wp-content\/uploads\/2021\/12\/97c5cb4e-7c9e-4275-a995-1e81e532e2fa.jpeg","type":"image\/jpeg"}],"author":"admin","twitter_card":"summary_large_image","twitter_misc":{"Escrito por":"admin","Tiempo de lectura":"3 minutos"},"schema":{"@context":"https:\/\/schema.org","@graph":[{"@type":"Article","@id":"https:\/\/21panorama.com\/index.php\/2021\/12\/05\/institutenses-pilares-de-la-historia-de-la-uaem\/#article","isPartOf":{"@id":"https:\/\/21panorama.com\/index.php\/2021\/12\/05\/institutenses-pilares-de-la-historia-de-la-uaem\/"},"author":{"name":"admin","@id":"https:\/\/21panorama.com\/#\/schema\/person\/1afc291b96d5792a158768324287319f"},"headline":"Institutenses, pilares de la historia de la UAEM","datePublished":"2021-12-05T17:52:41+00:00","dateModified":"2021-12-05T17:52:43+00:00","mainEntityOfPage":{"@id":"https:\/\/21panorama.com\/index.php\/2021\/12\/05\/institutenses-pilares-de-la-historia-de-la-uaem\/"},"wordCount":378,"commentCount":0,"publisher":{"@id":"https:\/\/21panorama.com\/#organization"},"image":{"@id":"https:\/\/21panorama.com\/index.php\/2021\/12\/05\/institutenses-pilares-de-la-historia-de-la-uaem\/#primaryimage"},"thumbnailUrl":"https:\/\/21panorama.com\/wp-content\/uploads\/2021\/12\/97c5cb4e-7c9e-4275-a995-1e81e532e2fa.jpeg","keywords":["UAEM"],"articleSection":["Sociedad"],"inLanguage":"es","potentialAction":[{"@type":"CommentAction","name":"Comment","target":["https:\/\/21panorama.com\/index.php\/2021\/12\/05\/institutenses-pilares-de-la-historia-de-la-uaem\/#respond"]}]},{"@type":"WebPage","@id":"https:\/\/21panorama.com\/index.php\/2021\/12\/05\/institutenses-pilares-de-la-historia-de-la-uaem\/","url":"https:\/\/21panorama.com\/index.php\/2021\/12\/05\/institutenses-pilares-de-la-historia-de-la-uaem\/","name":"Institutenses, pilares de la historia de la UAEM - 21 Panorama","isPartOf":{"@id":"https:\/\/21panorama.com\/#website"},"primaryImageOfPage":{"@id":"https:\/\/21panorama.com\/index.php\/2021\/12\/05\/institutenses-pilares-de-la-historia-de-la-uaem\/#primaryimage"},"image":{"@id":"https:\/\/21panorama.com\/index.php\/2021\/12\/05\/institutenses-pilares-de-la-historia-de-la-uaem\/#primaryimage"},"thumbnailUrl":"https:\/\/21panorama.com\/wp-content\/uploads\/2021\/12\/97c5cb4e-7c9e-4275-a995-1e81e532e2fa.jpeg","datePublished":"2021-12-05T17:52:41+00:00","dateModified":"2021-12-05T17:52:43+00:00","breadcrumb":{"@id":"https:\/\/21panorama.com\/index.php\/2021\/12\/05\/institutenses-pilares-de-la-historia-de-la-uaem\/#breadcrumb"},"inLanguage":"es","potentialAction":[{"@type":"ReadAction","target":["https:\/\/21panorama.com\/index.php\/2021\/12\/05\/institutenses-pilares-de-la-historia-de-la-uaem\/"]}]},{"@type":"ImageObject","inLanguage":"es","@id":"https:\/\/21panorama.com\/index.php\/2021\/12\/05\/institutenses-pilares-de-la-historia-de-la-uaem\/#primaryimage","url":"https:\/\/21panorama.com\/wp-content\/uploads\/2021\/12\/97c5cb4e-7c9e-4275-a995-1e81e532e2fa.jpeg","contentUrl":"https:\/\/21panorama.com\/wp-content\/uploads\/2021\/12\/97c5cb4e-7c9e-4275-a995-1e81e532e2fa.jpeg","width":960,"height":640},{"@type":"BreadcrumbList","@id":"https:\/\/21panorama.com\/index.php\/2021\/12\/05\/institutenses-pilares-de-la-historia-de-la-uaem\/#breadcrumb","itemListElement":[{"@type":"ListItem","position":1,"name":"Inicio","item":"https:\/\/21panorama.com\/"},{"@type":"ListItem","position":2,"name":"Institutenses, pilares de la historia de la UAEM"}]},{"@type":"WebSite","@id":"https:\/\/21panorama.com\/#website","url":"https:\/\/21panorama.com\/","name":"21 Panorama","description":"La construcci\u00f3n de la opini\u00f3n p\u00fablica merece un mejor Panorama en este siglo 21 para alcanzar una sociedad con mayor transparencia y sin corrupci\u00f3n.","publisher":{"@id":"https:\/\/21panorama.com\/#organization"},"potentialAction":[{"@type":"SearchAction","target":{"@type":"EntryPoint","urlTemplate":"https:\/\/21panorama.com\/?s={search_term_string}"},"query-input":{"@type":"PropertyValueSpecification","valueRequired":true,"valueName":"search_term_string"}}],"inLanguage":"es"},{"@type":"Organization","@id":"https:\/\/21panorama.com\/#organization","name":"21 Panorama","url":"https:\/\/21panorama.com\/","logo":{"@type":"ImageObject","inLanguage":"es","@id":"https:\/\/21panorama.com\/#\/schema\/logo\/image\/","url":"https:\/\/21panorama.com\/wp-content\/uploads\/2019\/07\/cropped-Logo-Panorama-01.jpeg","contentUrl":"https:\/\/21panorama.com\/wp-content\/uploads\/2019\/07\/cropped-Logo-Panorama-01.jpeg","width":290,"height":70,"caption":"21 Panorama"},"image":{"@id":"https:\/\/21panorama.com\/#\/schema\/logo\/image\/"}},{"@type":"Person","@id":"https:\/\/21panorama.com\/#\/schema\/person\/1afc291b96d5792a158768324287319f","name":"admin","image":{"@type":"ImageObject","inLanguage":"es","@id":"https:\/\/21panorama.com\/#\/schema\/person\/image\/","url":"https:\/\/secure.gravatar.com\/avatar\/ad365d9d9f46719215b0d042cc3df92a5a8683e09ef13d102233e5491985f0f0?s=96&d=mm&r=g","contentUrl":"https:\/\/secure.gravatar.com\/avatar\/ad365d9d9f46719215b0d042cc3df92a5a8683e09ef13d102233e5491985f0f0?s=96&d=mm&r=g","caption":"admin"},"url":"https:\/\/21panorama.com\/index.php\/author\/admin\/"}]}},"_links":{"self":[{"href":"https:\/\/21panorama.com\/index.php\/wp-json\/wp\/v2\/posts\/2535","targetHints":{"allow":["GET"]}}],"collection":[{"href":"https:\/\/21panorama.com\/index.php\/wp-json\/wp\/v2\/posts"}],"about":[{"href":"https:\/\/21panorama.com\/index.php\/wp-json\/wp\/v2\/types\/post"}],"author":[{"embeddable":true,"href":"https:\/\/21panorama.com\/index.php\/wp-json\/wp\/v2\/users\/1"}],"replies":[{"embeddable":true,"href":"https:\/\/21panorama.com\/index.php\/wp-json\/wp\/v2\/comments?post=2535"}],"version-history":[{"count":1,"href":"https:\/\/21panorama.com\/index.php\/wp-json\/wp\/v2\/posts\/2535\/revisions"}],"predecessor-version":[{"id":2540,"href":"https:\/\/21panorama.com\/index.php\/wp-json\/wp\/v2\/posts\/2535\/revisions\/2540"}],"wp:featuredmedia":[{"embeddable":true,"href":"https:\/\/21panorama.com\/index.php\/wp-json\/wp\/v2\/media\/2536"}],"wp:attachment":[{"href":"https:\/\/21panorama.com\/index.php\/wp-json\/wp\/v2\/media?parent=2535"}],"wp:term":[{"taxonomy":"category","embeddable":true,"href":"https:\/\/21panorama.com\/index.php\/wp-json\/wp\/v2\/categories?post=2535"},{"taxonomy":"post_tag","embeddable":true,"href":"https:\/\/21panorama.com\/index.php\/wp-json\/wp\/v2\/tags?post=2535"}],"curies":[{"name":"wp","href":"https:\/\/api.w.org\/{rel}","templated":true}]}}