{"id":2531,"date":"2021-12-02T14:42:57","date_gmt":"2021-12-02T20:42:57","guid":{"rendered":"https:\/\/21panorama.com\/?p=2531"},"modified":"2021-12-02T16:17:32","modified_gmt":"2021-12-02T22:17:32","slug":"marca-grupo-parlamentario-del-pri-la-agenda-legislativa","status":"publish","type":"post","link":"https:\/\/21panorama.com\/index.php\/2021\/12\/02\/marca-grupo-parlamentario-del-pri-la-agenda-legislativa\/","title":{"rendered":"MARCA GRUPO PARLAMENTARIO DEL PRI LA AGENDA LEGISLATIVA"},"content":{"rendered":"\n<p>Con las sesiones ordinarias en la C\u00e1mara de Diputados, previamente el Grupo Parlamentario del PRI se re\u00fane para marcar la agenda legislativa que debe abordarse para atender las necesidades del pueblo de M\u00e9xico.<\/p>\n\n\n\n<p>A las reuniones previas ya se integr\u00f3 de nueva cuenta el Diputado Gustavo C\u00e1rdenas Monroy con el fin de apoyar los trabajos que preside el Coordinador de la bancada pri\u00edsta del Congreso de la Uni\u00f3n Dip. Rub\u00e9n Moreira Vald\u00e9s.<\/p>\n\n\n\n<p>Su incorporaci\u00f3n a los trabajos legislativos es de cara a la recta final del primer periodo de sesiones ordinarias de la LXV Legislatura. La cual demandar\u00e1 participaci\u00f3n en comisiones y en tribuna.<\/p>\n\n\n\n<p>El legislador mexiquense ostenta la Secretario adjunta a la Presidencia Nacional del PRI, la Delegaci\u00f3n general del PRI en la Ciudad de M\u00e9xico y es Consejero Nacional del PRI.<\/p>\n\n\n\n<p>En la C\u00e1mara federal es Secretario de la Comisi\u00f3n de Desarrollo Urbano y Ordenamiento Territorial de la LXV Legislatura federal.<\/p>\n","protected":false},"excerpt":{"rendered":"<p>Con las sesiones ordinarias en la C\u00e1mara de Diputados, previamente el Grupo Parlamentario del PRI se re\u00fane para marcar la agenda legislativa que debe abordarse para atender las  necesidades del pueblo de M\u00e9xico.  <\/p>\n","protected":false},"author":1,"featured_media":2532,"comment_status":"open","ping_status":"open","sticky":false,"template":"","format":"standard","meta":{"footnotes":""},"categories":[12],"tags":[33],"class_list":["post-2531","post","type-post","status-publish","format-standard","has-post-thumbnail","hentry","category-politica","tag-pri"],"yoast_head":"<!-- This site is optimized with the Yoast SEO plugin v24.9 - https:\/\/yoast.com\/wordpress\/plugins\/seo\/ -->\n<title>MARCA GRUPO PARLAMENTARIO DEL PRI LA AGENDA LEGISLATIVA - 21 Panorama<\/title>\n<meta name=\"robots\" content=\"index, follow, max-snippet:-1, max-image-preview:large, max-video-preview:-1\" \/>\n<link rel=\"canonical\" href=\"https:\/\/21panorama.com\/index.php\/2021\/12\/02\/marca-grupo-parlamentario-del-pri-la-agenda-legislativa\/\" \/>\n<meta property=\"og:locale\" content=\"es_MX\" \/>\n<meta property=\"og:type\" content=\"article\" \/>\n<meta property=\"og:title\" content=\"MARCA GRUPO PARLAMENTARIO DEL PRI LA AGENDA LEGISLATIVA - 21 Panorama\" \/>\n<meta property=\"og:description\" content=\"Con las sesiones ordinarias en la C\u00e1mara de Diputados, previamente el Grupo Parlamentario del PRI se re\u00fane para marcar la agenda legislativa que debe abordarse para atender las necesidades del pueblo de M\u00e9xico.\" \/>\n<meta property=\"og:url\" content=\"https:\/\/21panorama.com\/index.php\/2021\/12\/02\/marca-grupo-parlamentario-del-pri-la-agenda-legislativa\/\" \/>\n<meta property=\"og:site_name\" content=\"21 Panorama\" \/>\n<meta property=\"article:published_time\" content=\"2021-12-02T20:42:57+00:00\" \/>\n<meta property=\"article:modified_time\" content=\"2021-12-02T22:17:32+00:00\" \/>\n<meta property=\"og:image\" content=\"https:\/\/21panorama.com\/wp-content\/uploads\/2021\/12\/9eb07a4c-fae4-47a3-9977-e154d7d56240.jpeg\" \/>\n\t<meta property=\"og:image:width\" content=\"1024\" \/>\n\t<meta property=\"og:image:height\" content=\"683\" \/>\n\t<meta property=\"og:image:type\" content=\"image\/jpeg\" \/>\n<meta name=\"author\" content=\"admin\" \/>\n<meta name=\"twitter:card\" content=\"summary_large_image\" \/>\n<meta name=\"twitter:label1\" content=\"Escrito por\" \/>\n\t<meta name=\"twitter:data1\" content=\"admin\" \/>\n\t<meta name=\"twitter:label2\" content=\"Tiempo de lectura\" \/>\n\t<meta name=\"twitter:data2\" content=\"1 minuto\" \/>\n<script type=\"application\/ld+json\" class=\"yoast-schema-graph\">{\"@context\":\"https:\/\/schema.org\",\"@graph\":[{\"@type\":\"Article\",\"@id\":\"https:\/\/21panorama.com\/index.php\/2021\/12\/02\/marca-grupo-parlamentario-del-pri-la-agenda-legislativa\/#article\",\"isPartOf\":{\"@id\":\"https:\/\/21panorama.com\/index.php\/2021\/12\/02\/marca-grupo-parlamentario-del-pri-la-agenda-legislativa\/\"},\"author\":{\"name\":\"admin\",\"@id\":\"https:\/\/21panorama.com\/#\/schema\/person\/1afc291b96d5792a158768324287319f\"},\"headline\":\"MARCA GRUPO PARLAMENTARIO DEL PRI LA AGENDA LEGISLATIVA\",\"datePublished\":\"2021-12-02T20:42:57+00:00\",\"dateModified\":\"2021-12-02T22:17:32+00:00\",\"mainEntityOfPage\":{\"@id\":\"https:\/\/21panorama.com\/index.php\/2021\/12\/02\/marca-grupo-parlamentario-del-pri-la-agenda-legislativa\/\"},\"wordCount\":175,\"commentCount\":0,\"publisher\":{\"@id\":\"https:\/\/21panorama.com\/#organization\"},\"image\":{\"@id\":\"https:\/\/21panorama.com\/index.php\/2021\/12\/02\/marca-grupo-parlamentario-del-pri-la-agenda-legislativa\/#primaryimage\"},\"thumbnailUrl\":\"https:\/\/21panorama.com\/wp-content\/uploads\/2021\/12\/9eb07a4c-fae4-47a3-9977-e154d7d56240.jpeg\",\"keywords\":[\"PRI\"],\"articleSection\":[\"Politica\"],\"inLanguage\":\"es\",\"potentialAction\":[{\"@type\":\"CommentAction\",\"name\":\"Comment\",\"target\":[\"https:\/\/21panorama.com\/index.php\/2021\/12\/02\/marca-grupo-parlamentario-del-pri-la-agenda-legislativa\/#respond\"]}]},{\"@type\":\"WebPage\",\"@id\":\"https:\/\/21panorama.com\/index.php\/2021\/12\/02\/marca-grupo-parlamentario-del-pri-la-agenda-legislativa\/\",\"url\":\"https:\/\/21panorama.com\/index.php\/2021\/12\/02\/marca-grupo-parlamentario-del-pri-la-agenda-legislativa\/\",\"name\":\"MARCA GRUPO PARLAMENTARIO DEL PRI LA AGENDA LEGISLATIVA - 21 Panorama\",\"isPartOf\":{\"@id\":\"https:\/\/21panorama.com\/#website\"},\"primaryImageOfPage\":{\"@id\":\"https:\/\/21panorama.com\/index.php\/2021\/12\/02\/marca-grupo-parlamentario-del-pri-la-agenda-legislativa\/#primaryimage\"},\"image\":{\"@id\":\"https:\/\/21panorama.com\/index.php\/2021\/12\/02\/marca-grupo-parlamentario-del-pri-la-agenda-legislativa\/#primaryimage\"},\"thumbnailUrl\":\"https:\/\/21panorama.com\/wp-content\/uploads\/2021\/12\/9eb07a4c-fae4-47a3-9977-e154d7d56240.jpeg\",\"datePublished\":\"2021-12-02T20:42:57+00:00\",\"dateModified\":\"2021-12-02T22:17:32+00:00\",\"breadcrumb\":{\"@id\":\"https:\/\/21panorama.com\/index.php\/2021\/12\/02\/marca-grupo-parlamentario-del-pri-la-agenda-legislativa\/#breadcrumb\"},\"inLanguage\":\"es\",\"potentialAction\":[{\"@type\":\"ReadAction\",\"target\":[\"https:\/\/21panorama.com\/index.php\/2021\/12\/02\/marca-grupo-parlamentario-del-pri-la-agenda-legislativa\/\"]}]},{\"@type\":\"ImageObject\",\"inLanguage\":\"es\",\"@id\":\"https:\/\/21panorama.com\/index.php\/2021\/12\/02\/marca-grupo-parlamentario-del-pri-la-agenda-legislativa\/#primaryimage\",\"url\":\"https:\/\/21panorama.com\/wp-content\/uploads\/2021\/12\/9eb07a4c-fae4-47a3-9977-e154d7d56240.jpeg\",\"contentUrl\":\"https:\/\/21panorama.com\/wp-content\/uploads\/2021\/12\/9eb07a4c-fae4-47a3-9977-e154d7d56240.jpeg\",\"width\":1024,\"height\":683},{\"@type\":\"BreadcrumbList\",\"@id\":\"https:\/\/21panorama.com\/index.php\/2021\/12\/02\/marca-grupo-parlamentario-del-pri-la-agenda-legislativa\/#breadcrumb\",\"itemListElement\":[{\"@type\":\"ListItem\",\"position\":1,\"name\":\"Inicio\",\"item\":\"https:\/\/21panorama.com\/\"},{\"@type\":\"ListItem\",\"position\":2,\"name\":\"MARCA GRUPO PARLAMENTARIO DEL PRI LA AGENDA LEGISLATIVA\"}]},{\"@type\":\"WebSite\",\"@id\":\"https:\/\/21panorama.com\/#website\",\"url\":\"https:\/\/21panorama.com\/\",\"name\":\"21 Panorama\",\"description\":\"La construcci\u00f3n de la opini\u00f3n p\u00fablica merece un mejor Panorama en este siglo 21 para alcanzar una sociedad con mayor transparencia y sin corrupci\u00f3n.\",\"publisher\":{\"@id\":\"https:\/\/21panorama.com\/#organization\"},\"potentialAction\":[{\"@type\":\"SearchAction\",\"target\":{\"@type\":\"EntryPoint\",\"urlTemplate\":\"https:\/\/21panorama.com\/?s={search_term_string}\"},\"query-input\":{\"@type\":\"PropertyValueSpecification\",\"valueRequired\":true,\"valueName\":\"search_term_string\"}}],\"inLanguage\":\"es\"},{\"@type\":\"Organization\",\"@id\":\"https:\/\/21panorama.com\/#organization\",\"name\":\"21 Panorama\",\"url\":\"https:\/\/21panorama.com\/\",\"logo\":{\"@type\":\"ImageObject\",\"inLanguage\":\"es\",\"@id\":\"https:\/\/21panorama.com\/#\/schema\/logo\/image\/\",\"url\":\"https:\/\/21panorama.com\/wp-content\/uploads\/2019\/07\/cropped-Logo-Panorama-01.jpeg\",\"contentUrl\":\"https:\/\/21panorama.com\/wp-content\/uploads\/2019\/07\/cropped-Logo-Panorama-01.jpeg\",\"width\":290,\"height\":70,\"caption\":\"21 Panorama\"},\"image\":{\"@id\":\"https:\/\/21panorama.com\/#\/schema\/logo\/image\/\"}},{\"@type\":\"Person\",\"@id\":\"https:\/\/21panorama.com\/#\/schema\/person\/1afc291b96d5792a158768324287319f\",\"name\":\"admin\",\"image\":{\"@type\":\"ImageObject\",\"inLanguage\":\"es\",\"@id\":\"https:\/\/21panorama.com\/#\/schema\/person\/image\/\",\"url\":\"https:\/\/secure.gravatar.com\/avatar\/ad365d9d9f46719215b0d042cc3df92a5a8683e09ef13d102233e5491985f0f0?s=96&d=mm&r=g\",\"contentUrl\":\"https:\/\/secure.gravatar.com\/avatar\/ad365d9d9f46719215b0d042cc3df92a5a8683e09ef13d102233e5491985f0f0?s=96&d=mm&r=g\",\"caption\":\"admin\"},\"url\":\"https:\/\/21panorama.com\/index.php\/author\/admin\/\"}]}<\/script>\n<!-- \/ Yoast SEO plugin. -->","yoast_head_json":{"title":"MARCA GRUPO PARLAMENTARIO DEL PRI LA AGENDA LEGISLATIVA - 21 Panorama","robots":{"index":"index","follow":"follow","max-snippet":"max-snippet:-1","max-image-preview":"max-image-preview:large","max-video-preview":"max-video-preview:-1"},"canonical":"https:\/\/21panorama.com\/index.php\/2021\/12\/02\/marca-grupo-parlamentario-del-pri-la-agenda-legislativa\/","og_locale":"es_MX","og_type":"article","og_title":"MARCA GRUPO PARLAMENTARIO DEL PRI LA AGENDA LEGISLATIVA - 21 Panorama","og_description":"Con las sesiones ordinarias en la C\u00e1mara de Diputados, previamente el Grupo Parlamentario del PRI se re\u00fane para marcar la agenda legislativa que debe abordarse para atender las necesidades del pueblo de M\u00e9xico.","og_url":"https:\/\/21panorama.com\/index.php\/2021\/12\/02\/marca-grupo-parlamentario-del-pri-la-agenda-legislativa\/","og_site_name":"21 Panorama","article_published_time":"2021-12-02T20:42:57+00:00","article_modified_time":"2021-12-02T22:17:32+00:00","og_image":[{"width":1024,"height":683,"url":"https:\/\/21panorama.com\/wp-content\/uploads\/2021\/12\/9eb07a4c-fae4-47a3-9977-e154d7d56240.jpeg","type":"image\/jpeg"}],"author":"admin","twitter_card":"summary_large_image","twitter_misc":{"Escrito por":"admin","Tiempo de lectura":"1 minuto"},"schema":{"@context":"https:\/\/schema.org","@graph":[{"@type":"Article","@id":"https:\/\/21panorama.com\/index.php\/2021\/12\/02\/marca-grupo-parlamentario-del-pri-la-agenda-legislativa\/#article","isPartOf":{"@id":"https:\/\/21panorama.com\/index.php\/2021\/12\/02\/marca-grupo-parlamentario-del-pri-la-agenda-legislativa\/"},"author":{"name":"admin","@id":"https:\/\/21panorama.com\/#\/schema\/person\/1afc291b96d5792a158768324287319f"},"headline":"MARCA GRUPO PARLAMENTARIO DEL PRI LA AGENDA LEGISLATIVA","datePublished":"2021-12-02T20:42:57+00:00","dateModified":"2021-12-02T22:17:32+00:00","mainEntityOfPage":{"@id":"https:\/\/21panorama.com\/index.php\/2021\/12\/02\/marca-grupo-parlamentario-del-pri-la-agenda-legislativa\/"},"wordCount":175,"commentCount":0,"publisher":{"@id":"https:\/\/21panorama.com\/#organization"},"image":{"@id":"https:\/\/21panorama.com\/index.php\/2021\/12\/02\/marca-grupo-parlamentario-del-pri-la-agenda-legislativa\/#primaryimage"},"thumbnailUrl":"https:\/\/21panorama.com\/wp-content\/uploads\/2021\/12\/9eb07a4c-fae4-47a3-9977-e154d7d56240.jpeg","keywords":["PRI"],"articleSection":["Politica"],"inLanguage":"es","potentialAction":[{"@type":"CommentAction","name":"Comment","target":["https:\/\/21panorama.com\/index.php\/2021\/12\/02\/marca-grupo-parlamentario-del-pri-la-agenda-legislativa\/#respond"]}]},{"@type":"WebPage","@id":"https:\/\/21panorama.com\/index.php\/2021\/12\/02\/marca-grupo-parlamentario-del-pri-la-agenda-legislativa\/","url":"https:\/\/21panorama.com\/index.php\/2021\/12\/02\/marca-grupo-parlamentario-del-pri-la-agenda-legislativa\/","name":"MARCA GRUPO PARLAMENTARIO DEL PRI LA AGENDA LEGISLATIVA - 21 Panorama","isPartOf":{"@id":"https:\/\/21panorama.com\/#website"},"primaryImageOfPage":{"@id":"https:\/\/21panorama.com\/index.php\/2021\/12\/02\/marca-grupo-parlamentario-del-pri-la-agenda-legislativa\/#primaryimage"},"image":{"@id":"https:\/\/21panorama.com\/index.php\/2021\/12\/02\/marca-grupo-parlamentario-del-pri-la-agenda-legislativa\/#primaryimage"},"thumbnailUrl":"https:\/\/21panorama.com\/wp-content\/uploads\/2021\/12\/9eb07a4c-fae4-47a3-9977-e154d7d56240.jpeg","datePublished":"2021-12-02T20:42:57+00:00","dateModified":"2021-12-02T22:17:32+00:00","breadcrumb":{"@id":"https:\/\/21panorama.com\/index.php\/2021\/12\/02\/marca-grupo-parlamentario-del-pri-la-agenda-legislativa\/#breadcrumb"},"inLanguage":"es","potentialAction":[{"@type":"ReadAction","target":["https:\/\/21panorama.com\/index.php\/2021\/12\/02\/marca-grupo-parlamentario-del-pri-la-agenda-legislativa\/"]}]},{"@type":"ImageObject","inLanguage":"es","@id":"https:\/\/21panorama.com\/index.php\/2021\/12\/02\/marca-grupo-parlamentario-del-pri-la-agenda-legislativa\/#primaryimage","url":"https:\/\/21panorama.com\/wp-content\/uploads\/2021\/12\/9eb07a4c-fae4-47a3-9977-e154d7d56240.jpeg","contentUrl":"https:\/\/21panorama.com\/wp-content\/uploads\/2021\/12\/9eb07a4c-fae4-47a3-9977-e154d7d56240.jpeg","width":1024,"height":683},{"@type":"BreadcrumbList","@id":"https:\/\/21panorama.com\/index.php\/2021\/12\/02\/marca-grupo-parlamentario-del-pri-la-agenda-legislativa\/#breadcrumb","itemListElement":[{"@type":"ListItem","position":1,"name":"Inicio","item":"https:\/\/21panorama.com\/"},{"@type":"ListItem","position":2,"name":"MARCA GRUPO PARLAMENTARIO DEL PRI LA AGENDA LEGISLATIVA"}]},{"@type":"WebSite","@id":"https:\/\/21panorama.com\/#website","url":"https:\/\/21panorama.com\/","name":"21 Panorama","description":"La construcci\u00f3n de la opini\u00f3n p\u00fablica merece un mejor Panorama en este siglo 21 para alcanzar una sociedad con mayor transparencia y sin corrupci\u00f3n.","publisher":{"@id":"https:\/\/21panorama.com\/#organization"},"potentialAction":[{"@type":"SearchAction","target":{"@type":"EntryPoint","urlTemplate":"https:\/\/21panorama.com\/?s={search_term_string}"},"query-input":{"@type":"PropertyValueSpecification","valueRequired":true,"valueName":"search_term_string"}}],"inLanguage":"es"},{"@type":"Organization","@id":"https:\/\/21panorama.com\/#organization","name":"21 Panorama","url":"https:\/\/21panorama.com\/","logo":{"@type":"ImageObject","inLanguage":"es","@id":"https:\/\/21panorama.com\/#\/schema\/logo\/image\/","url":"https:\/\/21panorama.com\/wp-content\/uploads\/2019\/07\/cropped-Logo-Panorama-01.jpeg","contentUrl":"https:\/\/21panorama.com\/wp-content\/uploads\/2019\/07\/cropped-Logo-Panorama-01.jpeg","width":290,"height":70,"caption":"21 Panorama"},"image":{"@id":"https:\/\/21panorama.com\/#\/schema\/logo\/image\/"}},{"@type":"Person","@id":"https:\/\/21panorama.com\/#\/schema\/person\/1afc291b96d5792a158768324287319f","name":"admin","image":{"@type":"ImageObject","inLanguage":"es","@id":"https:\/\/21panorama.com\/#\/schema\/person\/image\/","url":"https:\/\/secure.gravatar.com\/avatar\/ad365d9d9f46719215b0d042cc3df92a5a8683e09ef13d102233e5491985f0f0?s=96&d=mm&r=g","contentUrl":"https:\/\/secure.gravatar.com\/avatar\/ad365d9d9f46719215b0d042cc3df92a5a8683e09ef13d102233e5491985f0f0?s=96&d=mm&r=g","caption":"admin"},"url":"https:\/\/21panorama.com\/index.php\/author\/admin\/"}]}},"_links":{"self":[{"href":"https:\/\/21panorama.com\/index.php\/wp-json\/wp\/v2\/posts\/2531","targetHints":{"allow":["GET"]}}],"collection":[{"href":"https:\/\/21panorama.com\/index.php\/wp-json\/wp\/v2\/posts"}],"about":[{"href":"https:\/\/21panorama.com\/index.php\/wp-json\/wp\/v2\/types\/post"}],"author":[{"embeddable":true,"href":"https:\/\/21panorama.com\/index.php\/wp-json\/wp\/v2\/users\/1"}],"replies":[{"embeddable":true,"href":"https:\/\/21panorama.com\/index.php\/wp-json\/wp\/v2\/comments?post=2531"}],"version-history":[{"count":2,"href":"https:\/\/21panorama.com\/index.php\/wp-json\/wp\/v2\/posts\/2531\/revisions"}],"predecessor-version":[{"id":2534,"href":"https:\/\/21panorama.com\/index.php\/wp-json\/wp\/v2\/posts\/2531\/revisions\/2534"}],"wp:featuredmedia":[{"embeddable":true,"href":"https:\/\/21panorama.com\/index.php\/wp-json\/wp\/v2\/media\/2532"}],"wp:attachment":[{"href":"https:\/\/21panorama.com\/index.php\/wp-json\/wp\/v2\/media?parent=2531"}],"wp:term":[{"taxonomy":"category","embeddable":true,"href":"https:\/\/21panorama.com\/index.php\/wp-json\/wp\/v2\/categories?post=2531"},{"taxonomy":"post_tag","embeddable":true,"href":"https:\/\/21panorama.com\/index.php\/wp-json\/wp\/v2\/tags?post=2531"}],"curies":[{"name":"wp","href":"https:\/\/api.w.org\/{rel}","templated":true}]}}