{"id":2521,"date":"2021-12-01T18:14:33","date_gmt":"2021-12-02T00:14:33","guid":{"rendered":"https:\/\/21panorama.com\/?p=2521"},"modified":"2021-12-01T18:14:34","modified_gmt":"2021-12-02T00:14:34","slug":"lucen-obras-y-programas-sociales-en-tercer-informe-de-aculco","status":"publish","type":"post","link":"https:\/\/21panorama.com\/index.php\/2021\/12\/01\/lucen-obras-y-programas-sociales-en-tercer-informe-de-aculco\/","title":{"rendered":"LUCEN OBRAS Y PROGRAMAS SOCIALES EN TERCER INFORME DE ACULCO"},"content":{"rendered":"\n<p>El Tercer Informe de Resultados est\u00e1 sustentado en el trabajo coordinado con un aliado de Aculco que abri\u00f3 sus puertas para atender y respaldar el trabajo del municipio, por ello \u201cagradezco al gobernador Alfredo del Mazo Maza por estar al pendiente de las necesidades de la gente, por su apoyo incondicional y cumplir su palabra con todos los mexiquenses\u201d.<\/p>\n\n\n\n<p>Destac\u00f3 lo anterior el presidente municipal Jorge Osornio Victoria, quien reconoci\u00f3 al personal del sector salud por atender a los pacientes de Covid, a pesar del riesgo que implica esta labor en la pandemia que afecta a todos.<\/p>\n\n\n\n<p>El informe de actividades estuvo engalanado con la presencia de Ingrid Schemelensky Castro, Presidenta de la Mesa Directiva de la LXI Legislatura, Ricardo Sodi Cuellar, Presidente del Tribunal Superior de Justicia y Mercedes Col\u00edn Guadarrama, Secretaria del Campo del Estado de M\u00e9xico, entre otros funcionarios.<\/p>\n\n\n\n<p>Sobre los logros alcanzados dijo que la pol\u00edtica social del municipio se caracteriz\u00f3 por ser incluyente que busca reducir la brecha de desigualdad y hacer una realidad la justicia social, por eso hemos entregado resultados a la totalidad de la poblaci\u00f3n.<\/p>\n\n\n\n<p>Jorge Osornio se\u00f1al\u00f3 que con un monto de 32.8 millones de pesos se han atendido a m\u00e1s de 27 mil familias invirtiendo en salud, alimentaci\u00f3n, nutrici\u00f3n, educaci\u00f3n, vivienda y recreaci\u00f3n.<\/p>\n\n\n\n<p>Sobre el desarrollo econ\u00f3mico como pilar de crecimiento, dijo que se invirtieron 8.1 millones de pesos para fortalecer las actividades econ\u00f3micas que distinguen al municipio. Para ello se capacitaron a emprendedores por medio de la caravana de promoci\u00f3n econ\u00f3mica y se entregaron apoyos agropecuarios para la poblaci\u00f3n.<\/p>\n\n\n\n<p>El ordenamiento territorial, as\u00ed como la conservaci\u00f3n del medio ambiente y el cuidado de los ecosistemas son l\u00edneas de acci\u00f3n que se emprendieron durante la administraci\u00f3n. Un distintivo de este gobierno es la infraestructura vial y abastecimiento de agua potable, pues se han superado rezagos hist\u00f3ricos en comunidades que no ten\u00edan acceso al vital l\u00edquido, destac\u00f3 el alcalde.<\/p>\n\n\n\n<p>Con una inversi\u00f3n de 103 millones de pesos el pilar territorial ha sido punta de lanza del desarrollo de los aculquenses. Logros que se describen en la construcci\u00f3n de 16 mil 661 metros cuadrados de pavimentaciones de concreto para beneficio de 26 mil habitantes; revestimiento de 24 mil 195 metros lineales y se rehabilitaron 34 mil metros cuadrados de superficie de rodamiento para beneficio de 7 mil habitantes.<\/p>\n\n\n\n<figure class=\"wp-block-gallery columns-3 is-cropped wp-block-gallery-1 is-layout-flex wp-block-gallery-is-layout-flex\"><ul class=\"blocks-gallery-grid\"><li class=\"blocks-gallery-item\"><figure><img decoding=\"async\" width=\"1024\" height=\"682\" src=\"https:\/\/21panorama.com\/wp-content\/uploads\/2021\/12\/bbe3b099-0e20-401d-88fa-8dfbdb218e73-1024x682.jpeg\" alt=\"\" data-id=\"2523\" data-link=\"https:\/\/21panorama.com\/?attachment_id=2523\" class=\"wp-image-2523\" srcset=\"https:\/\/21panorama.com\/wp-content\/uploads\/2021\/12\/bbe3b099-0e20-401d-88fa-8dfbdb218e73-1024x682.jpeg 1024w, https:\/\/21panorama.com\/wp-content\/uploads\/2021\/12\/bbe3b099-0e20-401d-88fa-8dfbdb218e73-300x200.jpeg 300w, https:\/\/21panorama.com\/wp-content\/uploads\/2021\/12\/bbe3b099-0e20-401d-88fa-8dfbdb218e73-768x512.jpeg 768w, https:\/\/21panorama.com\/wp-content\/uploads\/2021\/12\/bbe3b099-0e20-401d-88fa-8dfbdb218e73-1536x1023.jpeg 1536w, https:\/\/21panorama.com\/wp-content\/uploads\/2021\/12\/bbe3b099-0e20-401d-88fa-8dfbdb218e73.jpeg 1600w\" sizes=\"(max-width: 1024px) 100vw, 1024px\" \/><\/figure><\/li><li class=\"blocks-gallery-item\"><figure><img decoding=\"async\" width=\"1024\" height=\"682\" src=\"https:\/\/21panorama.com\/wp-content\/uploads\/2021\/12\/848653d7-b48d-4ddd-896e-da0371c3718c-1024x682.jpeg\" alt=\"\" data-id=\"2524\" data-link=\"https:\/\/21panorama.com\/?attachment_id=2524\" class=\"wp-image-2524\" srcset=\"https:\/\/21panorama.com\/wp-content\/uploads\/2021\/12\/848653d7-b48d-4ddd-896e-da0371c3718c-1024x682.jpeg 1024w, https:\/\/21panorama.com\/wp-content\/uploads\/2021\/12\/848653d7-b48d-4ddd-896e-da0371c3718c-300x200.jpeg 300w, https:\/\/21panorama.com\/wp-content\/uploads\/2021\/12\/848653d7-b48d-4ddd-896e-da0371c3718c-768x512.jpeg 768w, https:\/\/21panorama.com\/wp-content\/uploads\/2021\/12\/848653d7-b48d-4ddd-896e-da0371c3718c-1536x1023.jpeg 1536w, https:\/\/21panorama.com\/wp-content\/uploads\/2021\/12\/848653d7-b48d-4ddd-896e-da0371c3718c.jpeg 1600w\" sizes=\"(max-width: 1024px) 100vw, 1024px\" \/><\/figure><\/li><li class=\"blocks-gallery-item\"><figure><img decoding=\"async\" width=\"682\" height=\"1024\" src=\"https:\/\/21panorama.com\/wp-content\/uploads\/2021\/12\/e6475cbe-40d2-46cb-9349-6c7d67ff2e95-682x1024.jpeg\" alt=\"\" data-id=\"2525\" data-full-url=\"https:\/\/21panorama.com\/wp-content\/uploads\/2021\/12\/e6475cbe-40d2-46cb-9349-6c7d67ff2e95.jpeg\" data-link=\"https:\/\/21panorama.com\/?attachment_id=2525\" class=\"wp-image-2525\" srcset=\"https:\/\/21panorama.com\/wp-content\/uploads\/2021\/12\/e6475cbe-40d2-46cb-9349-6c7d67ff2e95-682x1024.jpeg 682w, https:\/\/21panorama.com\/wp-content\/uploads\/2021\/12\/e6475cbe-40d2-46cb-9349-6c7d67ff2e95-200x300.jpeg 200w, https:\/\/21panorama.com\/wp-content\/uploads\/2021\/12\/e6475cbe-40d2-46cb-9349-6c7d67ff2e95-768x1153.jpeg 768w, https:\/\/21panorama.com\/wp-content\/uploads\/2021\/12\/e6475cbe-40d2-46cb-9349-6c7d67ff2e95-1023x1536.jpeg 1023w, https:\/\/21panorama.com\/wp-content\/uploads\/2021\/12\/e6475cbe-40d2-46cb-9349-6c7d67ff2e95.jpeg 1066w\" sizes=\"(max-width: 682px) 100vw, 682px\" \/><\/figure><\/li><\/ul><\/figure>\n","protected":false},"excerpt":{"rendered":"<p>El gobernador Alfredo del Mazo reiter\u00f3 el compromiso de continuar trabajando con los ayuntamientos mexiquenses, en beneficio de las familias, y llam\u00f3 a trabajar por el proyecto hist\u00f3rico de cultura, libertad y trabajo que une a los mexiquenses.  <\/p>\n","protected":false},"author":1,"featured_media":2522,"comment_status":"open","ping_status":"open","sticky":false,"template":"","format":"standard","meta":{"footnotes":""},"categories":[1],"tags":[166],"class_list":["post-2521","post","type-post","status-publish","format-standard","has-post-thumbnail","hentry","category-sociedad","tag-aculco"],"yoast_head":"<!-- This site is optimized with the Yoast SEO plugin v24.9 - https:\/\/yoast.com\/wordpress\/plugins\/seo\/ -->\n<title>LUCEN OBRAS Y PROGRAMAS SOCIALES EN TERCER INFORME DE ACULCO - 21 Panorama<\/title>\n<meta name=\"robots\" content=\"index, follow, max-snippet:-1, max-image-preview:large, max-video-preview:-1\" \/>\n<link rel=\"canonical\" href=\"https:\/\/21panorama.com\/index.php\/2021\/12\/01\/lucen-obras-y-programas-sociales-en-tercer-informe-de-aculco\/\" \/>\n<meta property=\"og:locale\" content=\"es_MX\" \/>\n<meta property=\"og:type\" content=\"article\" \/>\n<meta property=\"og:title\" content=\"LUCEN OBRAS Y PROGRAMAS SOCIALES EN TERCER INFORME DE ACULCO - 21 Panorama\" \/>\n<meta property=\"og:description\" content=\"El gobernador Alfredo del Mazo reiter\u00f3 el compromiso de continuar trabajando con los ayuntamientos mexiquenses, en beneficio de las familias, y llam\u00f3 a trabajar por el proyecto hist\u00f3rico de cultura, libertad y trabajo que une a los mexiquenses.\" \/>\n<meta property=\"og:url\" content=\"https:\/\/21panorama.com\/index.php\/2021\/12\/01\/lucen-obras-y-programas-sociales-en-tercer-informe-de-aculco\/\" \/>\n<meta property=\"og:site_name\" content=\"21 Panorama\" \/>\n<meta property=\"article:published_time\" content=\"2021-12-02T00:14:33+00:00\" \/>\n<meta property=\"article:modified_time\" content=\"2021-12-02T00:14:34+00:00\" \/>\n<meta property=\"og:image\" content=\"https:\/\/21panorama.com\/wp-content\/uploads\/2021\/12\/ebcc59f8-ca09-4a2a-a722-9390bc963108.jpeg\" \/>\n\t<meta property=\"og:image:width\" content=\"1600\" \/>\n\t<meta property=\"og:image:height\" content=\"1030\" \/>\n\t<meta property=\"og:image:type\" content=\"image\/jpeg\" \/>\n<meta name=\"author\" content=\"admin\" \/>\n<meta name=\"twitter:card\" content=\"summary_large_image\" \/>\n<meta name=\"twitter:label1\" content=\"Escrito por\" \/>\n\t<meta name=\"twitter:data1\" content=\"admin\" \/>\n\t<meta name=\"twitter:label2\" content=\"Tiempo de lectura\" \/>\n\t<meta name=\"twitter:data2\" content=\"3 minutos\" \/>\n<script type=\"application\/ld+json\" class=\"yoast-schema-graph\">{\"@context\":\"https:\/\/schema.org\",\"@graph\":[{\"@type\":\"Article\",\"@id\":\"https:\/\/21panorama.com\/index.php\/2021\/12\/01\/lucen-obras-y-programas-sociales-en-tercer-informe-de-aculco\/#article\",\"isPartOf\":{\"@id\":\"https:\/\/21panorama.com\/index.php\/2021\/12\/01\/lucen-obras-y-programas-sociales-en-tercer-informe-de-aculco\/\"},\"author\":{\"name\":\"admin\",\"@id\":\"https:\/\/21panorama.com\/#\/schema\/person\/1afc291b96d5792a158768324287319f\"},\"headline\":\"LUCEN OBRAS Y PROGRAMAS SOCIALES EN TERCER INFORME DE ACULCO\",\"datePublished\":\"2021-12-02T00:14:33+00:00\",\"dateModified\":\"2021-12-02T00:14:34+00:00\",\"mainEntityOfPage\":{\"@id\":\"https:\/\/21panorama.com\/index.php\/2021\/12\/01\/lucen-obras-y-programas-sociales-en-tercer-informe-de-aculco\/\"},\"wordCount\":409,\"commentCount\":0,\"publisher\":{\"@id\":\"https:\/\/21panorama.com\/#organization\"},\"image\":{\"@id\":\"https:\/\/21panorama.com\/index.php\/2021\/12\/01\/lucen-obras-y-programas-sociales-en-tercer-informe-de-aculco\/#primaryimage\"},\"thumbnailUrl\":\"https:\/\/21panorama.com\/wp-content\/uploads\/2021\/12\/ebcc59f8-ca09-4a2a-a722-9390bc963108.jpeg\",\"keywords\":[\"aculco\"],\"articleSection\":[\"Sociedad\"],\"inLanguage\":\"es\",\"potentialAction\":[{\"@type\":\"CommentAction\",\"name\":\"Comment\",\"target\":[\"https:\/\/21panorama.com\/index.php\/2021\/12\/01\/lucen-obras-y-programas-sociales-en-tercer-informe-de-aculco\/#respond\"]}]},{\"@type\":\"WebPage\",\"@id\":\"https:\/\/21panorama.com\/index.php\/2021\/12\/01\/lucen-obras-y-programas-sociales-en-tercer-informe-de-aculco\/\",\"url\":\"https:\/\/21panorama.com\/index.php\/2021\/12\/01\/lucen-obras-y-programas-sociales-en-tercer-informe-de-aculco\/\",\"name\":\"LUCEN OBRAS Y PROGRAMAS SOCIALES EN TERCER INFORME DE ACULCO - 21 Panorama\",\"isPartOf\":{\"@id\":\"https:\/\/21panorama.com\/#website\"},\"primaryImageOfPage\":{\"@id\":\"https:\/\/21panorama.com\/index.php\/2021\/12\/01\/lucen-obras-y-programas-sociales-en-tercer-informe-de-aculco\/#primaryimage\"},\"image\":{\"@id\":\"https:\/\/21panorama.com\/index.php\/2021\/12\/01\/lucen-obras-y-programas-sociales-en-tercer-informe-de-aculco\/#primaryimage\"},\"thumbnailUrl\":\"https:\/\/21panorama.com\/wp-content\/uploads\/2021\/12\/ebcc59f8-ca09-4a2a-a722-9390bc963108.jpeg\",\"datePublished\":\"2021-12-02T00:14:33+00:00\",\"dateModified\":\"2021-12-02T00:14:34+00:00\",\"breadcrumb\":{\"@id\":\"https:\/\/21panorama.com\/index.php\/2021\/12\/01\/lucen-obras-y-programas-sociales-en-tercer-informe-de-aculco\/#breadcrumb\"},\"inLanguage\":\"es\",\"potentialAction\":[{\"@type\":\"ReadAction\",\"target\":[\"https:\/\/21panorama.com\/index.php\/2021\/12\/01\/lucen-obras-y-programas-sociales-en-tercer-informe-de-aculco\/\"]}]},{\"@type\":\"ImageObject\",\"inLanguage\":\"es\",\"@id\":\"https:\/\/21panorama.com\/index.php\/2021\/12\/01\/lucen-obras-y-programas-sociales-en-tercer-informe-de-aculco\/#primaryimage\",\"url\":\"https:\/\/21panorama.com\/wp-content\/uploads\/2021\/12\/ebcc59f8-ca09-4a2a-a722-9390bc963108.jpeg\",\"contentUrl\":\"https:\/\/21panorama.com\/wp-content\/uploads\/2021\/12\/ebcc59f8-ca09-4a2a-a722-9390bc963108.jpeg\",\"width\":1600,\"height\":1030},{\"@type\":\"BreadcrumbList\",\"@id\":\"https:\/\/21panorama.com\/index.php\/2021\/12\/01\/lucen-obras-y-programas-sociales-en-tercer-informe-de-aculco\/#breadcrumb\",\"itemListElement\":[{\"@type\":\"ListItem\",\"position\":1,\"name\":\"Inicio\",\"item\":\"https:\/\/21panorama.com\/\"},{\"@type\":\"ListItem\",\"position\":2,\"name\":\"LUCEN OBRAS Y PROGRAMAS SOCIALES EN TERCER INFORME DE ACULCO\"}]},{\"@type\":\"WebSite\",\"@id\":\"https:\/\/21panorama.com\/#website\",\"url\":\"https:\/\/21panorama.com\/\",\"name\":\"21 Panorama\",\"description\":\"La construcci\u00f3n de la opini\u00f3n p\u00fablica merece un mejor Panorama en este siglo 21 para alcanzar una sociedad con mayor transparencia y sin corrupci\u00f3n.\",\"publisher\":{\"@id\":\"https:\/\/21panorama.com\/#organization\"},\"potentialAction\":[{\"@type\":\"SearchAction\",\"target\":{\"@type\":\"EntryPoint\",\"urlTemplate\":\"https:\/\/21panorama.com\/?s={search_term_string}\"},\"query-input\":{\"@type\":\"PropertyValueSpecification\",\"valueRequired\":true,\"valueName\":\"search_term_string\"}}],\"inLanguage\":\"es\"},{\"@type\":\"Organization\",\"@id\":\"https:\/\/21panorama.com\/#organization\",\"name\":\"21 Panorama\",\"url\":\"https:\/\/21panorama.com\/\",\"logo\":{\"@type\":\"ImageObject\",\"inLanguage\":\"es\",\"@id\":\"https:\/\/21panorama.com\/#\/schema\/logo\/image\/\",\"url\":\"https:\/\/21panorama.com\/wp-content\/uploads\/2019\/07\/cropped-Logo-Panorama-01.jpeg\",\"contentUrl\":\"https:\/\/21panorama.com\/wp-content\/uploads\/2019\/07\/cropped-Logo-Panorama-01.jpeg\",\"width\":290,\"height\":70,\"caption\":\"21 Panorama\"},\"image\":{\"@id\":\"https:\/\/21panorama.com\/#\/schema\/logo\/image\/\"}},{\"@type\":\"Person\",\"@id\":\"https:\/\/21panorama.com\/#\/schema\/person\/1afc291b96d5792a158768324287319f\",\"name\":\"admin\",\"image\":{\"@type\":\"ImageObject\",\"inLanguage\":\"es\",\"@id\":\"https:\/\/21panorama.com\/#\/schema\/person\/image\/\",\"url\":\"https:\/\/secure.gravatar.com\/avatar\/ad365d9d9f46719215b0d042cc3df92a5a8683e09ef13d102233e5491985f0f0?s=96&d=mm&r=g\",\"contentUrl\":\"https:\/\/secure.gravatar.com\/avatar\/ad365d9d9f46719215b0d042cc3df92a5a8683e09ef13d102233e5491985f0f0?s=96&d=mm&r=g\",\"caption\":\"admin\"},\"url\":\"https:\/\/21panorama.com\/index.php\/author\/admin\/\"}]}<\/script>\n<!-- \/ Yoast SEO plugin. -->","yoast_head_json":{"title":"LUCEN OBRAS Y PROGRAMAS SOCIALES EN TERCER INFORME DE ACULCO - 21 Panorama","robots":{"index":"index","follow":"follow","max-snippet":"max-snippet:-1","max-image-preview":"max-image-preview:large","max-video-preview":"max-video-preview:-1"},"canonical":"https:\/\/21panorama.com\/index.php\/2021\/12\/01\/lucen-obras-y-programas-sociales-en-tercer-informe-de-aculco\/","og_locale":"es_MX","og_type":"article","og_title":"LUCEN OBRAS Y PROGRAMAS SOCIALES EN TERCER INFORME DE ACULCO - 21 Panorama","og_description":"El gobernador Alfredo del Mazo reiter\u00f3 el compromiso de continuar trabajando con los ayuntamientos mexiquenses, en beneficio de las familias, y llam\u00f3 a trabajar por el proyecto hist\u00f3rico de cultura, libertad y trabajo que une a los mexiquenses.","og_url":"https:\/\/21panorama.com\/index.php\/2021\/12\/01\/lucen-obras-y-programas-sociales-en-tercer-informe-de-aculco\/","og_site_name":"21 Panorama","article_published_time":"2021-12-02T00:14:33+00:00","article_modified_time":"2021-12-02T00:14:34+00:00","og_image":[{"width":1600,"height":1030,"url":"https:\/\/21panorama.com\/wp-content\/uploads\/2021\/12\/ebcc59f8-ca09-4a2a-a722-9390bc963108.jpeg","type":"image\/jpeg"}],"author":"admin","twitter_card":"summary_large_image","twitter_misc":{"Escrito por":"admin","Tiempo de lectura":"3 minutos"},"schema":{"@context":"https:\/\/schema.org","@graph":[{"@type":"Article","@id":"https:\/\/21panorama.com\/index.php\/2021\/12\/01\/lucen-obras-y-programas-sociales-en-tercer-informe-de-aculco\/#article","isPartOf":{"@id":"https:\/\/21panorama.com\/index.php\/2021\/12\/01\/lucen-obras-y-programas-sociales-en-tercer-informe-de-aculco\/"},"author":{"name":"admin","@id":"https:\/\/21panorama.com\/#\/schema\/person\/1afc291b96d5792a158768324287319f"},"headline":"LUCEN OBRAS Y PROGRAMAS SOCIALES EN TERCER INFORME DE ACULCO","datePublished":"2021-12-02T00:14:33+00:00","dateModified":"2021-12-02T00:14:34+00:00","mainEntityOfPage":{"@id":"https:\/\/21panorama.com\/index.php\/2021\/12\/01\/lucen-obras-y-programas-sociales-en-tercer-informe-de-aculco\/"},"wordCount":409,"commentCount":0,"publisher":{"@id":"https:\/\/21panorama.com\/#organization"},"image":{"@id":"https:\/\/21panorama.com\/index.php\/2021\/12\/01\/lucen-obras-y-programas-sociales-en-tercer-informe-de-aculco\/#primaryimage"},"thumbnailUrl":"https:\/\/21panorama.com\/wp-content\/uploads\/2021\/12\/ebcc59f8-ca09-4a2a-a722-9390bc963108.jpeg","keywords":["aculco"],"articleSection":["Sociedad"],"inLanguage":"es","potentialAction":[{"@type":"CommentAction","name":"Comment","target":["https:\/\/21panorama.com\/index.php\/2021\/12\/01\/lucen-obras-y-programas-sociales-en-tercer-informe-de-aculco\/#respond"]}]},{"@type":"WebPage","@id":"https:\/\/21panorama.com\/index.php\/2021\/12\/01\/lucen-obras-y-programas-sociales-en-tercer-informe-de-aculco\/","url":"https:\/\/21panorama.com\/index.php\/2021\/12\/01\/lucen-obras-y-programas-sociales-en-tercer-informe-de-aculco\/","name":"LUCEN OBRAS Y PROGRAMAS SOCIALES EN TERCER INFORME DE ACULCO - 21 Panorama","isPartOf":{"@id":"https:\/\/21panorama.com\/#website"},"primaryImageOfPage":{"@id":"https:\/\/21panorama.com\/index.php\/2021\/12\/01\/lucen-obras-y-programas-sociales-en-tercer-informe-de-aculco\/#primaryimage"},"image":{"@id":"https:\/\/21panorama.com\/index.php\/2021\/12\/01\/lucen-obras-y-programas-sociales-en-tercer-informe-de-aculco\/#primaryimage"},"thumbnailUrl":"https:\/\/21panorama.com\/wp-content\/uploads\/2021\/12\/ebcc59f8-ca09-4a2a-a722-9390bc963108.jpeg","datePublished":"2021-12-02T00:14:33+00:00","dateModified":"2021-12-02T00:14:34+00:00","breadcrumb":{"@id":"https:\/\/21panorama.com\/index.php\/2021\/12\/01\/lucen-obras-y-programas-sociales-en-tercer-informe-de-aculco\/#breadcrumb"},"inLanguage":"es","potentialAction":[{"@type":"ReadAction","target":["https:\/\/21panorama.com\/index.php\/2021\/12\/01\/lucen-obras-y-programas-sociales-en-tercer-informe-de-aculco\/"]}]},{"@type":"ImageObject","inLanguage":"es","@id":"https:\/\/21panorama.com\/index.php\/2021\/12\/01\/lucen-obras-y-programas-sociales-en-tercer-informe-de-aculco\/#primaryimage","url":"https:\/\/21panorama.com\/wp-content\/uploads\/2021\/12\/ebcc59f8-ca09-4a2a-a722-9390bc963108.jpeg","contentUrl":"https:\/\/21panorama.com\/wp-content\/uploads\/2021\/12\/ebcc59f8-ca09-4a2a-a722-9390bc963108.jpeg","width":1600,"height":1030},{"@type":"BreadcrumbList","@id":"https:\/\/21panorama.com\/index.php\/2021\/12\/01\/lucen-obras-y-programas-sociales-en-tercer-informe-de-aculco\/#breadcrumb","itemListElement":[{"@type":"ListItem","position":1,"name":"Inicio","item":"https:\/\/21panorama.com\/"},{"@type":"ListItem","position":2,"name":"LUCEN OBRAS Y PROGRAMAS SOCIALES EN TERCER INFORME DE ACULCO"}]},{"@type":"WebSite","@id":"https:\/\/21panorama.com\/#website","url":"https:\/\/21panorama.com\/","name":"21 Panorama","description":"La construcci\u00f3n de la opini\u00f3n p\u00fablica merece un mejor Panorama en este siglo 21 para alcanzar una sociedad con mayor transparencia y sin corrupci\u00f3n.","publisher":{"@id":"https:\/\/21panorama.com\/#organization"},"potentialAction":[{"@type":"SearchAction","target":{"@type":"EntryPoint","urlTemplate":"https:\/\/21panorama.com\/?s={search_term_string}"},"query-input":{"@type":"PropertyValueSpecification","valueRequired":true,"valueName":"search_term_string"}}],"inLanguage":"es"},{"@type":"Organization","@id":"https:\/\/21panorama.com\/#organization","name":"21 Panorama","url":"https:\/\/21panorama.com\/","logo":{"@type":"ImageObject","inLanguage":"es","@id":"https:\/\/21panorama.com\/#\/schema\/logo\/image\/","url":"https:\/\/21panorama.com\/wp-content\/uploads\/2019\/07\/cropped-Logo-Panorama-01.jpeg","contentUrl":"https:\/\/21panorama.com\/wp-content\/uploads\/2019\/07\/cropped-Logo-Panorama-01.jpeg","width":290,"height":70,"caption":"21 Panorama"},"image":{"@id":"https:\/\/21panorama.com\/#\/schema\/logo\/image\/"}},{"@type":"Person","@id":"https:\/\/21panorama.com\/#\/schema\/person\/1afc291b96d5792a158768324287319f","name":"admin","image":{"@type":"ImageObject","inLanguage":"es","@id":"https:\/\/21panorama.com\/#\/schema\/person\/image\/","url":"https:\/\/secure.gravatar.com\/avatar\/ad365d9d9f46719215b0d042cc3df92a5a8683e09ef13d102233e5491985f0f0?s=96&d=mm&r=g","contentUrl":"https:\/\/secure.gravatar.com\/avatar\/ad365d9d9f46719215b0d042cc3df92a5a8683e09ef13d102233e5491985f0f0?s=96&d=mm&r=g","caption":"admin"},"url":"https:\/\/21panorama.com\/index.php\/author\/admin\/"}]}},"_links":{"self":[{"href":"https:\/\/21panorama.com\/index.php\/wp-json\/wp\/v2\/posts\/2521","targetHints":{"allow":["GET"]}}],"collection":[{"href":"https:\/\/21panorama.com\/index.php\/wp-json\/wp\/v2\/posts"}],"about":[{"href":"https:\/\/21panorama.com\/index.php\/wp-json\/wp\/v2\/types\/post"}],"author":[{"embeddable":true,"href":"https:\/\/21panorama.com\/index.php\/wp-json\/wp\/v2\/users\/1"}],"replies":[{"embeddable":true,"href":"https:\/\/21panorama.com\/index.php\/wp-json\/wp\/v2\/comments?post=2521"}],"version-history":[{"count":1,"href":"https:\/\/21panorama.com\/index.php\/wp-json\/wp\/v2\/posts\/2521\/revisions"}],"predecessor-version":[{"id":2526,"href":"https:\/\/21panorama.com\/index.php\/wp-json\/wp\/v2\/posts\/2521\/revisions\/2526"}],"wp:featuredmedia":[{"embeddable":true,"href":"https:\/\/21panorama.com\/index.php\/wp-json\/wp\/v2\/media\/2522"}],"wp:attachment":[{"href":"https:\/\/21panorama.com\/index.php\/wp-json\/wp\/v2\/media?parent=2521"}],"wp:term":[{"taxonomy":"category","embeddable":true,"href":"https:\/\/21panorama.com\/index.php\/wp-json\/wp\/v2\/categories?post=2521"},{"taxonomy":"post_tag","embeddable":true,"href":"https:\/\/21panorama.com\/index.php\/wp-json\/wp\/v2\/tags?post=2521"}],"curies":[{"name":"wp","href":"https:\/\/api.w.org\/{rel}","templated":true}]}}