{"id":2517,"date":"2021-12-01T17:15:17","date_gmt":"2021-12-01T23:15:17","guid":{"rendered":"https:\/\/21panorama.com\/?p=2517"},"modified":"2021-12-01T17:15:18","modified_gmt":"2021-12-01T23:15:18","slug":"alfredo-del-mazo-reconoce-el-desarrollo-de-aculco","status":"publish","type":"post","link":"https:\/\/21panorama.com\/index.php\/2021\/12\/01\/alfredo-del-mazo-reconoce-el-desarrollo-de-aculco\/","title":{"rendered":"ALFREDO DEL MAZO RECONOCE EL DESARROLLO DE ACULCO"},"content":{"rendered":"\n<p>El presidente municipal de Aculco, Jorge Osornio Victoria, rindi\u00f3 su tercer informe de gobierno al frente de la actual administraci\u00f3n y tom\u00f3 protesta de ley como alcalde para el trienio 2022-2024 ante el gobernador Alfredo del Mazo Maza.\u00a0<br>\u00a0<br>Ante la representaci\u00f3n de los Poderes Legislativo y Judicial, el mandatario mexiquense manifest\u00f3 estar complacido de atestiguar los avances del municipio y los resultados de un presidente municipal que dar\u00e1 continuidad a su trabajo.\u00a0<br>\u00a0<br>\u201cGracias al buen trabajo, a los resultados y a la confianza ciudadana, por eso estamos seguros que seguir\u00e1 cumpliendo al municipio de Aculco\u201d, dijo Alfredo del Mazo Maza al felicitar al cabildo saliente y entrante de la administraci\u00f3n.\u00a0<br>\u00a0<br>En el uso de la palabra, se\u00f1al\u00f3 que el car\u00e1cter de Aculco se vio reflejado en la determinaci\u00f3n con la que dio continuidad a las metas y proyectos trazadas desde el inicio de la administraci\u00f3n a pesar de los retos que implic\u00f3 la pandemia.\u00a0<br>\u00a0<br>\u201cUno de esos compromisos fue el fortalecimiento de la econom\u00eda local a trav\u00e9s del impulso de actividades tur\u00edsticas, el lanzamiento del festival del queso artesanal, la expo culturas del mundo, eventos que promueven la vocaci\u00f3n productiva de Aculco\u201d, a\u00f1adi\u00f3.\u00a0<br>\u00a0<br>Con el mejoramiento de la imagen urbana y la infraestructura de la cabecera municipal se fortalecieron los comercios locales y a pesar de la contingencia ya se registra un aumento importante en el n\u00famero de visitantes.\u00a0<br>\u00a0<br>\u201cMostrando sensibilidad y compromiso, el presidente municipal y su Cabildo fortalecieron los programas sociales del ayuntamiento, buscando un desarrollo mas igualitario, equitativo entre las 63 comunidades de este municipio\u201d, puntualiz\u00f3.\u00a0<br>\u00a0<br>Estos logros han sido por el compromiso del presidente municipal, el respaldo de los regidores y todos los servidores p\u00fablicos municipales; \u201cy por este trabajo nuestro reconocimiento y muchas felicidades a todos los que formaron parte de este trabajo\u201d.\u00a0<br>\u00a0<br>\u00a0<br>Sostuvo que el gobierno del estado de M\u00e9xico acompa\u00f1\u00f3 a trav\u00e9s de sus programas y acciones los proyectos de esta administraci\u00f3n municipal. Este a\u00f1o m\u00e1s de 31 mil 700 habitantes del municipio fueron beneficiarios de los programas sociales.\u00a0<br>\u00a0<br>\u201cM\u00e1s de 111 mil canastas alimentarias, 2 mil 500 proyectos productivos, 2 mil 100 becas, 46 mil paquetes de \u00fatiles escolares que se han entregado a lo largo de este periodo y que de la mano de programas como salario rosa, los microcr\u00e9ditos a mujeres emprendedoras, certificaci\u00f3n de espacios seguros para las mujeres; apoyamos en infraestructura y caminos, bordos para agua, l\u00ednea de agua potable que han beneficiado a este querido municipio\u201d.\u00a0<br>\u00a0<br>Aculco, uno de los municipios mas antiguos de la Naci\u00f3n es representativo de nuestra cultura y hogar de familias trabajadoras que representan lo mejor de nuestros valores y dedican sus esfuerzos a las labores del campo, dijo el gobernador.\u00a0<br>\u00a0<br>\u201cPor su voluntad emprendedora es el cuarto productor estatal de ma\u00edz forrajero, uno de los tres mayores productores de leche y un destacado productor de quesos artesanales a nivel nacional; Pueblo M\u00e1gico desde el 2015 de ha convertido en destino tur\u00edstico\u201d, agreg\u00f3.<\/p>\n\n\n\n<figure class=\"wp-block-image size-large\"><img decoding=\"async\" width=\"1024\" height=\"567\" src=\"https:\/\/21panorama.com\/wp-content\/uploads\/2021\/12\/d47d5438-aaca-499b-a570-40fe730da088-1024x567.jpeg\" alt=\"\" class=\"wp-image-2519\" srcset=\"https:\/\/21panorama.com\/wp-content\/uploads\/2021\/12\/d47d5438-aaca-499b-a570-40fe730da088-1024x567.jpeg 1024w, https:\/\/21panorama.com\/wp-content\/uploads\/2021\/12\/d47d5438-aaca-499b-a570-40fe730da088-300x166.jpeg 300w, https:\/\/21panorama.com\/wp-content\/uploads\/2021\/12\/d47d5438-aaca-499b-a570-40fe730da088-768x425.jpeg 768w, https:\/\/21panorama.com\/wp-content\/uploads\/2021\/12\/d47d5438-aaca-499b-a570-40fe730da088.jpeg 1495w\" sizes=\"(max-width: 1024px) 100vw, 1024px\" \/><\/figure>\n\n\n\n<p><\/p>\n","protected":false},"excerpt":{"rendered":"<p>Tom\u00f3 protesta a Jorge Osornio Victoria como alcalde para la administraci\u00f3n 2022-2024. <\/p>\n","protected":false},"author":1,"featured_media":2518,"comment_status":"open","ping_status":"open","sticky":false,"template":"","format":"standard","meta":{"footnotes":""},"categories":[1],"tags":[166],"class_list":["post-2517","post","type-post","status-publish","format-standard","has-post-thumbnail","hentry","category-sociedad","tag-aculco"],"yoast_head":"<!-- This site is optimized with the Yoast SEO plugin v24.9 - https:\/\/yoast.com\/wordpress\/plugins\/seo\/ -->\n<title>ALFREDO DEL MAZO RECONOCE EL DESARROLLO DE ACULCO - 21 Panorama<\/title>\n<meta name=\"robots\" content=\"index, follow, max-snippet:-1, max-image-preview:large, max-video-preview:-1\" \/>\n<link rel=\"canonical\" href=\"https:\/\/21panorama.com\/index.php\/2021\/12\/01\/alfredo-del-mazo-reconoce-el-desarrollo-de-aculco\/\" \/>\n<meta property=\"og:locale\" content=\"es_MX\" \/>\n<meta property=\"og:type\" content=\"article\" \/>\n<meta property=\"og:title\" content=\"ALFREDO DEL MAZO RECONOCE EL DESARROLLO DE ACULCO - 21 Panorama\" \/>\n<meta property=\"og:description\" content=\"Tom\u00f3 protesta a Jorge Osornio Victoria como alcalde para la administraci\u00f3n 2022-2024.\" \/>\n<meta property=\"og:url\" content=\"https:\/\/21panorama.com\/index.php\/2021\/12\/01\/alfredo-del-mazo-reconoce-el-desarrollo-de-aculco\/\" \/>\n<meta property=\"og:site_name\" content=\"21 Panorama\" \/>\n<meta property=\"article:published_time\" content=\"2021-12-01T23:15:17+00:00\" \/>\n<meta property=\"article:modified_time\" content=\"2021-12-01T23:15:18+00:00\" \/>\n<meta property=\"og:image\" content=\"https:\/\/21panorama.com\/wp-content\/uploads\/2021\/12\/4b9fa036-de91-4adc-b129-55b23f11e43e.jpeg\" \/>\n\t<meta property=\"og:image:width\" content=\"1479\" \/>\n\t<meta property=\"og:image:height\" content=\"828\" \/>\n\t<meta property=\"og:image:type\" content=\"image\/jpeg\" \/>\n<meta name=\"author\" content=\"admin\" \/>\n<meta name=\"twitter:card\" content=\"summary_large_image\" \/>\n<meta name=\"twitter:label1\" content=\"Escrito por\" \/>\n\t<meta name=\"twitter:data1\" content=\"admin\" \/>\n\t<meta name=\"twitter:label2\" content=\"Tiempo de lectura\" \/>\n\t<meta name=\"twitter:data2\" content=\"3 minutos\" \/>\n<script type=\"application\/ld+json\" class=\"yoast-schema-graph\">{\"@context\":\"https:\/\/schema.org\",\"@graph\":[{\"@type\":\"Article\",\"@id\":\"https:\/\/21panorama.com\/index.php\/2021\/12\/01\/alfredo-del-mazo-reconoce-el-desarrollo-de-aculco\/#article\",\"isPartOf\":{\"@id\":\"https:\/\/21panorama.com\/index.php\/2021\/12\/01\/alfredo-del-mazo-reconoce-el-desarrollo-de-aculco\/\"},\"author\":{\"name\":\"admin\",\"@id\":\"https:\/\/21panorama.com\/#\/schema\/person\/1afc291b96d5792a158768324287319f\"},\"headline\":\"ALFREDO DEL MAZO RECONOCE EL DESARROLLO DE ACULCO\",\"datePublished\":\"2021-12-01T23:15:17+00:00\",\"dateModified\":\"2021-12-01T23:15:18+00:00\",\"mainEntityOfPage\":{\"@id\":\"https:\/\/21panorama.com\/index.php\/2021\/12\/01\/alfredo-del-mazo-reconoce-el-desarrollo-de-aculco\/\"},\"wordCount\":514,\"commentCount\":0,\"publisher\":{\"@id\":\"https:\/\/21panorama.com\/#organization\"},\"image\":{\"@id\":\"https:\/\/21panorama.com\/index.php\/2021\/12\/01\/alfredo-del-mazo-reconoce-el-desarrollo-de-aculco\/#primaryimage\"},\"thumbnailUrl\":\"https:\/\/21panorama.com\/wp-content\/uploads\/2021\/12\/4b9fa036-de91-4adc-b129-55b23f11e43e.jpeg\",\"keywords\":[\"aculco\"],\"articleSection\":[\"Sociedad\"],\"inLanguage\":\"es\",\"potentialAction\":[{\"@type\":\"CommentAction\",\"name\":\"Comment\",\"target\":[\"https:\/\/21panorama.com\/index.php\/2021\/12\/01\/alfredo-del-mazo-reconoce-el-desarrollo-de-aculco\/#respond\"]}]},{\"@type\":\"WebPage\",\"@id\":\"https:\/\/21panorama.com\/index.php\/2021\/12\/01\/alfredo-del-mazo-reconoce-el-desarrollo-de-aculco\/\",\"url\":\"https:\/\/21panorama.com\/index.php\/2021\/12\/01\/alfredo-del-mazo-reconoce-el-desarrollo-de-aculco\/\",\"name\":\"ALFREDO DEL MAZO RECONOCE EL DESARROLLO DE ACULCO - 21 Panorama\",\"isPartOf\":{\"@id\":\"https:\/\/21panorama.com\/#website\"},\"primaryImageOfPage\":{\"@id\":\"https:\/\/21panorama.com\/index.php\/2021\/12\/01\/alfredo-del-mazo-reconoce-el-desarrollo-de-aculco\/#primaryimage\"},\"image\":{\"@id\":\"https:\/\/21panorama.com\/index.php\/2021\/12\/01\/alfredo-del-mazo-reconoce-el-desarrollo-de-aculco\/#primaryimage\"},\"thumbnailUrl\":\"https:\/\/21panorama.com\/wp-content\/uploads\/2021\/12\/4b9fa036-de91-4adc-b129-55b23f11e43e.jpeg\",\"datePublished\":\"2021-12-01T23:15:17+00:00\",\"dateModified\":\"2021-12-01T23:15:18+00:00\",\"breadcrumb\":{\"@id\":\"https:\/\/21panorama.com\/index.php\/2021\/12\/01\/alfredo-del-mazo-reconoce-el-desarrollo-de-aculco\/#breadcrumb\"},\"inLanguage\":\"es\",\"potentialAction\":[{\"@type\":\"ReadAction\",\"target\":[\"https:\/\/21panorama.com\/index.php\/2021\/12\/01\/alfredo-del-mazo-reconoce-el-desarrollo-de-aculco\/\"]}]},{\"@type\":\"ImageObject\",\"inLanguage\":\"es\",\"@id\":\"https:\/\/21panorama.com\/index.php\/2021\/12\/01\/alfredo-del-mazo-reconoce-el-desarrollo-de-aculco\/#primaryimage\",\"url\":\"https:\/\/21panorama.com\/wp-content\/uploads\/2021\/12\/4b9fa036-de91-4adc-b129-55b23f11e43e.jpeg\",\"contentUrl\":\"https:\/\/21panorama.com\/wp-content\/uploads\/2021\/12\/4b9fa036-de91-4adc-b129-55b23f11e43e.jpeg\",\"width\":1479,\"height\":828},{\"@type\":\"BreadcrumbList\",\"@id\":\"https:\/\/21panorama.com\/index.php\/2021\/12\/01\/alfredo-del-mazo-reconoce-el-desarrollo-de-aculco\/#breadcrumb\",\"itemListElement\":[{\"@type\":\"ListItem\",\"position\":1,\"name\":\"Inicio\",\"item\":\"https:\/\/21panorama.com\/\"},{\"@type\":\"ListItem\",\"position\":2,\"name\":\"ALFREDO DEL MAZO RECONOCE EL DESARROLLO DE ACULCO\"}]},{\"@type\":\"WebSite\",\"@id\":\"https:\/\/21panorama.com\/#website\",\"url\":\"https:\/\/21panorama.com\/\",\"name\":\"21 Panorama\",\"description\":\"La construcci\u00f3n de la opini\u00f3n p\u00fablica merece un mejor Panorama en este siglo 21 para alcanzar una sociedad con mayor transparencia y sin corrupci\u00f3n.\",\"publisher\":{\"@id\":\"https:\/\/21panorama.com\/#organization\"},\"potentialAction\":[{\"@type\":\"SearchAction\",\"target\":{\"@type\":\"EntryPoint\",\"urlTemplate\":\"https:\/\/21panorama.com\/?s={search_term_string}\"},\"query-input\":{\"@type\":\"PropertyValueSpecification\",\"valueRequired\":true,\"valueName\":\"search_term_string\"}}],\"inLanguage\":\"es\"},{\"@type\":\"Organization\",\"@id\":\"https:\/\/21panorama.com\/#organization\",\"name\":\"21 Panorama\",\"url\":\"https:\/\/21panorama.com\/\",\"logo\":{\"@type\":\"ImageObject\",\"inLanguage\":\"es\",\"@id\":\"https:\/\/21panorama.com\/#\/schema\/logo\/image\/\",\"url\":\"https:\/\/21panorama.com\/wp-content\/uploads\/2019\/07\/cropped-Logo-Panorama-01.jpeg\",\"contentUrl\":\"https:\/\/21panorama.com\/wp-content\/uploads\/2019\/07\/cropped-Logo-Panorama-01.jpeg\",\"width\":290,\"height\":70,\"caption\":\"21 Panorama\"},\"image\":{\"@id\":\"https:\/\/21panorama.com\/#\/schema\/logo\/image\/\"}},{\"@type\":\"Person\",\"@id\":\"https:\/\/21panorama.com\/#\/schema\/person\/1afc291b96d5792a158768324287319f\",\"name\":\"admin\",\"image\":{\"@type\":\"ImageObject\",\"inLanguage\":\"es\",\"@id\":\"https:\/\/21panorama.com\/#\/schema\/person\/image\/\",\"url\":\"https:\/\/secure.gravatar.com\/avatar\/ad365d9d9f46719215b0d042cc3df92a5a8683e09ef13d102233e5491985f0f0?s=96&d=mm&r=g\",\"contentUrl\":\"https:\/\/secure.gravatar.com\/avatar\/ad365d9d9f46719215b0d042cc3df92a5a8683e09ef13d102233e5491985f0f0?s=96&d=mm&r=g\",\"caption\":\"admin\"},\"url\":\"https:\/\/21panorama.com\/index.php\/author\/admin\/\"}]}<\/script>\n<!-- \/ Yoast SEO plugin. -->","yoast_head_json":{"title":"ALFREDO DEL MAZO RECONOCE EL DESARROLLO DE ACULCO - 21 Panorama","robots":{"index":"index","follow":"follow","max-snippet":"max-snippet:-1","max-image-preview":"max-image-preview:large","max-video-preview":"max-video-preview:-1"},"canonical":"https:\/\/21panorama.com\/index.php\/2021\/12\/01\/alfredo-del-mazo-reconoce-el-desarrollo-de-aculco\/","og_locale":"es_MX","og_type":"article","og_title":"ALFREDO DEL MAZO RECONOCE EL DESARROLLO DE ACULCO - 21 Panorama","og_description":"Tom\u00f3 protesta a Jorge Osornio Victoria como alcalde para la administraci\u00f3n 2022-2024.","og_url":"https:\/\/21panorama.com\/index.php\/2021\/12\/01\/alfredo-del-mazo-reconoce-el-desarrollo-de-aculco\/","og_site_name":"21 Panorama","article_published_time":"2021-12-01T23:15:17+00:00","article_modified_time":"2021-12-01T23:15:18+00:00","og_image":[{"width":1479,"height":828,"url":"https:\/\/21panorama.com\/wp-content\/uploads\/2021\/12\/4b9fa036-de91-4adc-b129-55b23f11e43e.jpeg","type":"image\/jpeg"}],"author":"admin","twitter_card":"summary_large_image","twitter_misc":{"Escrito por":"admin","Tiempo de lectura":"3 minutos"},"schema":{"@context":"https:\/\/schema.org","@graph":[{"@type":"Article","@id":"https:\/\/21panorama.com\/index.php\/2021\/12\/01\/alfredo-del-mazo-reconoce-el-desarrollo-de-aculco\/#article","isPartOf":{"@id":"https:\/\/21panorama.com\/index.php\/2021\/12\/01\/alfredo-del-mazo-reconoce-el-desarrollo-de-aculco\/"},"author":{"name":"admin","@id":"https:\/\/21panorama.com\/#\/schema\/person\/1afc291b96d5792a158768324287319f"},"headline":"ALFREDO DEL MAZO RECONOCE EL DESARROLLO DE ACULCO","datePublished":"2021-12-01T23:15:17+00:00","dateModified":"2021-12-01T23:15:18+00:00","mainEntityOfPage":{"@id":"https:\/\/21panorama.com\/index.php\/2021\/12\/01\/alfredo-del-mazo-reconoce-el-desarrollo-de-aculco\/"},"wordCount":514,"commentCount":0,"publisher":{"@id":"https:\/\/21panorama.com\/#organization"},"image":{"@id":"https:\/\/21panorama.com\/index.php\/2021\/12\/01\/alfredo-del-mazo-reconoce-el-desarrollo-de-aculco\/#primaryimage"},"thumbnailUrl":"https:\/\/21panorama.com\/wp-content\/uploads\/2021\/12\/4b9fa036-de91-4adc-b129-55b23f11e43e.jpeg","keywords":["aculco"],"articleSection":["Sociedad"],"inLanguage":"es","potentialAction":[{"@type":"CommentAction","name":"Comment","target":["https:\/\/21panorama.com\/index.php\/2021\/12\/01\/alfredo-del-mazo-reconoce-el-desarrollo-de-aculco\/#respond"]}]},{"@type":"WebPage","@id":"https:\/\/21panorama.com\/index.php\/2021\/12\/01\/alfredo-del-mazo-reconoce-el-desarrollo-de-aculco\/","url":"https:\/\/21panorama.com\/index.php\/2021\/12\/01\/alfredo-del-mazo-reconoce-el-desarrollo-de-aculco\/","name":"ALFREDO DEL MAZO RECONOCE EL DESARROLLO DE ACULCO - 21 Panorama","isPartOf":{"@id":"https:\/\/21panorama.com\/#website"},"primaryImageOfPage":{"@id":"https:\/\/21panorama.com\/index.php\/2021\/12\/01\/alfredo-del-mazo-reconoce-el-desarrollo-de-aculco\/#primaryimage"},"image":{"@id":"https:\/\/21panorama.com\/index.php\/2021\/12\/01\/alfredo-del-mazo-reconoce-el-desarrollo-de-aculco\/#primaryimage"},"thumbnailUrl":"https:\/\/21panorama.com\/wp-content\/uploads\/2021\/12\/4b9fa036-de91-4adc-b129-55b23f11e43e.jpeg","datePublished":"2021-12-01T23:15:17+00:00","dateModified":"2021-12-01T23:15:18+00:00","breadcrumb":{"@id":"https:\/\/21panorama.com\/index.php\/2021\/12\/01\/alfredo-del-mazo-reconoce-el-desarrollo-de-aculco\/#breadcrumb"},"inLanguage":"es","potentialAction":[{"@type":"ReadAction","target":["https:\/\/21panorama.com\/index.php\/2021\/12\/01\/alfredo-del-mazo-reconoce-el-desarrollo-de-aculco\/"]}]},{"@type":"ImageObject","inLanguage":"es","@id":"https:\/\/21panorama.com\/index.php\/2021\/12\/01\/alfredo-del-mazo-reconoce-el-desarrollo-de-aculco\/#primaryimage","url":"https:\/\/21panorama.com\/wp-content\/uploads\/2021\/12\/4b9fa036-de91-4adc-b129-55b23f11e43e.jpeg","contentUrl":"https:\/\/21panorama.com\/wp-content\/uploads\/2021\/12\/4b9fa036-de91-4adc-b129-55b23f11e43e.jpeg","width":1479,"height":828},{"@type":"BreadcrumbList","@id":"https:\/\/21panorama.com\/index.php\/2021\/12\/01\/alfredo-del-mazo-reconoce-el-desarrollo-de-aculco\/#breadcrumb","itemListElement":[{"@type":"ListItem","position":1,"name":"Inicio","item":"https:\/\/21panorama.com\/"},{"@type":"ListItem","position":2,"name":"ALFREDO DEL MAZO RECONOCE EL DESARROLLO DE ACULCO"}]},{"@type":"WebSite","@id":"https:\/\/21panorama.com\/#website","url":"https:\/\/21panorama.com\/","name":"21 Panorama","description":"La construcci\u00f3n de la opini\u00f3n p\u00fablica merece un mejor Panorama en este siglo 21 para alcanzar una sociedad con mayor transparencia y sin corrupci\u00f3n.","publisher":{"@id":"https:\/\/21panorama.com\/#organization"},"potentialAction":[{"@type":"SearchAction","target":{"@type":"EntryPoint","urlTemplate":"https:\/\/21panorama.com\/?s={search_term_string}"},"query-input":{"@type":"PropertyValueSpecification","valueRequired":true,"valueName":"search_term_string"}}],"inLanguage":"es"},{"@type":"Organization","@id":"https:\/\/21panorama.com\/#organization","name":"21 Panorama","url":"https:\/\/21panorama.com\/","logo":{"@type":"ImageObject","inLanguage":"es","@id":"https:\/\/21panorama.com\/#\/schema\/logo\/image\/","url":"https:\/\/21panorama.com\/wp-content\/uploads\/2019\/07\/cropped-Logo-Panorama-01.jpeg","contentUrl":"https:\/\/21panorama.com\/wp-content\/uploads\/2019\/07\/cropped-Logo-Panorama-01.jpeg","width":290,"height":70,"caption":"21 Panorama"},"image":{"@id":"https:\/\/21panorama.com\/#\/schema\/logo\/image\/"}},{"@type":"Person","@id":"https:\/\/21panorama.com\/#\/schema\/person\/1afc291b96d5792a158768324287319f","name":"admin","image":{"@type":"ImageObject","inLanguage":"es","@id":"https:\/\/21panorama.com\/#\/schema\/person\/image\/","url":"https:\/\/secure.gravatar.com\/avatar\/ad365d9d9f46719215b0d042cc3df92a5a8683e09ef13d102233e5491985f0f0?s=96&d=mm&r=g","contentUrl":"https:\/\/secure.gravatar.com\/avatar\/ad365d9d9f46719215b0d042cc3df92a5a8683e09ef13d102233e5491985f0f0?s=96&d=mm&r=g","caption":"admin"},"url":"https:\/\/21panorama.com\/index.php\/author\/admin\/"}]}},"_links":{"self":[{"href":"https:\/\/21panorama.com\/index.php\/wp-json\/wp\/v2\/posts\/2517","targetHints":{"allow":["GET"]}}],"collection":[{"href":"https:\/\/21panorama.com\/index.php\/wp-json\/wp\/v2\/posts"}],"about":[{"href":"https:\/\/21panorama.com\/index.php\/wp-json\/wp\/v2\/types\/post"}],"author":[{"embeddable":true,"href":"https:\/\/21panorama.com\/index.php\/wp-json\/wp\/v2\/users\/1"}],"replies":[{"embeddable":true,"href":"https:\/\/21panorama.com\/index.php\/wp-json\/wp\/v2\/comments?post=2517"}],"version-history":[{"count":1,"href":"https:\/\/21panorama.com\/index.php\/wp-json\/wp\/v2\/posts\/2517\/revisions"}],"predecessor-version":[{"id":2520,"href":"https:\/\/21panorama.com\/index.php\/wp-json\/wp\/v2\/posts\/2517\/revisions\/2520"}],"wp:featuredmedia":[{"embeddable":true,"href":"https:\/\/21panorama.com\/index.php\/wp-json\/wp\/v2\/media\/2518"}],"wp:attachment":[{"href":"https:\/\/21panorama.com\/index.php\/wp-json\/wp\/v2\/media?parent=2517"}],"wp:term":[{"taxonomy":"category","embeddable":true,"href":"https:\/\/21panorama.com\/index.php\/wp-json\/wp\/v2\/categories?post=2517"},{"taxonomy":"post_tag","embeddable":true,"href":"https:\/\/21panorama.com\/index.php\/wp-json\/wp\/v2\/tags?post=2517"}],"curies":[{"name":"wp","href":"https:\/\/api.w.org\/{rel}","templated":true}]}}