{"id":2502,"date":"2021-11-30T16:30:05","date_gmt":"2021-11-30T22:30:05","guid":{"rendered":"https:\/\/21panorama.com\/?p=2502"},"modified":"2021-11-30T16:30:06","modified_gmt":"2021-11-30T22:30:06","slug":"afianzara-uaem-apoyo-a-investigaciones-con-impacto-social","status":"publish","type":"post","link":"https:\/\/21panorama.com\/index.php\/2021\/11\/30\/afianzara-uaem-apoyo-a-investigaciones-con-impacto-social\/","title":{"rendered":"Afianzar\u00e1 UAEM apoyo a investigaciones con impacto social"},"content":{"rendered":"\n<p>Toluca, M\u00e9x; 30 de noviembre de 2021. Por cada peso que investigadoras e investigadores de la Universidad Aut\u00f3noma del Estado de M\u00e9xico (UAEM) gestionen en el exterior como inversi\u00f3n para el desarrollo de sus proyectos por parte del sector p\u00fablico o privado, esta casa de estudios aportar\u00e1 un peso m\u00e1s, afirm\u00f3 el rector Carlos Eduardo Barrera D\u00edaz.<br>En la Sala \u201cDr. Gustavo Baz\u201d del Edificio de Rector\u00eda, durante la presentaci\u00f3n de Proyectos de Investigaci\u00f3n Convocatoria de Mujeres Cient\u00edficas 2021 del Consejo Mexiquense de Ciencia y Tecnolog\u00eda (COMECyT), Barrera D\u00edaz explic\u00f3 que esta iniciativa, que se prev\u00e9 arranque en 2022, tiene como prop\u00f3sito impulsar proyectos de mayor impacto en beneficio de la sociedad.<br>\u201cSi se acercan con una empresa, por cada peso que ustedes consigan, nosotros les ponemos otro peso, hasta un mill\u00f3n. Entonces ya son proyectos m\u00e1s grandes. Ojal\u00e1 podamos transitar a esa parte para tener una cogeneraci\u00f3n de recursos alternados\u201d, explic\u00f3.<br>En tanto, el director general de COMECyT, Bernardo Jorge Almaraz Calder\u00f3n, reconoci\u00f3 el esfuerzo de las 31 investigadoras de la UAEM que obtuvieron el financiamiento, debido a la pertinencia de los proyectos que desarrollan.<br>\u201cTodas nos han mostrado la gran capacidad que tienen, el alcance que tienen sus investigaciones y sobre todo, el impacto social que tienen. Son investigaciones relacionadas con distintos municipios y regiones de la entidad, con distintos alcances, desde cosas que implican ciencia b\u00e1sica hasta temas de investigaci\u00f3n aplicada y desarrollo tecnol\u00f3gico\u201d, dijo.<br>La secretaria de Investigaci\u00f3n y Estudios Avanzados de la UAEM, Martha Patricia Zarza Delgado, fungi\u00f3 como moderadora durante la presentaci\u00f3n de los 31 proyectos de investigaci\u00f3n que lideran cient\u00edficas de la UAEM que obtuvieron financiamiento por COMECyT derivado de la Convocatoria de Mujeres Cient\u00edficas 2021.<br>Algunos de los proyectos que se desarrollar\u00e1n son la caracterizaci\u00f3n de hongos comestibles cultivados en la regi\u00f3n de Amecameca para promover el aprovechamiento de sus propiedades nutrac\u00e9uticas y evaluaci\u00f3n in vitro del potencial nematicida en par\u00e1sitos ovinos; el sistema de concentraci\u00f3n solar como opci\u00f3n sustentable para disposici\u00f3n final de pol\u00edmeros de desecho; respuesta inmunitaria humoral e inflamatoria en cr\u00edas madres con diabetes gestacional y alto consumo de sacarosa, entre otras.<br>De los 31 proyectos de investigaci\u00f3n, 13 pertenecen al \u00e1rea de Ciencias Naturales y Exactas, ocho a Ingenier\u00eda y Tecnolog\u00eda, siete a Salud, dos a Arquitectura y Dise\u00f1o y uno a Ciencias Sociales.<br>Cabe destacar que de los 100 proyectos que seleccion\u00f3 COMECyT para financiamiento, 31 son desarrollados por investigadoras de la UAEM.<\/p>\n\n\n\n<figure class=\"wp-block-gallery columns-3 is-cropped wp-block-gallery-1 is-layout-flex wp-block-gallery-is-layout-flex\"><ul class=\"blocks-gallery-grid\"><li class=\"blocks-gallery-item\"><figure><img decoding=\"async\" width=\"960\" height=\"640\" src=\"https:\/\/21panorama.com\/wp-content\/uploads\/2021\/11\/09e5de3f-7a3e-4525-aa56-d3335fc3d949.jpeg\" alt=\"\" data-id=\"2504\" data-link=\"https:\/\/21panorama.com\/?attachment_id=2504\" class=\"wp-image-2504\" srcset=\"https:\/\/21panorama.com\/wp-content\/uploads\/2021\/11\/09e5de3f-7a3e-4525-aa56-d3335fc3d949.jpeg 960w, https:\/\/21panorama.com\/wp-content\/uploads\/2021\/11\/09e5de3f-7a3e-4525-aa56-d3335fc3d949-300x200.jpeg 300w, https:\/\/21panorama.com\/wp-content\/uploads\/2021\/11\/09e5de3f-7a3e-4525-aa56-d3335fc3d949-768x512.jpeg 768w\" sizes=\"(max-width: 960px) 100vw, 960px\" \/><\/figure><\/li><li class=\"blocks-gallery-item\"><figure><img decoding=\"async\" width=\"960\" height=\"640\" src=\"https:\/\/21panorama.com\/wp-content\/uploads\/2021\/11\/4ee34289-acb2-4e29-8032-874b677d547b.jpeg\" alt=\"\" data-id=\"2505\" data-link=\"https:\/\/21panorama.com\/?attachment_id=2505\" class=\"wp-image-2505\" srcset=\"https:\/\/21panorama.com\/wp-content\/uploads\/2021\/11\/4ee34289-acb2-4e29-8032-874b677d547b.jpeg 960w, https:\/\/21panorama.com\/wp-content\/uploads\/2021\/11\/4ee34289-acb2-4e29-8032-874b677d547b-300x200.jpeg 300w, https:\/\/21panorama.com\/wp-content\/uploads\/2021\/11\/4ee34289-acb2-4e29-8032-874b677d547b-768x512.jpeg 768w\" sizes=\"(max-width: 960px) 100vw, 960px\" \/><\/figure><\/li><li class=\"blocks-gallery-item\"><figure><img decoding=\"async\" width=\"960\" height=\"640\" src=\"https:\/\/21panorama.com\/wp-content\/uploads\/2021\/11\/d1b09850-76ad-46c8-b9d3-8d6bb7e01519.jpeg\" alt=\"\" data-id=\"2506\" data-full-url=\"https:\/\/21panorama.com\/wp-content\/uploads\/2021\/11\/d1b09850-76ad-46c8-b9d3-8d6bb7e01519.jpeg\" data-link=\"https:\/\/21panorama.com\/?attachment_id=2506\" class=\"wp-image-2506\" srcset=\"https:\/\/21panorama.com\/wp-content\/uploads\/2021\/11\/d1b09850-76ad-46c8-b9d3-8d6bb7e01519.jpeg 960w, https:\/\/21panorama.com\/wp-content\/uploads\/2021\/11\/d1b09850-76ad-46c8-b9d3-8d6bb7e01519-300x200.jpeg 300w, https:\/\/21panorama.com\/wp-content\/uploads\/2021\/11\/d1b09850-76ad-46c8-b9d3-8d6bb7e01519-768x512.jpeg 768w\" sizes=\"(max-width: 960px) 100vw, 960px\" \/><\/figure><\/li><\/ul><\/figure>\n","protected":false},"excerpt":{"rendered":"<p>El rector Carlos Eduardo Barrera D\u00edaz afirm\u00f3 que por cada peso que investigadores gestionen en el exterior como inversi\u00f3n para el desarrollo de sus proyectos por parte del sector p\u00fablico o privado, esta casa de estudios aportar\u00e1 un peso m\u00e1s.<\/p>\n","protected":false},"author":1,"featured_media":2503,"comment_status":"open","ping_status":"open","sticky":false,"template":"","format":"standard","meta":{"footnotes":""},"categories":[1],"tags":[131],"class_list":["post-2502","post","type-post","status-publish","format-standard","has-post-thumbnail","hentry","category-sociedad","tag-uaem"],"yoast_head":"<!-- This site is optimized with the Yoast SEO plugin v24.9 - https:\/\/yoast.com\/wordpress\/plugins\/seo\/ -->\n<title>Afianzar\u00e1 UAEM apoyo a investigaciones con impacto social - 21 Panorama<\/title>\n<meta name=\"robots\" content=\"index, follow, max-snippet:-1, max-image-preview:large, max-video-preview:-1\" \/>\n<link rel=\"canonical\" href=\"https:\/\/21panorama.com\/index.php\/2021\/11\/30\/afianzara-uaem-apoyo-a-investigaciones-con-impacto-social\/\" \/>\n<meta property=\"og:locale\" content=\"es_MX\" \/>\n<meta property=\"og:type\" content=\"article\" \/>\n<meta property=\"og:title\" content=\"Afianzar\u00e1 UAEM apoyo a investigaciones con impacto social - 21 Panorama\" \/>\n<meta property=\"og:description\" content=\"El rector Carlos Eduardo Barrera D\u00edaz afirm\u00f3 que por cada peso que investigadores gestionen en el exterior como inversi\u00f3n para el desarrollo de sus proyectos por parte del sector p\u00fablico o privado, esta casa de estudios aportar\u00e1 un peso m\u00e1s.\" \/>\n<meta property=\"og:url\" content=\"https:\/\/21panorama.com\/index.php\/2021\/11\/30\/afianzara-uaem-apoyo-a-investigaciones-con-impacto-social\/\" \/>\n<meta property=\"og:site_name\" content=\"21 Panorama\" \/>\n<meta property=\"article:published_time\" content=\"2021-11-30T22:30:05+00:00\" \/>\n<meta property=\"article:modified_time\" content=\"2021-11-30T22:30:06+00:00\" \/>\n<meta property=\"og:image\" content=\"https:\/\/21panorama.com\/wp-content\/uploads\/2021\/11\/e870034c-9c30-44ff-b994-2eccc7f40f58.jpeg\" \/>\n\t<meta property=\"og:image:width\" content=\"960\" \/>\n\t<meta property=\"og:image:height\" content=\"431\" \/>\n\t<meta property=\"og:image:type\" content=\"image\/jpeg\" \/>\n<meta name=\"author\" content=\"admin\" \/>\n<meta name=\"twitter:card\" content=\"summary_large_image\" \/>\n<meta name=\"twitter:label1\" content=\"Escrito por\" \/>\n\t<meta name=\"twitter:data1\" content=\"admin\" \/>\n\t<meta name=\"twitter:label2\" content=\"Tiempo de lectura\" \/>\n\t<meta name=\"twitter:data2\" content=\"3 minutos\" \/>\n<script type=\"application\/ld+json\" class=\"yoast-schema-graph\">{\"@context\":\"https:\/\/schema.org\",\"@graph\":[{\"@type\":\"Article\",\"@id\":\"https:\/\/21panorama.com\/index.php\/2021\/11\/30\/afianzara-uaem-apoyo-a-investigaciones-con-impacto-social\/#article\",\"isPartOf\":{\"@id\":\"https:\/\/21panorama.com\/index.php\/2021\/11\/30\/afianzara-uaem-apoyo-a-investigaciones-con-impacto-social\/\"},\"author\":{\"name\":\"admin\",\"@id\":\"https:\/\/21panorama.com\/#\/schema\/person\/1afc291b96d5792a158768324287319f\"},\"headline\":\"Afianzar\u00e1 UAEM apoyo a investigaciones con impacto social\",\"datePublished\":\"2021-11-30T22:30:05+00:00\",\"dateModified\":\"2021-11-30T22:30:06+00:00\",\"mainEntityOfPage\":{\"@id\":\"https:\/\/21panorama.com\/index.php\/2021\/11\/30\/afianzara-uaem-apoyo-a-investigaciones-con-impacto-social\/\"},\"wordCount\":444,\"commentCount\":0,\"publisher\":{\"@id\":\"https:\/\/21panorama.com\/#organization\"},\"image\":{\"@id\":\"https:\/\/21panorama.com\/index.php\/2021\/11\/30\/afianzara-uaem-apoyo-a-investigaciones-con-impacto-social\/#primaryimage\"},\"thumbnailUrl\":\"https:\/\/21panorama.com\/wp-content\/uploads\/2021\/11\/e870034c-9c30-44ff-b994-2eccc7f40f58.jpeg\",\"keywords\":[\"UAEM\"],\"articleSection\":[\"Sociedad\"],\"inLanguage\":\"es\",\"potentialAction\":[{\"@type\":\"CommentAction\",\"name\":\"Comment\",\"target\":[\"https:\/\/21panorama.com\/index.php\/2021\/11\/30\/afianzara-uaem-apoyo-a-investigaciones-con-impacto-social\/#respond\"]}]},{\"@type\":\"WebPage\",\"@id\":\"https:\/\/21panorama.com\/index.php\/2021\/11\/30\/afianzara-uaem-apoyo-a-investigaciones-con-impacto-social\/\",\"url\":\"https:\/\/21panorama.com\/index.php\/2021\/11\/30\/afianzara-uaem-apoyo-a-investigaciones-con-impacto-social\/\",\"name\":\"Afianzar\u00e1 UAEM apoyo a investigaciones con impacto social - 21 Panorama\",\"isPartOf\":{\"@id\":\"https:\/\/21panorama.com\/#website\"},\"primaryImageOfPage\":{\"@id\":\"https:\/\/21panorama.com\/index.php\/2021\/11\/30\/afianzara-uaem-apoyo-a-investigaciones-con-impacto-social\/#primaryimage\"},\"image\":{\"@id\":\"https:\/\/21panorama.com\/index.php\/2021\/11\/30\/afianzara-uaem-apoyo-a-investigaciones-con-impacto-social\/#primaryimage\"},\"thumbnailUrl\":\"https:\/\/21panorama.com\/wp-content\/uploads\/2021\/11\/e870034c-9c30-44ff-b994-2eccc7f40f58.jpeg\",\"datePublished\":\"2021-11-30T22:30:05+00:00\",\"dateModified\":\"2021-11-30T22:30:06+00:00\",\"breadcrumb\":{\"@id\":\"https:\/\/21panorama.com\/index.php\/2021\/11\/30\/afianzara-uaem-apoyo-a-investigaciones-con-impacto-social\/#breadcrumb\"},\"inLanguage\":\"es\",\"potentialAction\":[{\"@type\":\"ReadAction\",\"target\":[\"https:\/\/21panorama.com\/index.php\/2021\/11\/30\/afianzara-uaem-apoyo-a-investigaciones-con-impacto-social\/\"]}]},{\"@type\":\"ImageObject\",\"inLanguage\":\"es\",\"@id\":\"https:\/\/21panorama.com\/index.php\/2021\/11\/30\/afianzara-uaem-apoyo-a-investigaciones-con-impacto-social\/#primaryimage\",\"url\":\"https:\/\/21panorama.com\/wp-content\/uploads\/2021\/11\/e870034c-9c30-44ff-b994-2eccc7f40f58.jpeg\",\"contentUrl\":\"https:\/\/21panorama.com\/wp-content\/uploads\/2021\/11\/e870034c-9c30-44ff-b994-2eccc7f40f58.jpeg\",\"width\":960,\"height\":431},{\"@type\":\"BreadcrumbList\",\"@id\":\"https:\/\/21panorama.com\/index.php\/2021\/11\/30\/afianzara-uaem-apoyo-a-investigaciones-con-impacto-social\/#breadcrumb\",\"itemListElement\":[{\"@type\":\"ListItem\",\"position\":1,\"name\":\"Inicio\",\"item\":\"https:\/\/21panorama.com\/\"},{\"@type\":\"ListItem\",\"position\":2,\"name\":\"Afianzar\u00e1 UAEM apoyo a investigaciones con impacto social\"}]},{\"@type\":\"WebSite\",\"@id\":\"https:\/\/21panorama.com\/#website\",\"url\":\"https:\/\/21panorama.com\/\",\"name\":\"21 Panorama\",\"description\":\"La construcci\u00f3n de la opini\u00f3n p\u00fablica merece un mejor Panorama en este siglo 21 para alcanzar una sociedad con mayor transparencia y sin corrupci\u00f3n.\",\"publisher\":{\"@id\":\"https:\/\/21panorama.com\/#organization\"},\"potentialAction\":[{\"@type\":\"SearchAction\",\"target\":{\"@type\":\"EntryPoint\",\"urlTemplate\":\"https:\/\/21panorama.com\/?s={search_term_string}\"},\"query-input\":{\"@type\":\"PropertyValueSpecification\",\"valueRequired\":true,\"valueName\":\"search_term_string\"}}],\"inLanguage\":\"es\"},{\"@type\":\"Organization\",\"@id\":\"https:\/\/21panorama.com\/#organization\",\"name\":\"21 Panorama\",\"url\":\"https:\/\/21panorama.com\/\",\"logo\":{\"@type\":\"ImageObject\",\"inLanguage\":\"es\",\"@id\":\"https:\/\/21panorama.com\/#\/schema\/logo\/image\/\",\"url\":\"https:\/\/21panorama.com\/wp-content\/uploads\/2019\/07\/cropped-Logo-Panorama-01.jpeg\",\"contentUrl\":\"https:\/\/21panorama.com\/wp-content\/uploads\/2019\/07\/cropped-Logo-Panorama-01.jpeg\",\"width\":290,\"height\":70,\"caption\":\"21 Panorama\"},\"image\":{\"@id\":\"https:\/\/21panorama.com\/#\/schema\/logo\/image\/\"}},{\"@type\":\"Person\",\"@id\":\"https:\/\/21panorama.com\/#\/schema\/person\/1afc291b96d5792a158768324287319f\",\"name\":\"admin\",\"image\":{\"@type\":\"ImageObject\",\"inLanguage\":\"es\",\"@id\":\"https:\/\/21panorama.com\/#\/schema\/person\/image\/\",\"url\":\"https:\/\/secure.gravatar.com\/avatar\/ad365d9d9f46719215b0d042cc3df92a5a8683e09ef13d102233e5491985f0f0?s=96&d=mm&r=g\",\"contentUrl\":\"https:\/\/secure.gravatar.com\/avatar\/ad365d9d9f46719215b0d042cc3df92a5a8683e09ef13d102233e5491985f0f0?s=96&d=mm&r=g\",\"caption\":\"admin\"},\"url\":\"https:\/\/21panorama.com\/index.php\/author\/admin\/\"}]}<\/script>\n<!-- \/ Yoast SEO plugin. -->","yoast_head_json":{"title":"Afianzar\u00e1 UAEM apoyo a investigaciones con impacto social - 21 Panorama","robots":{"index":"index","follow":"follow","max-snippet":"max-snippet:-1","max-image-preview":"max-image-preview:large","max-video-preview":"max-video-preview:-1"},"canonical":"https:\/\/21panorama.com\/index.php\/2021\/11\/30\/afianzara-uaem-apoyo-a-investigaciones-con-impacto-social\/","og_locale":"es_MX","og_type":"article","og_title":"Afianzar\u00e1 UAEM apoyo a investigaciones con impacto social - 21 Panorama","og_description":"El rector Carlos Eduardo Barrera D\u00edaz afirm\u00f3 que por cada peso que investigadores gestionen en el exterior como inversi\u00f3n para el desarrollo de sus proyectos por parte del sector p\u00fablico o privado, esta casa de estudios aportar\u00e1 un peso m\u00e1s.","og_url":"https:\/\/21panorama.com\/index.php\/2021\/11\/30\/afianzara-uaem-apoyo-a-investigaciones-con-impacto-social\/","og_site_name":"21 Panorama","article_published_time":"2021-11-30T22:30:05+00:00","article_modified_time":"2021-11-30T22:30:06+00:00","og_image":[{"width":960,"height":431,"url":"https:\/\/21panorama.com\/wp-content\/uploads\/2021\/11\/e870034c-9c30-44ff-b994-2eccc7f40f58.jpeg","type":"image\/jpeg"}],"author":"admin","twitter_card":"summary_large_image","twitter_misc":{"Escrito por":"admin","Tiempo de lectura":"3 minutos"},"schema":{"@context":"https:\/\/schema.org","@graph":[{"@type":"Article","@id":"https:\/\/21panorama.com\/index.php\/2021\/11\/30\/afianzara-uaem-apoyo-a-investigaciones-con-impacto-social\/#article","isPartOf":{"@id":"https:\/\/21panorama.com\/index.php\/2021\/11\/30\/afianzara-uaem-apoyo-a-investigaciones-con-impacto-social\/"},"author":{"name":"admin","@id":"https:\/\/21panorama.com\/#\/schema\/person\/1afc291b96d5792a158768324287319f"},"headline":"Afianzar\u00e1 UAEM apoyo a investigaciones con impacto social","datePublished":"2021-11-30T22:30:05+00:00","dateModified":"2021-11-30T22:30:06+00:00","mainEntityOfPage":{"@id":"https:\/\/21panorama.com\/index.php\/2021\/11\/30\/afianzara-uaem-apoyo-a-investigaciones-con-impacto-social\/"},"wordCount":444,"commentCount":0,"publisher":{"@id":"https:\/\/21panorama.com\/#organization"},"image":{"@id":"https:\/\/21panorama.com\/index.php\/2021\/11\/30\/afianzara-uaem-apoyo-a-investigaciones-con-impacto-social\/#primaryimage"},"thumbnailUrl":"https:\/\/21panorama.com\/wp-content\/uploads\/2021\/11\/e870034c-9c30-44ff-b994-2eccc7f40f58.jpeg","keywords":["UAEM"],"articleSection":["Sociedad"],"inLanguage":"es","potentialAction":[{"@type":"CommentAction","name":"Comment","target":["https:\/\/21panorama.com\/index.php\/2021\/11\/30\/afianzara-uaem-apoyo-a-investigaciones-con-impacto-social\/#respond"]}]},{"@type":"WebPage","@id":"https:\/\/21panorama.com\/index.php\/2021\/11\/30\/afianzara-uaem-apoyo-a-investigaciones-con-impacto-social\/","url":"https:\/\/21panorama.com\/index.php\/2021\/11\/30\/afianzara-uaem-apoyo-a-investigaciones-con-impacto-social\/","name":"Afianzar\u00e1 UAEM apoyo a investigaciones con impacto social - 21 Panorama","isPartOf":{"@id":"https:\/\/21panorama.com\/#website"},"primaryImageOfPage":{"@id":"https:\/\/21panorama.com\/index.php\/2021\/11\/30\/afianzara-uaem-apoyo-a-investigaciones-con-impacto-social\/#primaryimage"},"image":{"@id":"https:\/\/21panorama.com\/index.php\/2021\/11\/30\/afianzara-uaem-apoyo-a-investigaciones-con-impacto-social\/#primaryimage"},"thumbnailUrl":"https:\/\/21panorama.com\/wp-content\/uploads\/2021\/11\/e870034c-9c30-44ff-b994-2eccc7f40f58.jpeg","datePublished":"2021-11-30T22:30:05+00:00","dateModified":"2021-11-30T22:30:06+00:00","breadcrumb":{"@id":"https:\/\/21panorama.com\/index.php\/2021\/11\/30\/afianzara-uaem-apoyo-a-investigaciones-con-impacto-social\/#breadcrumb"},"inLanguage":"es","potentialAction":[{"@type":"ReadAction","target":["https:\/\/21panorama.com\/index.php\/2021\/11\/30\/afianzara-uaem-apoyo-a-investigaciones-con-impacto-social\/"]}]},{"@type":"ImageObject","inLanguage":"es","@id":"https:\/\/21panorama.com\/index.php\/2021\/11\/30\/afianzara-uaem-apoyo-a-investigaciones-con-impacto-social\/#primaryimage","url":"https:\/\/21panorama.com\/wp-content\/uploads\/2021\/11\/e870034c-9c30-44ff-b994-2eccc7f40f58.jpeg","contentUrl":"https:\/\/21panorama.com\/wp-content\/uploads\/2021\/11\/e870034c-9c30-44ff-b994-2eccc7f40f58.jpeg","width":960,"height":431},{"@type":"BreadcrumbList","@id":"https:\/\/21panorama.com\/index.php\/2021\/11\/30\/afianzara-uaem-apoyo-a-investigaciones-con-impacto-social\/#breadcrumb","itemListElement":[{"@type":"ListItem","position":1,"name":"Inicio","item":"https:\/\/21panorama.com\/"},{"@type":"ListItem","position":2,"name":"Afianzar\u00e1 UAEM apoyo a investigaciones con impacto social"}]},{"@type":"WebSite","@id":"https:\/\/21panorama.com\/#website","url":"https:\/\/21panorama.com\/","name":"21 Panorama","description":"La construcci\u00f3n de la opini\u00f3n p\u00fablica merece un mejor Panorama en este siglo 21 para alcanzar una sociedad con mayor transparencia y sin corrupci\u00f3n.","publisher":{"@id":"https:\/\/21panorama.com\/#organization"},"potentialAction":[{"@type":"SearchAction","target":{"@type":"EntryPoint","urlTemplate":"https:\/\/21panorama.com\/?s={search_term_string}"},"query-input":{"@type":"PropertyValueSpecification","valueRequired":true,"valueName":"search_term_string"}}],"inLanguage":"es"},{"@type":"Organization","@id":"https:\/\/21panorama.com\/#organization","name":"21 Panorama","url":"https:\/\/21panorama.com\/","logo":{"@type":"ImageObject","inLanguage":"es","@id":"https:\/\/21panorama.com\/#\/schema\/logo\/image\/","url":"https:\/\/21panorama.com\/wp-content\/uploads\/2019\/07\/cropped-Logo-Panorama-01.jpeg","contentUrl":"https:\/\/21panorama.com\/wp-content\/uploads\/2019\/07\/cropped-Logo-Panorama-01.jpeg","width":290,"height":70,"caption":"21 Panorama"},"image":{"@id":"https:\/\/21panorama.com\/#\/schema\/logo\/image\/"}},{"@type":"Person","@id":"https:\/\/21panorama.com\/#\/schema\/person\/1afc291b96d5792a158768324287319f","name":"admin","image":{"@type":"ImageObject","inLanguage":"es","@id":"https:\/\/21panorama.com\/#\/schema\/person\/image\/","url":"https:\/\/secure.gravatar.com\/avatar\/ad365d9d9f46719215b0d042cc3df92a5a8683e09ef13d102233e5491985f0f0?s=96&d=mm&r=g","contentUrl":"https:\/\/secure.gravatar.com\/avatar\/ad365d9d9f46719215b0d042cc3df92a5a8683e09ef13d102233e5491985f0f0?s=96&d=mm&r=g","caption":"admin"},"url":"https:\/\/21panorama.com\/index.php\/author\/admin\/"}]}},"_links":{"self":[{"href":"https:\/\/21panorama.com\/index.php\/wp-json\/wp\/v2\/posts\/2502","targetHints":{"allow":["GET"]}}],"collection":[{"href":"https:\/\/21panorama.com\/index.php\/wp-json\/wp\/v2\/posts"}],"about":[{"href":"https:\/\/21panorama.com\/index.php\/wp-json\/wp\/v2\/types\/post"}],"author":[{"embeddable":true,"href":"https:\/\/21panorama.com\/index.php\/wp-json\/wp\/v2\/users\/1"}],"replies":[{"embeddable":true,"href":"https:\/\/21panorama.com\/index.php\/wp-json\/wp\/v2\/comments?post=2502"}],"version-history":[{"count":1,"href":"https:\/\/21panorama.com\/index.php\/wp-json\/wp\/v2\/posts\/2502\/revisions"}],"predecessor-version":[{"id":2507,"href":"https:\/\/21panorama.com\/index.php\/wp-json\/wp\/v2\/posts\/2502\/revisions\/2507"}],"wp:featuredmedia":[{"embeddable":true,"href":"https:\/\/21panorama.com\/index.php\/wp-json\/wp\/v2\/media\/2503"}],"wp:attachment":[{"href":"https:\/\/21panorama.com\/index.php\/wp-json\/wp\/v2\/media?parent=2502"}],"wp:term":[{"taxonomy":"category","embeddable":true,"href":"https:\/\/21panorama.com\/index.php\/wp-json\/wp\/v2\/categories?post=2502"},{"taxonomy":"post_tag","embeddable":true,"href":"https:\/\/21panorama.com\/index.php\/wp-json\/wp\/v2\/tags?post=2502"}],"curies":[{"name":"wp","href":"https:\/\/api.w.org\/{rel}","templated":true}]}}