{"id":2496,"date":"2021-11-29T20:30:40","date_gmt":"2021-11-30T02:30:40","guid":{"rendered":"https:\/\/21panorama.com\/?p=2496"},"modified":"2021-11-29T20:30:43","modified_gmt":"2021-11-30T02:30:43","slug":"inauguran-oficina-de-atencion-ciudadana-del-diputado-alfredo-quiroz","status":"publish","type":"post","link":"https:\/\/21panorama.com\/index.php\/2021\/11\/29\/inauguran-oficina-de-atencion-ciudadana-del-diputado-alfredo-quiroz\/","title":{"rendered":"Inauguran Oficina de Atenci\u00f3n Ciudadana del Diputado Alfredo Quiroz"},"content":{"rendered":"\n<p>Los diputados del PRI trabajar\u00e1n de manera responsable para impulsar un Paquete Fiscal, que atienda las principales necesidades de las y los mexiquenses en materia de seguridad social, educaci\u00f3n y salud, asegur\u00f3 El\u00edas Rescala, coordinador de la Fracci\u00f3n parlamentaria del Revolucionario Institucional en la LXI Legislatura local.<\/p>\n\n\n\n<p>Al acudir a la inauguraci\u00f3n de la Casa de Atenci\u00f3n Ciudadana del diputado local por el distrito 35, Alfredo Quiroz, El\u00edas Rescala se\u00f1al\u00f3 que quienes integran la bancada del PRI, construir\u00e1n los acuerdos necesarios para respaldar el presupuesto enviado por el gobernador Alfredo Del Mazo, ya que tiene un amplio sentido social en el que siete de cada 10 pesos va dirigido al gasto social, infraestructura y salud que es lo que m\u00e1s necesita el Estado de M\u00e9xico.<\/p>\n\n\n\n<p>El Grupo Parlamentario del PRI, dijo, pondr\u00e1 su capacidad y experiencia para construir los acuerdos necesarios en beneficio de las familias mexiquenses.<\/p>\n\n\n\n<p>El\u00edas Rescala se\u00f1al\u00f3, adem\u00e1s, que parte de ese compromiso con las familias de la entidad, es trabajar de manera cercana con ellos, por lo que, con la apertura de estos espacios de atenci\u00f3n, los legisladores del PRI est\u00e1n cumpliendo su palabra de regresar a las comunidades para seguir trabajando de la mano con la sociedad.<\/p>\n\n\n\n<p>Por su parte, al hacer uso de la palabra, el diputado local por el distrito 35, Alfredo Quiroz record\u00f3 que la apertura de este espacio, es una forma de agradecer el respaldo que hizo posible que hoy la gente de Metepec, tenga un representante de su voz en el Congreso que trabajar\u00e1 de manera cercana con las familias de este distrito.<\/p>\n\n\n\n<p>Al hacer uso de la palabra, Fernando Flores, presidente municipal electo de Metepec se\u00f1al\u00f3 que su administraci\u00f3n trabajar\u00e1 hombro con hombro con la gente, para hacer un gobierno que no tenga funcionarios de oficinas, sino que sea capaz de regresar a las colonias, y que mantenga las puertas de las oficinas siempre abiertas para escuchar las principales demandas de los metepequenses.<\/p>\n\n\n\n<p>A este evento acudieron tambi\u00e9n las diputadas Myriam C\u00e1rdenas, Karla Aguilar, Cristina S\u00e1nchez, Evelyn Osornio, Monserrath Sobreyra, as\u00ed como los diputados Guillermo Zamacona, Jes\u00fas Izquierdo, Jaime Cervantes, Iv\u00e1n Esquer, Braulio \u00c1lvarez, David Parra y Fernando Gonz\u00e1lez, la expresidenta municipal de Metepec, Carolina Monroy, as\u00ed como autoridades municipales en funciones y electas de los municipios que integran el distrito.<\/p>\n\n\n\n<figure class=\"wp-block-gallery columns-3 is-cropped wp-block-gallery-1 is-layout-flex wp-block-gallery-is-layout-flex\"><ul class=\"blocks-gallery-grid\"><li class=\"blocks-gallery-item\"><figure><img decoding=\"async\" width=\"1024\" height=\"682\" src=\"https:\/\/21panorama.com\/wp-content\/uploads\/2021\/11\/42f078a5-0315-4b29-8e34-f072dde673e8-1024x682.jpeg\" alt=\"\" data-id=\"2498\" data-link=\"https:\/\/21panorama.com\/?attachment_id=2498\" class=\"wp-image-2498\" srcset=\"https:\/\/21panorama.com\/wp-content\/uploads\/2021\/11\/42f078a5-0315-4b29-8e34-f072dde673e8-1024x682.jpeg 1024w, https:\/\/21panorama.com\/wp-content\/uploads\/2021\/11\/42f078a5-0315-4b29-8e34-f072dde673e8-300x200.jpeg 300w, https:\/\/21panorama.com\/wp-content\/uploads\/2021\/11\/42f078a5-0315-4b29-8e34-f072dde673e8-768x512.jpeg 768w, https:\/\/21panorama.com\/wp-content\/uploads\/2021\/11\/42f078a5-0315-4b29-8e34-f072dde673e8.jpeg 1280w\" sizes=\"(max-width: 1024px) 100vw, 1024px\" \/><\/figure><\/li><li class=\"blocks-gallery-item\"><figure><img decoding=\"async\" width=\"1024\" height=\"576\" src=\"https:\/\/21panorama.com\/wp-content\/uploads\/2021\/11\/8438a9b1-809d-4e51-b187-f742012ece41-1024x576.jpeg\" alt=\"\" data-id=\"2499\" data-link=\"https:\/\/21panorama.com\/?attachment_id=2499\" class=\"wp-image-2499\" srcset=\"https:\/\/21panorama.com\/wp-content\/uploads\/2021\/11\/8438a9b1-809d-4e51-b187-f742012ece41-1024x576.jpeg 1024w, https:\/\/21panorama.com\/wp-content\/uploads\/2021\/11\/8438a9b1-809d-4e51-b187-f742012ece41-300x169.jpeg 300w, https:\/\/21panorama.com\/wp-content\/uploads\/2021\/11\/8438a9b1-809d-4e51-b187-f742012ece41-768x432.jpeg 768w, https:\/\/21panorama.com\/wp-content\/uploads\/2021\/11\/8438a9b1-809d-4e51-b187-f742012ece41-1536x864.jpeg 1536w, https:\/\/21panorama.com\/wp-content\/uploads\/2021\/11\/8438a9b1-809d-4e51-b187-f742012ece41.jpeg 1600w\" sizes=\"(max-width: 1024px) 100vw, 1024px\" \/><\/figure><\/li><li class=\"blocks-gallery-item\"><figure><img decoding=\"async\" width=\"1024\" height=\"682\" src=\"https:\/\/21panorama.com\/wp-content\/uploads\/2021\/11\/e23b5381-fd8e-4dd2-b41d-a1f54090a33a-1024x682.jpeg\" alt=\"\" data-id=\"2500\" data-full-url=\"https:\/\/21panorama.com\/wp-content\/uploads\/2021\/11\/e23b5381-fd8e-4dd2-b41d-a1f54090a33a.jpeg\" data-link=\"https:\/\/21panorama.com\/?attachment_id=2500\" class=\"wp-image-2500\" srcset=\"https:\/\/21panorama.com\/wp-content\/uploads\/2021\/11\/e23b5381-fd8e-4dd2-b41d-a1f54090a33a-1024x682.jpeg 1024w, https:\/\/21panorama.com\/wp-content\/uploads\/2021\/11\/e23b5381-fd8e-4dd2-b41d-a1f54090a33a-300x200.jpeg 300w, https:\/\/21panorama.com\/wp-content\/uploads\/2021\/11\/e23b5381-fd8e-4dd2-b41d-a1f54090a33a-768x512.jpeg 768w, https:\/\/21panorama.com\/wp-content\/uploads\/2021\/11\/e23b5381-fd8e-4dd2-b41d-a1f54090a33a.jpeg 1280w\" sizes=\"(max-width: 1024px) 100vw, 1024px\" \/><\/figure><\/li><\/ul><\/figure>\n","protected":false},"excerpt":{"rendered":"<p>Los diputados del PRI trabajar\u00e1n de manera responsable para impulsar un Paquete Fiscal, que atienda las principales necesidades de las y los mexiquenses en materia de seguridad social, educaci\u00f3n y salud, asegur\u00f3 El\u00edas Rescala, coordinador de la Fracci\u00f3n parlamentaria del Revolucionario Institucional en la LXI Legislatura local.<\/p>\n","protected":false},"author":1,"featured_media":2497,"comment_status":"open","ping_status":"open","sticky":false,"template":"","format":"standard","meta":{"footnotes":""},"categories":[1],"tags":[202,227],"class_list":["post-2496","post","type-post","status-publish","format-standard","has-post-thumbnail","hentry","category-sociedad","tag-atencion","tag-ciudadana"],"yoast_head":"<!-- This site is optimized with the Yoast SEO plugin v24.9 - https:\/\/yoast.com\/wordpress\/plugins\/seo\/ -->\n<title>Inauguran Oficina de Atenci\u00f3n Ciudadana del Diputado Alfredo Quiroz - 21 Panorama<\/title>\n<meta name=\"robots\" content=\"index, follow, max-snippet:-1, max-image-preview:large, max-video-preview:-1\" \/>\n<link rel=\"canonical\" href=\"https:\/\/21panorama.com\/index.php\/2021\/11\/29\/inauguran-oficina-de-atencion-ciudadana-del-diputado-alfredo-quiroz\/\" \/>\n<meta property=\"og:locale\" content=\"es_MX\" \/>\n<meta property=\"og:type\" content=\"article\" \/>\n<meta property=\"og:title\" content=\"Inauguran Oficina de Atenci\u00f3n Ciudadana del Diputado Alfredo Quiroz - 21 Panorama\" \/>\n<meta property=\"og:description\" content=\"Los diputados del PRI trabajar\u00e1n de manera responsable para impulsar un Paquete Fiscal, que atienda las principales necesidades de las y los mexiquenses en materia de seguridad social, educaci\u00f3n y salud, asegur\u00f3 El\u00edas Rescala, coordinador de la Fracci\u00f3n parlamentaria del Revolucionario Institucional en la LXI Legislatura local.\" \/>\n<meta property=\"og:url\" content=\"https:\/\/21panorama.com\/index.php\/2021\/11\/29\/inauguran-oficina-de-atencion-ciudadana-del-diputado-alfredo-quiroz\/\" \/>\n<meta property=\"og:site_name\" content=\"21 Panorama\" \/>\n<meta property=\"article:published_time\" content=\"2021-11-30T02:30:40+00:00\" \/>\n<meta property=\"article:modified_time\" content=\"2021-11-30T02:30:43+00:00\" \/>\n<meta property=\"og:image\" content=\"https:\/\/21panorama.com\/wp-content\/uploads\/2021\/11\/f6389212-0465-4682-9d2b-400a2166a51e.jpeg\" \/>\n\t<meta property=\"og:image:width\" content=\"1280\" \/>\n\t<meta property=\"og:image:height\" content=\"853\" \/>\n\t<meta property=\"og:image:type\" content=\"image\/jpeg\" \/>\n<meta name=\"author\" content=\"admin\" \/>\n<meta name=\"twitter:card\" content=\"summary_large_image\" \/>\n<meta name=\"twitter:label1\" content=\"Escrito por\" \/>\n\t<meta name=\"twitter:data1\" content=\"admin\" \/>\n\t<meta name=\"twitter:label2\" content=\"Tiempo de lectura\" \/>\n\t<meta name=\"twitter:data2\" content=\"3 minutos\" \/>\n<script type=\"application\/ld+json\" class=\"yoast-schema-graph\">{\"@context\":\"https:\/\/schema.org\",\"@graph\":[{\"@type\":\"Article\",\"@id\":\"https:\/\/21panorama.com\/index.php\/2021\/11\/29\/inauguran-oficina-de-atencion-ciudadana-del-diputado-alfredo-quiroz\/#article\",\"isPartOf\":{\"@id\":\"https:\/\/21panorama.com\/index.php\/2021\/11\/29\/inauguran-oficina-de-atencion-ciudadana-del-diputado-alfredo-quiroz\/\"},\"author\":{\"name\":\"admin\",\"@id\":\"https:\/\/21panorama.com\/#\/schema\/person\/1afc291b96d5792a158768324287319f\"},\"headline\":\"Inauguran Oficina de Atenci\u00f3n Ciudadana del Diputado Alfredo Quiroz\",\"datePublished\":\"2021-11-30T02:30:40+00:00\",\"dateModified\":\"2021-11-30T02:30:43+00:00\",\"mainEntityOfPage\":{\"@id\":\"https:\/\/21panorama.com\/index.php\/2021\/11\/29\/inauguran-oficina-de-atencion-ciudadana-del-diputado-alfredo-quiroz\/\"},\"wordCount\":413,\"commentCount\":0,\"publisher\":{\"@id\":\"https:\/\/21panorama.com\/#organization\"},\"image\":{\"@id\":\"https:\/\/21panorama.com\/index.php\/2021\/11\/29\/inauguran-oficina-de-atencion-ciudadana-del-diputado-alfredo-quiroz\/#primaryimage\"},\"thumbnailUrl\":\"https:\/\/21panorama.com\/wp-content\/uploads\/2021\/11\/f6389212-0465-4682-9d2b-400a2166a51e.jpeg\",\"keywords\":[\"atenci\u00f3n\",\"CIUDADANA\"],\"articleSection\":[\"Sociedad\"],\"inLanguage\":\"es\",\"potentialAction\":[{\"@type\":\"CommentAction\",\"name\":\"Comment\",\"target\":[\"https:\/\/21panorama.com\/index.php\/2021\/11\/29\/inauguran-oficina-de-atencion-ciudadana-del-diputado-alfredo-quiroz\/#respond\"]}]},{\"@type\":\"WebPage\",\"@id\":\"https:\/\/21panorama.com\/index.php\/2021\/11\/29\/inauguran-oficina-de-atencion-ciudadana-del-diputado-alfredo-quiroz\/\",\"url\":\"https:\/\/21panorama.com\/index.php\/2021\/11\/29\/inauguran-oficina-de-atencion-ciudadana-del-diputado-alfredo-quiroz\/\",\"name\":\"Inauguran Oficina de Atenci\u00f3n Ciudadana del Diputado Alfredo Quiroz - 21 Panorama\",\"isPartOf\":{\"@id\":\"https:\/\/21panorama.com\/#website\"},\"primaryImageOfPage\":{\"@id\":\"https:\/\/21panorama.com\/index.php\/2021\/11\/29\/inauguran-oficina-de-atencion-ciudadana-del-diputado-alfredo-quiroz\/#primaryimage\"},\"image\":{\"@id\":\"https:\/\/21panorama.com\/index.php\/2021\/11\/29\/inauguran-oficina-de-atencion-ciudadana-del-diputado-alfredo-quiroz\/#primaryimage\"},\"thumbnailUrl\":\"https:\/\/21panorama.com\/wp-content\/uploads\/2021\/11\/f6389212-0465-4682-9d2b-400a2166a51e.jpeg\",\"datePublished\":\"2021-11-30T02:30:40+00:00\",\"dateModified\":\"2021-11-30T02:30:43+00:00\",\"breadcrumb\":{\"@id\":\"https:\/\/21panorama.com\/index.php\/2021\/11\/29\/inauguran-oficina-de-atencion-ciudadana-del-diputado-alfredo-quiroz\/#breadcrumb\"},\"inLanguage\":\"es\",\"potentialAction\":[{\"@type\":\"ReadAction\",\"target\":[\"https:\/\/21panorama.com\/index.php\/2021\/11\/29\/inauguran-oficina-de-atencion-ciudadana-del-diputado-alfredo-quiroz\/\"]}]},{\"@type\":\"ImageObject\",\"inLanguage\":\"es\",\"@id\":\"https:\/\/21panorama.com\/index.php\/2021\/11\/29\/inauguran-oficina-de-atencion-ciudadana-del-diputado-alfredo-quiroz\/#primaryimage\",\"url\":\"https:\/\/21panorama.com\/wp-content\/uploads\/2021\/11\/f6389212-0465-4682-9d2b-400a2166a51e.jpeg\",\"contentUrl\":\"https:\/\/21panorama.com\/wp-content\/uploads\/2021\/11\/f6389212-0465-4682-9d2b-400a2166a51e.jpeg\",\"width\":1280,\"height\":853},{\"@type\":\"BreadcrumbList\",\"@id\":\"https:\/\/21panorama.com\/index.php\/2021\/11\/29\/inauguran-oficina-de-atencion-ciudadana-del-diputado-alfredo-quiroz\/#breadcrumb\",\"itemListElement\":[{\"@type\":\"ListItem\",\"position\":1,\"name\":\"Inicio\",\"item\":\"https:\/\/21panorama.com\/\"},{\"@type\":\"ListItem\",\"position\":2,\"name\":\"Inauguran Oficina de Atenci\u00f3n Ciudadana del Diputado Alfredo Quiroz\"}]},{\"@type\":\"WebSite\",\"@id\":\"https:\/\/21panorama.com\/#website\",\"url\":\"https:\/\/21panorama.com\/\",\"name\":\"21 Panorama\",\"description\":\"La construcci\u00f3n de la opini\u00f3n p\u00fablica merece un mejor Panorama en este siglo 21 para alcanzar una sociedad con mayor transparencia y sin corrupci\u00f3n.\",\"publisher\":{\"@id\":\"https:\/\/21panorama.com\/#organization\"},\"potentialAction\":[{\"@type\":\"SearchAction\",\"target\":{\"@type\":\"EntryPoint\",\"urlTemplate\":\"https:\/\/21panorama.com\/?s={search_term_string}\"},\"query-input\":{\"@type\":\"PropertyValueSpecification\",\"valueRequired\":true,\"valueName\":\"search_term_string\"}}],\"inLanguage\":\"es\"},{\"@type\":\"Organization\",\"@id\":\"https:\/\/21panorama.com\/#organization\",\"name\":\"21 Panorama\",\"url\":\"https:\/\/21panorama.com\/\",\"logo\":{\"@type\":\"ImageObject\",\"inLanguage\":\"es\",\"@id\":\"https:\/\/21panorama.com\/#\/schema\/logo\/image\/\",\"url\":\"https:\/\/21panorama.com\/wp-content\/uploads\/2019\/07\/cropped-Logo-Panorama-01.jpeg\",\"contentUrl\":\"https:\/\/21panorama.com\/wp-content\/uploads\/2019\/07\/cropped-Logo-Panorama-01.jpeg\",\"width\":290,\"height\":70,\"caption\":\"21 Panorama\"},\"image\":{\"@id\":\"https:\/\/21panorama.com\/#\/schema\/logo\/image\/\"}},{\"@type\":\"Person\",\"@id\":\"https:\/\/21panorama.com\/#\/schema\/person\/1afc291b96d5792a158768324287319f\",\"name\":\"admin\",\"image\":{\"@type\":\"ImageObject\",\"inLanguage\":\"es\",\"@id\":\"https:\/\/21panorama.com\/#\/schema\/person\/image\/\",\"url\":\"https:\/\/secure.gravatar.com\/avatar\/ad365d9d9f46719215b0d042cc3df92a5a8683e09ef13d102233e5491985f0f0?s=96&d=mm&r=g\",\"contentUrl\":\"https:\/\/secure.gravatar.com\/avatar\/ad365d9d9f46719215b0d042cc3df92a5a8683e09ef13d102233e5491985f0f0?s=96&d=mm&r=g\",\"caption\":\"admin\"},\"url\":\"https:\/\/21panorama.com\/index.php\/author\/admin\/\"}]}<\/script>\n<!-- \/ Yoast SEO plugin. -->","yoast_head_json":{"title":"Inauguran Oficina de Atenci\u00f3n Ciudadana del Diputado Alfredo Quiroz - 21 Panorama","robots":{"index":"index","follow":"follow","max-snippet":"max-snippet:-1","max-image-preview":"max-image-preview:large","max-video-preview":"max-video-preview:-1"},"canonical":"https:\/\/21panorama.com\/index.php\/2021\/11\/29\/inauguran-oficina-de-atencion-ciudadana-del-diputado-alfredo-quiroz\/","og_locale":"es_MX","og_type":"article","og_title":"Inauguran Oficina de Atenci\u00f3n Ciudadana del Diputado Alfredo Quiroz - 21 Panorama","og_description":"Los diputados del PRI trabajar\u00e1n de manera responsable para impulsar un Paquete Fiscal, que atienda las principales necesidades de las y los mexiquenses en materia de seguridad social, educaci\u00f3n y salud, asegur\u00f3 El\u00edas Rescala, coordinador de la Fracci\u00f3n parlamentaria del Revolucionario Institucional en la LXI Legislatura local.","og_url":"https:\/\/21panorama.com\/index.php\/2021\/11\/29\/inauguran-oficina-de-atencion-ciudadana-del-diputado-alfredo-quiroz\/","og_site_name":"21 Panorama","article_published_time":"2021-11-30T02:30:40+00:00","article_modified_time":"2021-11-30T02:30:43+00:00","og_image":[{"width":1280,"height":853,"url":"https:\/\/21panorama.com\/wp-content\/uploads\/2021\/11\/f6389212-0465-4682-9d2b-400a2166a51e.jpeg","type":"image\/jpeg"}],"author":"admin","twitter_card":"summary_large_image","twitter_misc":{"Escrito por":"admin","Tiempo de lectura":"3 minutos"},"schema":{"@context":"https:\/\/schema.org","@graph":[{"@type":"Article","@id":"https:\/\/21panorama.com\/index.php\/2021\/11\/29\/inauguran-oficina-de-atencion-ciudadana-del-diputado-alfredo-quiroz\/#article","isPartOf":{"@id":"https:\/\/21panorama.com\/index.php\/2021\/11\/29\/inauguran-oficina-de-atencion-ciudadana-del-diputado-alfredo-quiroz\/"},"author":{"name":"admin","@id":"https:\/\/21panorama.com\/#\/schema\/person\/1afc291b96d5792a158768324287319f"},"headline":"Inauguran Oficina de Atenci\u00f3n Ciudadana del Diputado Alfredo Quiroz","datePublished":"2021-11-30T02:30:40+00:00","dateModified":"2021-11-30T02:30:43+00:00","mainEntityOfPage":{"@id":"https:\/\/21panorama.com\/index.php\/2021\/11\/29\/inauguran-oficina-de-atencion-ciudadana-del-diputado-alfredo-quiroz\/"},"wordCount":413,"commentCount":0,"publisher":{"@id":"https:\/\/21panorama.com\/#organization"},"image":{"@id":"https:\/\/21panorama.com\/index.php\/2021\/11\/29\/inauguran-oficina-de-atencion-ciudadana-del-diputado-alfredo-quiroz\/#primaryimage"},"thumbnailUrl":"https:\/\/21panorama.com\/wp-content\/uploads\/2021\/11\/f6389212-0465-4682-9d2b-400a2166a51e.jpeg","keywords":["atenci\u00f3n","CIUDADANA"],"articleSection":["Sociedad"],"inLanguage":"es","potentialAction":[{"@type":"CommentAction","name":"Comment","target":["https:\/\/21panorama.com\/index.php\/2021\/11\/29\/inauguran-oficina-de-atencion-ciudadana-del-diputado-alfredo-quiroz\/#respond"]}]},{"@type":"WebPage","@id":"https:\/\/21panorama.com\/index.php\/2021\/11\/29\/inauguran-oficina-de-atencion-ciudadana-del-diputado-alfredo-quiroz\/","url":"https:\/\/21panorama.com\/index.php\/2021\/11\/29\/inauguran-oficina-de-atencion-ciudadana-del-diputado-alfredo-quiroz\/","name":"Inauguran Oficina de Atenci\u00f3n Ciudadana del Diputado Alfredo Quiroz - 21 Panorama","isPartOf":{"@id":"https:\/\/21panorama.com\/#website"},"primaryImageOfPage":{"@id":"https:\/\/21panorama.com\/index.php\/2021\/11\/29\/inauguran-oficina-de-atencion-ciudadana-del-diputado-alfredo-quiroz\/#primaryimage"},"image":{"@id":"https:\/\/21panorama.com\/index.php\/2021\/11\/29\/inauguran-oficina-de-atencion-ciudadana-del-diputado-alfredo-quiroz\/#primaryimage"},"thumbnailUrl":"https:\/\/21panorama.com\/wp-content\/uploads\/2021\/11\/f6389212-0465-4682-9d2b-400a2166a51e.jpeg","datePublished":"2021-11-30T02:30:40+00:00","dateModified":"2021-11-30T02:30:43+00:00","breadcrumb":{"@id":"https:\/\/21panorama.com\/index.php\/2021\/11\/29\/inauguran-oficina-de-atencion-ciudadana-del-diputado-alfredo-quiroz\/#breadcrumb"},"inLanguage":"es","potentialAction":[{"@type":"ReadAction","target":["https:\/\/21panorama.com\/index.php\/2021\/11\/29\/inauguran-oficina-de-atencion-ciudadana-del-diputado-alfredo-quiroz\/"]}]},{"@type":"ImageObject","inLanguage":"es","@id":"https:\/\/21panorama.com\/index.php\/2021\/11\/29\/inauguran-oficina-de-atencion-ciudadana-del-diputado-alfredo-quiroz\/#primaryimage","url":"https:\/\/21panorama.com\/wp-content\/uploads\/2021\/11\/f6389212-0465-4682-9d2b-400a2166a51e.jpeg","contentUrl":"https:\/\/21panorama.com\/wp-content\/uploads\/2021\/11\/f6389212-0465-4682-9d2b-400a2166a51e.jpeg","width":1280,"height":853},{"@type":"BreadcrumbList","@id":"https:\/\/21panorama.com\/index.php\/2021\/11\/29\/inauguran-oficina-de-atencion-ciudadana-del-diputado-alfredo-quiroz\/#breadcrumb","itemListElement":[{"@type":"ListItem","position":1,"name":"Inicio","item":"https:\/\/21panorama.com\/"},{"@type":"ListItem","position":2,"name":"Inauguran Oficina de Atenci\u00f3n Ciudadana del Diputado Alfredo Quiroz"}]},{"@type":"WebSite","@id":"https:\/\/21panorama.com\/#website","url":"https:\/\/21panorama.com\/","name":"21 Panorama","description":"La construcci\u00f3n de la opini\u00f3n p\u00fablica merece un mejor Panorama en este siglo 21 para alcanzar una sociedad con mayor transparencia y sin corrupci\u00f3n.","publisher":{"@id":"https:\/\/21panorama.com\/#organization"},"potentialAction":[{"@type":"SearchAction","target":{"@type":"EntryPoint","urlTemplate":"https:\/\/21panorama.com\/?s={search_term_string}"},"query-input":{"@type":"PropertyValueSpecification","valueRequired":true,"valueName":"search_term_string"}}],"inLanguage":"es"},{"@type":"Organization","@id":"https:\/\/21panorama.com\/#organization","name":"21 Panorama","url":"https:\/\/21panorama.com\/","logo":{"@type":"ImageObject","inLanguage":"es","@id":"https:\/\/21panorama.com\/#\/schema\/logo\/image\/","url":"https:\/\/21panorama.com\/wp-content\/uploads\/2019\/07\/cropped-Logo-Panorama-01.jpeg","contentUrl":"https:\/\/21panorama.com\/wp-content\/uploads\/2019\/07\/cropped-Logo-Panorama-01.jpeg","width":290,"height":70,"caption":"21 Panorama"},"image":{"@id":"https:\/\/21panorama.com\/#\/schema\/logo\/image\/"}},{"@type":"Person","@id":"https:\/\/21panorama.com\/#\/schema\/person\/1afc291b96d5792a158768324287319f","name":"admin","image":{"@type":"ImageObject","inLanguage":"es","@id":"https:\/\/21panorama.com\/#\/schema\/person\/image\/","url":"https:\/\/secure.gravatar.com\/avatar\/ad365d9d9f46719215b0d042cc3df92a5a8683e09ef13d102233e5491985f0f0?s=96&d=mm&r=g","contentUrl":"https:\/\/secure.gravatar.com\/avatar\/ad365d9d9f46719215b0d042cc3df92a5a8683e09ef13d102233e5491985f0f0?s=96&d=mm&r=g","caption":"admin"},"url":"https:\/\/21panorama.com\/index.php\/author\/admin\/"}]}},"_links":{"self":[{"href":"https:\/\/21panorama.com\/index.php\/wp-json\/wp\/v2\/posts\/2496","targetHints":{"allow":["GET"]}}],"collection":[{"href":"https:\/\/21panorama.com\/index.php\/wp-json\/wp\/v2\/posts"}],"about":[{"href":"https:\/\/21panorama.com\/index.php\/wp-json\/wp\/v2\/types\/post"}],"author":[{"embeddable":true,"href":"https:\/\/21panorama.com\/index.php\/wp-json\/wp\/v2\/users\/1"}],"replies":[{"embeddable":true,"href":"https:\/\/21panorama.com\/index.php\/wp-json\/wp\/v2\/comments?post=2496"}],"version-history":[{"count":1,"href":"https:\/\/21panorama.com\/index.php\/wp-json\/wp\/v2\/posts\/2496\/revisions"}],"predecessor-version":[{"id":2501,"href":"https:\/\/21panorama.com\/index.php\/wp-json\/wp\/v2\/posts\/2496\/revisions\/2501"}],"wp:featuredmedia":[{"embeddable":true,"href":"https:\/\/21panorama.com\/index.php\/wp-json\/wp\/v2\/media\/2497"}],"wp:attachment":[{"href":"https:\/\/21panorama.com\/index.php\/wp-json\/wp\/v2\/media?parent=2496"}],"wp:term":[{"taxonomy":"category","embeddable":true,"href":"https:\/\/21panorama.com\/index.php\/wp-json\/wp\/v2\/categories?post=2496"},{"taxonomy":"post_tag","embeddable":true,"href":"https:\/\/21panorama.com\/index.php\/wp-json\/wp\/v2\/tags?post=2496"}],"curies":[{"name":"wp","href":"https:\/\/api.w.org\/{rel}","templated":true}]}}