{"id":2482,"date":"2021-11-29T11:35:57","date_gmt":"2021-11-29T17:35:57","guid":{"rendered":"https:\/\/21panorama.com\/?p=2482"},"modified":"2021-11-29T12:06:43","modified_gmt":"2021-11-29T18:06:43","slug":"activo-el-diputado-gustavo-cardenas-en-ruta-ciclista","status":"publish","type":"post","link":"https:\/\/21panorama.com\/index.php\/2021\/11\/29\/activo-el-diputado-gustavo-cardenas-en-ruta-ciclista\/","title":{"rendered":"ACTIVO EL DIPUTADO GUSTAVO C\u00c1RDENAS EN RUTA CICLISTA"},"content":{"rendered":"\n<p>Activo de nueva cuenta y con el \u00e1nimo de escuchar a la gente de su Distrito Federal electoral con sede en Atlacomulco, el diputado federal Gustavo C\u00e1rdenas Monroy asisti\u00f3 a la Ruta Ciclista \u201cConoce El Encanto del Distrito XIII Local\u201d.<\/p>\n\n\n\n<p>El legislador pri\u00edsta acompa\u00f1\u00f3 la actividad organizada por el diputado Iv\u00e1n Esquer Cruz, a la cual asistieron m\u00e1s de 500 ciclistas de la entidad mexiquense y de otros Estados en esta \u00faltima etapa del circuito programado.<\/p>\n\n\n\n<p>La mayor\u00eda de los bikers siguieron esta actividad en todas sus ediciones, que con satisfacci\u00f3n ha cubierto todos los municipios del Distrito XIII en su primera vuelta.<\/p>\n\n\n\n<p>En el acto cierre de la vuelta ciclista, agradecieron la asistencia del Diputado Federal, Gustavo C\u00e1rdenas Monroy; del presidente municipal de Jocotitl\u00e1n, Armando S\u00e1nchez Mendoza; del presidente municipal electo de Temascalcingo, Jos\u00e9 Luis Espinoza Navarrete.<\/p>\n\n\n\n<p>Adem\u00e1s de Ruth Salazar Garc\u00eda, alcaldesa electa de El Oro y la valiosa anfitrion\u00eda de Marisol Arias Flores, presidenta municipal electa de Atlacomulco, cabecera del distrito local y federal.<\/p>\n\n\n\n<p>Aseguraron que este tipo de Iniciativas se seguir\u00e1n durante toda la gesti\u00f3n del diputado local Iv\u00e1n Esquer, pues todas las autoridades del distrito que en Junio pasado recibieron la confianza del voto ciudadano \u201chemos decidido trabajar en equipo y por el mismo rumbo para entregar resultados de excelencia a toda la ciudadan\u00eda de nuestra regi\u00f3n\u201d.<\/p>\n\n\n\n<figure class=\"wp-block-gallery columns-3 is-cropped wp-block-gallery-1 is-layout-flex wp-block-gallery-is-layout-flex\"><ul class=\"blocks-gallery-grid\"><li class=\"blocks-gallery-item\"><figure><img decoding=\"async\" width=\"959\" height=\"540\" src=\"https:\/\/21panorama.com\/wp-content\/uploads\/2021\/11\/6e471aff-b142-4b83-9031-e3eef583e5f3.jpeg\" alt=\"\" data-id=\"2484\" data-link=\"https:\/\/21panorama.com\/?attachment_id=2484\" class=\"wp-image-2484\" srcset=\"https:\/\/21panorama.com\/wp-content\/uploads\/2021\/11\/6e471aff-b142-4b83-9031-e3eef583e5f3.jpeg 959w, https:\/\/21panorama.com\/wp-content\/uploads\/2021\/11\/6e471aff-b142-4b83-9031-e3eef583e5f3-300x169.jpeg 300w, https:\/\/21panorama.com\/wp-content\/uploads\/2021\/11\/6e471aff-b142-4b83-9031-e3eef583e5f3-768x432.jpeg 768w\" sizes=\"(max-width: 959px) 100vw, 959px\" \/><\/figure><\/li><li class=\"blocks-gallery-item\"><figure><img decoding=\"async\" width=\"960\" height=\"540\" src=\"https:\/\/21panorama.com\/wp-content\/uploads\/2021\/11\/ee123860-2283-4d86-a489-ae98a74694f3.jpeg\" alt=\"\" data-id=\"2485\" data-link=\"https:\/\/21panorama.com\/?attachment_id=2485\" class=\"wp-image-2485\" srcset=\"https:\/\/21panorama.com\/wp-content\/uploads\/2021\/11\/ee123860-2283-4d86-a489-ae98a74694f3.jpeg 960w, https:\/\/21panorama.com\/wp-content\/uploads\/2021\/11\/ee123860-2283-4d86-a489-ae98a74694f3-300x169.jpeg 300w, https:\/\/21panorama.com\/wp-content\/uploads\/2021\/11\/ee123860-2283-4d86-a489-ae98a74694f3-768x432.jpeg 768w\" sizes=\"(max-width: 960px) 100vw, 960px\" \/><\/figure><\/li><li class=\"blocks-gallery-item\"><figure><img decoding=\"async\" width=\"959\" height=\"540\" src=\"https:\/\/21panorama.com\/wp-content\/uploads\/2021\/11\/f247eeab-67cd-4f1d-afa6-4fde4c1c893a.jpeg\" alt=\"\" data-id=\"2486\" data-full-url=\"https:\/\/21panorama.com\/wp-content\/uploads\/2021\/11\/f247eeab-67cd-4f1d-afa6-4fde4c1c893a.jpeg\" data-link=\"https:\/\/21panorama.com\/?attachment_id=2486\" class=\"wp-image-2486\" srcset=\"https:\/\/21panorama.com\/wp-content\/uploads\/2021\/11\/f247eeab-67cd-4f1d-afa6-4fde4c1c893a.jpeg 959w, https:\/\/21panorama.com\/wp-content\/uploads\/2021\/11\/f247eeab-67cd-4f1d-afa6-4fde4c1c893a-300x169.jpeg 300w, https:\/\/21panorama.com\/wp-content\/uploads\/2021\/11\/f247eeab-67cd-4f1d-afa6-4fde4c1c893a-768x432.jpeg 768w\" sizes=\"(max-width: 959px) 100vw, 959px\" \/><\/figure><\/li><\/ul><\/figure>\n","protected":false},"excerpt":{"rendered":"<p>Se comprometi\u00f3 a seguir con otras actividades deportivas como atletismo, f\u00fatbol, b\u00e1squetbol, entre otros.  Se trata de cumplir con las promesas que se hicieron en campa\u00f1a en esta materia y atender la confianza de la ciudadan\u00eda. <\/p>\n","protected":false},"author":1,"featured_media":2483,"comment_status":"open","ping_status":"open","sticky":false,"template":"","format":"standard","meta":{"footnotes":""},"categories":[7],"tags":[216],"class_list":["post-2482","post","type-post","status-publish","format-standard","has-post-thumbnail","hentry","category-deportes","tag-ciclismo-2"],"yoast_head":"<!-- This site is optimized with the Yoast SEO plugin v24.9 - https:\/\/yoast.com\/wordpress\/plugins\/seo\/ -->\n<title>ACTIVO EL DIPUTADO GUSTAVO C\u00c1RDENAS EN RUTA CICLISTA - 21 Panorama<\/title>\n<meta name=\"robots\" content=\"index, follow, max-snippet:-1, max-image-preview:large, max-video-preview:-1\" \/>\n<link rel=\"canonical\" href=\"https:\/\/21panorama.com\/index.php\/2021\/11\/29\/activo-el-diputado-gustavo-cardenas-en-ruta-ciclista\/\" \/>\n<meta property=\"og:locale\" content=\"es_MX\" \/>\n<meta property=\"og:type\" content=\"article\" \/>\n<meta property=\"og:title\" content=\"ACTIVO EL DIPUTADO GUSTAVO C\u00c1RDENAS EN RUTA CICLISTA - 21 Panorama\" \/>\n<meta property=\"og:description\" content=\"Se comprometi\u00f3 a seguir con otras actividades deportivas como atletismo, f\u00fatbol, b\u00e1squetbol, entre otros. Se trata de cumplir con las promesas que se hicieron en campa\u00f1a en esta materia y atender la confianza de la ciudadan\u00eda.\" \/>\n<meta property=\"og:url\" content=\"https:\/\/21panorama.com\/index.php\/2021\/11\/29\/activo-el-diputado-gustavo-cardenas-en-ruta-ciclista\/\" \/>\n<meta property=\"og:site_name\" content=\"21 Panorama\" \/>\n<meta property=\"article:published_time\" content=\"2021-11-29T17:35:57+00:00\" \/>\n<meta property=\"article:modified_time\" content=\"2021-11-29T18:06:43+00:00\" \/>\n<meta property=\"og:image\" content=\"https:\/\/21panorama.com\/wp-content\/uploads\/2021\/11\/d109b201-4e3b-4a30-b09b-2ef3bb563a88.jpeg\" \/>\n\t<meta property=\"og:image:width\" content=\"959\" \/>\n\t<meta property=\"og:image:height\" content=\"540\" \/>\n\t<meta property=\"og:image:type\" content=\"image\/jpeg\" \/>\n<meta name=\"author\" content=\"admin\" \/>\n<meta name=\"twitter:card\" content=\"summary_large_image\" \/>\n<meta name=\"twitter:label1\" content=\"Escrito por\" \/>\n\t<meta name=\"twitter:data1\" content=\"admin\" \/>\n\t<meta name=\"twitter:label2\" content=\"Tiempo de lectura\" \/>\n\t<meta name=\"twitter:data2\" content=\"2 minutos\" \/>\n<script type=\"application\/ld+json\" class=\"yoast-schema-graph\">{\"@context\":\"https:\/\/schema.org\",\"@graph\":[{\"@type\":\"Article\",\"@id\":\"https:\/\/21panorama.com\/index.php\/2021\/11\/29\/activo-el-diputado-gustavo-cardenas-en-ruta-ciclista\/#article\",\"isPartOf\":{\"@id\":\"https:\/\/21panorama.com\/index.php\/2021\/11\/29\/activo-el-diputado-gustavo-cardenas-en-ruta-ciclista\/\"},\"author\":{\"name\":\"admin\",\"@id\":\"https:\/\/21panorama.com\/#\/schema\/person\/1afc291b96d5792a158768324287319f\"},\"headline\":\"ACTIVO EL DIPUTADO GUSTAVO C\u00c1RDENAS EN RUTA CICLISTA\",\"datePublished\":\"2021-11-29T17:35:57+00:00\",\"dateModified\":\"2021-11-29T18:06:43+00:00\",\"mainEntityOfPage\":{\"@id\":\"https:\/\/21panorama.com\/index.php\/2021\/11\/29\/activo-el-diputado-gustavo-cardenas-en-ruta-ciclista\/\"},\"wordCount\":247,\"commentCount\":0,\"publisher\":{\"@id\":\"https:\/\/21panorama.com\/#organization\"},\"image\":{\"@id\":\"https:\/\/21panorama.com\/index.php\/2021\/11\/29\/activo-el-diputado-gustavo-cardenas-en-ruta-ciclista\/#primaryimage\"},\"thumbnailUrl\":\"https:\/\/21panorama.com\/wp-content\/uploads\/2021\/11\/d109b201-4e3b-4a30-b09b-2ef3bb563a88.jpeg\",\"keywords\":[\"CICLISMO\"],\"articleSection\":[\"Deportes\"],\"inLanguage\":\"es\",\"potentialAction\":[{\"@type\":\"CommentAction\",\"name\":\"Comment\",\"target\":[\"https:\/\/21panorama.com\/index.php\/2021\/11\/29\/activo-el-diputado-gustavo-cardenas-en-ruta-ciclista\/#respond\"]}]},{\"@type\":\"WebPage\",\"@id\":\"https:\/\/21panorama.com\/index.php\/2021\/11\/29\/activo-el-diputado-gustavo-cardenas-en-ruta-ciclista\/\",\"url\":\"https:\/\/21panorama.com\/index.php\/2021\/11\/29\/activo-el-diputado-gustavo-cardenas-en-ruta-ciclista\/\",\"name\":\"ACTIVO EL DIPUTADO GUSTAVO C\u00c1RDENAS EN RUTA CICLISTA - 21 Panorama\",\"isPartOf\":{\"@id\":\"https:\/\/21panorama.com\/#website\"},\"primaryImageOfPage\":{\"@id\":\"https:\/\/21panorama.com\/index.php\/2021\/11\/29\/activo-el-diputado-gustavo-cardenas-en-ruta-ciclista\/#primaryimage\"},\"image\":{\"@id\":\"https:\/\/21panorama.com\/index.php\/2021\/11\/29\/activo-el-diputado-gustavo-cardenas-en-ruta-ciclista\/#primaryimage\"},\"thumbnailUrl\":\"https:\/\/21panorama.com\/wp-content\/uploads\/2021\/11\/d109b201-4e3b-4a30-b09b-2ef3bb563a88.jpeg\",\"datePublished\":\"2021-11-29T17:35:57+00:00\",\"dateModified\":\"2021-11-29T18:06:43+00:00\",\"breadcrumb\":{\"@id\":\"https:\/\/21panorama.com\/index.php\/2021\/11\/29\/activo-el-diputado-gustavo-cardenas-en-ruta-ciclista\/#breadcrumb\"},\"inLanguage\":\"es\",\"potentialAction\":[{\"@type\":\"ReadAction\",\"target\":[\"https:\/\/21panorama.com\/index.php\/2021\/11\/29\/activo-el-diputado-gustavo-cardenas-en-ruta-ciclista\/\"]}]},{\"@type\":\"ImageObject\",\"inLanguage\":\"es\",\"@id\":\"https:\/\/21panorama.com\/index.php\/2021\/11\/29\/activo-el-diputado-gustavo-cardenas-en-ruta-ciclista\/#primaryimage\",\"url\":\"https:\/\/21panorama.com\/wp-content\/uploads\/2021\/11\/d109b201-4e3b-4a30-b09b-2ef3bb563a88.jpeg\",\"contentUrl\":\"https:\/\/21panorama.com\/wp-content\/uploads\/2021\/11\/d109b201-4e3b-4a30-b09b-2ef3bb563a88.jpeg\",\"width\":959,\"height\":540},{\"@type\":\"BreadcrumbList\",\"@id\":\"https:\/\/21panorama.com\/index.php\/2021\/11\/29\/activo-el-diputado-gustavo-cardenas-en-ruta-ciclista\/#breadcrumb\",\"itemListElement\":[{\"@type\":\"ListItem\",\"position\":1,\"name\":\"Inicio\",\"item\":\"https:\/\/21panorama.com\/\"},{\"@type\":\"ListItem\",\"position\":2,\"name\":\"ACTIVO EL DIPUTADO GUSTAVO C\u00c1RDENAS EN RUTA CICLISTA\"}]},{\"@type\":\"WebSite\",\"@id\":\"https:\/\/21panorama.com\/#website\",\"url\":\"https:\/\/21panorama.com\/\",\"name\":\"21 Panorama\",\"description\":\"La construcci\u00f3n de la opini\u00f3n p\u00fablica merece un mejor Panorama en este siglo 21 para alcanzar una sociedad con mayor transparencia y sin corrupci\u00f3n.\",\"publisher\":{\"@id\":\"https:\/\/21panorama.com\/#organization\"},\"potentialAction\":[{\"@type\":\"SearchAction\",\"target\":{\"@type\":\"EntryPoint\",\"urlTemplate\":\"https:\/\/21panorama.com\/?s={search_term_string}\"},\"query-input\":{\"@type\":\"PropertyValueSpecification\",\"valueRequired\":true,\"valueName\":\"search_term_string\"}}],\"inLanguage\":\"es\"},{\"@type\":\"Organization\",\"@id\":\"https:\/\/21panorama.com\/#organization\",\"name\":\"21 Panorama\",\"url\":\"https:\/\/21panorama.com\/\",\"logo\":{\"@type\":\"ImageObject\",\"inLanguage\":\"es\",\"@id\":\"https:\/\/21panorama.com\/#\/schema\/logo\/image\/\",\"url\":\"https:\/\/21panorama.com\/wp-content\/uploads\/2019\/07\/cropped-Logo-Panorama-01.jpeg\",\"contentUrl\":\"https:\/\/21panorama.com\/wp-content\/uploads\/2019\/07\/cropped-Logo-Panorama-01.jpeg\",\"width\":290,\"height\":70,\"caption\":\"21 Panorama\"},\"image\":{\"@id\":\"https:\/\/21panorama.com\/#\/schema\/logo\/image\/\"}},{\"@type\":\"Person\",\"@id\":\"https:\/\/21panorama.com\/#\/schema\/person\/1afc291b96d5792a158768324287319f\",\"name\":\"admin\",\"image\":{\"@type\":\"ImageObject\",\"inLanguage\":\"es\",\"@id\":\"https:\/\/21panorama.com\/#\/schema\/person\/image\/\",\"url\":\"https:\/\/secure.gravatar.com\/avatar\/ad365d9d9f46719215b0d042cc3df92a5a8683e09ef13d102233e5491985f0f0?s=96&d=mm&r=g\",\"contentUrl\":\"https:\/\/secure.gravatar.com\/avatar\/ad365d9d9f46719215b0d042cc3df92a5a8683e09ef13d102233e5491985f0f0?s=96&d=mm&r=g\",\"caption\":\"admin\"},\"url\":\"https:\/\/21panorama.com\/index.php\/author\/admin\/\"}]}<\/script>\n<!-- \/ Yoast SEO plugin. -->","yoast_head_json":{"title":"ACTIVO EL DIPUTADO GUSTAVO C\u00c1RDENAS EN RUTA CICLISTA - 21 Panorama","robots":{"index":"index","follow":"follow","max-snippet":"max-snippet:-1","max-image-preview":"max-image-preview:large","max-video-preview":"max-video-preview:-1"},"canonical":"https:\/\/21panorama.com\/index.php\/2021\/11\/29\/activo-el-diputado-gustavo-cardenas-en-ruta-ciclista\/","og_locale":"es_MX","og_type":"article","og_title":"ACTIVO EL DIPUTADO GUSTAVO C\u00c1RDENAS EN RUTA CICLISTA - 21 Panorama","og_description":"Se comprometi\u00f3 a seguir con otras actividades deportivas como atletismo, f\u00fatbol, b\u00e1squetbol, entre otros. Se trata de cumplir con las promesas que se hicieron en campa\u00f1a en esta materia y atender la confianza de la ciudadan\u00eda.","og_url":"https:\/\/21panorama.com\/index.php\/2021\/11\/29\/activo-el-diputado-gustavo-cardenas-en-ruta-ciclista\/","og_site_name":"21 Panorama","article_published_time":"2021-11-29T17:35:57+00:00","article_modified_time":"2021-11-29T18:06:43+00:00","og_image":[{"width":959,"height":540,"url":"https:\/\/21panorama.com\/wp-content\/uploads\/2021\/11\/d109b201-4e3b-4a30-b09b-2ef3bb563a88.jpeg","type":"image\/jpeg"}],"author":"admin","twitter_card":"summary_large_image","twitter_misc":{"Escrito por":"admin","Tiempo de lectura":"2 minutos"},"schema":{"@context":"https:\/\/schema.org","@graph":[{"@type":"Article","@id":"https:\/\/21panorama.com\/index.php\/2021\/11\/29\/activo-el-diputado-gustavo-cardenas-en-ruta-ciclista\/#article","isPartOf":{"@id":"https:\/\/21panorama.com\/index.php\/2021\/11\/29\/activo-el-diputado-gustavo-cardenas-en-ruta-ciclista\/"},"author":{"name":"admin","@id":"https:\/\/21panorama.com\/#\/schema\/person\/1afc291b96d5792a158768324287319f"},"headline":"ACTIVO EL DIPUTADO GUSTAVO C\u00c1RDENAS EN RUTA CICLISTA","datePublished":"2021-11-29T17:35:57+00:00","dateModified":"2021-11-29T18:06:43+00:00","mainEntityOfPage":{"@id":"https:\/\/21panorama.com\/index.php\/2021\/11\/29\/activo-el-diputado-gustavo-cardenas-en-ruta-ciclista\/"},"wordCount":247,"commentCount":0,"publisher":{"@id":"https:\/\/21panorama.com\/#organization"},"image":{"@id":"https:\/\/21panorama.com\/index.php\/2021\/11\/29\/activo-el-diputado-gustavo-cardenas-en-ruta-ciclista\/#primaryimage"},"thumbnailUrl":"https:\/\/21panorama.com\/wp-content\/uploads\/2021\/11\/d109b201-4e3b-4a30-b09b-2ef3bb563a88.jpeg","keywords":["CICLISMO"],"articleSection":["Deportes"],"inLanguage":"es","potentialAction":[{"@type":"CommentAction","name":"Comment","target":["https:\/\/21panorama.com\/index.php\/2021\/11\/29\/activo-el-diputado-gustavo-cardenas-en-ruta-ciclista\/#respond"]}]},{"@type":"WebPage","@id":"https:\/\/21panorama.com\/index.php\/2021\/11\/29\/activo-el-diputado-gustavo-cardenas-en-ruta-ciclista\/","url":"https:\/\/21panorama.com\/index.php\/2021\/11\/29\/activo-el-diputado-gustavo-cardenas-en-ruta-ciclista\/","name":"ACTIVO EL DIPUTADO GUSTAVO C\u00c1RDENAS EN RUTA CICLISTA - 21 Panorama","isPartOf":{"@id":"https:\/\/21panorama.com\/#website"},"primaryImageOfPage":{"@id":"https:\/\/21panorama.com\/index.php\/2021\/11\/29\/activo-el-diputado-gustavo-cardenas-en-ruta-ciclista\/#primaryimage"},"image":{"@id":"https:\/\/21panorama.com\/index.php\/2021\/11\/29\/activo-el-diputado-gustavo-cardenas-en-ruta-ciclista\/#primaryimage"},"thumbnailUrl":"https:\/\/21panorama.com\/wp-content\/uploads\/2021\/11\/d109b201-4e3b-4a30-b09b-2ef3bb563a88.jpeg","datePublished":"2021-11-29T17:35:57+00:00","dateModified":"2021-11-29T18:06:43+00:00","breadcrumb":{"@id":"https:\/\/21panorama.com\/index.php\/2021\/11\/29\/activo-el-diputado-gustavo-cardenas-en-ruta-ciclista\/#breadcrumb"},"inLanguage":"es","potentialAction":[{"@type":"ReadAction","target":["https:\/\/21panorama.com\/index.php\/2021\/11\/29\/activo-el-diputado-gustavo-cardenas-en-ruta-ciclista\/"]}]},{"@type":"ImageObject","inLanguage":"es","@id":"https:\/\/21panorama.com\/index.php\/2021\/11\/29\/activo-el-diputado-gustavo-cardenas-en-ruta-ciclista\/#primaryimage","url":"https:\/\/21panorama.com\/wp-content\/uploads\/2021\/11\/d109b201-4e3b-4a30-b09b-2ef3bb563a88.jpeg","contentUrl":"https:\/\/21panorama.com\/wp-content\/uploads\/2021\/11\/d109b201-4e3b-4a30-b09b-2ef3bb563a88.jpeg","width":959,"height":540},{"@type":"BreadcrumbList","@id":"https:\/\/21panorama.com\/index.php\/2021\/11\/29\/activo-el-diputado-gustavo-cardenas-en-ruta-ciclista\/#breadcrumb","itemListElement":[{"@type":"ListItem","position":1,"name":"Inicio","item":"https:\/\/21panorama.com\/"},{"@type":"ListItem","position":2,"name":"ACTIVO EL DIPUTADO GUSTAVO C\u00c1RDENAS EN RUTA CICLISTA"}]},{"@type":"WebSite","@id":"https:\/\/21panorama.com\/#website","url":"https:\/\/21panorama.com\/","name":"21 Panorama","description":"La construcci\u00f3n de la opini\u00f3n p\u00fablica merece un mejor Panorama en este siglo 21 para alcanzar una sociedad con mayor transparencia y sin corrupci\u00f3n.","publisher":{"@id":"https:\/\/21panorama.com\/#organization"},"potentialAction":[{"@type":"SearchAction","target":{"@type":"EntryPoint","urlTemplate":"https:\/\/21panorama.com\/?s={search_term_string}"},"query-input":{"@type":"PropertyValueSpecification","valueRequired":true,"valueName":"search_term_string"}}],"inLanguage":"es"},{"@type":"Organization","@id":"https:\/\/21panorama.com\/#organization","name":"21 Panorama","url":"https:\/\/21panorama.com\/","logo":{"@type":"ImageObject","inLanguage":"es","@id":"https:\/\/21panorama.com\/#\/schema\/logo\/image\/","url":"https:\/\/21panorama.com\/wp-content\/uploads\/2019\/07\/cropped-Logo-Panorama-01.jpeg","contentUrl":"https:\/\/21panorama.com\/wp-content\/uploads\/2019\/07\/cropped-Logo-Panorama-01.jpeg","width":290,"height":70,"caption":"21 Panorama"},"image":{"@id":"https:\/\/21panorama.com\/#\/schema\/logo\/image\/"}},{"@type":"Person","@id":"https:\/\/21panorama.com\/#\/schema\/person\/1afc291b96d5792a158768324287319f","name":"admin","image":{"@type":"ImageObject","inLanguage":"es","@id":"https:\/\/21panorama.com\/#\/schema\/person\/image\/","url":"https:\/\/secure.gravatar.com\/avatar\/ad365d9d9f46719215b0d042cc3df92a5a8683e09ef13d102233e5491985f0f0?s=96&d=mm&r=g","contentUrl":"https:\/\/secure.gravatar.com\/avatar\/ad365d9d9f46719215b0d042cc3df92a5a8683e09ef13d102233e5491985f0f0?s=96&d=mm&r=g","caption":"admin"},"url":"https:\/\/21panorama.com\/index.php\/author\/admin\/"}]}},"_links":{"self":[{"href":"https:\/\/21panorama.com\/index.php\/wp-json\/wp\/v2\/posts\/2482","targetHints":{"allow":["GET"]}}],"collection":[{"href":"https:\/\/21panorama.com\/index.php\/wp-json\/wp\/v2\/posts"}],"about":[{"href":"https:\/\/21panorama.com\/index.php\/wp-json\/wp\/v2\/types\/post"}],"author":[{"embeddable":true,"href":"https:\/\/21panorama.com\/index.php\/wp-json\/wp\/v2\/users\/1"}],"replies":[{"embeddable":true,"href":"https:\/\/21panorama.com\/index.php\/wp-json\/wp\/v2\/comments?post=2482"}],"version-history":[{"count":2,"href":"https:\/\/21panorama.com\/index.php\/wp-json\/wp\/v2\/posts\/2482\/revisions"}],"predecessor-version":[{"id":2489,"href":"https:\/\/21panorama.com\/index.php\/wp-json\/wp\/v2\/posts\/2482\/revisions\/2489"}],"wp:featuredmedia":[{"embeddable":true,"href":"https:\/\/21panorama.com\/index.php\/wp-json\/wp\/v2\/media\/2483"}],"wp:attachment":[{"href":"https:\/\/21panorama.com\/index.php\/wp-json\/wp\/v2\/media?parent=2482"}],"wp:term":[{"taxonomy":"category","embeddable":true,"href":"https:\/\/21panorama.com\/index.php\/wp-json\/wp\/v2\/categories?post=2482"},{"taxonomy":"post_tag","embeddable":true,"href":"https:\/\/21panorama.com\/index.php\/wp-json\/wp\/v2\/tags?post=2482"}],"curies":[{"name":"wp","href":"https:\/\/api.w.org\/{rel}","templated":true}]}}