{"id":2476,"date":"2021-11-28T13:31:44","date_gmt":"2021-11-28T19:31:44","guid":{"rendered":"https:\/\/21panorama.com\/?p=2476"},"modified":"2021-11-28T13:31:45","modified_gmt":"2021-11-28T19:31:45","slug":"cierra-con-exito-ivan-esquer-ruta-ciclista-en-su-distrito-xiii","status":"publish","type":"post","link":"https:\/\/21panorama.com\/index.php\/2021\/11\/28\/cierra-con-exito-ivan-esquer-ruta-ciclista-en-su-distrito-xiii\/","title":{"rendered":"CIERRA CON \u00c9XITO IV\u00c1N ESQUER RUTA CICLISTA EN SU DISTRITO XIII"},"content":{"rendered":"\n<p>La ruta ciclista \u201cConoce los encantos del Distrito XIII\u201d organizada por el diputado Iv\u00e1n Esquer Cruz lleg\u00f3 a su \u00faltima etapa con un mensaje contundente de avanzar unidos para enfrentar las adversidades que viven los mexiquenses. La ocasi\u00f3n fue para hacer un llamado a la lucha contra la eliminaci\u00f3n de la violencia hacia las mujeres y ni\u00f1as.<\/p>\n\n\n\n<p>Atlacomulco fue escenario para que cientos de Bikers participaran en la \u00faltima etapa de este circuito que dej\u00f3 gratas experiencias y motivaci\u00f3n para seguir respondiendo al llamado de los organizadores.<\/p>\n\n\n\n<p>En su mensaje, el diputado Iv\u00e1n Esquer manifest\u00f3 que todas las actividades son con perspectiva de g\u00e9nero y participar -dijo- es sumar la voluntad de la sociedad, gobierno y representantes populares.<\/p>\n\n\n\n<p>Al evento asistieron los presidentes municipales electos de Temascalcingo, Jos\u00e9 Luis Espinoza; Ruth Salazar de El Oro y Marisol Arias Flores de Atlacomulco.<\/p>\n\n\n\n<p>En uso de la palabra, Marisol Arias Flores, felicit\u00f3 la idea del diputado que une a los mexiquenses de este distrito local. \u201cEste es un lugar de encuentro para la rodada y la convivencia familiar\u201d, apunt\u00f3.<\/p>\n\n\n\n<figure class=\"wp-block-gallery columns-3 is-cropped wp-block-gallery-1 is-layout-flex wp-block-gallery-is-layout-flex\"><ul class=\"blocks-gallery-grid\"><li class=\"blocks-gallery-item\"><figure><img decoding=\"async\" width=\"1024\" height=\"768\" src=\"https:\/\/21panorama.com\/wp-content\/uploads\/2021\/11\/1448ed77-bac1-425a-8ac7-bef6c95f25fc-1024x768.jpeg\" alt=\"\" data-id=\"2478\" data-link=\"https:\/\/21panorama.com\/?attachment_id=2478\" class=\"wp-image-2478\" srcset=\"https:\/\/21panorama.com\/wp-content\/uploads\/2021\/11\/1448ed77-bac1-425a-8ac7-bef6c95f25fc-1024x768.jpeg 1024w, https:\/\/21panorama.com\/wp-content\/uploads\/2021\/11\/1448ed77-bac1-425a-8ac7-bef6c95f25fc-300x225.jpeg 300w, https:\/\/21panorama.com\/wp-content\/uploads\/2021\/11\/1448ed77-bac1-425a-8ac7-bef6c95f25fc-768x576.jpeg 768w, https:\/\/21panorama.com\/wp-content\/uploads\/2021\/11\/1448ed77-bac1-425a-8ac7-bef6c95f25fc-1536x1152.jpeg 1536w, https:\/\/21panorama.com\/wp-content\/uploads\/2021\/11\/1448ed77-bac1-425a-8ac7-bef6c95f25fc.jpeg 1600w\" sizes=\"(max-width: 1024px) 100vw, 1024px\" \/><\/figure><\/li><li class=\"blocks-gallery-item\"><figure><img decoding=\"async\" width=\"1024\" height=\"861\" src=\"https:\/\/21panorama.com\/wp-content\/uploads\/2021\/11\/68cd1044-670a-4e9f-9c56-287a2b00a51e-1024x861.jpeg\" alt=\"\" data-id=\"2479\" data-link=\"https:\/\/21panorama.com\/?attachment_id=2479\" class=\"wp-image-2479\" srcset=\"https:\/\/21panorama.com\/wp-content\/uploads\/2021\/11\/68cd1044-670a-4e9f-9c56-287a2b00a51e-1024x861.jpeg 1024w, https:\/\/21panorama.com\/wp-content\/uploads\/2021\/11\/68cd1044-670a-4e9f-9c56-287a2b00a51e-300x252.jpeg 300w, https:\/\/21panorama.com\/wp-content\/uploads\/2021\/11\/68cd1044-670a-4e9f-9c56-287a2b00a51e-768x646.jpeg 768w, https:\/\/21panorama.com\/wp-content\/uploads\/2021\/11\/68cd1044-670a-4e9f-9c56-287a2b00a51e-1536x1292.jpeg 1536w, https:\/\/21panorama.com\/wp-content\/uploads\/2021\/11\/68cd1044-670a-4e9f-9c56-287a2b00a51e.jpeg 1600w\" sizes=\"(max-width: 1024px) 100vw, 1024px\" \/><\/figure><\/li><li class=\"blocks-gallery-item\"><figure><img decoding=\"async\" width=\"1024\" height=\"622\" src=\"https:\/\/21panorama.com\/wp-content\/uploads\/2021\/11\/76c123f4-4d71-4852-aa31-5903739b00e4-1024x622.jpeg\" alt=\"\" data-id=\"2480\" data-full-url=\"https:\/\/21panorama.com\/wp-content\/uploads\/2021\/11\/76c123f4-4d71-4852-aa31-5903739b00e4.jpeg\" data-link=\"https:\/\/21panorama.com\/?attachment_id=2480\" class=\"wp-image-2480\" srcset=\"https:\/\/21panorama.com\/wp-content\/uploads\/2021\/11\/76c123f4-4d71-4852-aa31-5903739b00e4-1024x622.jpeg 1024w, https:\/\/21panorama.com\/wp-content\/uploads\/2021\/11\/76c123f4-4d71-4852-aa31-5903739b00e4-300x182.jpeg 300w, https:\/\/21panorama.com\/wp-content\/uploads\/2021\/11\/76c123f4-4d71-4852-aa31-5903739b00e4-768x467.jpeg 768w, https:\/\/21panorama.com\/wp-content\/uploads\/2021\/11\/76c123f4-4d71-4852-aa31-5903739b00e4-1536x933.jpeg 1536w, https:\/\/21panorama.com\/wp-content\/uploads\/2021\/11\/76c123f4-4d71-4852-aa31-5903739b00e4.jpeg 1600w\" sizes=\"(max-width: 1024px) 100vw, 1024px\" \/><\/figure><\/li><\/ul><\/figure>\n","protected":false},"excerpt":{"rendered":"<p>La rodada fue emotiva en la lucha contra la violencia hacia las mujeres.  <\/p>\n","protected":false},"author":1,"featured_media":2477,"comment_status":"open","ping_status":"open","sticky":false,"template":"","format":"standard","meta":{"footnotes":""},"categories":[7],"tags":[216],"class_list":["post-2476","post","type-post","status-publish","format-standard","has-post-thumbnail","hentry","category-deportes","tag-ciclismo-2"],"yoast_head":"<!-- This site is optimized with the Yoast SEO plugin v24.9 - https:\/\/yoast.com\/wordpress\/plugins\/seo\/ -->\n<title>CIERRA CON \u00c9XITO IV\u00c1N ESQUER RUTA CICLISTA EN SU DISTRITO XIII - 21 Panorama<\/title>\n<meta name=\"robots\" content=\"index, follow, max-snippet:-1, max-image-preview:large, max-video-preview:-1\" \/>\n<link rel=\"canonical\" href=\"https:\/\/21panorama.com\/index.php\/2021\/11\/28\/cierra-con-exito-ivan-esquer-ruta-ciclista-en-su-distrito-xiii\/\" \/>\n<meta property=\"og:locale\" content=\"es_MX\" \/>\n<meta property=\"og:type\" content=\"article\" \/>\n<meta property=\"og:title\" content=\"CIERRA CON \u00c9XITO IV\u00c1N ESQUER RUTA CICLISTA EN SU DISTRITO XIII - 21 Panorama\" \/>\n<meta property=\"og:description\" content=\"La rodada fue emotiva en la lucha contra la violencia hacia las mujeres.\" \/>\n<meta property=\"og:url\" content=\"https:\/\/21panorama.com\/index.php\/2021\/11\/28\/cierra-con-exito-ivan-esquer-ruta-ciclista-en-su-distrito-xiii\/\" \/>\n<meta property=\"og:site_name\" content=\"21 Panorama\" \/>\n<meta property=\"article:published_time\" content=\"2021-11-28T19:31:44+00:00\" \/>\n<meta property=\"article:modified_time\" content=\"2021-11-28T19:31:45+00:00\" \/>\n<meta property=\"og:image\" content=\"https:\/\/21panorama.com\/wp-content\/uploads\/2021\/11\/927b23e3-2f82-4568-bf25-10db977d8226.jpeg\" \/>\n\t<meta property=\"og:image:width\" content=\"1600\" \/>\n\t<meta property=\"og:image:height\" content=\"1088\" \/>\n\t<meta property=\"og:image:type\" content=\"image\/jpeg\" \/>\n<meta name=\"author\" content=\"admin\" \/>\n<meta name=\"twitter:card\" content=\"summary_large_image\" \/>\n<meta name=\"twitter:label1\" content=\"Escrito por\" \/>\n\t<meta name=\"twitter:data1\" content=\"admin\" \/>\n\t<meta name=\"twitter:label2\" content=\"Tiempo de lectura\" \/>\n\t<meta name=\"twitter:data2\" content=\"2 minutos\" \/>\n<script type=\"application\/ld+json\" class=\"yoast-schema-graph\">{\"@context\":\"https:\/\/schema.org\",\"@graph\":[{\"@type\":\"Article\",\"@id\":\"https:\/\/21panorama.com\/index.php\/2021\/11\/28\/cierra-con-exito-ivan-esquer-ruta-ciclista-en-su-distrito-xiii\/#article\",\"isPartOf\":{\"@id\":\"https:\/\/21panorama.com\/index.php\/2021\/11\/28\/cierra-con-exito-ivan-esquer-ruta-ciclista-en-su-distrito-xiii\/\"},\"author\":{\"name\":\"admin\",\"@id\":\"https:\/\/21panorama.com\/#\/schema\/person\/1afc291b96d5792a158768324287319f\"},\"headline\":\"CIERRA CON \u00c9XITO IV\u00c1N ESQUER RUTA CICLISTA EN SU DISTRITO XIII\",\"datePublished\":\"2021-11-28T19:31:44+00:00\",\"dateModified\":\"2021-11-28T19:31:45+00:00\",\"mainEntityOfPage\":{\"@id\":\"https:\/\/21panorama.com\/index.php\/2021\/11\/28\/cierra-con-exito-ivan-esquer-ruta-ciclista-en-su-distrito-xiii\/\"},\"wordCount\":196,\"commentCount\":0,\"publisher\":{\"@id\":\"https:\/\/21panorama.com\/#organization\"},\"image\":{\"@id\":\"https:\/\/21panorama.com\/index.php\/2021\/11\/28\/cierra-con-exito-ivan-esquer-ruta-ciclista-en-su-distrito-xiii\/#primaryimage\"},\"thumbnailUrl\":\"https:\/\/21panorama.com\/wp-content\/uploads\/2021\/11\/927b23e3-2f82-4568-bf25-10db977d8226.jpeg\",\"keywords\":[\"CICLISMO\"],\"articleSection\":[\"Deportes\"],\"inLanguage\":\"es\",\"potentialAction\":[{\"@type\":\"CommentAction\",\"name\":\"Comment\",\"target\":[\"https:\/\/21panorama.com\/index.php\/2021\/11\/28\/cierra-con-exito-ivan-esquer-ruta-ciclista-en-su-distrito-xiii\/#respond\"]}]},{\"@type\":\"WebPage\",\"@id\":\"https:\/\/21panorama.com\/index.php\/2021\/11\/28\/cierra-con-exito-ivan-esquer-ruta-ciclista-en-su-distrito-xiii\/\",\"url\":\"https:\/\/21panorama.com\/index.php\/2021\/11\/28\/cierra-con-exito-ivan-esquer-ruta-ciclista-en-su-distrito-xiii\/\",\"name\":\"CIERRA CON \u00c9XITO IV\u00c1N ESQUER RUTA CICLISTA EN SU DISTRITO XIII - 21 Panorama\",\"isPartOf\":{\"@id\":\"https:\/\/21panorama.com\/#website\"},\"primaryImageOfPage\":{\"@id\":\"https:\/\/21panorama.com\/index.php\/2021\/11\/28\/cierra-con-exito-ivan-esquer-ruta-ciclista-en-su-distrito-xiii\/#primaryimage\"},\"image\":{\"@id\":\"https:\/\/21panorama.com\/index.php\/2021\/11\/28\/cierra-con-exito-ivan-esquer-ruta-ciclista-en-su-distrito-xiii\/#primaryimage\"},\"thumbnailUrl\":\"https:\/\/21panorama.com\/wp-content\/uploads\/2021\/11\/927b23e3-2f82-4568-bf25-10db977d8226.jpeg\",\"datePublished\":\"2021-11-28T19:31:44+00:00\",\"dateModified\":\"2021-11-28T19:31:45+00:00\",\"breadcrumb\":{\"@id\":\"https:\/\/21panorama.com\/index.php\/2021\/11\/28\/cierra-con-exito-ivan-esquer-ruta-ciclista-en-su-distrito-xiii\/#breadcrumb\"},\"inLanguage\":\"es\",\"potentialAction\":[{\"@type\":\"ReadAction\",\"target\":[\"https:\/\/21panorama.com\/index.php\/2021\/11\/28\/cierra-con-exito-ivan-esquer-ruta-ciclista-en-su-distrito-xiii\/\"]}]},{\"@type\":\"ImageObject\",\"inLanguage\":\"es\",\"@id\":\"https:\/\/21panorama.com\/index.php\/2021\/11\/28\/cierra-con-exito-ivan-esquer-ruta-ciclista-en-su-distrito-xiii\/#primaryimage\",\"url\":\"https:\/\/21panorama.com\/wp-content\/uploads\/2021\/11\/927b23e3-2f82-4568-bf25-10db977d8226.jpeg\",\"contentUrl\":\"https:\/\/21panorama.com\/wp-content\/uploads\/2021\/11\/927b23e3-2f82-4568-bf25-10db977d8226.jpeg\",\"width\":1600,\"height\":1088},{\"@type\":\"BreadcrumbList\",\"@id\":\"https:\/\/21panorama.com\/index.php\/2021\/11\/28\/cierra-con-exito-ivan-esquer-ruta-ciclista-en-su-distrito-xiii\/#breadcrumb\",\"itemListElement\":[{\"@type\":\"ListItem\",\"position\":1,\"name\":\"Inicio\",\"item\":\"https:\/\/21panorama.com\/\"},{\"@type\":\"ListItem\",\"position\":2,\"name\":\"CIERRA CON \u00c9XITO IV\u00c1N ESQUER RUTA CICLISTA EN SU DISTRITO XIII\"}]},{\"@type\":\"WebSite\",\"@id\":\"https:\/\/21panorama.com\/#website\",\"url\":\"https:\/\/21panorama.com\/\",\"name\":\"21 Panorama\",\"description\":\"La construcci\u00f3n de la opini\u00f3n p\u00fablica merece un mejor Panorama en este siglo 21 para alcanzar una sociedad con mayor transparencia y sin corrupci\u00f3n.\",\"publisher\":{\"@id\":\"https:\/\/21panorama.com\/#organization\"},\"potentialAction\":[{\"@type\":\"SearchAction\",\"target\":{\"@type\":\"EntryPoint\",\"urlTemplate\":\"https:\/\/21panorama.com\/?s={search_term_string}\"},\"query-input\":{\"@type\":\"PropertyValueSpecification\",\"valueRequired\":true,\"valueName\":\"search_term_string\"}}],\"inLanguage\":\"es\"},{\"@type\":\"Organization\",\"@id\":\"https:\/\/21panorama.com\/#organization\",\"name\":\"21 Panorama\",\"url\":\"https:\/\/21panorama.com\/\",\"logo\":{\"@type\":\"ImageObject\",\"inLanguage\":\"es\",\"@id\":\"https:\/\/21panorama.com\/#\/schema\/logo\/image\/\",\"url\":\"https:\/\/21panorama.com\/wp-content\/uploads\/2019\/07\/cropped-Logo-Panorama-01.jpeg\",\"contentUrl\":\"https:\/\/21panorama.com\/wp-content\/uploads\/2019\/07\/cropped-Logo-Panorama-01.jpeg\",\"width\":290,\"height\":70,\"caption\":\"21 Panorama\"},\"image\":{\"@id\":\"https:\/\/21panorama.com\/#\/schema\/logo\/image\/\"}},{\"@type\":\"Person\",\"@id\":\"https:\/\/21panorama.com\/#\/schema\/person\/1afc291b96d5792a158768324287319f\",\"name\":\"admin\",\"image\":{\"@type\":\"ImageObject\",\"inLanguage\":\"es\",\"@id\":\"https:\/\/21panorama.com\/#\/schema\/person\/image\/\",\"url\":\"https:\/\/secure.gravatar.com\/avatar\/ad365d9d9f46719215b0d042cc3df92a5a8683e09ef13d102233e5491985f0f0?s=96&d=mm&r=g\",\"contentUrl\":\"https:\/\/secure.gravatar.com\/avatar\/ad365d9d9f46719215b0d042cc3df92a5a8683e09ef13d102233e5491985f0f0?s=96&d=mm&r=g\",\"caption\":\"admin\"},\"url\":\"https:\/\/21panorama.com\/index.php\/author\/admin\/\"}]}<\/script>\n<!-- \/ Yoast SEO plugin. -->","yoast_head_json":{"title":"CIERRA CON \u00c9XITO IV\u00c1N ESQUER RUTA CICLISTA EN SU DISTRITO XIII - 21 Panorama","robots":{"index":"index","follow":"follow","max-snippet":"max-snippet:-1","max-image-preview":"max-image-preview:large","max-video-preview":"max-video-preview:-1"},"canonical":"https:\/\/21panorama.com\/index.php\/2021\/11\/28\/cierra-con-exito-ivan-esquer-ruta-ciclista-en-su-distrito-xiii\/","og_locale":"es_MX","og_type":"article","og_title":"CIERRA CON \u00c9XITO IV\u00c1N ESQUER RUTA CICLISTA EN SU DISTRITO XIII - 21 Panorama","og_description":"La rodada fue emotiva en la lucha contra la violencia hacia las mujeres.","og_url":"https:\/\/21panorama.com\/index.php\/2021\/11\/28\/cierra-con-exito-ivan-esquer-ruta-ciclista-en-su-distrito-xiii\/","og_site_name":"21 Panorama","article_published_time":"2021-11-28T19:31:44+00:00","article_modified_time":"2021-11-28T19:31:45+00:00","og_image":[{"width":1600,"height":1088,"url":"https:\/\/21panorama.com\/wp-content\/uploads\/2021\/11\/927b23e3-2f82-4568-bf25-10db977d8226.jpeg","type":"image\/jpeg"}],"author":"admin","twitter_card":"summary_large_image","twitter_misc":{"Escrito por":"admin","Tiempo de lectura":"2 minutos"},"schema":{"@context":"https:\/\/schema.org","@graph":[{"@type":"Article","@id":"https:\/\/21panorama.com\/index.php\/2021\/11\/28\/cierra-con-exito-ivan-esquer-ruta-ciclista-en-su-distrito-xiii\/#article","isPartOf":{"@id":"https:\/\/21panorama.com\/index.php\/2021\/11\/28\/cierra-con-exito-ivan-esquer-ruta-ciclista-en-su-distrito-xiii\/"},"author":{"name":"admin","@id":"https:\/\/21panorama.com\/#\/schema\/person\/1afc291b96d5792a158768324287319f"},"headline":"CIERRA CON \u00c9XITO IV\u00c1N ESQUER RUTA CICLISTA EN SU DISTRITO XIII","datePublished":"2021-11-28T19:31:44+00:00","dateModified":"2021-11-28T19:31:45+00:00","mainEntityOfPage":{"@id":"https:\/\/21panorama.com\/index.php\/2021\/11\/28\/cierra-con-exito-ivan-esquer-ruta-ciclista-en-su-distrito-xiii\/"},"wordCount":196,"commentCount":0,"publisher":{"@id":"https:\/\/21panorama.com\/#organization"},"image":{"@id":"https:\/\/21panorama.com\/index.php\/2021\/11\/28\/cierra-con-exito-ivan-esquer-ruta-ciclista-en-su-distrito-xiii\/#primaryimage"},"thumbnailUrl":"https:\/\/21panorama.com\/wp-content\/uploads\/2021\/11\/927b23e3-2f82-4568-bf25-10db977d8226.jpeg","keywords":["CICLISMO"],"articleSection":["Deportes"],"inLanguage":"es","potentialAction":[{"@type":"CommentAction","name":"Comment","target":["https:\/\/21panorama.com\/index.php\/2021\/11\/28\/cierra-con-exito-ivan-esquer-ruta-ciclista-en-su-distrito-xiii\/#respond"]}]},{"@type":"WebPage","@id":"https:\/\/21panorama.com\/index.php\/2021\/11\/28\/cierra-con-exito-ivan-esquer-ruta-ciclista-en-su-distrito-xiii\/","url":"https:\/\/21panorama.com\/index.php\/2021\/11\/28\/cierra-con-exito-ivan-esquer-ruta-ciclista-en-su-distrito-xiii\/","name":"CIERRA CON \u00c9XITO IV\u00c1N ESQUER RUTA CICLISTA EN SU DISTRITO XIII - 21 Panorama","isPartOf":{"@id":"https:\/\/21panorama.com\/#website"},"primaryImageOfPage":{"@id":"https:\/\/21panorama.com\/index.php\/2021\/11\/28\/cierra-con-exito-ivan-esquer-ruta-ciclista-en-su-distrito-xiii\/#primaryimage"},"image":{"@id":"https:\/\/21panorama.com\/index.php\/2021\/11\/28\/cierra-con-exito-ivan-esquer-ruta-ciclista-en-su-distrito-xiii\/#primaryimage"},"thumbnailUrl":"https:\/\/21panorama.com\/wp-content\/uploads\/2021\/11\/927b23e3-2f82-4568-bf25-10db977d8226.jpeg","datePublished":"2021-11-28T19:31:44+00:00","dateModified":"2021-11-28T19:31:45+00:00","breadcrumb":{"@id":"https:\/\/21panorama.com\/index.php\/2021\/11\/28\/cierra-con-exito-ivan-esquer-ruta-ciclista-en-su-distrito-xiii\/#breadcrumb"},"inLanguage":"es","potentialAction":[{"@type":"ReadAction","target":["https:\/\/21panorama.com\/index.php\/2021\/11\/28\/cierra-con-exito-ivan-esquer-ruta-ciclista-en-su-distrito-xiii\/"]}]},{"@type":"ImageObject","inLanguage":"es","@id":"https:\/\/21panorama.com\/index.php\/2021\/11\/28\/cierra-con-exito-ivan-esquer-ruta-ciclista-en-su-distrito-xiii\/#primaryimage","url":"https:\/\/21panorama.com\/wp-content\/uploads\/2021\/11\/927b23e3-2f82-4568-bf25-10db977d8226.jpeg","contentUrl":"https:\/\/21panorama.com\/wp-content\/uploads\/2021\/11\/927b23e3-2f82-4568-bf25-10db977d8226.jpeg","width":1600,"height":1088},{"@type":"BreadcrumbList","@id":"https:\/\/21panorama.com\/index.php\/2021\/11\/28\/cierra-con-exito-ivan-esquer-ruta-ciclista-en-su-distrito-xiii\/#breadcrumb","itemListElement":[{"@type":"ListItem","position":1,"name":"Inicio","item":"https:\/\/21panorama.com\/"},{"@type":"ListItem","position":2,"name":"CIERRA CON \u00c9XITO IV\u00c1N ESQUER RUTA CICLISTA EN SU DISTRITO XIII"}]},{"@type":"WebSite","@id":"https:\/\/21panorama.com\/#website","url":"https:\/\/21panorama.com\/","name":"21 Panorama","description":"La construcci\u00f3n de la opini\u00f3n p\u00fablica merece un mejor Panorama en este siglo 21 para alcanzar una sociedad con mayor transparencia y sin corrupci\u00f3n.","publisher":{"@id":"https:\/\/21panorama.com\/#organization"},"potentialAction":[{"@type":"SearchAction","target":{"@type":"EntryPoint","urlTemplate":"https:\/\/21panorama.com\/?s={search_term_string}"},"query-input":{"@type":"PropertyValueSpecification","valueRequired":true,"valueName":"search_term_string"}}],"inLanguage":"es"},{"@type":"Organization","@id":"https:\/\/21panorama.com\/#organization","name":"21 Panorama","url":"https:\/\/21panorama.com\/","logo":{"@type":"ImageObject","inLanguage":"es","@id":"https:\/\/21panorama.com\/#\/schema\/logo\/image\/","url":"https:\/\/21panorama.com\/wp-content\/uploads\/2019\/07\/cropped-Logo-Panorama-01.jpeg","contentUrl":"https:\/\/21panorama.com\/wp-content\/uploads\/2019\/07\/cropped-Logo-Panorama-01.jpeg","width":290,"height":70,"caption":"21 Panorama"},"image":{"@id":"https:\/\/21panorama.com\/#\/schema\/logo\/image\/"}},{"@type":"Person","@id":"https:\/\/21panorama.com\/#\/schema\/person\/1afc291b96d5792a158768324287319f","name":"admin","image":{"@type":"ImageObject","inLanguage":"es","@id":"https:\/\/21panorama.com\/#\/schema\/person\/image\/","url":"https:\/\/secure.gravatar.com\/avatar\/ad365d9d9f46719215b0d042cc3df92a5a8683e09ef13d102233e5491985f0f0?s=96&d=mm&r=g","contentUrl":"https:\/\/secure.gravatar.com\/avatar\/ad365d9d9f46719215b0d042cc3df92a5a8683e09ef13d102233e5491985f0f0?s=96&d=mm&r=g","caption":"admin"},"url":"https:\/\/21panorama.com\/index.php\/author\/admin\/"}]}},"_links":{"self":[{"href":"https:\/\/21panorama.com\/index.php\/wp-json\/wp\/v2\/posts\/2476","targetHints":{"allow":["GET"]}}],"collection":[{"href":"https:\/\/21panorama.com\/index.php\/wp-json\/wp\/v2\/posts"}],"about":[{"href":"https:\/\/21panorama.com\/index.php\/wp-json\/wp\/v2\/types\/post"}],"author":[{"embeddable":true,"href":"https:\/\/21panorama.com\/index.php\/wp-json\/wp\/v2\/users\/1"}],"replies":[{"embeddable":true,"href":"https:\/\/21panorama.com\/index.php\/wp-json\/wp\/v2\/comments?post=2476"}],"version-history":[{"count":1,"href":"https:\/\/21panorama.com\/index.php\/wp-json\/wp\/v2\/posts\/2476\/revisions"}],"predecessor-version":[{"id":2481,"href":"https:\/\/21panorama.com\/index.php\/wp-json\/wp\/v2\/posts\/2476\/revisions\/2481"}],"wp:featuredmedia":[{"embeddable":true,"href":"https:\/\/21panorama.com\/index.php\/wp-json\/wp\/v2\/media\/2477"}],"wp:attachment":[{"href":"https:\/\/21panorama.com\/index.php\/wp-json\/wp\/v2\/media?parent=2476"}],"wp:term":[{"taxonomy":"category","embeddable":true,"href":"https:\/\/21panorama.com\/index.php\/wp-json\/wp\/v2\/categories?post=2476"},{"taxonomy":"post_tag","embeddable":true,"href":"https:\/\/21panorama.com\/index.php\/wp-json\/wp\/v2\/tags?post=2476"}],"curies":[{"name":"wp","href":"https:\/\/api.w.org\/{rel}","templated":true}]}}