{"id":2467,"date":"2021-11-27T20:28:44","date_gmt":"2021-11-28T02:28:44","guid":{"rendered":"https:\/\/21panorama.com\/?p=2467"},"modified":"2021-11-27T20:28:45","modified_gmt":"2021-11-28T02:28:45","slug":"no-se-claudicara-en-atender-a-los-municipios-con-mas-recursos","status":"publish","type":"post","link":"https:\/\/21panorama.com\/index.php\/2021\/11\/27\/no-se-claudicara-en-atender-a-los-municipios-con-mas-recursos\/","title":{"rendered":"NO SE CLAUDICAR\u00c1 EN ATENDER A LOS MUNICIPIOS CON M\u00c1S RECURSOS"},"content":{"rendered":"\n<p>Al atestiguar la construcci\u00f3n del centro de salud en la comunidad de San Felipe y Santiago de Jiquipilco, el diputado federal Gustavo C\u00e1rdenas Monroy dej\u00f3 en claro que no se rendir\u00e1 en buscar recursos para atender los sectores de educaci\u00f3n, salud e infraestructura carretera para los municipios.<\/p>\n\n\n\n<p>El legislador pri\u00edsta acompa\u00f1\u00f3 a la presidenta de Jiquipilco, Marisol Gonz\u00e1lez Torres, y se\u00f1al\u00f3 que la falta de recursos infraestructura del sector salud y abast\u00f3 de medicamentos es un hecho lamentable.<\/p>\n\n\n\n<p>As\u00ed se aprob\u00f3 el presupuesto para el pa\u00eds sin alguna modificaci\u00f3n solicitada por los grupos parlamentarios por ello \u201ceso de primero los pobres no es cierto no tienen ning\u00fan sustento\u201d, recalc\u00f3 el legislador mexiquense, quien tambi\u00e9n estuvo acompa\u00f1ado por la diputada Lety Mej\u00eda.<\/p>\n\n\n\n<p>Por ello es muy importante que tanto la<br>autoridad municipal como del gobierno estatal hayan apostado por el sector salud porque bien se puede utilizar los recursos para caminos, escuelas o electrificaci\u00f3n.<\/p>\n\n\n\n<p>Reiter\u00f3 la necesidad de dar prioridad a las instalaciones de primer nivel con la atenci\u00f3n de los trabajadores de la salud<br>y tener mayor seguridad de que las familias no sufran con alguna enfermedad.<\/p>\n\n\n\n<p>No hay suficientes recursos en materia de salud, no hay instalaciones de salud en todas partes y por eso se debe valorar m\u00e1s lo que hoy se entrega en Jiquipilco, puntualiz\u00f3.<\/p>\n\n\n\n<figure class=\"wp-block-gallery columns-3 is-cropped wp-block-gallery-1 is-layout-flex wp-block-gallery-is-layout-flex\"><ul class=\"blocks-gallery-grid\"><li class=\"blocks-gallery-item\"><figure><img decoding=\"async\" width=\"1024\" height=\"768\" src=\"https:\/\/21panorama.com\/wp-content\/uploads\/2021\/11\/06838815-c393-4d96-863f-22a0f7a79fc5.jpeg\" alt=\"\" data-id=\"2471\" data-link=\"https:\/\/21panorama.com\/?attachment_id=2471\" class=\"wp-image-2471\" srcset=\"https:\/\/21panorama.com\/wp-content\/uploads\/2021\/11\/06838815-c393-4d96-863f-22a0f7a79fc5.jpeg 1024w, https:\/\/21panorama.com\/wp-content\/uploads\/2021\/11\/06838815-c393-4d96-863f-22a0f7a79fc5-300x225.jpeg 300w, https:\/\/21panorama.com\/wp-content\/uploads\/2021\/11\/06838815-c393-4d96-863f-22a0f7a79fc5-768x576.jpeg 768w\" sizes=\"(max-width: 1024px) 100vw, 1024px\" \/><\/figure><\/li><li class=\"blocks-gallery-item\"><figure><img decoding=\"async\" width=\"1024\" height=\"768\" src=\"https:\/\/21panorama.com\/wp-content\/uploads\/2021\/11\/1d427533-951a-4c20-b53e-cabb45adb58b.jpeg\" alt=\"\" data-id=\"2472\" data-link=\"https:\/\/21panorama.com\/?attachment_id=2472\" class=\"wp-image-2472\" srcset=\"https:\/\/21panorama.com\/wp-content\/uploads\/2021\/11\/1d427533-951a-4c20-b53e-cabb45adb58b.jpeg 1024w, https:\/\/21panorama.com\/wp-content\/uploads\/2021\/11\/1d427533-951a-4c20-b53e-cabb45adb58b-300x225.jpeg 300w, https:\/\/21panorama.com\/wp-content\/uploads\/2021\/11\/1d427533-951a-4c20-b53e-cabb45adb58b-768x576.jpeg 768w\" sizes=\"(max-width: 1024px) 100vw, 1024px\" \/><\/figure><\/li><li class=\"blocks-gallery-item\"><figure><img decoding=\"async\" width=\"1024\" height=\"576\" src=\"https:\/\/21panorama.com\/wp-content\/uploads\/2021\/11\/34020d64-7f1b-440f-b8b2-541dfb783bed.jpeg\" alt=\"\" data-id=\"2473\" data-full-url=\"https:\/\/21panorama.com\/wp-content\/uploads\/2021\/11\/34020d64-7f1b-440f-b8b2-541dfb783bed.jpeg\" data-link=\"https:\/\/21panorama.com\/?attachment_id=2473\" class=\"wp-image-2473\" srcset=\"https:\/\/21panorama.com\/wp-content\/uploads\/2021\/11\/34020d64-7f1b-440f-b8b2-541dfb783bed.jpeg 1024w, https:\/\/21panorama.com\/wp-content\/uploads\/2021\/11\/34020d64-7f1b-440f-b8b2-541dfb783bed-300x169.jpeg 300w, https:\/\/21panorama.com\/wp-content\/uploads\/2021\/11\/34020d64-7f1b-440f-b8b2-541dfb783bed-768x432.jpeg 768w\" sizes=\"(max-width: 1024px) 100vw, 1024px\" \/><\/figure><\/li><\/ul><\/figure>\n","protected":false},"excerpt":{"rendered":"<p>Al atestiguar la construcci\u00f3n del centro de salud en la comunidad de San Felipe y Santiago de Jiquipilco, el diputado federal Gustavo C\u00e1rdenas Monroy dej\u00f3 en claro que no se rendir\u00e1 en buscar recursos para atender los sectores de educaci\u00f3n, salud e infraestructura carretera para los municipios.<\/p>\n","protected":false},"author":1,"featured_media":2470,"comment_status":"open","ping_status":"open","sticky":false,"template":"","format":"standard","meta":{"footnotes":""},"categories":[1],"tags":[225],"class_list":["post-2467","post","type-post","status-publish","format-standard","has-post-thumbnail","hentry","category-sociedad","tag-recursos"],"yoast_head":"<!-- This site is optimized with the Yoast SEO plugin v24.9 - https:\/\/yoast.com\/wordpress\/plugins\/seo\/ -->\n<title>NO SE CLAUDICAR\u00c1 EN ATENDER A LOS MUNICIPIOS CON M\u00c1S RECURSOS - 21 Panorama<\/title>\n<meta name=\"robots\" content=\"index, follow, max-snippet:-1, max-image-preview:large, max-video-preview:-1\" \/>\n<link rel=\"canonical\" href=\"https:\/\/21panorama.com\/index.php\/2021\/11\/27\/no-se-claudicara-en-atender-a-los-municipios-con-mas-recursos\/\" \/>\n<meta property=\"og:locale\" content=\"es_MX\" \/>\n<meta property=\"og:type\" content=\"article\" \/>\n<meta property=\"og:title\" content=\"NO SE CLAUDICAR\u00c1 EN ATENDER A LOS MUNICIPIOS CON M\u00c1S RECURSOS - 21 Panorama\" \/>\n<meta property=\"og:description\" content=\"Al atestiguar la construcci\u00f3n del centro de salud en la comunidad de San Felipe y Santiago de Jiquipilco, el diputado federal Gustavo C\u00e1rdenas Monroy dej\u00f3 en claro que no se rendir\u00e1 en buscar recursos para atender los sectores de educaci\u00f3n, salud e infraestructura carretera para los municipios.\" \/>\n<meta property=\"og:url\" content=\"https:\/\/21panorama.com\/index.php\/2021\/11\/27\/no-se-claudicara-en-atender-a-los-municipios-con-mas-recursos\/\" \/>\n<meta property=\"og:site_name\" content=\"21 Panorama\" \/>\n<meta property=\"article:published_time\" content=\"2021-11-28T02:28:44+00:00\" \/>\n<meta property=\"article:modified_time\" content=\"2021-11-28T02:28:45+00:00\" \/>\n<meta property=\"og:image\" content=\"https:\/\/21panorama.com\/wp-content\/uploads\/2021\/11\/2276c7d0-a76a-4705-a77b-9445d1f72c2d-2.jpeg\" \/>\n\t<meta property=\"og:image:width\" content=\"896\" \/>\n\t<meta property=\"og:image:height\" content=\"672\" \/>\n\t<meta property=\"og:image:type\" content=\"image\/jpeg\" \/>\n<meta name=\"author\" content=\"admin\" \/>\n<meta name=\"twitter:card\" content=\"summary_large_image\" \/>\n<meta name=\"twitter:label1\" content=\"Escrito por\" \/>\n\t<meta name=\"twitter:data1\" content=\"admin\" \/>\n\t<meta name=\"twitter:label2\" content=\"Tiempo de lectura\" \/>\n\t<meta name=\"twitter:data2\" content=\"2 minutos\" \/>\n<script type=\"application\/ld+json\" class=\"yoast-schema-graph\">{\"@context\":\"https:\/\/schema.org\",\"@graph\":[{\"@type\":\"Article\",\"@id\":\"https:\/\/21panorama.com\/index.php\/2021\/11\/27\/no-se-claudicara-en-atender-a-los-municipios-con-mas-recursos\/#article\",\"isPartOf\":{\"@id\":\"https:\/\/21panorama.com\/index.php\/2021\/11\/27\/no-se-claudicara-en-atender-a-los-municipios-con-mas-recursos\/\"},\"author\":{\"name\":\"admin\",\"@id\":\"https:\/\/21panorama.com\/#\/schema\/person\/1afc291b96d5792a158768324287319f\"},\"headline\":\"NO SE CLAUDICAR\u00c1 EN ATENDER A LOS MUNICIPIOS CON M\u00c1S RECURSOS\",\"datePublished\":\"2021-11-28T02:28:44+00:00\",\"dateModified\":\"2021-11-28T02:28:45+00:00\",\"mainEntityOfPage\":{\"@id\":\"https:\/\/21panorama.com\/index.php\/2021\/11\/27\/no-se-claudicara-en-atender-a-los-municipios-con-mas-recursos\/\"},\"wordCount\":243,\"commentCount\":0,\"publisher\":{\"@id\":\"https:\/\/21panorama.com\/#organization\"},\"image\":{\"@id\":\"https:\/\/21panorama.com\/index.php\/2021\/11\/27\/no-se-claudicara-en-atender-a-los-municipios-con-mas-recursos\/#primaryimage\"},\"thumbnailUrl\":\"https:\/\/21panorama.com\/wp-content\/uploads\/2021\/11\/2276c7d0-a76a-4705-a77b-9445d1f72c2d-2.jpeg\",\"keywords\":[\"RECURSOS\"],\"articleSection\":[\"Sociedad\"],\"inLanguage\":\"es\",\"potentialAction\":[{\"@type\":\"CommentAction\",\"name\":\"Comment\",\"target\":[\"https:\/\/21panorama.com\/index.php\/2021\/11\/27\/no-se-claudicara-en-atender-a-los-municipios-con-mas-recursos\/#respond\"]}]},{\"@type\":\"WebPage\",\"@id\":\"https:\/\/21panorama.com\/index.php\/2021\/11\/27\/no-se-claudicara-en-atender-a-los-municipios-con-mas-recursos\/\",\"url\":\"https:\/\/21panorama.com\/index.php\/2021\/11\/27\/no-se-claudicara-en-atender-a-los-municipios-con-mas-recursos\/\",\"name\":\"NO SE CLAUDICAR\u00c1 EN ATENDER A LOS MUNICIPIOS CON M\u00c1S RECURSOS - 21 Panorama\",\"isPartOf\":{\"@id\":\"https:\/\/21panorama.com\/#website\"},\"primaryImageOfPage\":{\"@id\":\"https:\/\/21panorama.com\/index.php\/2021\/11\/27\/no-se-claudicara-en-atender-a-los-municipios-con-mas-recursos\/#primaryimage\"},\"image\":{\"@id\":\"https:\/\/21panorama.com\/index.php\/2021\/11\/27\/no-se-claudicara-en-atender-a-los-municipios-con-mas-recursos\/#primaryimage\"},\"thumbnailUrl\":\"https:\/\/21panorama.com\/wp-content\/uploads\/2021\/11\/2276c7d0-a76a-4705-a77b-9445d1f72c2d-2.jpeg\",\"datePublished\":\"2021-11-28T02:28:44+00:00\",\"dateModified\":\"2021-11-28T02:28:45+00:00\",\"breadcrumb\":{\"@id\":\"https:\/\/21panorama.com\/index.php\/2021\/11\/27\/no-se-claudicara-en-atender-a-los-municipios-con-mas-recursos\/#breadcrumb\"},\"inLanguage\":\"es\",\"potentialAction\":[{\"@type\":\"ReadAction\",\"target\":[\"https:\/\/21panorama.com\/index.php\/2021\/11\/27\/no-se-claudicara-en-atender-a-los-municipios-con-mas-recursos\/\"]}]},{\"@type\":\"ImageObject\",\"inLanguage\":\"es\",\"@id\":\"https:\/\/21panorama.com\/index.php\/2021\/11\/27\/no-se-claudicara-en-atender-a-los-municipios-con-mas-recursos\/#primaryimage\",\"url\":\"https:\/\/21panorama.com\/wp-content\/uploads\/2021\/11\/2276c7d0-a76a-4705-a77b-9445d1f72c2d-2.jpeg\",\"contentUrl\":\"https:\/\/21panorama.com\/wp-content\/uploads\/2021\/11\/2276c7d0-a76a-4705-a77b-9445d1f72c2d-2.jpeg\",\"width\":896,\"height\":672},{\"@type\":\"BreadcrumbList\",\"@id\":\"https:\/\/21panorama.com\/index.php\/2021\/11\/27\/no-se-claudicara-en-atender-a-los-municipios-con-mas-recursos\/#breadcrumb\",\"itemListElement\":[{\"@type\":\"ListItem\",\"position\":1,\"name\":\"Inicio\",\"item\":\"https:\/\/21panorama.com\/\"},{\"@type\":\"ListItem\",\"position\":2,\"name\":\"NO SE CLAUDICAR\u00c1 EN ATENDER A LOS MUNICIPIOS CON M\u00c1S RECURSOS\"}]},{\"@type\":\"WebSite\",\"@id\":\"https:\/\/21panorama.com\/#website\",\"url\":\"https:\/\/21panorama.com\/\",\"name\":\"21 Panorama\",\"description\":\"La construcci\u00f3n de la opini\u00f3n p\u00fablica merece un mejor Panorama en este siglo 21 para alcanzar una sociedad con mayor transparencia y sin corrupci\u00f3n.\",\"publisher\":{\"@id\":\"https:\/\/21panorama.com\/#organization\"},\"potentialAction\":[{\"@type\":\"SearchAction\",\"target\":{\"@type\":\"EntryPoint\",\"urlTemplate\":\"https:\/\/21panorama.com\/?s={search_term_string}\"},\"query-input\":{\"@type\":\"PropertyValueSpecification\",\"valueRequired\":true,\"valueName\":\"search_term_string\"}}],\"inLanguage\":\"es\"},{\"@type\":\"Organization\",\"@id\":\"https:\/\/21panorama.com\/#organization\",\"name\":\"21 Panorama\",\"url\":\"https:\/\/21panorama.com\/\",\"logo\":{\"@type\":\"ImageObject\",\"inLanguage\":\"es\",\"@id\":\"https:\/\/21panorama.com\/#\/schema\/logo\/image\/\",\"url\":\"https:\/\/21panorama.com\/wp-content\/uploads\/2019\/07\/cropped-Logo-Panorama-01.jpeg\",\"contentUrl\":\"https:\/\/21panorama.com\/wp-content\/uploads\/2019\/07\/cropped-Logo-Panorama-01.jpeg\",\"width\":290,\"height\":70,\"caption\":\"21 Panorama\"},\"image\":{\"@id\":\"https:\/\/21panorama.com\/#\/schema\/logo\/image\/\"}},{\"@type\":\"Person\",\"@id\":\"https:\/\/21panorama.com\/#\/schema\/person\/1afc291b96d5792a158768324287319f\",\"name\":\"admin\",\"image\":{\"@type\":\"ImageObject\",\"inLanguage\":\"es\",\"@id\":\"https:\/\/21panorama.com\/#\/schema\/person\/image\/\",\"url\":\"https:\/\/secure.gravatar.com\/avatar\/ad365d9d9f46719215b0d042cc3df92a5a8683e09ef13d102233e5491985f0f0?s=96&d=mm&r=g\",\"contentUrl\":\"https:\/\/secure.gravatar.com\/avatar\/ad365d9d9f46719215b0d042cc3df92a5a8683e09ef13d102233e5491985f0f0?s=96&d=mm&r=g\",\"caption\":\"admin\"},\"url\":\"https:\/\/21panorama.com\/index.php\/author\/admin\/\"}]}<\/script>\n<!-- \/ Yoast SEO plugin. -->","yoast_head_json":{"title":"NO SE CLAUDICAR\u00c1 EN ATENDER A LOS MUNICIPIOS CON M\u00c1S RECURSOS - 21 Panorama","robots":{"index":"index","follow":"follow","max-snippet":"max-snippet:-1","max-image-preview":"max-image-preview:large","max-video-preview":"max-video-preview:-1"},"canonical":"https:\/\/21panorama.com\/index.php\/2021\/11\/27\/no-se-claudicara-en-atender-a-los-municipios-con-mas-recursos\/","og_locale":"es_MX","og_type":"article","og_title":"NO SE CLAUDICAR\u00c1 EN ATENDER A LOS MUNICIPIOS CON M\u00c1S RECURSOS - 21 Panorama","og_description":"Al atestiguar la construcci\u00f3n del centro de salud en la comunidad de San Felipe y Santiago de Jiquipilco, el diputado federal Gustavo C\u00e1rdenas Monroy dej\u00f3 en claro que no se rendir\u00e1 en buscar recursos para atender los sectores de educaci\u00f3n, salud e infraestructura carretera para los municipios.","og_url":"https:\/\/21panorama.com\/index.php\/2021\/11\/27\/no-se-claudicara-en-atender-a-los-municipios-con-mas-recursos\/","og_site_name":"21 Panorama","article_published_time":"2021-11-28T02:28:44+00:00","article_modified_time":"2021-11-28T02:28:45+00:00","og_image":[{"width":896,"height":672,"url":"https:\/\/21panorama.com\/wp-content\/uploads\/2021\/11\/2276c7d0-a76a-4705-a77b-9445d1f72c2d-2.jpeg","type":"image\/jpeg"}],"author":"admin","twitter_card":"summary_large_image","twitter_misc":{"Escrito por":"admin","Tiempo de lectura":"2 minutos"},"schema":{"@context":"https:\/\/schema.org","@graph":[{"@type":"Article","@id":"https:\/\/21panorama.com\/index.php\/2021\/11\/27\/no-se-claudicara-en-atender-a-los-municipios-con-mas-recursos\/#article","isPartOf":{"@id":"https:\/\/21panorama.com\/index.php\/2021\/11\/27\/no-se-claudicara-en-atender-a-los-municipios-con-mas-recursos\/"},"author":{"name":"admin","@id":"https:\/\/21panorama.com\/#\/schema\/person\/1afc291b96d5792a158768324287319f"},"headline":"NO SE CLAUDICAR\u00c1 EN ATENDER A LOS MUNICIPIOS CON M\u00c1S RECURSOS","datePublished":"2021-11-28T02:28:44+00:00","dateModified":"2021-11-28T02:28:45+00:00","mainEntityOfPage":{"@id":"https:\/\/21panorama.com\/index.php\/2021\/11\/27\/no-se-claudicara-en-atender-a-los-municipios-con-mas-recursos\/"},"wordCount":243,"commentCount":0,"publisher":{"@id":"https:\/\/21panorama.com\/#organization"},"image":{"@id":"https:\/\/21panorama.com\/index.php\/2021\/11\/27\/no-se-claudicara-en-atender-a-los-municipios-con-mas-recursos\/#primaryimage"},"thumbnailUrl":"https:\/\/21panorama.com\/wp-content\/uploads\/2021\/11\/2276c7d0-a76a-4705-a77b-9445d1f72c2d-2.jpeg","keywords":["RECURSOS"],"articleSection":["Sociedad"],"inLanguage":"es","potentialAction":[{"@type":"CommentAction","name":"Comment","target":["https:\/\/21panorama.com\/index.php\/2021\/11\/27\/no-se-claudicara-en-atender-a-los-municipios-con-mas-recursos\/#respond"]}]},{"@type":"WebPage","@id":"https:\/\/21panorama.com\/index.php\/2021\/11\/27\/no-se-claudicara-en-atender-a-los-municipios-con-mas-recursos\/","url":"https:\/\/21panorama.com\/index.php\/2021\/11\/27\/no-se-claudicara-en-atender-a-los-municipios-con-mas-recursos\/","name":"NO SE CLAUDICAR\u00c1 EN ATENDER A LOS MUNICIPIOS CON M\u00c1S RECURSOS - 21 Panorama","isPartOf":{"@id":"https:\/\/21panorama.com\/#website"},"primaryImageOfPage":{"@id":"https:\/\/21panorama.com\/index.php\/2021\/11\/27\/no-se-claudicara-en-atender-a-los-municipios-con-mas-recursos\/#primaryimage"},"image":{"@id":"https:\/\/21panorama.com\/index.php\/2021\/11\/27\/no-se-claudicara-en-atender-a-los-municipios-con-mas-recursos\/#primaryimage"},"thumbnailUrl":"https:\/\/21panorama.com\/wp-content\/uploads\/2021\/11\/2276c7d0-a76a-4705-a77b-9445d1f72c2d-2.jpeg","datePublished":"2021-11-28T02:28:44+00:00","dateModified":"2021-11-28T02:28:45+00:00","breadcrumb":{"@id":"https:\/\/21panorama.com\/index.php\/2021\/11\/27\/no-se-claudicara-en-atender-a-los-municipios-con-mas-recursos\/#breadcrumb"},"inLanguage":"es","potentialAction":[{"@type":"ReadAction","target":["https:\/\/21panorama.com\/index.php\/2021\/11\/27\/no-se-claudicara-en-atender-a-los-municipios-con-mas-recursos\/"]}]},{"@type":"ImageObject","inLanguage":"es","@id":"https:\/\/21panorama.com\/index.php\/2021\/11\/27\/no-se-claudicara-en-atender-a-los-municipios-con-mas-recursos\/#primaryimage","url":"https:\/\/21panorama.com\/wp-content\/uploads\/2021\/11\/2276c7d0-a76a-4705-a77b-9445d1f72c2d-2.jpeg","contentUrl":"https:\/\/21panorama.com\/wp-content\/uploads\/2021\/11\/2276c7d0-a76a-4705-a77b-9445d1f72c2d-2.jpeg","width":896,"height":672},{"@type":"BreadcrumbList","@id":"https:\/\/21panorama.com\/index.php\/2021\/11\/27\/no-se-claudicara-en-atender-a-los-municipios-con-mas-recursos\/#breadcrumb","itemListElement":[{"@type":"ListItem","position":1,"name":"Inicio","item":"https:\/\/21panorama.com\/"},{"@type":"ListItem","position":2,"name":"NO SE CLAUDICAR\u00c1 EN ATENDER A LOS MUNICIPIOS CON M\u00c1S RECURSOS"}]},{"@type":"WebSite","@id":"https:\/\/21panorama.com\/#website","url":"https:\/\/21panorama.com\/","name":"21 Panorama","description":"La construcci\u00f3n de la opini\u00f3n p\u00fablica merece un mejor Panorama en este siglo 21 para alcanzar una sociedad con mayor transparencia y sin corrupci\u00f3n.","publisher":{"@id":"https:\/\/21panorama.com\/#organization"},"potentialAction":[{"@type":"SearchAction","target":{"@type":"EntryPoint","urlTemplate":"https:\/\/21panorama.com\/?s={search_term_string}"},"query-input":{"@type":"PropertyValueSpecification","valueRequired":true,"valueName":"search_term_string"}}],"inLanguage":"es"},{"@type":"Organization","@id":"https:\/\/21panorama.com\/#organization","name":"21 Panorama","url":"https:\/\/21panorama.com\/","logo":{"@type":"ImageObject","inLanguage":"es","@id":"https:\/\/21panorama.com\/#\/schema\/logo\/image\/","url":"https:\/\/21panorama.com\/wp-content\/uploads\/2019\/07\/cropped-Logo-Panorama-01.jpeg","contentUrl":"https:\/\/21panorama.com\/wp-content\/uploads\/2019\/07\/cropped-Logo-Panorama-01.jpeg","width":290,"height":70,"caption":"21 Panorama"},"image":{"@id":"https:\/\/21panorama.com\/#\/schema\/logo\/image\/"}},{"@type":"Person","@id":"https:\/\/21panorama.com\/#\/schema\/person\/1afc291b96d5792a158768324287319f","name":"admin","image":{"@type":"ImageObject","inLanguage":"es","@id":"https:\/\/21panorama.com\/#\/schema\/person\/image\/","url":"https:\/\/secure.gravatar.com\/avatar\/ad365d9d9f46719215b0d042cc3df92a5a8683e09ef13d102233e5491985f0f0?s=96&d=mm&r=g","contentUrl":"https:\/\/secure.gravatar.com\/avatar\/ad365d9d9f46719215b0d042cc3df92a5a8683e09ef13d102233e5491985f0f0?s=96&d=mm&r=g","caption":"admin"},"url":"https:\/\/21panorama.com\/index.php\/author\/admin\/"}]}},"_links":{"self":[{"href":"https:\/\/21panorama.com\/index.php\/wp-json\/wp\/v2\/posts\/2467","targetHints":{"allow":["GET"]}}],"collection":[{"href":"https:\/\/21panorama.com\/index.php\/wp-json\/wp\/v2\/posts"}],"about":[{"href":"https:\/\/21panorama.com\/index.php\/wp-json\/wp\/v2\/types\/post"}],"author":[{"embeddable":true,"href":"https:\/\/21panorama.com\/index.php\/wp-json\/wp\/v2\/users\/1"}],"replies":[{"embeddable":true,"href":"https:\/\/21panorama.com\/index.php\/wp-json\/wp\/v2\/comments?post=2467"}],"version-history":[{"count":1,"href":"https:\/\/21panorama.com\/index.php\/wp-json\/wp\/v2\/posts\/2467\/revisions"}],"predecessor-version":[{"id":2474,"href":"https:\/\/21panorama.com\/index.php\/wp-json\/wp\/v2\/posts\/2467\/revisions\/2474"}],"wp:featuredmedia":[{"embeddable":true,"href":"https:\/\/21panorama.com\/index.php\/wp-json\/wp\/v2\/media\/2470"}],"wp:attachment":[{"href":"https:\/\/21panorama.com\/index.php\/wp-json\/wp\/v2\/media?parent=2467"}],"wp:term":[{"taxonomy":"category","embeddable":true,"href":"https:\/\/21panorama.com\/index.php\/wp-json\/wp\/v2\/categories?post=2467"},{"taxonomy":"post_tag","embeddable":true,"href":"https:\/\/21panorama.com\/index.php\/wp-json\/wp\/v2\/tags?post=2467"}],"curies":[{"name":"wp","href":"https:\/\/api.w.org\/{rel}","templated":true}]}}