{"id":2464,"date":"2021-11-27T20:22:15","date_gmt":"2021-11-28T02:22:15","guid":{"rendered":"https:\/\/21panorama.com\/?p=2464"},"modified":"2021-11-27T20:38:01","modified_gmt":"2021-11-28T02:38:01","slug":"activan-mesa-de-fortalecimiento-de-la-region-vii-ixtlahuaca","status":"publish","type":"post","link":"https:\/\/21panorama.com\/index.php\/2021\/11\/27\/activan-mesa-de-fortalecimiento-de-la-region-vii-ixtlahuaca\/","title":{"rendered":"ACTIVAN MESA DE FORTALECIMIENTO DE LA REGION VII IXTLAHUACA"},"content":{"rendered":"\n<p>Comprometido con mantener s\u00f3lida la relaci\u00f3n con los ciudadanos para enfrentar las adversidades que se presentan en el Estado de M\u00e9xico, el diputado federal Gustavo C\u00e1rdenas Monroy destac\u00f3 la importancia de continuar haciendo trabajo permanente con la sociedad. No es momento de dejar espacios vac\u00edos.<\/p>\n\n\n\n<p>El representante popular por el Distrito 03 con sede en Atlacomulco asisti\u00f3 a San Felipe del Progreso para participar en la Mesa de Fortalecimiento de la Regi\u00f3n VII Ixtlahuaca presidida por la titular de gabinete regional en la zona, Diana P\u00e9rez Barrag\u00e1n y donde se abordaron temas para fortalecer el trabajo en beneficio de la sociedad.<\/p>\n\n\n\n<p>El legislador que tambi\u00e9n es secretario adjunto a la presidencia nacional del PRI, puntualiz\u00f3 que es importante que exista pluralidad y cercan\u00eda con la gente.<\/p>\n\n\n\n<p>Se trata de conocer las necesidades de los diferentes municipios \u201cesto a trav\u00e9s de la presencia en el territorio pues no existe otra opci\u00f3n para estar cerca de la gente que deposit\u00f3 su confianza\u201d.<\/p>\n\n\n\n<p>La mesa de fortalecimiento cont\u00f3 con la presencia de diputados federales, diputados locales que comprenden el territorio de la Regi\u00f3n VII, as\u00ed como de presidentes municipales.<\/p>\n","protected":false},"excerpt":{"rendered":"<p>La presencia es en territorio con la gente para conocer su realidad y darle atenci\u00f3n, sostuvo el diputado federal Gustavo C\u00e1rdenas Monroy.  <\/p>\n","protected":false},"author":1,"featured_media":2465,"comment_status":"open","ping_status":"open","sticky":false,"template":"","format":"standard","meta":{"footnotes":""},"categories":[1],"tags":[224],"class_list":["post-2464","post","type-post","status-publish","format-standard","has-post-thumbnail","hentry","category-sociedad","tag-regionvii"],"yoast_head":"<!-- This site is optimized with the Yoast SEO plugin v24.9 - https:\/\/yoast.com\/wordpress\/plugins\/seo\/ -->\n<title>ACTIVAN MESA DE FORTALECIMIENTO DE LA REGION VII IXTLAHUACA - 21 Panorama<\/title>\n<meta name=\"robots\" content=\"index, follow, max-snippet:-1, max-image-preview:large, max-video-preview:-1\" \/>\n<link rel=\"canonical\" href=\"https:\/\/21panorama.com\/index.php\/2021\/11\/27\/activan-mesa-de-fortalecimiento-de-la-region-vii-ixtlahuaca\/\" \/>\n<meta property=\"og:locale\" content=\"es_MX\" \/>\n<meta property=\"og:type\" content=\"article\" \/>\n<meta property=\"og:title\" content=\"ACTIVAN MESA DE FORTALECIMIENTO DE LA REGION VII IXTLAHUACA - 21 Panorama\" \/>\n<meta property=\"og:description\" content=\"La presencia es en territorio con la gente para conocer su realidad y darle atenci\u00f3n, sostuvo el diputado federal Gustavo C\u00e1rdenas Monroy.\" \/>\n<meta property=\"og:url\" content=\"https:\/\/21panorama.com\/index.php\/2021\/11\/27\/activan-mesa-de-fortalecimiento-de-la-region-vii-ixtlahuaca\/\" \/>\n<meta property=\"og:site_name\" content=\"21 Panorama\" \/>\n<meta property=\"article:published_time\" content=\"2021-11-28T02:22:15+00:00\" \/>\n<meta property=\"article:modified_time\" content=\"2021-11-28T02:38:01+00:00\" \/>\n<meta property=\"og:image\" content=\"https:\/\/21panorama.com\/wp-content\/uploads\/2021\/11\/f641aaeb-a63e-4106-8317-2270012742c6.jpeg\" \/>\n\t<meta property=\"og:image:width\" content=\"960\" \/>\n\t<meta property=\"og:image:height\" content=\"540\" \/>\n\t<meta property=\"og:image:type\" content=\"image\/jpeg\" \/>\n<meta name=\"author\" content=\"admin\" \/>\n<meta name=\"twitter:card\" content=\"summary_large_image\" \/>\n<meta name=\"twitter:label1\" content=\"Escrito por\" \/>\n\t<meta name=\"twitter:data1\" content=\"admin\" \/>\n\t<meta name=\"twitter:label2\" content=\"Tiempo de lectura\" \/>\n\t<meta name=\"twitter:data2\" content=\"1 minuto\" \/>\n<script type=\"application\/ld+json\" class=\"yoast-schema-graph\">{\"@context\":\"https:\/\/schema.org\",\"@graph\":[{\"@type\":\"Article\",\"@id\":\"https:\/\/21panorama.com\/index.php\/2021\/11\/27\/activan-mesa-de-fortalecimiento-de-la-region-vii-ixtlahuaca\/#article\",\"isPartOf\":{\"@id\":\"https:\/\/21panorama.com\/index.php\/2021\/11\/27\/activan-mesa-de-fortalecimiento-de-la-region-vii-ixtlahuaca\/\"},\"author\":{\"name\":\"admin\",\"@id\":\"https:\/\/21panorama.com\/#\/schema\/person\/1afc291b96d5792a158768324287319f\"},\"headline\":\"ACTIVAN MESA DE FORTALECIMIENTO DE LA REGION VII IXTLAHUACA\",\"datePublished\":\"2021-11-28T02:22:15+00:00\",\"dateModified\":\"2021-11-28T02:38:01+00:00\",\"mainEntityOfPage\":{\"@id\":\"https:\/\/21panorama.com\/index.php\/2021\/11\/27\/activan-mesa-de-fortalecimiento-de-la-region-vii-ixtlahuaca\/\"},\"wordCount\":207,\"commentCount\":0,\"publisher\":{\"@id\":\"https:\/\/21panorama.com\/#organization\"},\"image\":{\"@id\":\"https:\/\/21panorama.com\/index.php\/2021\/11\/27\/activan-mesa-de-fortalecimiento-de-la-region-vii-ixtlahuaca\/#primaryimage\"},\"thumbnailUrl\":\"https:\/\/21panorama.com\/wp-content\/uploads\/2021\/11\/f641aaeb-a63e-4106-8317-2270012742c6.jpeg\",\"keywords\":[\"REGIONVII\"],\"articleSection\":[\"Sociedad\"],\"inLanguage\":\"es\",\"potentialAction\":[{\"@type\":\"CommentAction\",\"name\":\"Comment\",\"target\":[\"https:\/\/21panorama.com\/index.php\/2021\/11\/27\/activan-mesa-de-fortalecimiento-de-la-region-vii-ixtlahuaca\/#respond\"]}]},{\"@type\":\"WebPage\",\"@id\":\"https:\/\/21panorama.com\/index.php\/2021\/11\/27\/activan-mesa-de-fortalecimiento-de-la-region-vii-ixtlahuaca\/\",\"url\":\"https:\/\/21panorama.com\/index.php\/2021\/11\/27\/activan-mesa-de-fortalecimiento-de-la-region-vii-ixtlahuaca\/\",\"name\":\"ACTIVAN MESA DE FORTALECIMIENTO DE LA REGION VII IXTLAHUACA - 21 Panorama\",\"isPartOf\":{\"@id\":\"https:\/\/21panorama.com\/#website\"},\"primaryImageOfPage\":{\"@id\":\"https:\/\/21panorama.com\/index.php\/2021\/11\/27\/activan-mesa-de-fortalecimiento-de-la-region-vii-ixtlahuaca\/#primaryimage\"},\"image\":{\"@id\":\"https:\/\/21panorama.com\/index.php\/2021\/11\/27\/activan-mesa-de-fortalecimiento-de-la-region-vii-ixtlahuaca\/#primaryimage\"},\"thumbnailUrl\":\"https:\/\/21panorama.com\/wp-content\/uploads\/2021\/11\/f641aaeb-a63e-4106-8317-2270012742c6.jpeg\",\"datePublished\":\"2021-11-28T02:22:15+00:00\",\"dateModified\":\"2021-11-28T02:38:01+00:00\",\"breadcrumb\":{\"@id\":\"https:\/\/21panorama.com\/index.php\/2021\/11\/27\/activan-mesa-de-fortalecimiento-de-la-region-vii-ixtlahuaca\/#breadcrumb\"},\"inLanguage\":\"es\",\"potentialAction\":[{\"@type\":\"ReadAction\",\"target\":[\"https:\/\/21panorama.com\/index.php\/2021\/11\/27\/activan-mesa-de-fortalecimiento-de-la-region-vii-ixtlahuaca\/\"]}]},{\"@type\":\"ImageObject\",\"inLanguage\":\"es\",\"@id\":\"https:\/\/21panorama.com\/index.php\/2021\/11\/27\/activan-mesa-de-fortalecimiento-de-la-region-vii-ixtlahuaca\/#primaryimage\",\"url\":\"https:\/\/21panorama.com\/wp-content\/uploads\/2021\/11\/f641aaeb-a63e-4106-8317-2270012742c6.jpeg\",\"contentUrl\":\"https:\/\/21panorama.com\/wp-content\/uploads\/2021\/11\/f641aaeb-a63e-4106-8317-2270012742c6.jpeg\",\"width\":960,\"height\":540},{\"@type\":\"BreadcrumbList\",\"@id\":\"https:\/\/21panorama.com\/index.php\/2021\/11\/27\/activan-mesa-de-fortalecimiento-de-la-region-vii-ixtlahuaca\/#breadcrumb\",\"itemListElement\":[{\"@type\":\"ListItem\",\"position\":1,\"name\":\"Inicio\",\"item\":\"https:\/\/21panorama.com\/\"},{\"@type\":\"ListItem\",\"position\":2,\"name\":\"ACTIVAN MESA DE FORTALECIMIENTO DE LA REGION VII IXTLAHUACA\"}]},{\"@type\":\"WebSite\",\"@id\":\"https:\/\/21panorama.com\/#website\",\"url\":\"https:\/\/21panorama.com\/\",\"name\":\"21 Panorama\",\"description\":\"La construcci\u00f3n de la opini\u00f3n p\u00fablica merece un mejor Panorama en este siglo 21 para alcanzar una sociedad con mayor transparencia y sin corrupci\u00f3n.\",\"publisher\":{\"@id\":\"https:\/\/21panorama.com\/#organization\"},\"potentialAction\":[{\"@type\":\"SearchAction\",\"target\":{\"@type\":\"EntryPoint\",\"urlTemplate\":\"https:\/\/21panorama.com\/?s={search_term_string}\"},\"query-input\":{\"@type\":\"PropertyValueSpecification\",\"valueRequired\":true,\"valueName\":\"search_term_string\"}}],\"inLanguage\":\"es\"},{\"@type\":\"Organization\",\"@id\":\"https:\/\/21panorama.com\/#organization\",\"name\":\"21 Panorama\",\"url\":\"https:\/\/21panorama.com\/\",\"logo\":{\"@type\":\"ImageObject\",\"inLanguage\":\"es\",\"@id\":\"https:\/\/21panorama.com\/#\/schema\/logo\/image\/\",\"url\":\"https:\/\/21panorama.com\/wp-content\/uploads\/2019\/07\/cropped-Logo-Panorama-01.jpeg\",\"contentUrl\":\"https:\/\/21panorama.com\/wp-content\/uploads\/2019\/07\/cropped-Logo-Panorama-01.jpeg\",\"width\":290,\"height\":70,\"caption\":\"21 Panorama\"},\"image\":{\"@id\":\"https:\/\/21panorama.com\/#\/schema\/logo\/image\/\"}},{\"@type\":\"Person\",\"@id\":\"https:\/\/21panorama.com\/#\/schema\/person\/1afc291b96d5792a158768324287319f\",\"name\":\"admin\",\"image\":{\"@type\":\"ImageObject\",\"inLanguage\":\"es\",\"@id\":\"https:\/\/21panorama.com\/#\/schema\/person\/image\/\",\"url\":\"https:\/\/secure.gravatar.com\/avatar\/ad365d9d9f46719215b0d042cc3df92a5a8683e09ef13d102233e5491985f0f0?s=96&d=mm&r=g\",\"contentUrl\":\"https:\/\/secure.gravatar.com\/avatar\/ad365d9d9f46719215b0d042cc3df92a5a8683e09ef13d102233e5491985f0f0?s=96&d=mm&r=g\",\"caption\":\"admin\"},\"url\":\"https:\/\/21panorama.com\/index.php\/author\/admin\/\"}]}<\/script>\n<!-- \/ Yoast SEO plugin. -->","yoast_head_json":{"title":"ACTIVAN MESA DE FORTALECIMIENTO DE LA REGION VII IXTLAHUACA - 21 Panorama","robots":{"index":"index","follow":"follow","max-snippet":"max-snippet:-1","max-image-preview":"max-image-preview:large","max-video-preview":"max-video-preview:-1"},"canonical":"https:\/\/21panorama.com\/index.php\/2021\/11\/27\/activan-mesa-de-fortalecimiento-de-la-region-vii-ixtlahuaca\/","og_locale":"es_MX","og_type":"article","og_title":"ACTIVAN MESA DE FORTALECIMIENTO DE LA REGION VII IXTLAHUACA - 21 Panorama","og_description":"La presencia es en territorio con la gente para conocer su realidad y darle atenci\u00f3n, sostuvo el diputado federal Gustavo C\u00e1rdenas Monroy.","og_url":"https:\/\/21panorama.com\/index.php\/2021\/11\/27\/activan-mesa-de-fortalecimiento-de-la-region-vii-ixtlahuaca\/","og_site_name":"21 Panorama","article_published_time":"2021-11-28T02:22:15+00:00","article_modified_time":"2021-11-28T02:38:01+00:00","og_image":[{"width":960,"height":540,"url":"https:\/\/21panorama.com\/wp-content\/uploads\/2021\/11\/f641aaeb-a63e-4106-8317-2270012742c6.jpeg","type":"image\/jpeg"}],"author":"admin","twitter_card":"summary_large_image","twitter_misc":{"Escrito por":"admin","Tiempo de lectura":"1 minuto"},"schema":{"@context":"https:\/\/schema.org","@graph":[{"@type":"Article","@id":"https:\/\/21panorama.com\/index.php\/2021\/11\/27\/activan-mesa-de-fortalecimiento-de-la-region-vii-ixtlahuaca\/#article","isPartOf":{"@id":"https:\/\/21panorama.com\/index.php\/2021\/11\/27\/activan-mesa-de-fortalecimiento-de-la-region-vii-ixtlahuaca\/"},"author":{"name":"admin","@id":"https:\/\/21panorama.com\/#\/schema\/person\/1afc291b96d5792a158768324287319f"},"headline":"ACTIVAN MESA DE FORTALECIMIENTO DE LA REGION VII IXTLAHUACA","datePublished":"2021-11-28T02:22:15+00:00","dateModified":"2021-11-28T02:38:01+00:00","mainEntityOfPage":{"@id":"https:\/\/21panorama.com\/index.php\/2021\/11\/27\/activan-mesa-de-fortalecimiento-de-la-region-vii-ixtlahuaca\/"},"wordCount":207,"commentCount":0,"publisher":{"@id":"https:\/\/21panorama.com\/#organization"},"image":{"@id":"https:\/\/21panorama.com\/index.php\/2021\/11\/27\/activan-mesa-de-fortalecimiento-de-la-region-vii-ixtlahuaca\/#primaryimage"},"thumbnailUrl":"https:\/\/21panorama.com\/wp-content\/uploads\/2021\/11\/f641aaeb-a63e-4106-8317-2270012742c6.jpeg","keywords":["REGIONVII"],"articleSection":["Sociedad"],"inLanguage":"es","potentialAction":[{"@type":"CommentAction","name":"Comment","target":["https:\/\/21panorama.com\/index.php\/2021\/11\/27\/activan-mesa-de-fortalecimiento-de-la-region-vii-ixtlahuaca\/#respond"]}]},{"@type":"WebPage","@id":"https:\/\/21panorama.com\/index.php\/2021\/11\/27\/activan-mesa-de-fortalecimiento-de-la-region-vii-ixtlahuaca\/","url":"https:\/\/21panorama.com\/index.php\/2021\/11\/27\/activan-mesa-de-fortalecimiento-de-la-region-vii-ixtlahuaca\/","name":"ACTIVAN MESA DE FORTALECIMIENTO DE LA REGION VII IXTLAHUACA - 21 Panorama","isPartOf":{"@id":"https:\/\/21panorama.com\/#website"},"primaryImageOfPage":{"@id":"https:\/\/21panorama.com\/index.php\/2021\/11\/27\/activan-mesa-de-fortalecimiento-de-la-region-vii-ixtlahuaca\/#primaryimage"},"image":{"@id":"https:\/\/21panorama.com\/index.php\/2021\/11\/27\/activan-mesa-de-fortalecimiento-de-la-region-vii-ixtlahuaca\/#primaryimage"},"thumbnailUrl":"https:\/\/21panorama.com\/wp-content\/uploads\/2021\/11\/f641aaeb-a63e-4106-8317-2270012742c6.jpeg","datePublished":"2021-11-28T02:22:15+00:00","dateModified":"2021-11-28T02:38:01+00:00","breadcrumb":{"@id":"https:\/\/21panorama.com\/index.php\/2021\/11\/27\/activan-mesa-de-fortalecimiento-de-la-region-vii-ixtlahuaca\/#breadcrumb"},"inLanguage":"es","potentialAction":[{"@type":"ReadAction","target":["https:\/\/21panorama.com\/index.php\/2021\/11\/27\/activan-mesa-de-fortalecimiento-de-la-region-vii-ixtlahuaca\/"]}]},{"@type":"ImageObject","inLanguage":"es","@id":"https:\/\/21panorama.com\/index.php\/2021\/11\/27\/activan-mesa-de-fortalecimiento-de-la-region-vii-ixtlahuaca\/#primaryimage","url":"https:\/\/21panorama.com\/wp-content\/uploads\/2021\/11\/f641aaeb-a63e-4106-8317-2270012742c6.jpeg","contentUrl":"https:\/\/21panorama.com\/wp-content\/uploads\/2021\/11\/f641aaeb-a63e-4106-8317-2270012742c6.jpeg","width":960,"height":540},{"@type":"BreadcrumbList","@id":"https:\/\/21panorama.com\/index.php\/2021\/11\/27\/activan-mesa-de-fortalecimiento-de-la-region-vii-ixtlahuaca\/#breadcrumb","itemListElement":[{"@type":"ListItem","position":1,"name":"Inicio","item":"https:\/\/21panorama.com\/"},{"@type":"ListItem","position":2,"name":"ACTIVAN MESA DE FORTALECIMIENTO DE LA REGION VII IXTLAHUACA"}]},{"@type":"WebSite","@id":"https:\/\/21panorama.com\/#website","url":"https:\/\/21panorama.com\/","name":"21 Panorama","description":"La construcci\u00f3n de la opini\u00f3n p\u00fablica merece un mejor Panorama en este siglo 21 para alcanzar una sociedad con mayor transparencia y sin corrupci\u00f3n.","publisher":{"@id":"https:\/\/21panorama.com\/#organization"},"potentialAction":[{"@type":"SearchAction","target":{"@type":"EntryPoint","urlTemplate":"https:\/\/21panorama.com\/?s={search_term_string}"},"query-input":{"@type":"PropertyValueSpecification","valueRequired":true,"valueName":"search_term_string"}}],"inLanguage":"es"},{"@type":"Organization","@id":"https:\/\/21panorama.com\/#organization","name":"21 Panorama","url":"https:\/\/21panorama.com\/","logo":{"@type":"ImageObject","inLanguage":"es","@id":"https:\/\/21panorama.com\/#\/schema\/logo\/image\/","url":"https:\/\/21panorama.com\/wp-content\/uploads\/2019\/07\/cropped-Logo-Panorama-01.jpeg","contentUrl":"https:\/\/21panorama.com\/wp-content\/uploads\/2019\/07\/cropped-Logo-Panorama-01.jpeg","width":290,"height":70,"caption":"21 Panorama"},"image":{"@id":"https:\/\/21panorama.com\/#\/schema\/logo\/image\/"}},{"@type":"Person","@id":"https:\/\/21panorama.com\/#\/schema\/person\/1afc291b96d5792a158768324287319f","name":"admin","image":{"@type":"ImageObject","inLanguage":"es","@id":"https:\/\/21panorama.com\/#\/schema\/person\/image\/","url":"https:\/\/secure.gravatar.com\/avatar\/ad365d9d9f46719215b0d042cc3df92a5a8683e09ef13d102233e5491985f0f0?s=96&d=mm&r=g","contentUrl":"https:\/\/secure.gravatar.com\/avatar\/ad365d9d9f46719215b0d042cc3df92a5a8683e09ef13d102233e5491985f0f0?s=96&d=mm&r=g","caption":"admin"},"url":"https:\/\/21panorama.com\/index.php\/author\/admin\/"}]}},"_links":{"self":[{"href":"https:\/\/21panorama.com\/index.php\/wp-json\/wp\/v2\/posts\/2464","targetHints":{"allow":["GET"]}}],"collection":[{"href":"https:\/\/21panorama.com\/index.php\/wp-json\/wp\/v2\/posts"}],"about":[{"href":"https:\/\/21panorama.com\/index.php\/wp-json\/wp\/v2\/types\/post"}],"author":[{"embeddable":true,"href":"https:\/\/21panorama.com\/index.php\/wp-json\/wp\/v2\/users\/1"}],"replies":[{"embeddable":true,"href":"https:\/\/21panorama.com\/index.php\/wp-json\/wp\/v2\/comments?post=2464"}],"version-history":[{"count":2,"href":"https:\/\/21panorama.com\/index.php\/wp-json\/wp\/v2\/posts\/2464\/revisions"}],"predecessor-version":[{"id":2475,"href":"https:\/\/21panorama.com\/index.php\/wp-json\/wp\/v2\/posts\/2464\/revisions\/2475"}],"wp:featuredmedia":[{"embeddable":true,"href":"https:\/\/21panorama.com\/index.php\/wp-json\/wp\/v2\/media\/2465"}],"wp:attachment":[{"href":"https:\/\/21panorama.com\/index.php\/wp-json\/wp\/v2\/media?parent=2464"}],"wp:term":[{"taxonomy":"category","embeddable":true,"href":"https:\/\/21panorama.com\/index.php\/wp-json\/wp\/v2\/categories?post=2464"},{"taxonomy":"post_tag","embeddable":true,"href":"https:\/\/21panorama.com\/index.php\/wp-json\/wp\/v2\/tags?post=2464"}],"curies":[{"name":"wp","href":"https:\/\/api.w.org\/{rel}","templated":true}]}}