{"id":2461,"date":"2021-11-27T14:53:22","date_gmt":"2021-11-27T20:53:22","guid":{"rendered":"https:\/\/21panorama.com\/?p=2461"},"modified":"2021-11-27T14:53:23","modified_gmt":"2021-11-27T20:53:23","slug":"terrible-accidente-en-joquicingo","status":"publish","type":"post","link":"https:\/\/21panorama.com\/index.php\/2021\/11\/27\/terrible-accidente-en-joquicingo\/","title":{"rendered":"Terrible accidente en Joquicingo"},"content":{"rendered":"\n<p>Este viernes se ha registrado un accidente en la carretera de Joquicingo a Malinalco, Estado de M\u00e9xico. Hasta el momento se tiene un saldo de 19 muertos y m\u00e1s de 20 heridos.<\/p>\n\n\n\n<p>Ocurri\u00f3 cuando un cami\u00f3n de pasajeros, donde ven\u00edan peregrinos de Michoac\u00e1n al santuario de Chalma, se qued\u00f3 sin frenos y se impact\u00f3 contra una vivienda.<\/p>\n\n\n\n<p>El Gobernador Alfredo Del Mazo Maza lament\u00f3 el accidente de un autob\u00fas de pasajeros, donde varias personas perdieron la vida y otras resultaron lesionadas, y asegur\u00f3 que los cuerpos de emergencia del Estado de M\u00e9xico atienden este hecho, ocurrido en el municipio de Joquicingo.<\/p>\n\n\n\n<p>El Gobernador explic\u00f3 que este transporte viajaba del Estado de Michoac\u00e1n al Estado de M\u00e9xico, donde se accident\u00f3, y se\u00f1al\u00f3 que ha instruido a elementos de Protecci\u00f3n Civil, Seguridad y del sector Salud para llegaral lugar y atender lo que sea necesario.<\/p>\n\n\n\n<p>&#8220;Lamentablemente hace unas horas hubo un accidente muy lamentable de un autob\u00fas que ven\u00eda del Estado de Michoac\u00e1n, al Estado de M\u00e9xico; un autob\u00fas de pasajeros, este autob\u00fas se accident\u00f3 en el municipio de Joquicingo. Lamentablemente hay varias personas que perdieron la vida, y hay varias m\u00e1s que est\u00e1n accidentadas.<\/p>\n\n\n\n<p>&#8220;Dimos indicaciones para que los cuerpos de seguridad, de Protecci\u00f3n Civil y de Salud fueran a atender este incidente, se est\u00e1 trabajando en ello&#8221;, enfatiz\u00f3.<\/p>\n\n\n\n<p>Asimismo, asegur\u00f3 que se dar\u00e1 a conocer m\u00e1s informaci\u00f3n de este incidente, conforme se conozca m\u00e1s sobre las causas y el n\u00famero de personas afectadas.<\/p>\n\n\n\n<figure class=\"wp-block-video\"><video height=\"720\" style=\"aspect-ratio: 1280 \/ 720;\" width=\"1280\" controls src=\"https:\/\/21panorama.com\/wp-content\/uploads\/2021\/11\/WhatsApp-Video-2021-11-26-at-4.10.41-PM.mp4\"><\/video><\/figure>\n","protected":false},"excerpt":{"rendered":"<p>Este viernes se ha registrado un accidente en la carretera de Joquicingo a Malinalco, Estado de M\u00e9xico. Hasta el momento se tiene un saldo de 19 muertos y m\u00e1s de 20 heridos. <\/p>\n","protected":false},"author":1,"featured_media":0,"comment_status":"open","ping_status":"open","sticky":false,"template":"","format":"standard","meta":{"footnotes":""},"categories":[1],"tags":[223],"class_list":["post-2461","post","type-post","status-publish","format-standard","hentry","category-sociedad","tag-accidente"],"yoast_head":"<!-- This site is optimized with the Yoast SEO plugin v24.9 - https:\/\/yoast.com\/wordpress\/plugins\/seo\/ -->\n<title>Terrible accidente en Joquicingo - 21 Panorama<\/title>\n<meta name=\"robots\" content=\"index, follow, max-snippet:-1, max-image-preview:large, max-video-preview:-1\" \/>\n<link rel=\"canonical\" href=\"https:\/\/21panorama.com\/index.php\/2021\/11\/27\/terrible-accidente-en-joquicingo\/\" \/>\n<meta property=\"og:locale\" content=\"es_MX\" \/>\n<meta property=\"og:type\" content=\"article\" \/>\n<meta property=\"og:title\" content=\"Terrible accidente en Joquicingo - 21 Panorama\" \/>\n<meta property=\"og:description\" content=\"Este viernes se ha registrado un accidente en la carretera de Joquicingo a Malinalco, Estado de M\u00e9xico. Hasta el momento se tiene un saldo de 19 muertos y m\u00e1s de 20 heridos.\" \/>\n<meta property=\"og:url\" content=\"https:\/\/21panorama.com\/index.php\/2021\/11\/27\/terrible-accidente-en-joquicingo\/\" \/>\n<meta property=\"og:site_name\" content=\"21 Panorama\" \/>\n<meta property=\"article:published_time\" content=\"2021-11-27T20:53:22+00:00\" \/>\n<meta property=\"article:modified_time\" content=\"2021-11-27T20:53:23+00:00\" \/>\n<meta name=\"author\" content=\"admin\" \/>\n<meta name=\"twitter:card\" content=\"summary_large_image\" \/>\n<meta name=\"twitter:label1\" content=\"Escrito por\" \/>\n\t<meta name=\"twitter:data1\" content=\"admin\" \/>\n\t<meta name=\"twitter:label2\" content=\"Tiempo de lectura\" \/>\n\t<meta name=\"twitter:data2\" content=\"2 minutos\" \/>\n<script type=\"application\/ld+json\" class=\"yoast-schema-graph\">{\"@context\":\"https:\/\/schema.org\",\"@graph\":[{\"@type\":\"Article\",\"@id\":\"https:\/\/21panorama.com\/index.php\/2021\/11\/27\/terrible-accidente-en-joquicingo\/#article\",\"isPartOf\":{\"@id\":\"https:\/\/21panorama.com\/index.php\/2021\/11\/27\/terrible-accidente-en-joquicingo\/\"},\"author\":{\"name\":\"admin\",\"@id\":\"https:\/\/21panorama.com\/#\/schema\/person\/1afc291b96d5792a158768324287319f\"},\"headline\":\"Terrible accidente en Joquicingo\",\"datePublished\":\"2021-11-27T20:53:22+00:00\",\"dateModified\":\"2021-11-27T20:53:23+00:00\",\"mainEntityOfPage\":{\"@id\":\"https:\/\/21panorama.com\/index.php\/2021\/11\/27\/terrible-accidente-en-joquicingo\/\"},\"wordCount\":269,\"commentCount\":0,\"publisher\":{\"@id\":\"https:\/\/21panorama.com\/#organization\"},\"keywords\":[\"ACCIDENTE\"],\"articleSection\":[\"Sociedad\"],\"inLanguage\":\"es\",\"potentialAction\":[{\"@type\":\"CommentAction\",\"name\":\"Comment\",\"target\":[\"https:\/\/21panorama.com\/index.php\/2021\/11\/27\/terrible-accidente-en-joquicingo\/#respond\"]}]},{\"@type\":\"WebPage\",\"@id\":\"https:\/\/21panorama.com\/index.php\/2021\/11\/27\/terrible-accidente-en-joquicingo\/\",\"url\":\"https:\/\/21panorama.com\/index.php\/2021\/11\/27\/terrible-accidente-en-joquicingo\/\",\"name\":\"Terrible accidente en Joquicingo - 21 Panorama\",\"isPartOf\":{\"@id\":\"https:\/\/21panorama.com\/#website\"},\"datePublished\":\"2021-11-27T20:53:22+00:00\",\"dateModified\":\"2021-11-27T20:53:23+00:00\",\"breadcrumb\":{\"@id\":\"https:\/\/21panorama.com\/index.php\/2021\/11\/27\/terrible-accidente-en-joquicingo\/#breadcrumb\"},\"inLanguage\":\"es\",\"potentialAction\":[{\"@type\":\"ReadAction\",\"target\":[\"https:\/\/21panorama.com\/index.php\/2021\/11\/27\/terrible-accidente-en-joquicingo\/\"]}]},{\"@type\":\"BreadcrumbList\",\"@id\":\"https:\/\/21panorama.com\/index.php\/2021\/11\/27\/terrible-accidente-en-joquicingo\/#breadcrumb\",\"itemListElement\":[{\"@type\":\"ListItem\",\"position\":1,\"name\":\"Inicio\",\"item\":\"https:\/\/21panorama.com\/\"},{\"@type\":\"ListItem\",\"position\":2,\"name\":\"Terrible accidente en Joquicingo\"}]},{\"@type\":\"WebSite\",\"@id\":\"https:\/\/21panorama.com\/#website\",\"url\":\"https:\/\/21panorama.com\/\",\"name\":\"21 Panorama\",\"description\":\"La construcci\u00f3n de la opini\u00f3n p\u00fablica merece un mejor Panorama en este siglo 21 para alcanzar una sociedad con mayor transparencia y sin corrupci\u00f3n.\",\"publisher\":{\"@id\":\"https:\/\/21panorama.com\/#organization\"},\"potentialAction\":[{\"@type\":\"SearchAction\",\"target\":{\"@type\":\"EntryPoint\",\"urlTemplate\":\"https:\/\/21panorama.com\/?s={search_term_string}\"},\"query-input\":{\"@type\":\"PropertyValueSpecification\",\"valueRequired\":true,\"valueName\":\"search_term_string\"}}],\"inLanguage\":\"es\"},{\"@type\":\"Organization\",\"@id\":\"https:\/\/21panorama.com\/#organization\",\"name\":\"21 Panorama\",\"url\":\"https:\/\/21panorama.com\/\",\"logo\":{\"@type\":\"ImageObject\",\"inLanguage\":\"es\",\"@id\":\"https:\/\/21panorama.com\/#\/schema\/logo\/image\/\",\"url\":\"https:\/\/21panorama.com\/wp-content\/uploads\/2019\/07\/cropped-Logo-Panorama-01.jpeg\",\"contentUrl\":\"https:\/\/21panorama.com\/wp-content\/uploads\/2019\/07\/cropped-Logo-Panorama-01.jpeg\",\"width\":290,\"height\":70,\"caption\":\"21 Panorama\"},\"image\":{\"@id\":\"https:\/\/21panorama.com\/#\/schema\/logo\/image\/\"}},{\"@type\":\"Person\",\"@id\":\"https:\/\/21panorama.com\/#\/schema\/person\/1afc291b96d5792a158768324287319f\",\"name\":\"admin\",\"image\":{\"@type\":\"ImageObject\",\"inLanguage\":\"es\",\"@id\":\"https:\/\/21panorama.com\/#\/schema\/person\/image\/\",\"url\":\"https:\/\/secure.gravatar.com\/avatar\/ad365d9d9f46719215b0d042cc3df92a5a8683e09ef13d102233e5491985f0f0?s=96&d=mm&r=g\",\"contentUrl\":\"https:\/\/secure.gravatar.com\/avatar\/ad365d9d9f46719215b0d042cc3df92a5a8683e09ef13d102233e5491985f0f0?s=96&d=mm&r=g\",\"caption\":\"admin\"},\"url\":\"https:\/\/21panorama.com\/index.php\/author\/admin\/\"}]}<\/script>\n<!-- \/ Yoast SEO plugin. -->","yoast_head_json":{"title":"Terrible accidente en Joquicingo - 21 Panorama","robots":{"index":"index","follow":"follow","max-snippet":"max-snippet:-1","max-image-preview":"max-image-preview:large","max-video-preview":"max-video-preview:-1"},"canonical":"https:\/\/21panorama.com\/index.php\/2021\/11\/27\/terrible-accidente-en-joquicingo\/","og_locale":"es_MX","og_type":"article","og_title":"Terrible accidente en Joquicingo - 21 Panorama","og_description":"Este viernes se ha registrado un accidente en la carretera de Joquicingo a Malinalco, Estado de M\u00e9xico. Hasta el momento se tiene un saldo de 19 muertos y m\u00e1s de 20 heridos.","og_url":"https:\/\/21panorama.com\/index.php\/2021\/11\/27\/terrible-accidente-en-joquicingo\/","og_site_name":"21 Panorama","article_published_time":"2021-11-27T20:53:22+00:00","article_modified_time":"2021-11-27T20:53:23+00:00","author":"admin","twitter_card":"summary_large_image","twitter_misc":{"Escrito por":"admin","Tiempo de lectura":"2 minutos"},"schema":{"@context":"https:\/\/schema.org","@graph":[{"@type":"Article","@id":"https:\/\/21panorama.com\/index.php\/2021\/11\/27\/terrible-accidente-en-joquicingo\/#article","isPartOf":{"@id":"https:\/\/21panorama.com\/index.php\/2021\/11\/27\/terrible-accidente-en-joquicingo\/"},"author":{"name":"admin","@id":"https:\/\/21panorama.com\/#\/schema\/person\/1afc291b96d5792a158768324287319f"},"headline":"Terrible accidente en Joquicingo","datePublished":"2021-11-27T20:53:22+00:00","dateModified":"2021-11-27T20:53:23+00:00","mainEntityOfPage":{"@id":"https:\/\/21panorama.com\/index.php\/2021\/11\/27\/terrible-accidente-en-joquicingo\/"},"wordCount":269,"commentCount":0,"publisher":{"@id":"https:\/\/21panorama.com\/#organization"},"keywords":["ACCIDENTE"],"articleSection":["Sociedad"],"inLanguage":"es","potentialAction":[{"@type":"CommentAction","name":"Comment","target":["https:\/\/21panorama.com\/index.php\/2021\/11\/27\/terrible-accidente-en-joquicingo\/#respond"]}]},{"@type":"WebPage","@id":"https:\/\/21panorama.com\/index.php\/2021\/11\/27\/terrible-accidente-en-joquicingo\/","url":"https:\/\/21panorama.com\/index.php\/2021\/11\/27\/terrible-accidente-en-joquicingo\/","name":"Terrible accidente en Joquicingo - 21 Panorama","isPartOf":{"@id":"https:\/\/21panorama.com\/#website"},"datePublished":"2021-11-27T20:53:22+00:00","dateModified":"2021-11-27T20:53:23+00:00","breadcrumb":{"@id":"https:\/\/21panorama.com\/index.php\/2021\/11\/27\/terrible-accidente-en-joquicingo\/#breadcrumb"},"inLanguage":"es","potentialAction":[{"@type":"ReadAction","target":["https:\/\/21panorama.com\/index.php\/2021\/11\/27\/terrible-accidente-en-joquicingo\/"]}]},{"@type":"BreadcrumbList","@id":"https:\/\/21panorama.com\/index.php\/2021\/11\/27\/terrible-accidente-en-joquicingo\/#breadcrumb","itemListElement":[{"@type":"ListItem","position":1,"name":"Inicio","item":"https:\/\/21panorama.com\/"},{"@type":"ListItem","position":2,"name":"Terrible accidente en Joquicingo"}]},{"@type":"WebSite","@id":"https:\/\/21panorama.com\/#website","url":"https:\/\/21panorama.com\/","name":"21 Panorama","description":"La construcci\u00f3n de la opini\u00f3n p\u00fablica merece un mejor Panorama en este siglo 21 para alcanzar una sociedad con mayor transparencia y sin corrupci\u00f3n.","publisher":{"@id":"https:\/\/21panorama.com\/#organization"},"potentialAction":[{"@type":"SearchAction","target":{"@type":"EntryPoint","urlTemplate":"https:\/\/21panorama.com\/?s={search_term_string}"},"query-input":{"@type":"PropertyValueSpecification","valueRequired":true,"valueName":"search_term_string"}}],"inLanguage":"es"},{"@type":"Organization","@id":"https:\/\/21panorama.com\/#organization","name":"21 Panorama","url":"https:\/\/21panorama.com\/","logo":{"@type":"ImageObject","inLanguage":"es","@id":"https:\/\/21panorama.com\/#\/schema\/logo\/image\/","url":"https:\/\/21panorama.com\/wp-content\/uploads\/2019\/07\/cropped-Logo-Panorama-01.jpeg","contentUrl":"https:\/\/21panorama.com\/wp-content\/uploads\/2019\/07\/cropped-Logo-Panorama-01.jpeg","width":290,"height":70,"caption":"21 Panorama"},"image":{"@id":"https:\/\/21panorama.com\/#\/schema\/logo\/image\/"}},{"@type":"Person","@id":"https:\/\/21panorama.com\/#\/schema\/person\/1afc291b96d5792a158768324287319f","name":"admin","image":{"@type":"ImageObject","inLanguage":"es","@id":"https:\/\/21panorama.com\/#\/schema\/person\/image\/","url":"https:\/\/secure.gravatar.com\/avatar\/ad365d9d9f46719215b0d042cc3df92a5a8683e09ef13d102233e5491985f0f0?s=96&d=mm&r=g","contentUrl":"https:\/\/secure.gravatar.com\/avatar\/ad365d9d9f46719215b0d042cc3df92a5a8683e09ef13d102233e5491985f0f0?s=96&d=mm&r=g","caption":"admin"},"url":"https:\/\/21panorama.com\/index.php\/author\/admin\/"}]}},"_links":{"self":[{"href":"https:\/\/21panorama.com\/index.php\/wp-json\/wp\/v2\/posts\/2461","targetHints":{"allow":["GET"]}}],"collection":[{"href":"https:\/\/21panorama.com\/index.php\/wp-json\/wp\/v2\/posts"}],"about":[{"href":"https:\/\/21panorama.com\/index.php\/wp-json\/wp\/v2\/types\/post"}],"author":[{"embeddable":true,"href":"https:\/\/21panorama.com\/index.php\/wp-json\/wp\/v2\/users\/1"}],"replies":[{"embeddable":true,"href":"https:\/\/21panorama.com\/index.php\/wp-json\/wp\/v2\/comments?post=2461"}],"version-history":[{"count":1,"href":"https:\/\/21panorama.com\/index.php\/wp-json\/wp\/v2\/posts\/2461\/revisions"}],"predecessor-version":[{"id":2463,"href":"https:\/\/21panorama.com\/index.php\/wp-json\/wp\/v2\/posts\/2461\/revisions\/2463"}],"wp:attachment":[{"href":"https:\/\/21panorama.com\/index.php\/wp-json\/wp\/v2\/media?parent=2461"}],"wp:term":[{"taxonomy":"category","embeddable":true,"href":"https:\/\/21panorama.com\/index.php\/wp-json\/wp\/v2\/categories?post=2461"},{"taxonomy":"post_tag","embeddable":true,"href":"https:\/\/21panorama.com\/index.php\/wp-json\/wp\/v2\/tags?post=2461"}],"curies":[{"name":"wp","href":"https:\/\/api.w.org\/{rel}","templated":true}]}}