{"id":2440,"date":"2021-11-24T13:51:00","date_gmt":"2021-11-24T19:51:00","guid":{"rendered":"https:\/\/21panorama.com\/?p=2440"},"modified":"2021-11-25T13:54:23","modified_gmt":"2021-11-25T19:54:23","slug":"mexiquenses-contaran-con-una-universidad-integra-responsable-e-incluyente-cebd","status":"publish","type":"post","link":"https:\/\/21panorama.com\/index.php\/2021\/11\/24\/mexiquenses-contaran-con-una-universidad-integra-responsable-e-incluyente-cebd\/","title":{"rendered":"Mexiquenses contar\u00e1n con una Universidad \u00edntegra, responsable e incluyente: CEBD"},"content":{"rendered":"\n<p>Toluca, M\u00e9x.; 24 de noviembre de 2021.- Como instituci\u00f3n p\u00fablica, la Universidad Aut\u00f3noma del Estado de M\u00e9xico (UAEM) tiene el reto de ser sostenible, incluyente y promover la igualdad de g\u00e9nero, sostuvo el rector Carlos Eduardo Barrera D\u00edaz, al presentar el Plan General de Desarrollo 2021-2033 (PGD) y el Plan Rector de Desarrollo Institucional 2021-2025 (PRDI).<br>En el auditorio \u201cIng. Jos\u00e9 Yurrieta Vald\u00e9s\u201d del Edificio Administrativo, indic\u00f3 que ambos planes son producto de las ideas, aportes y reflexiones de la comunidad universitaria para construir una universidad responsable con el mundo, la sociedad y consigo misma.<br>Barrera D\u00edaz destac\u00f3 que ambos instrumentos se alinean a la Agenda 2030 para el Desarrollo Sostenible, promovida por la Organizaci\u00f3n de las Naciones Unidas (ONU).<br>Detall\u00f3 que en el PRDI se construyeron 15 ejes tem\u00e1ticos, 17 proyectos y 481 metas que regir\u00e1n la Administraci\u00f3n 2021-2025 de la UAEM, en los cuales se tomaron en cuenta las tendencias nacionales y extranjeras en materia de educaci\u00f3n media superior y superior.<br>El rector Carlos Eduardo Barrera refiri\u00f3 que entre sus objetivos se encuentra incrementar la matr\u00edcula de la instituci\u00f3n, as\u00ed como consolidar planes educativos en las modalidades escolarizada y mixta.<br>En materia de investigaci\u00f3n, dijo, se busca que 40 por ciento de profesores de tiempo completo formen parte del Sistema Nacional de Investigadores (SNI) del Consejo Nacional de Ciencia y Tecnolog\u00eda (Conacyt) y se incorporen dos nuevos laboratorios nacionales y uno internacional.<br>Asimismo, subray\u00f3 que se tiene previsto entregar m\u00e1s de 50 mil becas, generar un gobierno universitario participativo, finanzas efectivas, planeaci\u00f3n participativa, un marco jur\u00eddico \u00edntegro, moderno y equilibrado y acceso a la informaci\u00f3n universitaria.<br>Por otro lado, apunt\u00f3 que el PGD es un instrumento de planeaci\u00f3n con visi\u00f3n al a\u00f1o 2033 y que est\u00e1 basado en 14 l\u00edneas de desarrollo institucional que estructuran las metas para cada a\u00f1o de gesti\u00f3n.<br>\u201cEl cumplimiento de estos planes depende del compromiso de los universitarios, de las condiciones pol\u00edticas, econ\u00f3micas y sociales del entorno y de nuestra capacidad de liderazgo para superar las adversidades. Confiamos en que esta tarea ser\u00e1 asumida con responsabilidad, compromiso y entusiasmo y habr\u00e1 de rendir los frutos esperados en beneficio de la sociedad mexiquense\u201d.<br>El secretario de Planeaci\u00f3n y Desarrollo Institucional, Jos\u00e9 Raymundo Marcial Romero, expres\u00f3 que con el PRDI y el PGD, la UAEM avanzar\u00e1 sustancialmente en la igualdad de g\u00e9nero, acreditar\u00e1 su prestigio e incidir\u00e1 en el desarrollo sostenible.<br>Se determin\u00f3, dijo, que la integridad y la inclusi\u00f3n sean los ejes de la Administraci\u00f3n 2021-2025, ya que implican trabajar bajo los principios de \u00e9tica p\u00fablica e incorporaci\u00f3n sustantiva de todos los sectores que conforman la UAEM.<br>Cabe destacar que a este evento asistieron el director del Consejo Mexiquense de Ciencia y Tecnolog\u00eda (Comecyt), Bernardo Jorge Almaraz Calder\u00f3n, as\u00ed como la directora general de Educaci\u00f3n Superior Universitaria e Intercultural (DGESUI) de la Secretar\u00eda de Educaci\u00f3n P\u00fablica (SEP), Carmen Enedina Rodr\u00edguez Armenta.<br>Tambi\u00e9n acudieron el consejero de la judicatura de la entidad, Enrique V\u00edctor Manuel Vega G\u00f3mez, el secretario t\u00e9cnico de la Comisi\u00f3n de Cultura, Ciencia y Tecnolog\u00eda de la LXI Legislatura del Estado de M\u00e9xico, Jaime Baena P\u00e9rez y la subsecretaria de Educaci\u00f3n Superior y Normal del gobierno de la entidad, Maribel G\u00f3ngora Espinosa.<\/p>\n\n\n\n<figure class=\"wp-block-gallery columns-3 is-cropped wp-block-gallery-1 is-layout-flex wp-block-gallery-is-layout-flex\"><ul class=\"blocks-gallery-grid\"><li class=\"blocks-gallery-item\"><figure><img decoding=\"async\" width=\"480\" height=\"320\" src=\"https:\/\/21panorama.com\/wp-content\/uploads\/2021\/11\/4e30fef6-4f34-4a30-b6d9-3e1de27a46e3.jpeg\" alt=\"\" data-id=\"2442\" data-link=\"https:\/\/21panorama.com\/?attachment_id=2442\" class=\"wp-image-2442\" srcset=\"https:\/\/21panorama.com\/wp-content\/uploads\/2021\/11\/4e30fef6-4f34-4a30-b6d9-3e1de27a46e3.jpeg 480w, https:\/\/21panorama.com\/wp-content\/uploads\/2021\/11\/4e30fef6-4f34-4a30-b6d9-3e1de27a46e3-300x200.jpeg 300w\" sizes=\"(max-width: 480px) 100vw, 480px\" \/><\/figure><\/li><li class=\"blocks-gallery-item\"><figure><img decoding=\"async\" width=\"960\" height=\"640\" src=\"https:\/\/21panorama.com\/wp-content\/uploads\/2021\/11\/31c29bf0-24af-4908-b734-97f3af0d1f3a.jpeg\" alt=\"\" data-id=\"2443\" data-link=\"https:\/\/21panorama.com\/?attachment_id=2443\" class=\"wp-image-2443\" srcset=\"https:\/\/21panorama.com\/wp-content\/uploads\/2021\/11\/31c29bf0-24af-4908-b734-97f3af0d1f3a.jpeg 960w, https:\/\/21panorama.com\/wp-content\/uploads\/2021\/11\/31c29bf0-24af-4908-b734-97f3af0d1f3a-300x200.jpeg 300w, https:\/\/21panorama.com\/wp-content\/uploads\/2021\/11\/31c29bf0-24af-4908-b734-97f3af0d1f3a-768x512.jpeg 768w\" sizes=\"(max-width: 960px) 100vw, 960px\" \/><\/figure><\/li><li class=\"blocks-gallery-item\"><figure><img decoding=\"async\" width=\"960\" height=\"640\" src=\"https:\/\/21panorama.com\/wp-content\/uploads\/2021\/11\/76cb22d7-d8bb-43c8-bac4-be41f4034181.jpeg\" alt=\"\" data-id=\"2444\" data-full-url=\"https:\/\/21panorama.com\/wp-content\/uploads\/2021\/11\/76cb22d7-d8bb-43c8-bac4-be41f4034181.jpeg\" data-link=\"https:\/\/21panorama.com\/?attachment_id=2444\" class=\"wp-image-2444\" srcset=\"https:\/\/21panorama.com\/wp-content\/uploads\/2021\/11\/76cb22d7-d8bb-43c8-bac4-be41f4034181.jpeg 960w, https:\/\/21panorama.com\/wp-content\/uploads\/2021\/11\/76cb22d7-d8bb-43c8-bac4-be41f4034181-300x200.jpeg 300w, https:\/\/21panorama.com\/wp-content\/uploads\/2021\/11\/76cb22d7-d8bb-43c8-bac4-be41f4034181-768x512.jpeg 768w\" sizes=\"(max-width: 960px) 100vw, 960px\" \/><\/figure><\/li><\/ul><\/figure>\n","protected":false},"excerpt":{"rendered":"<p>El rector de la Universidad Aut\u00f3noma del Estado de M\u00e9xico (UAEM), Carlos Eduardo Barrera D\u00edaz, present\u00f3 el Plan General de Desarrollo 2021-2033 (PGD) y el Plan Rector de Desarrollo Institucional 2021-2025 (PRDI).<\/p>\n","protected":false},"author":1,"featured_media":2441,"comment_status":"open","ping_status":"open","sticky":false,"template":"","format":"standard","meta":{"footnotes":""},"categories":[1],"tags":[87],"class_list":["post-2440","post","type-post","status-publish","format-standard","has-post-thumbnail","hentry","category-sociedad","tag-cebd"],"yoast_head":"<!-- This site is optimized with the Yoast SEO plugin v24.9 - https:\/\/yoast.com\/wordpress\/plugins\/seo\/ -->\n<title>Mexiquenses contar\u00e1n con una Universidad \u00edntegra, responsable e incluyente: CEBD - 21 Panorama<\/title>\n<meta name=\"robots\" content=\"index, follow, max-snippet:-1, max-image-preview:large, max-video-preview:-1\" \/>\n<link rel=\"canonical\" href=\"https:\/\/21panorama.com\/index.php\/2021\/11\/24\/mexiquenses-contaran-con-una-universidad-integra-responsable-e-incluyente-cebd\/\" \/>\n<meta property=\"og:locale\" content=\"es_MX\" \/>\n<meta property=\"og:type\" content=\"article\" \/>\n<meta property=\"og:title\" content=\"Mexiquenses contar\u00e1n con una Universidad \u00edntegra, responsable e incluyente: CEBD - 21 Panorama\" \/>\n<meta property=\"og:description\" content=\"El rector de la Universidad Aut\u00f3noma del Estado de M\u00e9xico (UAEM), Carlos Eduardo Barrera D\u00edaz, present\u00f3 el Plan General de Desarrollo 2021-2033 (PGD) y el Plan Rector de Desarrollo Institucional 2021-2025 (PRDI).\" \/>\n<meta property=\"og:url\" content=\"https:\/\/21panorama.com\/index.php\/2021\/11\/24\/mexiquenses-contaran-con-una-universidad-integra-responsable-e-incluyente-cebd\/\" \/>\n<meta property=\"og:site_name\" content=\"21 Panorama\" \/>\n<meta property=\"article:published_time\" content=\"2021-11-24T19:51:00+00:00\" \/>\n<meta property=\"article:modified_time\" content=\"2021-11-25T19:54:23+00:00\" \/>\n<meta property=\"og:image\" content=\"https:\/\/21panorama.com\/wp-content\/uploads\/2021\/11\/49dfdd4c-d304-4379-8f74-57fdf0c19f45.jpeg\" \/>\n\t<meta property=\"og:image:width\" content=\"960\" \/>\n\t<meta property=\"og:image:height\" content=\"640\" \/>\n\t<meta property=\"og:image:type\" content=\"image\/jpeg\" \/>\n<meta name=\"author\" content=\"admin\" \/>\n<meta name=\"twitter:card\" content=\"summary_large_image\" \/>\n<meta name=\"twitter:label1\" content=\"Escrito por\" \/>\n\t<meta name=\"twitter:data1\" content=\"admin\" \/>\n\t<meta name=\"twitter:label2\" content=\"Tiempo de lectura\" \/>\n\t<meta name=\"twitter:data2\" content=\"3 minutos\" \/>\n<script type=\"application\/ld+json\" class=\"yoast-schema-graph\">{\"@context\":\"https:\/\/schema.org\",\"@graph\":[{\"@type\":\"Article\",\"@id\":\"https:\/\/21panorama.com\/index.php\/2021\/11\/24\/mexiquenses-contaran-con-una-universidad-integra-responsable-e-incluyente-cebd\/#article\",\"isPartOf\":{\"@id\":\"https:\/\/21panorama.com\/index.php\/2021\/11\/24\/mexiquenses-contaran-con-una-universidad-integra-responsable-e-incluyente-cebd\/\"},\"author\":{\"name\":\"admin\",\"@id\":\"https:\/\/21panorama.com\/#\/schema\/person\/1afc291b96d5792a158768324287319f\"},\"headline\":\"Mexiquenses contar\u00e1n con una Universidad \u00edntegra, responsable e incluyente: CEBD\",\"datePublished\":\"2021-11-24T19:51:00+00:00\",\"dateModified\":\"2021-11-25T19:54:23+00:00\",\"mainEntityOfPage\":{\"@id\":\"https:\/\/21panorama.com\/index.php\/2021\/11\/24\/mexiquenses-contaran-con-una-universidad-integra-responsable-e-incluyente-cebd\/\"},\"wordCount\":585,\"commentCount\":0,\"publisher\":{\"@id\":\"https:\/\/21panorama.com\/#organization\"},\"image\":{\"@id\":\"https:\/\/21panorama.com\/index.php\/2021\/11\/24\/mexiquenses-contaran-con-una-universidad-integra-responsable-e-incluyente-cebd\/#primaryimage\"},\"thumbnailUrl\":\"https:\/\/21panorama.com\/wp-content\/uploads\/2021\/11\/49dfdd4c-d304-4379-8f74-57fdf0c19f45.jpeg\",\"keywords\":[\"CEBD\"],\"articleSection\":[\"Sociedad\"],\"inLanguage\":\"es\",\"potentialAction\":[{\"@type\":\"CommentAction\",\"name\":\"Comment\",\"target\":[\"https:\/\/21panorama.com\/index.php\/2021\/11\/24\/mexiquenses-contaran-con-una-universidad-integra-responsable-e-incluyente-cebd\/#respond\"]}]},{\"@type\":\"WebPage\",\"@id\":\"https:\/\/21panorama.com\/index.php\/2021\/11\/24\/mexiquenses-contaran-con-una-universidad-integra-responsable-e-incluyente-cebd\/\",\"url\":\"https:\/\/21panorama.com\/index.php\/2021\/11\/24\/mexiquenses-contaran-con-una-universidad-integra-responsable-e-incluyente-cebd\/\",\"name\":\"Mexiquenses contar\u00e1n con una Universidad \u00edntegra, responsable e incluyente: CEBD - 21 Panorama\",\"isPartOf\":{\"@id\":\"https:\/\/21panorama.com\/#website\"},\"primaryImageOfPage\":{\"@id\":\"https:\/\/21panorama.com\/index.php\/2021\/11\/24\/mexiquenses-contaran-con-una-universidad-integra-responsable-e-incluyente-cebd\/#primaryimage\"},\"image\":{\"@id\":\"https:\/\/21panorama.com\/index.php\/2021\/11\/24\/mexiquenses-contaran-con-una-universidad-integra-responsable-e-incluyente-cebd\/#primaryimage\"},\"thumbnailUrl\":\"https:\/\/21panorama.com\/wp-content\/uploads\/2021\/11\/49dfdd4c-d304-4379-8f74-57fdf0c19f45.jpeg\",\"datePublished\":\"2021-11-24T19:51:00+00:00\",\"dateModified\":\"2021-11-25T19:54:23+00:00\",\"breadcrumb\":{\"@id\":\"https:\/\/21panorama.com\/index.php\/2021\/11\/24\/mexiquenses-contaran-con-una-universidad-integra-responsable-e-incluyente-cebd\/#breadcrumb\"},\"inLanguage\":\"es\",\"potentialAction\":[{\"@type\":\"ReadAction\",\"target\":[\"https:\/\/21panorama.com\/index.php\/2021\/11\/24\/mexiquenses-contaran-con-una-universidad-integra-responsable-e-incluyente-cebd\/\"]}]},{\"@type\":\"ImageObject\",\"inLanguage\":\"es\",\"@id\":\"https:\/\/21panorama.com\/index.php\/2021\/11\/24\/mexiquenses-contaran-con-una-universidad-integra-responsable-e-incluyente-cebd\/#primaryimage\",\"url\":\"https:\/\/21panorama.com\/wp-content\/uploads\/2021\/11\/49dfdd4c-d304-4379-8f74-57fdf0c19f45.jpeg\",\"contentUrl\":\"https:\/\/21panorama.com\/wp-content\/uploads\/2021\/11\/49dfdd4c-d304-4379-8f74-57fdf0c19f45.jpeg\",\"width\":960,\"height\":640},{\"@type\":\"BreadcrumbList\",\"@id\":\"https:\/\/21panorama.com\/index.php\/2021\/11\/24\/mexiquenses-contaran-con-una-universidad-integra-responsable-e-incluyente-cebd\/#breadcrumb\",\"itemListElement\":[{\"@type\":\"ListItem\",\"position\":1,\"name\":\"Inicio\",\"item\":\"https:\/\/21panorama.com\/\"},{\"@type\":\"ListItem\",\"position\":2,\"name\":\"Mexiquenses contar\u00e1n con una Universidad \u00edntegra, responsable e incluyente: CEBD\"}]},{\"@type\":\"WebSite\",\"@id\":\"https:\/\/21panorama.com\/#website\",\"url\":\"https:\/\/21panorama.com\/\",\"name\":\"21 Panorama\",\"description\":\"La construcci\u00f3n de la opini\u00f3n p\u00fablica merece un mejor Panorama en este siglo 21 para alcanzar una sociedad con mayor transparencia y sin corrupci\u00f3n.\",\"publisher\":{\"@id\":\"https:\/\/21panorama.com\/#organization\"},\"potentialAction\":[{\"@type\":\"SearchAction\",\"target\":{\"@type\":\"EntryPoint\",\"urlTemplate\":\"https:\/\/21panorama.com\/?s={search_term_string}\"},\"query-input\":{\"@type\":\"PropertyValueSpecification\",\"valueRequired\":true,\"valueName\":\"search_term_string\"}}],\"inLanguage\":\"es\"},{\"@type\":\"Organization\",\"@id\":\"https:\/\/21panorama.com\/#organization\",\"name\":\"21 Panorama\",\"url\":\"https:\/\/21panorama.com\/\",\"logo\":{\"@type\":\"ImageObject\",\"inLanguage\":\"es\",\"@id\":\"https:\/\/21panorama.com\/#\/schema\/logo\/image\/\",\"url\":\"https:\/\/21panorama.com\/wp-content\/uploads\/2019\/07\/cropped-Logo-Panorama-01.jpeg\",\"contentUrl\":\"https:\/\/21panorama.com\/wp-content\/uploads\/2019\/07\/cropped-Logo-Panorama-01.jpeg\",\"width\":290,\"height\":70,\"caption\":\"21 Panorama\"},\"image\":{\"@id\":\"https:\/\/21panorama.com\/#\/schema\/logo\/image\/\"}},{\"@type\":\"Person\",\"@id\":\"https:\/\/21panorama.com\/#\/schema\/person\/1afc291b96d5792a158768324287319f\",\"name\":\"admin\",\"image\":{\"@type\":\"ImageObject\",\"inLanguage\":\"es\",\"@id\":\"https:\/\/21panorama.com\/#\/schema\/person\/image\/\",\"url\":\"https:\/\/secure.gravatar.com\/avatar\/ad365d9d9f46719215b0d042cc3df92a5a8683e09ef13d102233e5491985f0f0?s=96&d=mm&r=g\",\"contentUrl\":\"https:\/\/secure.gravatar.com\/avatar\/ad365d9d9f46719215b0d042cc3df92a5a8683e09ef13d102233e5491985f0f0?s=96&d=mm&r=g\",\"caption\":\"admin\"},\"url\":\"https:\/\/21panorama.com\/index.php\/author\/admin\/\"}]}<\/script>\n<!-- \/ Yoast SEO plugin. -->","yoast_head_json":{"title":"Mexiquenses contar\u00e1n con una Universidad \u00edntegra, responsable e incluyente: CEBD - 21 Panorama","robots":{"index":"index","follow":"follow","max-snippet":"max-snippet:-1","max-image-preview":"max-image-preview:large","max-video-preview":"max-video-preview:-1"},"canonical":"https:\/\/21panorama.com\/index.php\/2021\/11\/24\/mexiquenses-contaran-con-una-universidad-integra-responsable-e-incluyente-cebd\/","og_locale":"es_MX","og_type":"article","og_title":"Mexiquenses contar\u00e1n con una Universidad \u00edntegra, responsable e incluyente: CEBD - 21 Panorama","og_description":"El rector de la Universidad Aut\u00f3noma del Estado de M\u00e9xico (UAEM), Carlos Eduardo Barrera D\u00edaz, present\u00f3 el Plan General de Desarrollo 2021-2033 (PGD) y el Plan Rector de Desarrollo Institucional 2021-2025 (PRDI).","og_url":"https:\/\/21panorama.com\/index.php\/2021\/11\/24\/mexiquenses-contaran-con-una-universidad-integra-responsable-e-incluyente-cebd\/","og_site_name":"21 Panorama","article_published_time":"2021-11-24T19:51:00+00:00","article_modified_time":"2021-11-25T19:54:23+00:00","og_image":[{"width":960,"height":640,"url":"https:\/\/21panorama.com\/wp-content\/uploads\/2021\/11\/49dfdd4c-d304-4379-8f74-57fdf0c19f45.jpeg","type":"image\/jpeg"}],"author":"admin","twitter_card":"summary_large_image","twitter_misc":{"Escrito por":"admin","Tiempo de lectura":"3 minutos"},"schema":{"@context":"https:\/\/schema.org","@graph":[{"@type":"Article","@id":"https:\/\/21panorama.com\/index.php\/2021\/11\/24\/mexiquenses-contaran-con-una-universidad-integra-responsable-e-incluyente-cebd\/#article","isPartOf":{"@id":"https:\/\/21panorama.com\/index.php\/2021\/11\/24\/mexiquenses-contaran-con-una-universidad-integra-responsable-e-incluyente-cebd\/"},"author":{"name":"admin","@id":"https:\/\/21panorama.com\/#\/schema\/person\/1afc291b96d5792a158768324287319f"},"headline":"Mexiquenses contar\u00e1n con una Universidad \u00edntegra, responsable e incluyente: CEBD","datePublished":"2021-11-24T19:51:00+00:00","dateModified":"2021-11-25T19:54:23+00:00","mainEntityOfPage":{"@id":"https:\/\/21panorama.com\/index.php\/2021\/11\/24\/mexiquenses-contaran-con-una-universidad-integra-responsable-e-incluyente-cebd\/"},"wordCount":585,"commentCount":0,"publisher":{"@id":"https:\/\/21panorama.com\/#organization"},"image":{"@id":"https:\/\/21panorama.com\/index.php\/2021\/11\/24\/mexiquenses-contaran-con-una-universidad-integra-responsable-e-incluyente-cebd\/#primaryimage"},"thumbnailUrl":"https:\/\/21panorama.com\/wp-content\/uploads\/2021\/11\/49dfdd4c-d304-4379-8f74-57fdf0c19f45.jpeg","keywords":["CEBD"],"articleSection":["Sociedad"],"inLanguage":"es","potentialAction":[{"@type":"CommentAction","name":"Comment","target":["https:\/\/21panorama.com\/index.php\/2021\/11\/24\/mexiquenses-contaran-con-una-universidad-integra-responsable-e-incluyente-cebd\/#respond"]}]},{"@type":"WebPage","@id":"https:\/\/21panorama.com\/index.php\/2021\/11\/24\/mexiquenses-contaran-con-una-universidad-integra-responsable-e-incluyente-cebd\/","url":"https:\/\/21panorama.com\/index.php\/2021\/11\/24\/mexiquenses-contaran-con-una-universidad-integra-responsable-e-incluyente-cebd\/","name":"Mexiquenses contar\u00e1n con una Universidad \u00edntegra, responsable e incluyente: CEBD - 21 Panorama","isPartOf":{"@id":"https:\/\/21panorama.com\/#website"},"primaryImageOfPage":{"@id":"https:\/\/21panorama.com\/index.php\/2021\/11\/24\/mexiquenses-contaran-con-una-universidad-integra-responsable-e-incluyente-cebd\/#primaryimage"},"image":{"@id":"https:\/\/21panorama.com\/index.php\/2021\/11\/24\/mexiquenses-contaran-con-una-universidad-integra-responsable-e-incluyente-cebd\/#primaryimage"},"thumbnailUrl":"https:\/\/21panorama.com\/wp-content\/uploads\/2021\/11\/49dfdd4c-d304-4379-8f74-57fdf0c19f45.jpeg","datePublished":"2021-11-24T19:51:00+00:00","dateModified":"2021-11-25T19:54:23+00:00","breadcrumb":{"@id":"https:\/\/21panorama.com\/index.php\/2021\/11\/24\/mexiquenses-contaran-con-una-universidad-integra-responsable-e-incluyente-cebd\/#breadcrumb"},"inLanguage":"es","potentialAction":[{"@type":"ReadAction","target":["https:\/\/21panorama.com\/index.php\/2021\/11\/24\/mexiquenses-contaran-con-una-universidad-integra-responsable-e-incluyente-cebd\/"]}]},{"@type":"ImageObject","inLanguage":"es","@id":"https:\/\/21panorama.com\/index.php\/2021\/11\/24\/mexiquenses-contaran-con-una-universidad-integra-responsable-e-incluyente-cebd\/#primaryimage","url":"https:\/\/21panorama.com\/wp-content\/uploads\/2021\/11\/49dfdd4c-d304-4379-8f74-57fdf0c19f45.jpeg","contentUrl":"https:\/\/21panorama.com\/wp-content\/uploads\/2021\/11\/49dfdd4c-d304-4379-8f74-57fdf0c19f45.jpeg","width":960,"height":640},{"@type":"BreadcrumbList","@id":"https:\/\/21panorama.com\/index.php\/2021\/11\/24\/mexiquenses-contaran-con-una-universidad-integra-responsable-e-incluyente-cebd\/#breadcrumb","itemListElement":[{"@type":"ListItem","position":1,"name":"Inicio","item":"https:\/\/21panorama.com\/"},{"@type":"ListItem","position":2,"name":"Mexiquenses contar\u00e1n con una Universidad \u00edntegra, responsable e incluyente: CEBD"}]},{"@type":"WebSite","@id":"https:\/\/21panorama.com\/#website","url":"https:\/\/21panorama.com\/","name":"21 Panorama","description":"La construcci\u00f3n de la opini\u00f3n p\u00fablica merece un mejor Panorama en este siglo 21 para alcanzar una sociedad con mayor transparencia y sin corrupci\u00f3n.","publisher":{"@id":"https:\/\/21panorama.com\/#organization"},"potentialAction":[{"@type":"SearchAction","target":{"@type":"EntryPoint","urlTemplate":"https:\/\/21panorama.com\/?s={search_term_string}"},"query-input":{"@type":"PropertyValueSpecification","valueRequired":true,"valueName":"search_term_string"}}],"inLanguage":"es"},{"@type":"Organization","@id":"https:\/\/21panorama.com\/#organization","name":"21 Panorama","url":"https:\/\/21panorama.com\/","logo":{"@type":"ImageObject","inLanguage":"es","@id":"https:\/\/21panorama.com\/#\/schema\/logo\/image\/","url":"https:\/\/21panorama.com\/wp-content\/uploads\/2019\/07\/cropped-Logo-Panorama-01.jpeg","contentUrl":"https:\/\/21panorama.com\/wp-content\/uploads\/2019\/07\/cropped-Logo-Panorama-01.jpeg","width":290,"height":70,"caption":"21 Panorama"},"image":{"@id":"https:\/\/21panorama.com\/#\/schema\/logo\/image\/"}},{"@type":"Person","@id":"https:\/\/21panorama.com\/#\/schema\/person\/1afc291b96d5792a158768324287319f","name":"admin","image":{"@type":"ImageObject","inLanguage":"es","@id":"https:\/\/21panorama.com\/#\/schema\/person\/image\/","url":"https:\/\/secure.gravatar.com\/avatar\/ad365d9d9f46719215b0d042cc3df92a5a8683e09ef13d102233e5491985f0f0?s=96&d=mm&r=g","contentUrl":"https:\/\/secure.gravatar.com\/avatar\/ad365d9d9f46719215b0d042cc3df92a5a8683e09ef13d102233e5491985f0f0?s=96&d=mm&r=g","caption":"admin"},"url":"https:\/\/21panorama.com\/index.php\/author\/admin\/"}]}},"_links":{"self":[{"href":"https:\/\/21panorama.com\/index.php\/wp-json\/wp\/v2\/posts\/2440","targetHints":{"allow":["GET"]}}],"collection":[{"href":"https:\/\/21panorama.com\/index.php\/wp-json\/wp\/v2\/posts"}],"about":[{"href":"https:\/\/21panorama.com\/index.php\/wp-json\/wp\/v2\/types\/post"}],"author":[{"embeddable":true,"href":"https:\/\/21panorama.com\/index.php\/wp-json\/wp\/v2\/users\/1"}],"replies":[{"embeddable":true,"href":"https:\/\/21panorama.com\/index.php\/wp-json\/wp\/v2\/comments?post=2440"}],"version-history":[{"count":1,"href":"https:\/\/21panorama.com\/index.php\/wp-json\/wp\/v2\/posts\/2440\/revisions"}],"predecessor-version":[{"id":2445,"href":"https:\/\/21panorama.com\/index.php\/wp-json\/wp\/v2\/posts\/2440\/revisions\/2445"}],"wp:featuredmedia":[{"embeddable":true,"href":"https:\/\/21panorama.com\/index.php\/wp-json\/wp\/v2\/media\/2441"}],"wp:attachment":[{"href":"https:\/\/21panorama.com\/index.php\/wp-json\/wp\/v2\/media?parent=2440"}],"wp:term":[{"taxonomy":"category","embeddable":true,"href":"https:\/\/21panorama.com\/index.php\/wp-json\/wp\/v2\/categories?post=2440"},{"taxonomy":"post_tag","embeddable":true,"href":"https:\/\/21panorama.com\/index.php\/wp-json\/wp\/v2\/tags?post=2440"}],"curies":[{"name":"wp","href":"https:\/\/api.w.org\/{rel}","templated":true}]}}