{"id":2431,"date":"2021-11-24T10:34:41","date_gmt":"2021-11-24T16:34:41","guid":{"rendered":"https:\/\/21panorama.com\/?p=2431"},"modified":"2021-11-24T10:34:54","modified_gmt":"2021-11-24T16:34:54","slug":"solicita-el-congreso-local-apoyos-a-la-ganaderia-mexiquense","status":"publish","type":"post","link":"https:\/\/21panorama.com\/index.php\/2021\/11\/24\/solicita-el-congreso-local-apoyos-a-la-ganaderia-mexiquense\/","title":{"rendered":"Solicita el Congreso local apoyos a la ganader\u00eda mexiquense"},"content":{"rendered":"\n<p>A propuesta del grupo parlamentario del PRD, el Congreso mexiquense solicit\u00f3 de manera un\u00e1nime a la Secretar\u00eda de Agricultura y Desarrollo Rural (Sader) apoye a personas ganaderas mexiquenses que impulsen la exportaci\u00f3n a Estados Unidos de Norteam\u00e9rica, y contribuyan a alcanzar la autosuficiencia alimentaria mediante el impulso de una agricultura productiva, incluyente y sostenible, que propicie el bienestar de la poblaci\u00f3n rural.<br>En sesi\u00f3n deliberante, en presencia de Roberto Vences Pedraza, miembro de la Uni\u00f3n Ganadera del Sur del Estado de M\u00e9xico, la diputada Mar\u00eda Elida Castel\u00e1n Mondrag\u00f3n explic\u00f3 que se pide a la Secretar\u00eda de Agricultura, d\u00e9 a conocer los ordenamientos legales para la movilizaci\u00f3n del ganado con registro hacia los estados que cuentan con certificaci\u00f3n, y que el protocolo denominado \u00b4Hato Libre Certificado\u00b4 sea publicado en el Diario Oficial de la Federaci\u00f3n.<br>Asimismo, solicita que dicha secretar\u00eda aplique las pol\u00edticas y acciones estrat\u00e9gicas para el desarrollo del sector agropecuario con el fin de alcanzar la autosuficiencia alimentaria, a trav\u00e9s de un modelo viable de desarrollo econ\u00f3mico, de ordenamiento pol\u00edtico y de convivencia entre los sectores sociales para que se fortalezcan las acciones en el programa de Sanidad e Inocuidad Agroalimentaria para mantener los registros de erradicaci\u00f3n de enfermedades.<br>La legisladora explic\u00f3 que 18 municipios mexiquenses cuentan con el registro de erradicaci\u00f3n de la tuberculosis bovina mediante el proyecto denominado \u00b4Tierra Caliente\u00b4, sin embargo el Departamento de Agricultura de Estados Unidos de Norteam\u00e9rica emiti\u00f3 observaciones cr\u00edticas a partir de 2021 dejando a la entidad fuera de la posibilidad de exportar ganado, por lo cual emiti\u00f3 el protocolo \u00b4Hato Libre Certificado\u00b4 para que los productores que cuenten con ganado de registro certificado puedan movilizarse a las zonas acreditadas en otras entidades.<br>Indic\u00f3 que seg\u00fan el Servicio de Informaci\u00f3n Agroalimentaria y Pesquera el inventario de ganado para carne y leche en la entidad es de 659 mil 969 cabezas, que representa 18.2% del total de cabezas del proyecto \u00b4Tierra Caliente\u00b4, pero se desconoce la situaci\u00f3n sanitaria del 81.8% restante.<br>Por ello, expres\u00f3 la legisladora, es de extrema urgencia restablecer la econom\u00eda ganadera con financiamiento e incentivos a los municipios mexiquenses que de manera predominante se dedican a la producci\u00f3n y comercializaci\u00f3n de ganado.<\/p>\n","protected":false},"excerpt":{"rendered":"<p>Diputada Elida Castel\u00e1n Propone acciones que favorezcan la exportaci\u00f3n de ganado a Estados Unidos de Norteam\u00e9rica.<\/p>\n","protected":false},"author":1,"featured_media":2432,"comment_status":"open","ping_status":"open","sticky":false,"template":"","format":"standard","meta":{"footnotes":""},"categories":[1],"tags":[160],"class_list":["post-2431","post","type-post","status-publish","format-standard","has-post-thumbnail","hentry","category-sociedad","tag-apoyo"],"yoast_head":"<!-- This site is optimized with the Yoast SEO plugin v24.9 - https:\/\/yoast.com\/wordpress\/plugins\/seo\/ -->\n<title>Solicita el Congreso local apoyos a la ganader\u00eda mexiquense - 21 Panorama<\/title>\n<meta name=\"robots\" content=\"index, follow, max-snippet:-1, max-image-preview:large, max-video-preview:-1\" \/>\n<link rel=\"canonical\" href=\"https:\/\/21panorama.com\/index.php\/2021\/11\/24\/solicita-el-congreso-local-apoyos-a-la-ganaderia-mexiquense\/\" \/>\n<meta property=\"og:locale\" content=\"es_MX\" \/>\n<meta property=\"og:type\" content=\"article\" \/>\n<meta property=\"og:title\" content=\"Solicita el Congreso local apoyos a la ganader\u00eda mexiquense - 21 Panorama\" \/>\n<meta property=\"og:description\" content=\"Diputada Elida Castel\u00e1n Propone acciones que favorezcan la exportaci\u00f3n de ganado a Estados Unidos de Norteam\u00e9rica.\" \/>\n<meta property=\"og:url\" content=\"https:\/\/21panorama.com\/index.php\/2021\/11\/24\/solicita-el-congreso-local-apoyos-a-la-ganaderia-mexiquense\/\" \/>\n<meta property=\"og:site_name\" content=\"21 Panorama\" \/>\n<meta property=\"article:published_time\" content=\"2021-11-24T16:34:41+00:00\" \/>\n<meta property=\"article:modified_time\" content=\"2021-11-24T16:34:54+00:00\" \/>\n<meta property=\"og:image\" content=\"https:\/\/21panorama.com\/wp-content\/uploads\/2021\/11\/64debb3c-39a2-4355-b076-f678f7cf7a6d.jpeg\" \/>\n\t<meta property=\"og:image:width\" content=\"1024\" \/>\n\t<meta property=\"og:image:height\" content=\"681\" \/>\n\t<meta property=\"og:image:type\" content=\"image\/jpeg\" \/>\n<meta name=\"author\" content=\"admin\" \/>\n<meta name=\"twitter:card\" content=\"summary_large_image\" \/>\n<meta name=\"twitter:label1\" content=\"Escrito por\" \/>\n\t<meta name=\"twitter:data1\" content=\"admin\" \/>\n\t<meta name=\"twitter:label2\" content=\"Tiempo de lectura\" \/>\n\t<meta name=\"twitter:data2\" content=\"2 minutos\" \/>\n<script type=\"application\/ld+json\" class=\"yoast-schema-graph\">{\"@context\":\"https:\/\/schema.org\",\"@graph\":[{\"@type\":\"Article\",\"@id\":\"https:\/\/21panorama.com\/index.php\/2021\/11\/24\/solicita-el-congreso-local-apoyos-a-la-ganaderia-mexiquense\/#article\",\"isPartOf\":{\"@id\":\"https:\/\/21panorama.com\/index.php\/2021\/11\/24\/solicita-el-congreso-local-apoyos-a-la-ganaderia-mexiquense\/\"},\"author\":{\"name\":\"admin\",\"@id\":\"https:\/\/21panorama.com\/#\/schema\/person\/1afc291b96d5792a158768324287319f\"},\"headline\":\"Solicita el Congreso local apoyos a la ganader\u00eda mexiquense\",\"datePublished\":\"2021-11-24T16:34:41+00:00\",\"dateModified\":\"2021-11-24T16:34:54+00:00\",\"mainEntityOfPage\":{\"@id\":\"https:\/\/21panorama.com\/index.php\/2021\/11\/24\/solicita-el-congreso-local-apoyos-a-la-ganaderia-mexiquense\/\"},\"wordCount\":397,\"commentCount\":0,\"publisher\":{\"@id\":\"https:\/\/21panorama.com\/#organization\"},\"image\":{\"@id\":\"https:\/\/21panorama.com\/index.php\/2021\/11\/24\/solicita-el-congreso-local-apoyos-a-la-ganaderia-mexiquense\/#primaryimage\"},\"thumbnailUrl\":\"https:\/\/21panorama.com\/wp-content\/uploads\/2021\/11\/64debb3c-39a2-4355-b076-f678f7cf7a6d.jpeg\",\"keywords\":[\"APOYO\"],\"articleSection\":[\"Sociedad\"],\"inLanguage\":\"es\",\"potentialAction\":[{\"@type\":\"CommentAction\",\"name\":\"Comment\",\"target\":[\"https:\/\/21panorama.com\/index.php\/2021\/11\/24\/solicita-el-congreso-local-apoyos-a-la-ganaderia-mexiquense\/#respond\"]}]},{\"@type\":\"WebPage\",\"@id\":\"https:\/\/21panorama.com\/index.php\/2021\/11\/24\/solicita-el-congreso-local-apoyos-a-la-ganaderia-mexiquense\/\",\"url\":\"https:\/\/21panorama.com\/index.php\/2021\/11\/24\/solicita-el-congreso-local-apoyos-a-la-ganaderia-mexiquense\/\",\"name\":\"Solicita el Congreso local apoyos a la ganader\u00eda mexiquense - 21 Panorama\",\"isPartOf\":{\"@id\":\"https:\/\/21panorama.com\/#website\"},\"primaryImageOfPage\":{\"@id\":\"https:\/\/21panorama.com\/index.php\/2021\/11\/24\/solicita-el-congreso-local-apoyos-a-la-ganaderia-mexiquense\/#primaryimage\"},\"image\":{\"@id\":\"https:\/\/21panorama.com\/index.php\/2021\/11\/24\/solicita-el-congreso-local-apoyos-a-la-ganaderia-mexiquense\/#primaryimage\"},\"thumbnailUrl\":\"https:\/\/21panorama.com\/wp-content\/uploads\/2021\/11\/64debb3c-39a2-4355-b076-f678f7cf7a6d.jpeg\",\"datePublished\":\"2021-11-24T16:34:41+00:00\",\"dateModified\":\"2021-11-24T16:34:54+00:00\",\"breadcrumb\":{\"@id\":\"https:\/\/21panorama.com\/index.php\/2021\/11\/24\/solicita-el-congreso-local-apoyos-a-la-ganaderia-mexiquense\/#breadcrumb\"},\"inLanguage\":\"es\",\"potentialAction\":[{\"@type\":\"ReadAction\",\"target\":[\"https:\/\/21panorama.com\/index.php\/2021\/11\/24\/solicita-el-congreso-local-apoyos-a-la-ganaderia-mexiquense\/\"]}]},{\"@type\":\"ImageObject\",\"inLanguage\":\"es\",\"@id\":\"https:\/\/21panorama.com\/index.php\/2021\/11\/24\/solicita-el-congreso-local-apoyos-a-la-ganaderia-mexiquense\/#primaryimage\",\"url\":\"https:\/\/21panorama.com\/wp-content\/uploads\/2021\/11\/64debb3c-39a2-4355-b076-f678f7cf7a6d.jpeg\",\"contentUrl\":\"https:\/\/21panorama.com\/wp-content\/uploads\/2021\/11\/64debb3c-39a2-4355-b076-f678f7cf7a6d.jpeg\",\"width\":1024,\"height\":681},{\"@type\":\"BreadcrumbList\",\"@id\":\"https:\/\/21panorama.com\/index.php\/2021\/11\/24\/solicita-el-congreso-local-apoyos-a-la-ganaderia-mexiquense\/#breadcrumb\",\"itemListElement\":[{\"@type\":\"ListItem\",\"position\":1,\"name\":\"Inicio\",\"item\":\"https:\/\/21panorama.com\/\"},{\"@type\":\"ListItem\",\"position\":2,\"name\":\"Solicita el Congreso local apoyos a la ganader\u00eda mexiquense\"}]},{\"@type\":\"WebSite\",\"@id\":\"https:\/\/21panorama.com\/#website\",\"url\":\"https:\/\/21panorama.com\/\",\"name\":\"21 Panorama\",\"description\":\"La construcci\u00f3n de la opini\u00f3n p\u00fablica merece un mejor Panorama en este siglo 21 para alcanzar una sociedad con mayor transparencia y sin corrupci\u00f3n.\",\"publisher\":{\"@id\":\"https:\/\/21panorama.com\/#organization\"},\"potentialAction\":[{\"@type\":\"SearchAction\",\"target\":{\"@type\":\"EntryPoint\",\"urlTemplate\":\"https:\/\/21panorama.com\/?s={search_term_string}\"},\"query-input\":{\"@type\":\"PropertyValueSpecification\",\"valueRequired\":true,\"valueName\":\"search_term_string\"}}],\"inLanguage\":\"es\"},{\"@type\":\"Organization\",\"@id\":\"https:\/\/21panorama.com\/#organization\",\"name\":\"21 Panorama\",\"url\":\"https:\/\/21panorama.com\/\",\"logo\":{\"@type\":\"ImageObject\",\"inLanguage\":\"es\",\"@id\":\"https:\/\/21panorama.com\/#\/schema\/logo\/image\/\",\"url\":\"https:\/\/21panorama.com\/wp-content\/uploads\/2019\/07\/cropped-Logo-Panorama-01.jpeg\",\"contentUrl\":\"https:\/\/21panorama.com\/wp-content\/uploads\/2019\/07\/cropped-Logo-Panorama-01.jpeg\",\"width\":290,\"height\":70,\"caption\":\"21 Panorama\"},\"image\":{\"@id\":\"https:\/\/21panorama.com\/#\/schema\/logo\/image\/\"}},{\"@type\":\"Person\",\"@id\":\"https:\/\/21panorama.com\/#\/schema\/person\/1afc291b96d5792a158768324287319f\",\"name\":\"admin\",\"image\":{\"@type\":\"ImageObject\",\"inLanguage\":\"es\",\"@id\":\"https:\/\/21panorama.com\/#\/schema\/person\/image\/\",\"url\":\"https:\/\/secure.gravatar.com\/avatar\/ad365d9d9f46719215b0d042cc3df92a5a8683e09ef13d102233e5491985f0f0?s=96&d=mm&r=g\",\"contentUrl\":\"https:\/\/secure.gravatar.com\/avatar\/ad365d9d9f46719215b0d042cc3df92a5a8683e09ef13d102233e5491985f0f0?s=96&d=mm&r=g\",\"caption\":\"admin\"},\"url\":\"https:\/\/21panorama.com\/index.php\/author\/admin\/\"}]}<\/script>\n<!-- \/ Yoast SEO plugin. -->","yoast_head_json":{"title":"Solicita el Congreso local apoyos a la ganader\u00eda mexiquense - 21 Panorama","robots":{"index":"index","follow":"follow","max-snippet":"max-snippet:-1","max-image-preview":"max-image-preview:large","max-video-preview":"max-video-preview:-1"},"canonical":"https:\/\/21panorama.com\/index.php\/2021\/11\/24\/solicita-el-congreso-local-apoyos-a-la-ganaderia-mexiquense\/","og_locale":"es_MX","og_type":"article","og_title":"Solicita el Congreso local apoyos a la ganader\u00eda mexiquense - 21 Panorama","og_description":"Diputada Elida Castel\u00e1n Propone acciones que favorezcan la exportaci\u00f3n de ganado a Estados Unidos de Norteam\u00e9rica.","og_url":"https:\/\/21panorama.com\/index.php\/2021\/11\/24\/solicita-el-congreso-local-apoyos-a-la-ganaderia-mexiquense\/","og_site_name":"21 Panorama","article_published_time":"2021-11-24T16:34:41+00:00","article_modified_time":"2021-11-24T16:34:54+00:00","og_image":[{"width":1024,"height":681,"url":"https:\/\/21panorama.com\/wp-content\/uploads\/2021\/11\/64debb3c-39a2-4355-b076-f678f7cf7a6d.jpeg","type":"image\/jpeg"}],"author":"admin","twitter_card":"summary_large_image","twitter_misc":{"Escrito por":"admin","Tiempo de lectura":"2 minutos"},"schema":{"@context":"https:\/\/schema.org","@graph":[{"@type":"Article","@id":"https:\/\/21panorama.com\/index.php\/2021\/11\/24\/solicita-el-congreso-local-apoyos-a-la-ganaderia-mexiquense\/#article","isPartOf":{"@id":"https:\/\/21panorama.com\/index.php\/2021\/11\/24\/solicita-el-congreso-local-apoyos-a-la-ganaderia-mexiquense\/"},"author":{"name":"admin","@id":"https:\/\/21panorama.com\/#\/schema\/person\/1afc291b96d5792a158768324287319f"},"headline":"Solicita el Congreso local apoyos a la ganader\u00eda mexiquense","datePublished":"2021-11-24T16:34:41+00:00","dateModified":"2021-11-24T16:34:54+00:00","mainEntityOfPage":{"@id":"https:\/\/21panorama.com\/index.php\/2021\/11\/24\/solicita-el-congreso-local-apoyos-a-la-ganaderia-mexiquense\/"},"wordCount":397,"commentCount":0,"publisher":{"@id":"https:\/\/21panorama.com\/#organization"},"image":{"@id":"https:\/\/21panorama.com\/index.php\/2021\/11\/24\/solicita-el-congreso-local-apoyos-a-la-ganaderia-mexiquense\/#primaryimage"},"thumbnailUrl":"https:\/\/21panorama.com\/wp-content\/uploads\/2021\/11\/64debb3c-39a2-4355-b076-f678f7cf7a6d.jpeg","keywords":["APOYO"],"articleSection":["Sociedad"],"inLanguage":"es","potentialAction":[{"@type":"CommentAction","name":"Comment","target":["https:\/\/21panorama.com\/index.php\/2021\/11\/24\/solicita-el-congreso-local-apoyos-a-la-ganaderia-mexiquense\/#respond"]}]},{"@type":"WebPage","@id":"https:\/\/21panorama.com\/index.php\/2021\/11\/24\/solicita-el-congreso-local-apoyos-a-la-ganaderia-mexiquense\/","url":"https:\/\/21panorama.com\/index.php\/2021\/11\/24\/solicita-el-congreso-local-apoyos-a-la-ganaderia-mexiquense\/","name":"Solicita el Congreso local apoyos a la ganader\u00eda mexiquense - 21 Panorama","isPartOf":{"@id":"https:\/\/21panorama.com\/#website"},"primaryImageOfPage":{"@id":"https:\/\/21panorama.com\/index.php\/2021\/11\/24\/solicita-el-congreso-local-apoyos-a-la-ganaderia-mexiquense\/#primaryimage"},"image":{"@id":"https:\/\/21panorama.com\/index.php\/2021\/11\/24\/solicita-el-congreso-local-apoyos-a-la-ganaderia-mexiquense\/#primaryimage"},"thumbnailUrl":"https:\/\/21panorama.com\/wp-content\/uploads\/2021\/11\/64debb3c-39a2-4355-b076-f678f7cf7a6d.jpeg","datePublished":"2021-11-24T16:34:41+00:00","dateModified":"2021-11-24T16:34:54+00:00","breadcrumb":{"@id":"https:\/\/21panorama.com\/index.php\/2021\/11\/24\/solicita-el-congreso-local-apoyos-a-la-ganaderia-mexiquense\/#breadcrumb"},"inLanguage":"es","potentialAction":[{"@type":"ReadAction","target":["https:\/\/21panorama.com\/index.php\/2021\/11\/24\/solicita-el-congreso-local-apoyos-a-la-ganaderia-mexiquense\/"]}]},{"@type":"ImageObject","inLanguage":"es","@id":"https:\/\/21panorama.com\/index.php\/2021\/11\/24\/solicita-el-congreso-local-apoyos-a-la-ganaderia-mexiquense\/#primaryimage","url":"https:\/\/21panorama.com\/wp-content\/uploads\/2021\/11\/64debb3c-39a2-4355-b076-f678f7cf7a6d.jpeg","contentUrl":"https:\/\/21panorama.com\/wp-content\/uploads\/2021\/11\/64debb3c-39a2-4355-b076-f678f7cf7a6d.jpeg","width":1024,"height":681},{"@type":"BreadcrumbList","@id":"https:\/\/21panorama.com\/index.php\/2021\/11\/24\/solicita-el-congreso-local-apoyos-a-la-ganaderia-mexiquense\/#breadcrumb","itemListElement":[{"@type":"ListItem","position":1,"name":"Inicio","item":"https:\/\/21panorama.com\/"},{"@type":"ListItem","position":2,"name":"Solicita el Congreso local apoyos a la ganader\u00eda mexiquense"}]},{"@type":"WebSite","@id":"https:\/\/21panorama.com\/#website","url":"https:\/\/21panorama.com\/","name":"21 Panorama","description":"La construcci\u00f3n de la opini\u00f3n p\u00fablica merece un mejor Panorama en este siglo 21 para alcanzar una sociedad con mayor transparencia y sin corrupci\u00f3n.","publisher":{"@id":"https:\/\/21panorama.com\/#organization"},"potentialAction":[{"@type":"SearchAction","target":{"@type":"EntryPoint","urlTemplate":"https:\/\/21panorama.com\/?s={search_term_string}"},"query-input":{"@type":"PropertyValueSpecification","valueRequired":true,"valueName":"search_term_string"}}],"inLanguage":"es"},{"@type":"Organization","@id":"https:\/\/21panorama.com\/#organization","name":"21 Panorama","url":"https:\/\/21panorama.com\/","logo":{"@type":"ImageObject","inLanguage":"es","@id":"https:\/\/21panorama.com\/#\/schema\/logo\/image\/","url":"https:\/\/21panorama.com\/wp-content\/uploads\/2019\/07\/cropped-Logo-Panorama-01.jpeg","contentUrl":"https:\/\/21panorama.com\/wp-content\/uploads\/2019\/07\/cropped-Logo-Panorama-01.jpeg","width":290,"height":70,"caption":"21 Panorama"},"image":{"@id":"https:\/\/21panorama.com\/#\/schema\/logo\/image\/"}},{"@type":"Person","@id":"https:\/\/21panorama.com\/#\/schema\/person\/1afc291b96d5792a158768324287319f","name":"admin","image":{"@type":"ImageObject","inLanguage":"es","@id":"https:\/\/21panorama.com\/#\/schema\/person\/image\/","url":"https:\/\/secure.gravatar.com\/avatar\/ad365d9d9f46719215b0d042cc3df92a5a8683e09ef13d102233e5491985f0f0?s=96&d=mm&r=g","contentUrl":"https:\/\/secure.gravatar.com\/avatar\/ad365d9d9f46719215b0d042cc3df92a5a8683e09ef13d102233e5491985f0f0?s=96&d=mm&r=g","caption":"admin"},"url":"https:\/\/21panorama.com\/index.php\/author\/admin\/"}]}},"_links":{"self":[{"href":"https:\/\/21panorama.com\/index.php\/wp-json\/wp\/v2\/posts\/2431","targetHints":{"allow":["GET"]}}],"collection":[{"href":"https:\/\/21panorama.com\/index.php\/wp-json\/wp\/v2\/posts"}],"about":[{"href":"https:\/\/21panorama.com\/index.php\/wp-json\/wp\/v2\/types\/post"}],"author":[{"embeddable":true,"href":"https:\/\/21panorama.com\/index.php\/wp-json\/wp\/v2\/users\/1"}],"replies":[{"embeddable":true,"href":"https:\/\/21panorama.com\/index.php\/wp-json\/wp\/v2\/comments?post=2431"}],"version-history":[{"count":1,"href":"https:\/\/21panorama.com\/index.php\/wp-json\/wp\/v2\/posts\/2431\/revisions"}],"predecessor-version":[{"id":2433,"href":"https:\/\/21panorama.com\/index.php\/wp-json\/wp\/v2\/posts\/2431\/revisions\/2433"}],"wp:featuredmedia":[{"embeddable":true,"href":"https:\/\/21panorama.com\/index.php\/wp-json\/wp\/v2\/media\/2432"}],"wp:attachment":[{"href":"https:\/\/21panorama.com\/index.php\/wp-json\/wp\/v2\/media?parent=2431"}],"wp:term":[{"taxonomy":"category","embeddable":true,"href":"https:\/\/21panorama.com\/index.php\/wp-json\/wp\/v2\/categories?post=2431"},{"taxonomy":"post_tag","embeddable":true,"href":"https:\/\/21panorama.com\/index.php\/wp-json\/wp\/v2\/tags?post=2431"}],"curies":[{"name":"wp","href":"https:\/\/api.w.org\/{rel}","templated":true}]}}