{"id":2410,"date":"2021-11-21T09:40:00","date_gmt":"2021-11-21T15:40:00","guid":{"rendered":"https:\/\/21panorama.com\/?p=2410"},"modified":"2021-11-22T09:43:46","modified_gmt":"2021-11-22T15:43:46","slug":"uaem-y-pjedomex-unen-esfuerzos-a-favor-de-la-ninez-y-la-cultura-de-paz","status":"publish","type":"post","link":"https:\/\/21panorama.com\/index.php\/2021\/11\/21\/uaem-y-pjedomex-unen-esfuerzos-a-favor-de-la-ninez-y-la-cultura-de-paz\/","title":{"rendered":"UAEM y PJEdomex unen esfuerzos a favor de la ni\u00f1ez y la cultura de paz"},"content":{"rendered":"\n<p>Toluca, M\u00e9x; 21 de noviembre de 2021. El rector de la Universidad Aut\u00f3noma del Estado de M\u00e9xico (UAEM), Carlos Eduardo Barrera D\u00edaz, y el magistrado presidente del Poder Judicial del Estado de M\u00e9xico (PJEdomex), Ricardo Sodi Cuellar, anunciaron la puesta en marcha de dos c\u00e1tedras de investigaci\u00f3n sobre la infancia en los centros de reclusi\u00f3n y la promoci\u00f3n de la cultura de la paz y la legalidad.<br>En el marco de la firma del convenio marco de colaboraci\u00f3n entre la Aut\u00f3noma mexiquense y el Poder Judicial de la entidad, Barrera D\u00edaz y Sodi Cuellar precisaron que expertos de ambas instancias colaborar\u00e1n en trabajos de investigaci\u00f3n que trascender\u00e1n en beneficio de la sociedad.<br>En la Sesi\u00f3n Conjunta de los plenos del Tribunal Superior de Justicia y Consejo de la Judicatura del Estado de M\u00e9xico, donde estuvo acompa\u00f1ado de servidores universitarios, el rector sostuvo que con la firma de este instrumento de colaboraci\u00f3n se establecen los mecanismos de beneficio mutuo en materia de docencia, investigaci\u00f3n, cursos, peritajes, asesor\u00eda y apoyo t\u00e9cnico, con acciones acad\u00e9micas y cient\u00edficas encaminadas a cumplir la misi\u00f3n, visi\u00f3n y objetivos de cada instituci\u00f3n.<br>\u201cLo anterior significa un compromiso ineludible para vigorizar al estado y dar certidumbre a la sociedad y a la comunidad universitaria. La colaboraci\u00f3n entre servidores p\u00fablicos para cumplir con la misi\u00f3n asignada implica una obligaci\u00f3n \u00e9tica para nuestra universidad\u201d, dijo.<br>Sodi Cuellar puntualiz\u00f3 que un equipo de investigadores de ambas instancias, con apoyo de las secretar\u00edas de Seguridad y Salud de la entidad, trabajar\u00e1n en el dise\u00f1o de pol\u00edticas p\u00fablicas adecuadas con respecto a las ni\u00f1as y ni\u00f1os cuyos padres est\u00e1n en centros de reclusi\u00f3n, para que durante los primeros a\u00f1os de su vida, estos infantes puedan tener un desarrollo adecuado y ante cualquier circunstancia, se d\u00e9 prioridad al inter\u00e9s superior del menor.<br>Detall\u00f3 que la segunda c\u00e1tedra, con apoyo de la Secretar\u00eda de Educaci\u00f3n de la entidad, se refiere al tema de la cultura de la paz, para determinar la mejor forma de resolver los conflictos, \u201cde tal manera que hagamos de la justicia restaurativa la justicia m\u00e1s cercana a la gente, que promovamos entre la ciudadan\u00eda la mejor forma de resolver los conflictos, lo cual redundar\u00e1 en el restablecimiento del tejido social y en formar una mejor y m\u00e1s comprometida ciudadan\u00eda\u201d.<br>Al dar lectura a la exposici\u00f3n de motivos del instrumento signado, el magistrado y ex director de la Facultad de Derecho de la UAEM, V\u00edctor Manuel Vega G\u00f3mez, subray\u00f3 que este convenio marco coadyuvar\u00e1 al cumplimiento de tareas comunes como la investigaci\u00f3n compartida, la difusi\u00f3n y extensi\u00f3n, as\u00ed como la realizaci\u00f3n de actividades conjuntas encaminadas a la superaci\u00f3n acad\u00e9mica.<\/p>\n\n\n\n<figure class=\"wp-block-gallery columns-2 is-cropped wp-block-gallery-1 is-layout-flex wp-block-gallery-is-layout-flex\"><ul class=\"blocks-gallery-grid\"><li class=\"blocks-gallery-item\"><figure><img decoding=\"async\" width=\"960\" height=\"640\" src=\"https:\/\/21panorama.com\/wp-content\/uploads\/2021\/11\/9b325206-1c78-43f1-a42c-7fc220acc6b4.jpeg\" alt=\"\" data-id=\"2412\" data-link=\"https:\/\/21panorama.com\/?attachment_id=2412\" class=\"wp-image-2412\" srcset=\"https:\/\/21panorama.com\/wp-content\/uploads\/2021\/11\/9b325206-1c78-43f1-a42c-7fc220acc6b4.jpeg 960w, https:\/\/21panorama.com\/wp-content\/uploads\/2021\/11\/9b325206-1c78-43f1-a42c-7fc220acc6b4-300x200.jpeg 300w, https:\/\/21panorama.com\/wp-content\/uploads\/2021\/11\/9b325206-1c78-43f1-a42c-7fc220acc6b4-768x512.jpeg 768w\" sizes=\"(max-width: 960px) 100vw, 960px\" \/><\/figure><\/li><li class=\"blocks-gallery-item\"><figure><img decoding=\"async\" width=\"960\" height=\"567\" src=\"https:\/\/21panorama.com\/wp-content\/uploads\/2021\/11\/705c33b3-890c-4f94-bbf3-8f2a98fd32bc.jpeg\" alt=\"\" data-id=\"2413\" data-full-url=\"https:\/\/21panorama.com\/wp-content\/uploads\/2021\/11\/705c33b3-890c-4f94-bbf3-8f2a98fd32bc.jpeg\" data-link=\"https:\/\/21panorama.com\/?attachment_id=2413\" class=\"wp-image-2413\" srcset=\"https:\/\/21panorama.com\/wp-content\/uploads\/2021\/11\/705c33b3-890c-4f94-bbf3-8f2a98fd32bc.jpeg 960w, https:\/\/21panorama.com\/wp-content\/uploads\/2021\/11\/705c33b3-890c-4f94-bbf3-8f2a98fd32bc-300x177.jpeg 300w, https:\/\/21panorama.com\/wp-content\/uploads\/2021\/11\/705c33b3-890c-4f94-bbf3-8f2a98fd32bc-768x454.jpeg 768w\" sizes=\"(max-width: 960px) 100vw, 960px\" \/><\/figure><\/li><\/ul><\/figure>\n","protected":false},"excerpt":{"rendered":"<p>El rector de la Universidad Aut\u00f3noma del Estado de M\u00e9xico, Carlos Eduardo Barrera D\u00edaz, y el magistrado presidente del Poder Judicial del Estado de M\u00e9xico, Ricardo Sodi Cuellar, firmaron un convenio marco de colaboraci\u00f3n.<\/p>\n","protected":false},"author":1,"featured_media":2411,"comment_status":"open","ping_status":"open","sticky":false,"template":"","format":"standard","meta":{"footnotes":""},"categories":[1],"tags":[131],"class_list":["post-2410","post","type-post","status-publish","format-standard","has-post-thumbnail","hentry","category-sociedad","tag-uaem"],"yoast_head":"<!-- This site is optimized with the Yoast SEO plugin v24.9 - https:\/\/yoast.com\/wordpress\/plugins\/seo\/ -->\n<title>UAEM y PJEdomex unen esfuerzos a favor de la ni\u00f1ez y la cultura de paz - 21 Panorama<\/title>\n<meta name=\"robots\" content=\"index, follow, max-snippet:-1, max-image-preview:large, max-video-preview:-1\" \/>\n<link rel=\"canonical\" href=\"https:\/\/21panorama.com\/index.php\/2021\/11\/21\/uaem-y-pjedomex-unen-esfuerzos-a-favor-de-la-ninez-y-la-cultura-de-paz\/\" \/>\n<meta property=\"og:locale\" content=\"es_MX\" \/>\n<meta property=\"og:type\" content=\"article\" \/>\n<meta property=\"og:title\" content=\"UAEM y PJEdomex unen esfuerzos a favor de la ni\u00f1ez y la cultura de paz - 21 Panorama\" \/>\n<meta property=\"og:description\" content=\"El rector de la Universidad Aut\u00f3noma del Estado de M\u00e9xico, Carlos Eduardo Barrera D\u00edaz, y el magistrado presidente del Poder Judicial del Estado de M\u00e9xico, Ricardo Sodi Cuellar, firmaron un convenio marco de colaboraci\u00f3n.\" \/>\n<meta property=\"og:url\" content=\"https:\/\/21panorama.com\/index.php\/2021\/11\/21\/uaem-y-pjedomex-unen-esfuerzos-a-favor-de-la-ninez-y-la-cultura-de-paz\/\" \/>\n<meta property=\"og:site_name\" content=\"21 Panorama\" \/>\n<meta property=\"article:published_time\" content=\"2021-11-21T15:40:00+00:00\" \/>\n<meta property=\"article:modified_time\" content=\"2021-11-22T15:43:46+00:00\" \/>\n<meta property=\"og:image\" content=\"https:\/\/21panorama.com\/wp-content\/uploads\/2021\/11\/e6359cf1-fbbb-4b9b-a09f-f29c35472fdd.jpeg\" \/>\n\t<meta property=\"og:image:width\" content=\"960\" \/>\n\t<meta property=\"og:image:height\" content=\"640\" \/>\n\t<meta property=\"og:image:type\" content=\"image\/jpeg\" \/>\n<meta name=\"author\" content=\"admin\" \/>\n<meta name=\"twitter:card\" content=\"summary_large_image\" \/>\n<meta name=\"twitter:label1\" content=\"Escrito por\" \/>\n\t<meta name=\"twitter:data1\" content=\"admin\" \/>\n\t<meta name=\"twitter:label2\" content=\"Tiempo de lectura\" \/>\n\t<meta name=\"twitter:data2\" content=\"3 minutos\" \/>\n<script type=\"application\/ld+json\" class=\"yoast-schema-graph\">{\"@context\":\"https:\/\/schema.org\",\"@graph\":[{\"@type\":\"Article\",\"@id\":\"https:\/\/21panorama.com\/index.php\/2021\/11\/21\/uaem-y-pjedomex-unen-esfuerzos-a-favor-de-la-ninez-y-la-cultura-de-paz\/#article\",\"isPartOf\":{\"@id\":\"https:\/\/21panorama.com\/index.php\/2021\/11\/21\/uaem-y-pjedomex-unen-esfuerzos-a-favor-de-la-ninez-y-la-cultura-de-paz\/\"},\"author\":{\"name\":\"admin\",\"@id\":\"https:\/\/21panorama.com\/#\/schema\/person\/1afc291b96d5792a158768324287319f\"},\"headline\":\"UAEM y PJEdomex unen esfuerzos a favor de la ni\u00f1ez y la cultura de paz\",\"datePublished\":\"2021-11-21T15:40:00+00:00\",\"dateModified\":\"2021-11-22T15:43:46+00:00\",\"mainEntityOfPage\":{\"@id\":\"https:\/\/21panorama.com\/index.php\/2021\/11\/21\/uaem-y-pjedomex-unen-esfuerzos-a-favor-de-la-ninez-y-la-cultura-de-paz\/\"},\"wordCount\":509,\"commentCount\":0,\"publisher\":{\"@id\":\"https:\/\/21panorama.com\/#organization\"},\"image\":{\"@id\":\"https:\/\/21panorama.com\/index.php\/2021\/11\/21\/uaem-y-pjedomex-unen-esfuerzos-a-favor-de-la-ninez-y-la-cultura-de-paz\/#primaryimage\"},\"thumbnailUrl\":\"https:\/\/21panorama.com\/wp-content\/uploads\/2021\/11\/e6359cf1-fbbb-4b9b-a09f-f29c35472fdd.jpeg\",\"keywords\":[\"UAEM\"],\"articleSection\":[\"Sociedad\"],\"inLanguage\":\"es\",\"potentialAction\":[{\"@type\":\"CommentAction\",\"name\":\"Comment\",\"target\":[\"https:\/\/21panorama.com\/index.php\/2021\/11\/21\/uaem-y-pjedomex-unen-esfuerzos-a-favor-de-la-ninez-y-la-cultura-de-paz\/#respond\"]}]},{\"@type\":\"WebPage\",\"@id\":\"https:\/\/21panorama.com\/index.php\/2021\/11\/21\/uaem-y-pjedomex-unen-esfuerzos-a-favor-de-la-ninez-y-la-cultura-de-paz\/\",\"url\":\"https:\/\/21panorama.com\/index.php\/2021\/11\/21\/uaem-y-pjedomex-unen-esfuerzos-a-favor-de-la-ninez-y-la-cultura-de-paz\/\",\"name\":\"UAEM y PJEdomex unen esfuerzos a favor de la ni\u00f1ez y la cultura de paz - 21 Panorama\",\"isPartOf\":{\"@id\":\"https:\/\/21panorama.com\/#website\"},\"primaryImageOfPage\":{\"@id\":\"https:\/\/21panorama.com\/index.php\/2021\/11\/21\/uaem-y-pjedomex-unen-esfuerzos-a-favor-de-la-ninez-y-la-cultura-de-paz\/#primaryimage\"},\"image\":{\"@id\":\"https:\/\/21panorama.com\/index.php\/2021\/11\/21\/uaem-y-pjedomex-unen-esfuerzos-a-favor-de-la-ninez-y-la-cultura-de-paz\/#primaryimage\"},\"thumbnailUrl\":\"https:\/\/21panorama.com\/wp-content\/uploads\/2021\/11\/e6359cf1-fbbb-4b9b-a09f-f29c35472fdd.jpeg\",\"datePublished\":\"2021-11-21T15:40:00+00:00\",\"dateModified\":\"2021-11-22T15:43:46+00:00\",\"breadcrumb\":{\"@id\":\"https:\/\/21panorama.com\/index.php\/2021\/11\/21\/uaem-y-pjedomex-unen-esfuerzos-a-favor-de-la-ninez-y-la-cultura-de-paz\/#breadcrumb\"},\"inLanguage\":\"es\",\"potentialAction\":[{\"@type\":\"ReadAction\",\"target\":[\"https:\/\/21panorama.com\/index.php\/2021\/11\/21\/uaem-y-pjedomex-unen-esfuerzos-a-favor-de-la-ninez-y-la-cultura-de-paz\/\"]}]},{\"@type\":\"ImageObject\",\"inLanguage\":\"es\",\"@id\":\"https:\/\/21panorama.com\/index.php\/2021\/11\/21\/uaem-y-pjedomex-unen-esfuerzos-a-favor-de-la-ninez-y-la-cultura-de-paz\/#primaryimage\",\"url\":\"https:\/\/21panorama.com\/wp-content\/uploads\/2021\/11\/e6359cf1-fbbb-4b9b-a09f-f29c35472fdd.jpeg\",\"contentUrl\":\"https:\/\/21panorama.com\/wp-content\/uploads\/2021\/11\/e6359cf1-fbbb-4b9b-a09f-f29c35472fdd.jpeg\",\"width\":960,\"height\":640},{\"@type\":\"BreadcrumbList\",\"@id\":\"https:\/\/21panorama.com\/index.php\/2021\/11\/21\/uaem-y-pjedomex-unen-esfuerzos-a-favor-de-la-ninez-y-la-cultura-de-paz\/#breadcrumb\",\"itemListElement\":[{\"@type\":\"ListItem\",\"position\":1,\"name\":\"Inicio\",\"item\":\"https:\/\/21panorama.com\/\"},{\"@type\":\"ListItem\",\"position\":2,\"name\":\"UAEM y PJEdomex unen esfuerzos a favor de la ni\u00f1ez y la cultura de paz\"}]},{\"@type\":\"WebSite\",\"@id\":\"https:\/\/21panorama.com\/#website\",\"url\":\"https:\/\/21panorama.com\/\",\"name\":\"21 Panorama\",\"description\":\"La construcci\u00f3n de la opini\u00f3n p\u00fablica merece un mejor Panorama en este siglo 21 para alcanzar una sociedad con mayor transparencia y sin corrupci\u00f3n.\",\"publisher\":{\"@id\":\"https:\/\/21panorama.com\/#organization\"},\"potentialAction\":[{\"@type\":\"SearchAction\",\"target\":{\"@type\":\"EntryPoint\",\"urlTemplate\":\"https:\/\/21panorama.com\/?s={search_term_string}\"},\"query-input\":{\"@type\":\"PropertyValueSpecification\",\"valueRequired\":true,\"valueName\":\"search_term_string\"}}],\"inLanguage\":\"es\"},{\"@type\":\"Organization\",\"@id\":\"https:\/\/21panorama.com\/#organization\",\"name\":\"21 Panorama\",\"url\":\"https:\/\/21panorama.com\/\",\"logo\":{\"@type\":\"ImageObject\",\"inLanguage\":\"es\",\"@id\":\"https:\/\/21panorama.com\/#\/schema\/logo\/image\/\",\"url\":\"https:\/\/21panorama.com\/wp-content\/uploads\/2019\/07\/cropped-Logo-Panorama-01.jpeg\",\"contentUrl\":\"https:\/\/21panorama.com\/wp-content\/uploads\/2019\/07\/cropped-Logo-Panorama-01.jpeg\",\"width\":290,\"height\":70,\"caption\":\"21 Panorama\"},\"image\":{\"@id\":\"https:\/\/21panorama.com\/#\/schema\/logo\/image\/\"}},{\"@type\":\"Person\",\"@id\":\"https:\/\/21panorama.com\/#\/schema\/person\/1afc291b96d5792a158768324287319f\",\"name\":\"admin\",\"image\":{\"@type\":\"ImageObject\",\"inLanguage\":\"es\",\"@id\":\"https:\/\/21panorama.com\/#\/schema\/person\/image\/\",\"url\":\"https:\/\/secure.gravatar.com\/avatar\/ad365d9d9f46719215b0d042cc3df92a5a8683e09ef13d102233e5491985f0f0?s=96&d=mm&r=g\",\"contentUrl\":\"https:\/\/secure.gravatar.com\/avatar\/ad365d9d9f46719215b0d042cc3df92a5a8683e09ef13d102233e5491985f0f0?s=96&d=mm&r=g\",\"caption\":\"admin\"},\"url\":\"https:\/\/21panorama.com\/index.php\/author\/admin\/\"}]}<\/script>\n<!-- \/ Yoast SEO plugin. -->","yoast_head_json":{"title":"UAEM y PJEdomex unen esfuerzos a favor de la ni\u00f1ez y la cultura de paz - 21 Panorama","robots":{"index":"index","follow":"follow","max-snippet":"max-snippet:-1","max-image-preview":"max-image-preview:large","max-video-preview":"max-video-preview:-1"},"canonical":"https:\/\/21panorama.com\/index.php\/2021\/11\/21\/uaem-y-pjedomex-unen-esfuerzos-a-favor-de-la-ninez-y-la-cultura-de-paz\/","og_locale":"es_MX","og_type":"article","og_title":"UAEM y PJEdomex unen esfuerzos a favor de la ni\u00f1ez y la cultura de paz - 21 Panorama","og_description":"El rector de la Universidad Aut\u00f3noma del Estado de M\u00e9xico, Carlos Eduardo Barrera D\u00edaz, y el magistrado presidente del Poder Judicial del Estado de M\u00e9xico, Ricardo Sodi Cuellar, firmaron un convenio marco de colaboraci\u00f3n.","og_url":"https:\/\/21panorama.com\/index.php\/2021\/11\/21\/uaem-y-pjedomex-unen-esfuerzos-a-favor-de-la-ninez-y-la-cultura-de-paz\/","og_site_name":"21 Panorama","article_published_time":"2021-11-21T15:40:00+00:00","article_modified_time":"2021-11-22T15:43:46+00:00","og_image":[{"width":960,"height":640,"url":"https:\/\/21panorama.com\/wp-content\/uploads\/2021\/11\/e6359cf1-fbbb-4b9b-a09f-f29c35472fdd.jpeg","type":"image\/jpeg"}],"author":"admin","twitter_card":"summary_large_image","twitter_misc":{"Escrito por":"admin","Tiempo de lectura":"3 minutos"},"schema":{"@context":"https:\/\/schema.org","@graph":[{"@type":"Article","@id":"https:\/\/21panorama.com\/index.php\/2021\/11\/21\/uaem-y-pjedomex-unen-esfuerzos-a-favor-de-la-ninez-y-la-cultura-de-paz\/#article","isPartOf":{"@id":"https:\/\/21panorama.com\/index.php\/2021\/11\/21\/uaem-y-pjedomex-unen-esfuerzos-a-favor-de-la-ninez-y-la-cultura-de-paz\/"},"author":{"name":"admin","@id":"https:\/\/21panorama.com\/#\/schema\/person\/1afc291b96d5792a158768324287319f"},"headline":"UAEM y PJEdomex unen esfuerzos a favor de la ni\u00f1ez y la cultura de paz","datePublished":"2021-11-21T15:40:00+00:00","dateModified":"2021-11-22T15:43:46+00:00","mainEntityOfPage":{"@id":"https:\/\/21panorama.com\/index.php\/2021\/11\/21\/uaem-y-pjedomex-unen-esfuerzos-a-favor-de-la-ninez-y-la-cultura-de-paz\/"},"wordCount":509,"commentCount":0,"publisher":{"@id":"https:\/\/21panorama.com\/#organization"},"image":{"@id":"https:\/\/21panorama.com\/index.php\/2021\/11\/21\/uaem-y-pjedomex-unen-esfuerzos-a-favor-de-la-ninez-y-la-cultura-de-paz\/#primaryimage"},"thumbnailUrl":"https:\/\/21panorama.com\/wp-content\/uploads\/2021\/11\/e6359cf1-fbbb-4b9b-a09f-f29c35472fdd.jpeg","keywords":["UAEM"],"articleSection":["Sociedad"],"inLanguage":"es","potentialAction":[{"@type":"CommentAction","name":"Comment","target":["https:\/\/21panorama.com\/index.php\/2021\/11\/21\/uaem-y-pjedomex-unen-esfuerzos-a-favor-de-la-ninez-y-la-cultura-de-paz\/#respond"]}]},{"@type":"WebPage","@id":"https:\/\/21panorama.com\/index.php\/2021\/11\/21\/uaem-y-pjedomex-unen-esfuerzos-a-favor-de-la-ninez-y-la-cultura-de-paz\/","url":"https:\/\/21panorama.com\/index.php\/2021\/11\/21\/uaem-y-pjedomex-unen-esfuerzos-a-favor-de-la-ninez-y-la-cultura-de-paz\/","name":"UAEM y PJEdomex unen esfuerzos a favor de la ni\u00f1ez y la cultura de paz - 21 Panorama","isPartOf":{"@id":"https:\/\/21panorama.com\/#website"},"primaryImageOfPage":{"@id":"https:\/\/21panorama.com\/index.php\/2021\/11\/21\/uaem-y-pjedomex-unen-esfuerzos-a-favor-de-la-ninez-y-la-cultura-de-paz\/#primaryimage"},"image":{"@id":"https:\/\/21panorama.com\/index.php\/2021\/11\/21\/uaem-y-pjedomex-unen-esfuerzos-a-favor-de-la-ninez-y-la-cultura-de-paz\/#primaryimage"},"thumbnailUrl":"https:\/\/21panorama.com\/wp-content\/uploads\/2021\/11\/e6359cf1-fbbb-4b9b-a09f-f29c35472fdd.jpeg","datePublished":"2021-11-21T15:40:00+00:00","dateModified":"2021-11-22T15:43:46+00:00","breadcrumb":{"@id":"https:\/\/21panorama.com\/index.php\/2021\/11\/21\/uaem-y-pjedomex-unen-esfuerzos-a-favor-de-la-ninez-y-la-cultura-de-paz\/#breadcrumb"},"inLanguage":"es","potentialAction":[{"@type":"ReadAction","target":["https:\/\/21panorama.com\/index.php\/2021\/11\/21\/uaem-y-pjedomex-unen-esfuerzos-a-favor-de-la-ninez-y-la-cultura-de-paz\/"]}]},{"@type":"ImageObject","inLanguage":"es","@id":"https:\/\/21panorama.com\/index.php\/2021\/11\/21\/uaem-y-pjedomex-unen-esfuerzos-a-favor-de-la-ninez-y-la-cultura-de-paz\/#primaryimage","url":"https:\/\/21panorama.com\/wp-content\/uploads\/2021\/11\/e6359cf1-fbbb-4b9b-a09f-f29c35472fdd.jpeg","contentUrl":"https:\/\/21panorama.com\/wp-content\/uploads\/2021\/11\/e6359cf1-fbbb-4b9b-a09f-f29c35472fdd.jpeg","width":960,"height":640},{"@type":"BreadcrumbList","@id":"https:\/\/21panorama.com\/index.php\/2021\/11\/21\/uaem-y-pjedomex-unen-esfuerzos-a-favor-de-la-ninez-y-la-cultura-de-paz\/#breadcrumb","itemListElement":[{"@type":"ListItem","position":1,"name":"Inicio","item":"https:\/\/21panorama.com\/"},{"@type":"ListItem","position":2,"name":"UAEM y PJEdomex unen esfuerzos a favor de la ni\u00f1ez y la cultura de paz"}]},{"@type":"WebSite","@id":"https:\/\/21panorama.com\/#website","url":"https:\/\/21panorama.com\/","name":"21 Panorama","description":"La construcci\u00f3n de la opini\u00f3n p\u00fablica merece un mejor Panorama en este siglo 21 para alcanzar una sociedad con mayor transparencia y sin corrupci\u00f3n.","publisher":{"@id":"https:\/\/21panorama.com\/#organization"},"potentialAction":[{"@type":"SearchAction","target":{"@type":"EntryPoint","urlTemplate":"https:\/\/21panorama.com\/?s={search_term_string}"},"query-input":{"@type":"PropertyValueSpecification","valueRequired":true,"valueName":"search_term_string"}}],"inLanguage":"es"},{"@type":"Organization","@id":"https:\/\/21panorama.com\/#organization","name":"21 Panorama","url":"https:\/\/21panorama.com\/","logo":{"@type":"ImageObject","inLanguage":"es","@id":"https:\/\/21panorama.com\/#\/schema\/logo\/image\/","url":"https:\/\/21panorama.com\/wp-content\/uploads\/2019\/07\/cropped-Logo-Panorama-01.jpeg","contentUrl":"https:\/\/21panorama.com\/wp-content\/uploads\/2019\/07\/cropped-Logo-Panorama-01.jpeg","width":290,"height":70,"caption":"21 Panorama"},"image":{"@id":"https:\/\/21panorama.com\/#\/schema\/logo\/image\/"}},{"@type":"Person","@id":"https:\/\/21panorama.com\/#\/schema\/person\/1afc291b96d5792a158768324287319f","name":"admin","image":{"@type":"ImageObject","inLanguage":"es","@id":"https:\/\/21panorama.com\/#\/schema\/person\/image\/","url":"https:\/\/secure.gravatar.com\/avatar\/ad365d9d9f46719215b0d042cc3df92a5a8683e09ef13d102233e5491985f0f0?s=96&d=mm&r=g","contentUrl":"https:\/\/secure.gravatar.com\/avatar\/ad365d9d9f46719215b0d042cc3df92a5a8683e09ef13d102233e5491985f0f0?s=96&d=mm&r=g","caption":"admin"},"url":"https:\/\/21panorama.com\/index.php\/author\/admin\/"}]}},"_links":{"self":[{"href":"https:\/\/21panorama.com\/index.php\/wp-json\/wp\/v2\/posts\/2410","targetHints":{"allow":["GET"]}}],"collection":[{"href":"https:\/\/21panorama.com\/index.php\/wp-json\/wp\/v2\/posts"}],"about":[{"href":"https:\/\/21panorama.com\/index.php\/wp-json\/wp\/v2\/types\/post"}],"author":[{"embeddable":true,"href":"https:\/\/21panorama.com\/index.php\/wp-json\/wp\/v2\/users\/1"}],"replies":[{"embeddable":true,"href":"https:\/\/21panorama.com\/index.php\/wp-json\/wp\/v2\/comments?post=2410"}],"version-history":[{"count":1,"href":"https:\/\/21panorama.com\/index.php\/wp-json\/wp\/v2\/posts\/2410\/revisions"}],"predecessor-version":[{"id":2414,"href":"https:\/\/21panorama.com\/index.php\/wp-json\/wp\/v2\/posts\/2410\/revisions\/2414"}],"wp:featuredmedia":[{"embeddable":true,"href":"https:\/\/21panorama.com\/index.php\/wp-json\/wp\/v2\/media\/2411"}],"wp:attachment":[{"href":"https:\/\/21panorama.com\/index.php\/wp-json\/wp\/v2\/media?parent=2410"}],"wp:term":[{"taxonomy":"category","embeddable":true,"href":"https:\/\/21panorama.com\/index.php\/wp-json\/wp\/v2\/categories?post=2410"},{"taxonomy":"post_tag","embeddable":true,"href":"https:\/\/21panorama.com\/index.php\/wp-json\/wp\/v2\/tags?post=2410"}],"curies":[{"name":"wp","href":"https:\/\/api.w.org\/{rel}","templated":true}]}}