{"id":2405,"date":"2021-11-18T09:33:00","date_gmt":"2021-11-18T15:33:00","guid":{"rendered":"https:\/\/21panorama.com\/?p=2405"},"modified":"2021-11-22T09:39:18","modified_gmt":"2021-11-22T15:39:18","slug":"promueven-diputados-del-pri-cocina-tradicional-como-patrimonio-cultural-inmaterial-del-estado-de-mexico","status":"publish","type":"post","link":"https:\/\/21panorama.com\/index.php\/2021\/11\/18\/promueven-diputados-del-pri-cocina-tradicional-como-patrimonio-cultural-inmaterial-del-estado-de-mexico\/","title":{"rendered":"PROMUEVEN DIPUTADOS DEL PRI COCINA TRADICIONAL COMO PATRIMONIO CULTURAL INMATERIAL DEL ESTADO DE M\u00c9XICO"},"content":{"rendered":"\n<p>Toluca, Estado de M\u00e9xico, 18 de noviembre de 2021.- Para reconocer el papel que la cocina tradicional mexiquense tiene en el sentido de identidad y pertenencia, as\u00ed como para impulsar su investigaci\u00f3n, rescate, preservaci\u00f3n, promoci\u00f3n y fomento como uno de los legados culturales m\u00e1s importantes, el Grupo Parlamentario del PRI en la LXI legislatura present\u00f3 una iniciativa para declarar esta expresi\u00f3n como Patrimonio Cultural Inmaterial del Estado de M\u00e9xico e instituir el d\u00eda 17 de noviembre de cada a\u00f1o como el \u201cD\u00eda de la Cocina Tradicional Mexiquense\u201d.<\/p>\n\n\n\n<p>Durante la Sesi\u00f3n deliberante de la LXI legislatura, los diputados del Partido Revolucionario Institucional, coordinados por El\u00edas Rescala, presentaron tambi\u00e9n, en voz de la diputada Karla Aguilar, un proyecto acuerdo para exhortar a la PROFEPA y a Probosque, a realizar acciones operativas y preventivas permanentes en los municipios de la entidad m\u00e1s afectados por la tala clandestina, mientras que a trav\u00e9s del diputado Jes\u00fas Izquierdo, emitieron un pronunciamiento con Motivo del d\u00eda Internacional del Hombre.<\/p>\n\n\n\n<p>Al presentar la primera iniciativa, la diputada local, Leticia Mej\u00eda, record\u00f3 que la cocina tradicional forma parte de las expresiones culturales que se mantienen vivas en los pueblos ind\u00edgenas originarios de la entidad, y son parte fundamental de la riqueza y el legado que caracteriza al Estado de M\u00e9xico.<\/p>\n\n\n\n<p>Se\u00f1al\u00f3 que la cocina mexiquense cuenta con un importante acervo de conocimientos y t\u00e9cnicas que se transmiten de generaci\u00f3n en generaci\u00f3n, y que dan sentido de identidad y pertenencia en las comunidades en las que se mantienen presentes y que hacen de la cocina mazahua, otom\u00ed, nahua, matlatzinca y tlahuica, un legado vivo que sigue trascendiendo en el tiempo.<\/p>\n\n\n\n<p>Por ello, se\u00f1al\u00f3 que esta iniciativa, busca fortalecer la responsabilidad de las autoridades para garantizar la salvaguarda de las pr\u00e1cticas culturales, por lo que se plantea que el Ejecutivo del Estado, a trav\u00e9s de la Secretar\u00eda de Cultura y Turismo disponga medidas pertinentes y oportunas para la ejecuci\u00f3n de pol\u00edticas, programas y acciones necesarios para la investigaci\u00f3n, rescate, preservaci\u00f3n, promoci\u00f3n y fomento en los diversos aspectos que comprende la Cocina Tradicional Mexiquense.<\/p>\n\n\n\n<p>Adem\u00e1s, en dicha iniciativa se propone se\u00f1alar que el Consejo Estatal para el Desarrollo Integral de los Pueblos Ind\u00edgenas del Estado de M\u00e9xico, en ejercicio de sus atribuciones propicie el fortalecimiento, difusi\u00f3n, revaloraci\u00f3n y reposicionamiento de esta pr\u00e1ctica, y declarar el d\u00eda 17 de noviembre de cada a\u00f1o, como el \u201cD\u00eda de la Cocina Tradicional Mexiquense.\u201d<\/p>\n\n\n\n<p>Por su parte, la diputada Karla Aguilar, present\u00f3 un punto de acuerdo para exhortar a las personas titulares de la Procuradur\u00eda Federal de Protecci\u00f3n al Ambiente y de la Protectora de Bosques del Estado de M\u00e9xico, para que, en coordinaci\u00f3n con las autoridades municipales realicen acciones permanentes en los municipios de la entidad m\u00e1s afectados por la tala clandestina para combatir, especialmente, el traslado clandestino de recursos maderables en las v\u00edas de acceso aleda\u00f1as a las zonas forestales en riesgo.<\/p>\n\n\n\n<p>La diputada record\u00f3 que el Estado de M\u00e9xico cuenta actualmente con una superficie forestal de 10 mil 653 kil\u00f3metros cuadrados, que equivalen a pr\u00e1cticamente la mitad del territorio estatal, pero tambi\u00e9n enfrenta un peligro debido a la tala inmoderada y clandestina presente en los principales bosques mexiquenses.<\/p>\n\n\n\n<p>Reconoci\u00f3 el esfuerzo y compromiso que desde el gobierno del Estado de M\u00e9xico se han dado para combatir y prevenir este delito, y por las acciones que ha llevado a cabo para el cuidado de los recursos naturales en el territorio estatal, mismas que han ido arrojando resultados, y que deben de fortalecerse sobre todo en aquellas zonas cr\u00edticas que comprenden 19 municipios en las regiones de la zona del Nevado de Toluca, la Izta-Popo, la de Cubio-Cruces, la de la Subcuenca Valle de Bravo y la zona de la Reserva de la Bi\u00f3sfera de la Mariposa Monarca.<\/p>\n\n\n\n<p>Finalmente, el diputado Jes\u00fas Izquierdo emiti\u00f3 un pronunciamiento con motivo del D\u00eda Internacional del Hombre, que, desde el a\u00f1o de 1999, se conmemora el d\u00eda 19 de noviembre, en la que destac\u00f3 el papel que los hombres tienen en la sociedad, bajo los nuevos esquemas de roles masculinos y la importancia de combatir el machismo, as\u00ed como impulsar el fomento a una cultura de prevenci\u00f3n en la salud f\u00edsica y mental.<\/p>\n\n\n\n<p>En el Grupo Parlamentario del Partido Revolucionario Institucional estamos convencidos de la necesidad de invitar en el marco de esta celebraci\u00f3n internacional, a todos los hombres a conocer y practicar las nuevas masculinidades, como una acci\u00f3n integral para combatir la violencia y promover la igualdad de g\u00e9nero.<\/p>\n\n\n\n<figure class=\"wp-block-gallery columns-2 is-cropped wp-block-gallery-1 is-layout-flex wp-block-gallery-is-layout-flex\"><ul class=\"blocks-gallery-grid\"><li class=\"blocks-gallery-item\"><figure><img decoding=\"async\" width=\"1024\" height=\"682\" src=\"https:\/\/21panorama.com\/wp-content\/uploads\/2021\/11\/02496d75-ec17-4864-b1ae-6fca2fda5619-1024x682.jpeg\" alt=\"\" data-id=\"2407\" data-link=\"https:\/\/21panorama.com\/?attachment_id=2407\" class=\"wp-image-2407\" srcset=\"https:\/\/21panorama.com\/wp-content\/uploads\/2021\/11\/02496d75-ec17-4864-b1ae-6fca2fda5619-1024x682.jpeg 1024w, https:\/\/21panorama.com\/wp-content\/uploads\/2021\/11\/02496d75-ec17-4864-b1ae-6fca2fda5619-300x200.jpeg 300w, https:\/\/21panorama.com\/wp-content\/uploads\/2021\/11\/02496d75-ec17-4864-b1ae-6fca2fda5619-768x512.jpeg 768w, https:\/\/21panorama.com\/wp-content\/uploads\/2021\/11\/02496d75-ec17-4864-b1ae-6fca2fda5619.jpeg 1280w\" sizes=\"(max-width: 1024px) 100vw, 1024px\" \/><\/figure><\/li><li class=\"blocks-gallery-item\"><figure><img decoding=\"async\" width=\"1024\" height=\"682\" src=\"https:\/\/21panorama.com\/wp-content\/uploads\/2021\/11\/93731fb5-42c9-4f39-8326-4c8682e9ff8a-1024x682.jpeg\" alt=\"\" data-id=\"2408\" data-full-url=\"https:\/\/21panorama.com\/wp-content\/uploads\/2021\/11\/93731fb5-42c9-4f39-8326-4c8682e9ff8a.jpeg\" data-link=\"https:\/\/21panorama.com\/?attachment_id=2408\" class=\"wp-image-2408\" srcset=\"https:\/\/21panorama.com\/wp-content\/uploads\/2021\/11\/93731fb5-42c9-4f39-8326-4c8682e9ff8a-1024x682.jpeg 1024w, https:\/\/21panorama.com\/wp-content\/uploads\/2021\/11\/93731fb5-42c9-4f39-8326-4c8682e9ff8a-300x200.jpeg 300w, https:\/\/21panorama.com\/wp-content\/uploads\/2021\/11\/93731fb5-42c9-4f39-8326-4c8682e9ff8a-768x512.jpeg 768w, https:\/\/21panorama.com\/wp-content\/uploads\/2021\/11\/93731fb5-42c9-4f39-8326-4c8682e9ff8a.jpeg 1280w\" sizes=\"(max-width: 1024px) 100vw, 1024px\" \/><\/figure><\/li><\/ul><\/figure>\n","protected":false},"excerpt":{"rendered":"<p>Tambi\u00e9n, se present\u00f3 un punto de acuerdo para fortalecer acciones que eviten y combatan la tala clandestina en los bosques mexiquenses y un pronunciamiento para impulsar la pr\u00e1ctica de las nuevas masculinidades, como una acci\u00f3n para combatir la violencia de g\u00e9nero en todas sus dimensiones. <\/p>\n","protected":false},"author":1,"featured_media":2406,"comment_status":"open","ping_status":"open","sticky":false,"template":"","format":"standard","meta":{"footnotes":""},"categories":[1],"tags":[219],"class_list":["post-2405","post","type-post","status-publish","format-standard","has-post-thumbnail","hentry","category-sociedad","tag-cocina"],"yoast_head":"<!-- This site is optimized with the Yoast SEO plugin v24.9 - https:\/\/yoast.com\/wordpress\/plugins\/seo\/ -->\n<title>PROMUEVEN DIPUTADOS DEL PRI COCINA TRADICIONAL COMO PATRIMONIO CULTURAL INMATERIAL DEL ESTADO DE M\u00c9XICO - 21 Panorama<\/title>\n<meta name=\"robots\" content=\"index, follow, max-snippet:-1, max-image-preview:large, max-video-preview:-1\" \/>\n<link rel=\"canonical\" href=\"https:\/\/21panorama.com\/index.php\/2021\/11\/18\/promueven-diputados-del-pri-cocina-tradicional-como-patrimonio-cultural-inmaterial-del-estado-de-mexico\/\" \/>\n<meta property=\"og:locale\" content=\"es_MX\" \/>\n<meta property=\"og:type\" content=\"article\" \/>\n<meta property=\"og:title\" content=\"PROMUEVEN DIPUTADOS DEL PRI COCINA TRADICIONAL COMO PATRIMONIO CULTURAL INMATERIAL DEL ESTADO DE M\u00c9XICO - 21 Panorama\" \/>\n<meta property=\"og:description\" content=\"Tambi\u00e9n, se present\u00f3 un punto de acuerdo para fortalecer acciones que eviten y combatan la tala clandestina en los bosques mexiquenses y un pronunciamiento para impulsar la pr\u00e1ctica de las nuevas masculinidades, como una acci\u00f3n para combatir la violencia de g\u00e9nero en todas sus dimensiones.\" \/>\n<meta property=\"og:url\" content=\"https:\/\/21panorama.com\/index.php\/2021\/11\/18\/promueven-diputados-del-pri-cocina-tradicional-como-patrimonio-cultural-inmaterial-del-estado-de-mexico\/\" \/>\n<meta property=\"og:site_name\" content=\"21 Panorama\" \/>\n<meta property=\"article:published_time\" content=\"2021-11-18T15:33:00+00:00\" \/>\n<meta property=\"article:modified_time\" content=\"2021-11-22T15:39:18+00:00\" \/>\n<meta property=\"og:image\" content=\"https:\/\/21panorama.com\/wp-content\/uploads\/2021\/11\/6286b2f6-26b2-4a1f-aace-246b363019d0.jpeg\" \/>\n\t<meta property=\"og:image:width\" content=\"1280\" \/>\n\t<meta property=\"og:image:height\" content=\"853\" \/>\n\t<meta property=\"og:image:type\" content=\"image\/jpeg\" \/>\n<meta name=\"author\" content=\"admin\" \/>\n<meta name=\"twitter:card\" content=\"summary_large_image\" \/>\n<meta name=\"twitter:label1\" content=\"Escrito por\" \/>\n\t<meta name=\"twitter:data1\" content=\"admin\" \/>\n\t<meta name=\"twitter:label2\" content=\"Tiempo de lectura\" \/>\n\t<meta name=\"twitter:data2\" content=\"4 minutos\" \/>\n<script type=\"application\/ld+json\" class=\"yoast-schema-graph\">{\"@context\":\"https:\/\/schema.org\",\"@graph\":[{\"@type\":\"Article\",\"@id\":\"https:\/\/21panorama.com\/index.php\/2021\/11\/18\/promueven-diputados-del-pri-cocina-tradicional-como-patrimonio-cultural-inmaterial-del-estado-de-mexico\/#article\",\"isPartOf\":{\"@id\":\"https:\/\/21panorama.com\/index.php\/2021\/11\/18\/promueven-diputados-del-pri-cocina-tradicional-como-patrimonio-cultural-inmaterial-del-estado-de-mexico\/\"},\"author\":{\"name\":\"admin\",\"@id\":\"https:\/\/21panorama.com\/#\/schema\/person\/1afc291b96d5792a158768324287319f\"},\"headline\":\"PROMUEVEN DIPUTADOS DEL PRI COCINA TRADICIONAL COMO PATRIMONIO CULTURAL INMATERIAL DEL ESTADO DE M\u00c9XICO\",\"datePublished\":\"2021-11-18T15:33:00+00:00\",\"dateModified\":\"2021-11-22T15:39:18+00:00\",\"mainEntityOfPage\":{\"@id\":\"https:\/\/21panorama.com\/index.php\/2021\/11\/18\/promueven-diputados-del-pri-cocina-tradicional-como-patrimonio-cultural-inmaterial-del-estado-de-mexico\/\"},\"wordCount\":814,\"commentCount\":0,\"publisher\":{\"@id\":\"https:\/\/21panorama.com\/#organization\"},\"image\":{\"@id\":\"https:\/\/21panorama.com\/index.php\/2021\/11\/18\/promueven-diputados-del-pri-cocina-tradicional-como-patrimonio-cultural-inmaterial-del-estado-de-mexico\/#primaryimage\"},\"thumbnailUrl\":\"https:\/\/21panorama.com\/wp-content\/uploads\/2021\/11\/6286b2f6-26b2-4a1f-aace-246b363019d0.jpeg\",\"keywords\":[\"COCINA\"],\"articleSection\":[\"Sociedad\"],\"inLanguage\":\"es\",\"potentialAction\":[{\"@type\":\"CommentAction\",\"name\":\"Comment\",\"target\":[\"https:\/\/21panorama.com\/index.php\/2021\/11\/18\/promueven-diputados-del-pri-cocina-tradicional-como-patrimonio-cultural-inmaterial-del-estado-de-mexico\/#respond\"]}]},{\"@type\":\"WebPage\",\"@id\":\"https:\/\/21panorama.com\/index.php\/2021\/11\/18\/promueven-diputados-del-pri-cocina-tradicional-como-patrimonio-cultural-inmaterial-del-estado-de-mexico\/\",\"url\":\"https:\/\/21panorama.com\/index.php\/2021\/11\/18\/promueven-diputados-del-pri-cocina-tradicional-como-patrimonio-cultural-inmaterial-del-estado-de-mexico\/\",\"name\":\"PROMUEVEN DIPUTADOS DEL PRI COCINA TRADICIONAL COMO PATRIMONIO CULTURAL INMATERIAL DEL ESTADO DE M\u00c9XICO - 21 Panorama\",\"isPartOf\":{\"@id\":\"https:\/\/21panorama.com\/#website\"},\"primaryImageOfPage\":{\"@id\":\"https:\/\/21panorama.com\/index.php\/2021\/11\/18\/promueven-diputados-del-pri-cocina-tradicional-como-patrimonio-cultural-inmaterial-del-estado-de-mexico\/#primaryimage\"},\"image\":{\"@id\":\"https:\/\/21panorama.com\/index.php\/2021\/11\/18\/promueven-diputados-del-pri-cocina-tradicional-como-patrimonio-cultural-inmaterial-del-estado-de-mexico\/#primaryimage\"},\"thumbnailUrl\":\"https:\/\/21panorama.com\/wp-content\/uploads\/2021\/11\/6286b2f6-26b2-4a1f-aace-246b363019d0.jpeg\",\"datePublished\":\"2021-11-18T15:33:00+00:00\",\"dateModified\":\"2021-11-22T15:39:18+00:00\",\"breadcrumb\":{\"@id\":\"https:\/\/21panorama.com\/index.php\/2021\/11\/18\/promueven-diputados-del-pri-cocina-tradicional-como-patrimonio-cultural-inmaterial-del-estado-de-mexico\/#breadcrumb\"},\"inLanguage\":\"es\",\"potentialAction\":[{\"@type\":\"ReadAction\",\"target\":[\"https:\/\/21panorama.com\/index.php\/2021\/11\/18\/promueven-diputados-del-pri-cocina-tradicional-como-patrimonio-cultural-inmaterial-del-estado-de-mexico\/\"]}]},{\"@type\":\"ImageObject\",\"inLanguage\":\"es\",\"@id\":\"https:\/\/21panorama.com\/index.php\/2021\/11\/18\/promueven-diputados-del-pri-cocina-tradicional-como-patrimonio-cultural-inmaterial-del-estado-de-mexico\/#primaryimage\",\"url\":\"https:\/\/21panorama.com\/wp-content\/uploads\/2021\/11\/6286b2f6-26b2-4a1f-aace-246b363019d0.jpeg\",\"contentUrl\":\"https:\/\/21panorama.com\/wp-content\/uploads\/2021\/11\/6286b2f6-26b2-4a1f-aace-246b363019d0.jpeg\",\"width\":1280,\"height\":853},{\"@type\":\"BreadcrumbList\",\"@id\":\"https:\/\/21panorama.com\/index.php\/2021\/11\/18\/promueven-diputados-del-pri-cocina-tradicional-como-patrimonio-cultural-inmaterial-del-estado-de-mexico\/#breadcrumb\",\"itemListElement\":[{\"@type\":\"ListItem\",\"position\":1,\"name\":\"Inicio\",\"item\":\"https:\/\/21panorama.com\/\"},{\"@type\":\"ListItem\",\"position\":2,\"name\":\"PROMUEVEN DIPUTADOS DEL PRI COCINA TRADICIONAL COMO PATRIMONIO CULTURAL INMATERIAL DEL ESTADO DE M\u00c9XICO\"}]},{\"@type\":\"WebSite\",\"@id\":\"https:\/\/21panorama.com\/#website\",\"url\":\"https:\/\/21panorama.com\/\",\"name\":\"21 Panorama\",\"description\":\"La construcci\u00f3n de la opini\u00f3n p\u00fablica merece un mejor Panorama en este siglo 21 para alcanzar una sociedad con mayor transparencia y sin corrupci\u00f3n.\",\"publisher\":{\"@id\":\"https:\/\/21panorama.com\/#organization\"},\"potentialAction\":[{\"@type\":\"SearchAction\",\"target\":{\"@type\":\"EntryPoint\",\"urlTemplate\":\"https:\/\/21panorama.com\/?s={search_term_string}\"},\"query-input\":{\"@type\":\"PropertyValueSpecification\",\"valueRequired\":true,\"valueName\":\"search_term_string\"}}],\"inLanguage\":\"es\"},{\"@type\":\"Organization\",\"@id\":\"https:\/\/21panorama.com\/#organization\",\"name\":\"21 Panorama\",\"url\":\"https:\/\/21panorama.com\/\",\"logo\":{\"@type\":\"ImageObject\",\"inLanguage\":\"es\",\"@id\":\"https:\/\/21panorama.com\/#\/schema\/logo\/image\/\",\"url\":\"https:\/\/21panorama.com\/wp-content\/uploads\/2019\/07\/cropped-Logo-Panorama-01.jpeg\",\"contentUrl\":\"https:\/\/21panorama.com\/wp-content\/uploads\/2019\/07\/cropped-Logo-Panorama-01.jpeg\",\"width\":290,\"height\":70,\"caption\":\"21 Panorama\"},\"image\":{\"@id\":\"https:\/\/21panorama.com\/#\/schema\/logo\/image\/\"}},{\"@type\":\"Person\",\"@id\":\"https:\/\/21panorama.com\/#\/schema\/person\/1afc291b96d5792a158768324287319f\",\"name\":\"admin\",\"image\":{\"@type\":\"ImageObject\",\"inLanguage\":\"es\",\"@id\":\"https:\/\/21panorama.com\/#\/schema\/person\/image\/\",\"url\":\"https:\/\/secure.gravatar.com\/avatar\/ad365d9d9f46719215b0d042cc3df92a5a8683e09ef13d102233e5491985f0f0?s=96&d=mm&r=g\",\"contentUrl\":\"https:\/\/secure.gravatar.com\/avatar\/ad365d9d9f46719215b0d042cc3df92a5a8683e09ef13d102233e5491985f0f0?s=96&d=mm&r=g\",\"caption\":\"admin\"},\"url\":\"https:\/\/21panorama.com\/index.php\/author\/admin\/\"}]}<\/script>\n<!-- \/ Yoast SEO plugin. -->","yoast_head_json":{"title":"PROMUEVEN DIPUTADOS DEL PRI COCINA TRADICIONAL COMO PATRIMONIO CULTURAL INMATERIAL DEL ESTADO DE M\u00c9XICO - 21 Panorama","robots":{"index":"index","follow":"follow","max-snippet":"max-snippet:-1","max-image-preview":"max-image-preview:large","max-video-preview":"max-video-preview:-1"},"canonical":"https:\/\/21panorama.com\/index.php\/2021\/11\/18\/promueven-diputados-del-pri-cocina-tradicional-como-patrimonio-cultural-inmaterial-del-estado-de-mexico\/","og_locale":"es_MX","og_type":"article","og_title":"PROMUEVEN DIPUTADOS DEL PRI COCINA TRADICIONAL COMO PATRIMONIO CULTURAL INMATERIAL DEL ESTADO DE M\u00c9XICO - 21 Panorama","og_description":"Tambi\u00e9n, se present\u00f3 un punto de acuerdo para fortalecer acciones que eviten y combatan la tala clandestina en los bosques mexiquenses y un pronunciamiento para impulsar la pr\u00e1ctica de las nuevas masculinidades, como una acci\u00f3n para combatir la violencia de g\u00e9nero en todas sus dimensiones.","og_url":"https:\/\/21panorama.com\/index.php\/2021\/11\/18\/promueven-diputados-del-pri-cocina-tradicional-como-patrimonio-cultural-inmaterial-del-estado-de-mexico\/","og_site_name":"21 Panorama","article_published_time":"2021-11-18T15:33:00+00:00","article_modified_time":"2021-11-22T15:39:18+00:00","og_image":[{"width":1280,"height":853,"url":"https:\/\/21panorama.com\/wp-content\/uploads\/2021\/11\/6286b2f6-26b2-4a1f-aace-246b363019d0.jpeg","type":"image\/jpeg"}],"author":"admin","twitter_card":"summary_large_image","twitter_misc":{"Escrito por":"admin","Tiempo de lectura":"4 minutos"},"schema":{"@context":"https:\/\/schema.org","@graph":[{"@type":"Article","@id":"https:\/\/21panorama.com\/index.php\/2021\/11\/18\/promueven-diputados-del-pri-cocina-tradicional-como-patrimonio-cultural-inmaterial-del-estado-de-mexico\/#article","isPartOf":{"@id":"https:\/\/21panorama.com\/index.php\/2021\/11\/18\/promueven-diputados-del-pri-cocina-tradicional-como-patrimonio-cultural-inmaterial-del-estado-de-mexico\/"},"author":{"name":"admin","@id":"https:\/\/21panorama.com\/#\/schema\/person\/1afc291b96d5792a158768324287319f"},"headline":"PROMUEVEN DIPUTADOS DEL PRI COCINA TRADICIONAL COMO PATRIMONIO CULTURAL INMATERIAL DEL ESTADO DE M\u00c9XICO","datePublished":"2021-11-18T15:33:00+00:00","dateModified":"2021-11-22T15:39:18+00:00","mainEntityOfPage":{"@id":"https:\/\/21panorama.com\/index.php\/2021\/11\/18\/promueven-diputados-del-pri-cocina-tradicional-como-patrimonio-cultural-inmaterial-del-estado-de-mexico\/"},"wordCount":814,"commentCount":0,"publisher":{"@id":"https:\/\/21panorama.com\/#organization"},"image":{"@id":"https:\/\/21panorama.com\/index.php\/2021\/11\/18\/promueven-diputados-del-pri-cocina-tradicional-como-patrimonio-cultural-inmaterial-del-estado-de-mexico\/#primaryimage"},"thumbnailUrl":"https:\/\/21panorama.com\/wp-content\/uploads\/2021\/11\/6286b2f6-26b2-4a1f-aace-246b363019d0.jpeg","keywords":["COCINA"],"articleSection":["Sociedad"],"inLanguage":"es","potentialAction":[{"@type":"CommentAction","name":"Comment","target":["https:\/\/21panorama.com\/index.php\/2021\/11\/18\/promueven-diputados-del-pri-cocina-tradicional-como-patrimonio-cultural-inmaterial-del-estado-de-mexico\/#respond"]}]},{"@type":"WebPage","@id":"https:\/\/21panorama.com\/index.php\/2021\/11\/18\/promueven-diputados-del-pri-cocina-tradicional-como-patrimonio-cultural-inmaterial-del-estado-de-mexico\/","url":"https:\/\/21panorama.com\/index.php\/2021\/11\/18\/promueven-diputados-del-pri-cocina-tradicional-como-patrimonio-cultural-inmaterial-del-estado-de-mexico\/","name":"PROMUEVEN DIPUTADOS DEL PRI COCINA TRADICIONAL COMO PATRIMONIO CULTURAL INMATERIAL DEL ESTADO DE M\u00c9XICO - 21 Panorama","isPartOf":{"@id":"https:\/\/21panorama.com\/#website"},"primaryImageOfPage":{"@id":"https:\/\/21panorama.com\/index.php\/2021\/11\/18\/promueven-diputados-del-pri-cocina-tradicional-como-patrimonio-cultural-inmaterial-del-estado-de-mexico\/#primaryimage"},"image":{"@id":"https:\/\/21panorama.com\/index.php\/2021\/11\/18\/promueven-diputados-del-pri-cocina-tradicional-como-patrimonio-cultural-inmaterial-del-estado-de-mexico\/#primaryimage"},"thumbnailUrl":"https:\/\/21panorama.com\/wp-content\/uploads\/2021\/11\/6286b2f6-26b2-4a1f-aace-246b363019d0.jpeg","datePublished":"2021-11-18T15:33:00+00:00","dateModified":"2021-11-22T15:39:18+00:00","breadcrumb":{"@id":"https:\/\/21panorama.com\/index.php\/2021\/11\/18\/promueven-diputados-del-pri-cocina-tradicional-como-patrimonio-cultural-inmaterial-del-estado-de-mexico\/#breadcrumb"},"inLanguage":"es","potentialAction":[{"@type":"ReadAction","target":["https:\/\/21panorama.com\/index.php\/2021\/11\/18\/promueven-diputados-del-pri-cocina-tradicional-como-patrimonio-cultural-inmaterial-del-estado-de-mexico\/"]}]},{"@type":"ImageObject","inLanguage":"es","@id":"https:\/\/21panorama.com\/index.php\/2021\/11\/18\/promueven-diputados-del-pri-cocina-tradicional-como-patrimonio-cultural-inmaterial-del-estado-de-mexico\/#primaryimage","url":"https:\/\/21panorama.com\/wp-content\/uploads\/2021\/11\/6286b2f6-26b2-4a1f-aace-246b363019d0.jpeg","contentUrl":"https:\/\/21panorama.com\/wp-content\/uploads\/2021\/11\/6286b2f6-26b2-4a1f-aace-246b363019d0.jpeg","width":1280,"height":853},{"@type":"BreadcrumbList","@id":"https:\/\/21panorama.com\/index.php\/2021\/11\/18\/promueven-diputados-del-pri-cocina-tradicional-como-patrimonio-cultural-inmaterial-del-estado-de-mexico\/#breadcrumb","itemListElement":[{"@type":"ListItem","position":1,"name":"Inicio","item":"https:\/\/21panorama.com\/"},{"@type":"ListItem","position":2,"name":"PROMUEVEN DIPUTADOS DEL PRI COCINA TRADICIONAL COMO PATRIMONIO CULTURAL INMATERIAL DEL ESTADO DE M\u00c9XICO"}]},{"@type":"WebSite","@id":"https:\/\/21panorama.com\/#website","url":"https:\/\/21panorama.com\/","name":"21 Panorama","description":"La construcci\u00f3n de la opini\u00f3n p\u00fablica merece un mejor Panorama en este siglo 21 para alcanzar una sociedad con mayor transparencia y sin corrupci\u00f3n.","publisher":{"@id":"https:\/\/21panorama.com\/#organization"},"potentialAction":[{"@type":"SearchAction","target":{"@type":"EntryPoint","urlTemplate":"https:\/\/21panorama.com\/?s={search_term_string}"},"query-input":{"@type":"PropertyValueSpecification","valueRequired":true,"valueName":"search_term_string"}}],"inLanguage":"es"},{"@type":"Organization","@id":"https:\/\/21panorama.com\/#organization","name":"21 Panorama","url":"https:\/\/21panorama.com\/","logo":{"@type":"ImageObject","inLanguage":"es","@id":"https:\/\/21panorama.com\/#\/schema\/logo\/image\/","url":"https:\/\/21panorama.com\/wp-content\/uploads\/2019\/07\/cropped-Logo-Panorama-01.jpeg","contentUrl":"https:\/\/21panorama.com\/wp-content\/uploads\/2019\/07\/cropped-Logo-Panorama-01.jpeg","width":290,"height":70,"caption":"21 Panorama"},"image":{"@id":"https:\/\/21panorama.com\/#\/schema\/logo\/image\/"}},{"@type":"Person","@id":"https:\/\/21panorama.com\/#\/schema\/person\/1afc291b96d5792a158768324287319f","name":"admin","image":{"@type":"ImageObject","inLanguage":"es","@id":"https:\/\/21panorama.com\/#\/schema\/person\/image\/","url":"https:\/\/secure.gravatar.com\/avatar\/ad365d9d9f46719215b0d042cc3df92a5a8683e09ef13d102233e5491985f0f0?s=96&d=mm&r=g","contentUrl":"https:\/\/secure.gravatar.com\/avatar\/ad365d9d9f46719215b0d042cc3df92a5a8683e09ef13d102233e5491985f0f0?s=96&d=mm&r=g","caption":"admin"},"url":"https:\/\/21panorama.com\/index.php\/author\/admin\/"}]}},"_links":{"self":[{"href":"https:\/\/21panorama.com\/index.php\/wp-json\/wp\/v2\/posts\/2405","targetHints":{"allow":["GET"]}}],"collection":[{"href":"https:\/\/21panorama.com\/index.php\/wp-json\/wp\/v2\/posts"}],"about":[{"href":"https:\/\/21panorama.com\/index.php\/wp-json\/wp\/v2\/types\/post"}],"author":[{"embeddable":true,"href":"https:\/\/21panorama.com\/index.php\/wp-json\/wp\/v2\/users\/1"}],"replies":[{"embeddable":true,"href":"https:\/\/21panorama.com\/index.php\/wp-json\/wp\/v2\/comments?post=2405"}],"version-history":[{"count":1,"href":"https:\/\/21panorama.com\/index.php\/wp-json\/wp\/v2\/posts\/2405\/revisions"}],"predecessor-version":[{"id":2409,"href":"https:\/\/21panorama.com\/index.php\/wp-json\/wp\/v2\/posts\/2405\/revisions\/2409"}],"wp:featuredmedia":[{"embeddable":true,"href":"https:\/\/21panorama.com\/index.php\/wp-json\/wp\/v2\/media\/2406"}],"wp:attachment":[{"href":"https:\/\/21panorama.com\/index.php\/wp-json\/wp\/v2\/media?parent=2405"}],"wp:term":[{"taxonomy":"category","embeddable":true,"href":"https:\/\/21panorama.com\/index.php\/wp-json\/wp\/v2\/categories?post=2405"},{"taxonomy":"post_tag","embeddable":true,"href":"https:\/\/21panorama.com\/index.php\/wp-json\/wp\/v2\/tags?post=2405"}],"curies":[{"name":"wp","href":"https:\/\/api.w.org\/{rel}","templated":true}]}}