{"id":2395,"date":"2021-11-18T09:12:00","date_gmt":"2021-11-18T15:12:00","guid":{"rendered":"https:\/\/21panorama.com\/?p=2395"},"modified":"2021-11-19T09:16:09","modified_gmt":"2021-11-19T15:16:09","slug":"convoca-miguel-samano-a-trabajar-por-un-mexico-con-rumbo-politico-e-inclusion-social","status":"publish","type":"post","link":"https:\/\/21panorama.com\/index.php\/2021\/11\/18\/convoca-miguel-samano-a-trabajar-por-un-mexico-con-rumbo-politico-e-inclusion-social\/","title":{"rendered":"Convoca Miguel S\u00e1mano a trabajar por un M\u00e9xico con rumbo pol\u00edtico e inclusi\u00f3n social"},"content":{"rendered":"\n<p>Ciudad de M\u00e9xico, 18 de noviembre de 2021.- El legado revolucionario es invaluable, pues sent\u00f3 las bases para la configuraci\u00f3n de una Constituci\u00f3n Pol\u00edtica con un arraigado sentido social, que perdura hasta nuestros d\u00edas, sostuvo el diputado federal Miguel S\u00e1mano Peralta, al conmemorar el 111 Aniversario de la Revoluci\u00f3n Mexicana, de la Promulgaci\u00f3n del Plan de San Luis y el Aniversario Luctuoso de Ricardo Flores Mag\u00f3n.<\/p>\n\n\n\n<p>En nombre del Grupo Parlamentario del PRI, hizo un llamado a trabajar por un M\u00e9xico que camine con rumbo pol\u00edtico, inclusi\u00f3n social y estabilidad econ\u00f3mica, asimismo enfatiz\u00f3 que las ideas revolucionarias se manifiestan en los principios de libertad, igualdad y justicia, bajo los cuales deben desempe\u00f1ar su labor legislativa.<\/p>\n\n\n\n<p>El tambi\u00e9n Coordinador de la bancada mexiquense en la LXV Legislatura, reconoci\u00f3 que el M\u00e9xico de las instituciones, las libertades y los derechos sociales no hubiera sido posible sin la Revoluci\u00f3n de 1910, y \u201csin la fuerza de los ideales de Emiliano Zapata, Francisco I. Madero, Venustiano Carranza, Francisco Villa o el pensamiento de Ricardo Flores Mag\u00f3n\u201d.<\/p>\n\n\n\n<p>Con motivo del 20 de noviembre, rememor\u00f3 \u201ca 111 a\u00f1os del inicio de la Revoluci\u00f3n, podemos afirmar que es una gran obra colectiva, en la que se reivindicaron los valores democr\u00e1ticos y las garant\u00edas fundamentales de los mexicanos\u201d.<\/p>\n\n\n\n<p>En ese sentido, llam\u00f3 a la reflexi\u00f3n sobre el camino que se ha recorrido como Naci\u00f3n, los avances y sobre todo el pa\u00eds que se anhela y el que se dejar\u00e1 a las pr\u00f3ximas generaciones.<\/p>\n\n\n\n<p>Dijo que la fuerza de la raz\u00f3n, el di\u00e1logo y el respeto a la Ley se deben anteponer para una convivencia arm\u00f3nica en una sociedad marcada por la diversidad y el dinamismo constante.<\/p>\n\n\n\n<p>\u201cLos valores de la Revoluci\u00f3n siguen vigentes; somos herederos de un legado humanista y social que nos motiva a construir un M\u00e9xico con m\u00e1s seguridad, mayor crecimiento, salud universal, educaci\u00f3n de calidad y paz social\u201d, finaliz\u00f3.<\/p>\n\n\n\n<figure class=\"wp-block-image size-large\"><img decoding=\"async\" width=\"682\" height=\"1024\" src=\"https:\/\/21panorama.com\/wp-content\/uploads\/2021\/11\/3cd96ec3-e927-4b2b-810c-7f2d70e11186-682x1024.jpeg\" alt=\"\" class=\"wp-image-2397\" srcset=\"https:\/\/21panorama.com\/wp-content\/uploads\/2021\/11\/3cd96ec3-e927-4b2b-810c-7f2d70e11186-682x1024.jpeg 682w, https:\/\/21panorama.com\/wp-content\/uploads\/2021\/11\/3cd96ec3-e927-4b2b-810c-7f2d70e11186-200x300.jpeg 200w, https:\/\/21panorama.com\/wp-content\/uploads\/2021\/11\/3cd96ec3-e927-4b2b-810c-7f2d70e11186-768x1152.jpeg 768w, https:\/\/21panorama.com\/wp-content\/uploads\/2021\/11\/3cd96ec3-e927-4b2b-810c-7f2d70e11186.jpeg 853w\" sizes=\"(max-width: 682px) 100vw, 682px\" \/><\/figure>\n\n\n\n<p><\/p>\n","protected":false},"excerpt":{"rendered":"<p>Conmemoran legisladores el 111 Aniversario de la Revoluci\u00f3n Mexicana, de la Promulgaci\u00f3n del Plan de San Luis y el Aniversario Luctuoso de Ricardo Flores Mag\u00f3n. <\/p>\n","protected":false},"author":1,"featured_media":2396,"comment_status":"open","ping_status":"open","sticky":false,"template":"","format":"standard","meta":{"footnotes":""},"categories":[12],"tags":[96],"class_list":["post-2395","post","type-post","status-publish","format-standard","has-post-thumbnail","hentry","category-politica","tag-mexico"],"yoast_head":"<!-- This site is optimized with the Yoast SEO plugin v24.9 - https:\/\/yoast.com\/wordpress\/plugins\/seo\/ -->\n<title>Convoca Miguel S\u00e1mano a trabajar por un M\u00e9xico con rumbo pol\u00edtico e inclusi\u00f3n social - 21 Panorama<\/title>\n<meta name=\"robots\" content=\"index, follow, max-snippet:-1, max-image-preview:large, max-video-preview:-1\" \/>\n<link rel=\"canonical\" href=\"https:\/\/21panorama.com\/index.php\/2021\/11\/18\/convoca-miguel-samano-a-trabajar-por-un-mexico-con-rumbo-politico-e-inclusion-social\/\" \/>\n<meta property=\"og:locale\" content=\"es_MX\" \/>\n<meta property=\"og:type\" content=\"article\" \/>\n<meta property=\"og:title\" content=\"Convoca Miguel S\u00e1mano a trabajar por un M\u00e9xico con rumbo pol\u00edtico e inclusi\u00f3n social - 21 Panorama\" \/>\n<meta property=\"og:description\" content=\"Conmemoran legisladores el 111 Aniversario de la Revoluci\u00f3n Mexicana, de la Promulgaci\u00f3n del Plan de San Luis y el Aniversario Luctuoso de Ricardo Flores Mag\u00f3n.\" \/>\n<meta property=\"og:url\" content=\"https:\/\/21panorama.com\/index.php\/2021\/11\/18\/convoca-miguel-samano-a-trabajar-por-un-mexico-con-rumbo-politico-e-inclusion-social\/\" \/>\n<meta property=\"og:site_name\" content=\"21 Panorama\" \/>\n<meta property=\"article:published_time\" content=\"2021-11-18T15:12:00+00:00\" \/>\n<meta property=\"article:modified_time\" content=\"2021-11-19T15:16:09+00:00\" \/>\n<meta property=\"og:image\" content=\"https:\/\/21panorama.com\/wp-content\/uploads\/2021\/11\/6281144e-5361-4cce-a535-cb8df8849bca.jpeg\" \/>\n\t<meta property=\"og:image:width\" content=\"1024\" \/>\n\t<meta property=\"og:image:height\" content=\"683\" \/>\n\t<meta property=\"og:image:type\" content=\"image\/jpeg\" \/>\n<meta name=\"author\" content=\"admin\" \/>\n<meta name=\"twitter:card\" content=\"summary_large_image\" \/>\n<meta name=\"twitter:label1\" content=\"Escrito por\" \/>\n\t<meta name=\"twitter:data1\" content=\"admin\" \/>\n\t<meta name=\"twitter:label2\" content=\"Tiempo de lectura\" \/>\n\t<meta name=\"twitter:data2\" content=\"2 minutos\" \/>\n<script type=\"application\/ld+json\" class=\"yoast-schema-graph\">{\"@context\":\"https:\/\/schema.org\",\"@graph\":[{\"@type\":\"Article\",\"@id\":\"https:\/\/21panorama.com\/index.php\/2021\/11\/18\/convoca-miguel-samano-a-trabajar-por-un-mexico-con-rumbo-politico-e-inclusion-social\/#article\",\"isPartOf\":{\"@id\":\"https:\/\/21panorama.com\/index.php\/2021\/11\/18\/convoca-miguel-samano-a-trabajar-por-un-mexico-con-rumbo-politico-e-inclusion-social\/\"},\"author\":{\"name\":\"admin\",\"@id\":\"https:\/\/21panorama.com\/#\/schema\/person\/1afc291b96d5792a158768324287319f\"},\"headline\":\"Convoca Miguel S\u00e1mano a trabajar por un M\u00e9xico con rumbo pol\u00edtico e inclusi\u00f3n social\",\"datePublished\":\"2021-11-18T15:12:00+00:00\",\"dateModified\":\"2021-11-19T15:16:09+00:00\",\"mainEntityOfPage\":{\"@id\":\"https:\/\/21panorama.com\/index.php\/2021\/11\/18\/convoca-miguel-samano-a-trabajar-por-un-mexico-con-rumbo-politico-e-inclusion-social\/\"},\"wordCount\":360,\"commentCount\":0,\"publisher\":{\"@id\":\"https:\/\/21panorama.com\/#organization\"},\"image\":{\"@id\":\"https:\/\/21panorama.com\/index.php\/2021\/11\/18\/convoca-miguel-samano-a-trabajar-por-un-mexico-con-rumbo-politico-e-inclusion-social\/#primaryimage\"},\"thumbnailUrl\":\"https:\/\/21panorama.com\/wp-content\/uploads\/2021\/11\/6281144e-5361-4cce-a535-cb8df8849bca.jpeg\",\"keywords\":[\"M\u00e9xico\"],\"articleSection\":[\"Politica\"],\"inLanguage\":\"es\",\"potentialAction\":[{\"@type\":\"CommentAction\",\"name\":\"Comment\",\"target\":[\"https:\/\/21panorama.com\/index.php\/2021\/11\/18\/convoca-miguel-samano-a-trabajar-por-un-mexico-con-rumbo-politico-e-inclusion-social\/#respond\"]}]},{\"@type\":\"WebPage\",\"@id\":\"https:\/\/21panorama.com\/index.php\/2021\/11\/18\/convoca-miguel-samano-a-trabajar-por-un-mexico-con-rumbo-politico-e-inclusion-social\/\",\"url\":\"https:\/\/21panorama.com\/index.php\/2021\/11\/18\/convoca-miguel-samano-a-trabajar-por-un-mexico-con-rumbo-politico-e-inclusion-social\/\",\"name\":\"Convoca Miguel S\u00e1mano a trabajar por un M\u00e9xico con rumbo pol\u00edtico e inclusi\u00f3n social - 21 Panorama\",\"isPartOf\":{\"@id\":\"https:\/\/21panorama.com\/#website\"},\"primaryImageOfPage\":{\"@id\":\"https:\/\/21panorama.com\/index.php\/2021\/11\/18\/convoca-miguel-samano-a-trabajar-por-un-mexico-con-rumbo-politico-e-inclusion-social\/#primaryimage\"},\"image\":{\"@id\":\"https:\/\/21panorama.com\/index.php\/2021\/11\/18\/convoca-miguel-samano-a-trabajar-por-un-mexico-con-rumbo-politico-e-inclusion-social\/#primaryimage\"},\"thumbnailUrl\":\"https:\/\/21panorama.com\/wp-content\/uploads\/2021\/11\/6281144e-5361-4cce-a535-cb8df8849bca.jpeg\",\"datePublished\":\"2021-11-18T15:12:00+00:00\",\"dateModified\":\"2021-11-19T15:16:09+00:00\",\"breadcrumb\":{\"@id\":\"https:\/\/21panorama.com\/index.php\/2021\/11\/18\/convoca-miguel-samano-a-trabajar-por-un-mexico-con-rumbo-politico-e-inclusion-social\/#breadcrumb\"},\"inLanguage\":\"es\",\"potentialAction\":[{\"@type\":\"ReadAction\",\"target\":[\"https:\/\/21panorama.com\/index.php\/2021\/11\/18\/convoca-miguel-samano-a-trabajar-por-un-mexico-con-rumbo-politico-e-inclusion-social\/\"]}]},{\"@type\":\"ImageObject\",\"inLanguage\":\"es\",\"@id\":\"https:\/\/21panorama.com\/index.php\/2021\/11\/18\/convoca-miguel-samano-a-trabajar-por-un-mexico-con-rumbo-politico-e-inclusion-social\/#primaryimage\",\"url\":\"https:\/\/21panorama.com\/wp-content\/uploads\/2021\/11\/6281144e-5361-4cce-a535-cb8df8849bca.jpeg\",\"contentUrl\":\"https:\/\/21panorama.com\/wp-content\/uploads\/2021\/11\/6281144e-5361-4cce-a535-cb8df8849bca.jpeg\",\"width\":1024,\"height\":683},{\"@type\":\"BreadcrumbList\",\"@id\":\"https:\/\/21panorama.com\/index.php\/2021\/11\/18\/convoca-miguel-samano-a-trabajar-por-un-mexico-con-rumbo-politico-e-inclusion-social\/#breadcrumb\",\"itemListElement\":[{\"@type\":\"ListItem\",\"position\":1,\"name\":\"Inicio\",\"item\":\"https:\/\/21panorama.com\/\"},{\"@type\":\"ListItem\",\"position\":2,\"name\":\"Convoca Miguel S\u00e1mano a trabajar por un M\u00e9xico con rumbo pol\u00edtico e inclusi\u00f3n social\"}]},{\"@type\":\"WebSite\",\"@id\":\"https:\/\/21panorama.com\/#website\",\"url\":\"https:\/\/21panorama.com\/\",\"name\":\"21 Panorama\",\"description\":\"La construcci\u00f3n de la opini\u00f3n p\u00fablica merece un mejor Panorama en este siglo 21 para alcanzar una sociedad con mayor transparencia y sin corrupci\u00f3n.\",\"publisher\":{\"@id\":\"https:\/\/21panorama.com\/#organization\"},\"potentialAction\":[{\"@type\":\"SearchAction\",\"target\":{\"@type\":\"EntryPoint\",\"urlTemplate\":\"https:\/\/21panorama.com\/?s={search_term_string}\"},\"query-input\":{\"@type\":\"PropertyValueSpecification\",\"valueRequired\":true,\"valueName\":\"search_term_string\"}}],\"inLanguage\":\"es\"},{\"@type\":\"Organization\",\"@id\":\"https:\/\/21panorama.com\/#organization\",\"name\":\"21 Panorama\",\"url\":\"https:\/\/21panorama.com\/\",\"logo\":{\"@type\":\"ImageObject\",\"inLanguage\":\"es\",\"@id\":\"https:\/\/21panorama.com\/#\/schema\/logo\/image\/\",\"url\":\"https:\/\/21panorama.com\/wp-content\/uploads\/2019\/07\/cropped-Logo-Panorama-01.jpeg\",\"contentUrl\":\"https:\/\/21panorama.com\/wp-content\/uploads\/2019\/07\/cropped-Logo-Panorama-01.jpeg\",\"width\":290,\"height\":70,\"caption\":\"21 Panorama\"},\"image\":{\"@id\":\"https:\/\/21panorama.com\/#\/schema\/logo\/image\/\"}},{\"@type\":\"Person\",\"@id\":\"https:\/\/21panorama.com\/#\/schema\/person\/1afc291b96d5792a158768324287319f\",\"name\":\"admin\",\"image\":{\"@type\":\"ImageObject\",\"inLanguage\":\"es\",\"@id\":\"https:\/\/21panorama.com\/#\/schema\/person\/image\/\",\"url\":\"https:\/\/secure.gravatar.com\/avatar\/ad365d9d9f46719215b0d042cc3df92a5a8683e09ef13d102233e5491985f0f0?s=96&d=mm&r=g\",\"contentUrl\":\"https:\/\/secure.gravatar.com\/avatar\/ad365d9d9f46719215b0d042cc3df92a5a8683e09ef13d102233e5491985f0f0?s=96&d=mm&r=g\",\"caption\":\"admin\"},\"url\":\"https:\/\/21panorama.com\/index.php\/author\/admin\/\"}]}<\/script>\n<!-- \/ Yoast SEO plugin. -->","yoast_head_json":{"title":"Convoca Miguel S\u00e1mano a trabajar por un M\u00e9xico con rumbo pol\u00edtico e inclusi\u00f3n social - 21 Panorama","robots":{"index":"index","follow":"follow","max-snippet":"max-snippet:-1","max-image-preview":"max-image-preview:large","max-video-preview":"max-video-preview:-1"},"canonical":"https:\/\/21panorama.com\/index.php\/2021\/11\/18\/convoca-miguel-samano-a-trabajar-por-un-mexico-con-rumbo-politico-e-inclusion-social\/","og_locale":"es_MX","og_type":"article","og_title":"Convoca Miguel S\u00e1mano a trabajar por un M\u00e9xico con rumbo pol\u00edtico e inclusi\u00f3n social - 21 Panorama","og_description":"Conmemoran legisladores el 111 Aniversario de la Revoluci\u00f3n Mexicana, de la Promulgaci\u00f3n del Plan de San Luis y el Aniversario Luctuoso de Ricardo Flores Mag\u00f3n.","og_url":"https:\/\/21panorama.com\/index.php\/2021\/11\/18\/convoca-miguel-samano-a-trabajar-por-un-mexico-con-rumbo-politico-e-inclusion-social\/","og_site_name":"21 Panorama","article_published_time":"2021-11-18T15:12:00+00:00","article_modified_time":"2021-11-19T15:16:09+00:00","og_image":[{"width":1024,"height":683,"url":"https:\/\/21panorama.com\/wp-content\/uploads\/2021\/11\/6281144e-5361-4cce-a535-cb8df8849bca.jpeg","type":"image\/jpeg"}],"author":"admin","twitter_card":"summary_large_image","twitter_misc":{"Escrito por":"admin","Tiempo de lectura":"2 minutos"},"schema":{"@context":"https:\/\/schema.org","@graph":[{"@type":"Article","@id":"https:\/\/21panorama.com\/index.php\/2021\/11\/18\/convoca-miguel-samano-a-trabajar-por-un-mexico-con-rumbo-politico-e-inclusion-social\/#article","isPartOf":{"@id":"https:\/\/21panorama.com\/index.php\/2021\/11\/18\/convoca-miguel-samano-a-trabajar-por-un-mexico-con-rumbo-politico-e-inclusion-social\/"},"author":{"name":"admin","@id":"https:\/\/21panorama.com\/#\/schema\/person\/1afc291b96d5792a158768324287319f"},"headline":"Convoca Miguel S\u00e1mano a trabajar por un M\u00e9xico con rumbo pol\u00edtico e inclusi\u00f3n social","datePublished":"2021-11-18T15:12:00+00:00","dateModified":"2021-11-19T15:16:09+00:00","mainEntityOfPage":{"@id":"https:\/\/21panorama.com\/index.php\/2021\/11\/18\/convoca-miguel-samano-a-trabajar-por-un-mexico-con-rumbo-politico-e-inclusion-social\/"},"wordCount":360,"commentCount":0,"publisher":{"@id":"https:\/\/21panorama.com\/#organization"},"image":{"@id":"https:\/\/21panorama.com\/index.php\/2021\/11\/18\/convoca-miguel-samano-a-trabajar-por-un-mexico-con-rumbo-politico-e-inclusion-social\/#primaryimage"},"thumbnailUrl":"https:\/\/21panorama.com\/wp-content\/uploads\/2021\/11\/6281144e-5361-4cce-a535-cb8df8849bca.jpeg","keywords":["M\u00e9xico"],"articleSection":["Politica"],"inLanguage":"es","potentialAction":[{"@type":"CommentAction","name":"Comment","target":["https:\/\/21panorama.com\/index.php\/2021\/11\/18\/convoca-miguel-samano-a-trabajar-por-un-mexico-con-rumbo-politico-e-inclusion-social\/#respond"]}]},{"@type":"WebPage","@id":"https:\/\/21panorama.com\/index.php\/2021\/11\/18\/convoca-miguel-samano-a-trabajar-por-un-mexico-con-rumbo-politico-e-inclusion-social\/","url":"https:\/\/21panorama.com\/index.php\/2021\/11\/18\/convoca-miguel-samano-a-trabajar-por-un-mexico-con-rumbo-politico-e-inclusion-social\/","name":"Convoca Miguel S\u00e1mano a trabajar por un M\u00e9xico con rumbo pol\u00edtico e inclusi\u00f3n social - 21 Panorama","isPartOf":{"@id":"https:\/\/21panorama.com\/#website"},"primaryImageOfPage":{"@id":"https:\/\/21panorama.com\/index.php\/2021\/11\/18\/convoca-miguel-samano-a-trabajar-por-un-mexico-con-rumbo-politico-e-inclusion-social\/#primaryimage"},"image":{"@id":"https:\/\/21panorama.com\/index.php\/2021\/11\/18\/convoca-miguel-samano-a-trabajar-por-un-mexico-con-rumbo-politico-e-inclusion-social\/#primaryimage"},"thumbnailUrl":"https:\/\/21panorama.com\/wp-content\/uploads\/2021\/11\/6281144e-5361-4cce-a535-cb8df8849bca.jpeg","datePublished":"2021-11-18T15:12:00+00:00","dateModified":"2021-11-19T15:16:09+00:00","breadcrumb":{"@id":"https:\/\/21panorama.com\/index.php\/2021\/11\/18\/convoca-miguel-samano-a-trabajar-por-un-mexico-con-rumbo-politico-e-inclusion-social\/#breadcrumb"},"inLanguage":"es","potentialAction":[{"@type":"ReadAction","target":["https:\/\/21panorama.com\/index.php\/2021\/11\/18\/convoca-miguel-samano-a-trabajar-por-un-mexico-con-rumbo-politico-e-inclusion-social\/"]}]},{"@type":"ImageObject","inLanguage":"es","@id":"https:\/\/21panorama.com\/index.php\/2021\/11\/18\/convoca-miguel-samano-a-trabajar-por-un-mexico-con-rumbo-politico-e-inclusion-social\/#primaryimage","url":"https:\/\/21panorama.com\/wp-content\/uploads\/2021\/11\/6281144e-5361-4cce-a535-cb8df8849bca.jpeg","contentUrl":"https:\/\/21panorama.com\/wp-content\/uploads\/2021\/11\/6281144e-5361-4cce-a535-cb8df8849bca.jpeg","width":1024,"height":683},{"@type":"BreadcrumbList","@id":"https:\/\/21panorama.com\/index.php\/2021\/11\/18\/convoca-miguel-samano-a-trabajar-por-un-mexico-con-rumbo-politico-e-inclusion-social\/#breadcrumb","itemListElement":[{"@type":"ListItem","position":1,"name":"Inicio","item":"https:\/\/21panorama.com\/"},{"@type":"ListItem","position":2,"name":"Convoca Miguel S\u00e1mano a trabajar por un M\u00e9xico con rumbo pol\u00edtico e inclusi\u00f3n social"}]},{"@type":"WebSite","@id":"https:\/\/21panorama.com\/#website","url":"https:\/\/21panorama.com\/","name":"21 Panorama","description":"La construcci\u00f3n de la opini\u00f3n p\u00fablica merece un mejor Panorama en este siglo 21 para alcanzar una sociedad con mayor transparencia y sin corrupci\u00f3n.","publisher":{"@id":"https:\/\/21panorama.com\/#organization"},"potentialAction":[{"@type":"SearchAction","target":{"@type":"EntryPoint","urlTemplate":"https:\/\/21panorama.com\/?s={search_term_string}"},"query-input":{"@type":"PropertyValueSpecification","valueRequired":true,"valueName":"search_term_string"}}],"inLanguage":"es"},{"@type":"Organization","@id":"https:\/\/21panorama.com\/#organization","name":"21 Panorama","url":"https:\/\/21panorama.com\/","logo":{"@type":"ImageObject","inLanguage":"es","@id":"https:\/\/21panorama.com\/#\/schema\/logo\/image\/","url":"https:\/\/21panorama.com\/wp-content\/uploads\/2019\/07\/cropped-Logo-Panorama-01.jpeg","contentUrl":"https:\/\/21panorama.com\/wp-content\/uploads\/2019\/07\/cropped-Logo-Panorama-01.jpeg","width":290,"height":70,"caption":"21 Panorama"},"image":{"@id":"https:\/\/21panorama.com\/#\/schema\/logo\/image\/"}},{"@type":"Person","@id":"https:\/\/21panorama.com\/#\/schema\/person\/1afc291b96d5792a158768324287319f","name":"admin","image":{"@type":"ImageObject","inLanguage":"es","@id":"https:\/\/21panorama.com\/#\/schema\/person\/image\/","url":"https:\/\/secure.gravatar.com\/avatar\/ad365d9d9f46719215b0d042cc3df92a5a8683e09ef13d102233e5491985f0f0?s=96&d=mm&r=g","contentUrl":"https:\/\/secure.gravatar.com\/avatar\/ad365d9d9f46719215b0d042cc3df92a5a8683e09ef13d102233e5491985f0f0?s=96&d=mm&r=g","caption":"admin"},"url":"https:\/\/21panorama.com\/index.php\/author\/admin\/"}]}},"_links":{"self":[{"href":"https:\/\/21panorama.com\/index.php\/wp-json\/wp\/v2\/posts\/2395","targetHints":{"allow":["GET"]}}],"collection":[{"href":"https:\/\/21panorama.com\/index.php\/wp-json\/wp\/v2\/posts"}],"about":[{"href":"https:\/\/21panorama.com\/index.php\/wp-json\/wp\/v2\/types\/post"}],"author":[{"embeddable":true,"href":"https:\/\/21panorama.com\/index.php\/wp-json\/wp\/v2\/users\/1"}],"replies":[{"embeddable":true,"href":"https:\/\/21panorama.com\/index.php\/wp-json\/wp\/v2\/comments?post=2395"}],"version-history":[{"count":1,"href":"https:\/\/21panorama.com\/index.php\/wp-json\/wp\/v2\/posts\/2395\/revisions"}],"predecessor-version":[{"id":2398,"href":"https:\/\/21panorama.com\/index.php\/wp-json\/wp\/v2\/posts\/2395\/revisions\/2398"}],"wp:featuredmedia":[{"embeddable":true,"href":"https:\/\/21panorama.com\/index.php\/wp-json\/wp\/v2\/media\/2396"}],"wp:attachment":[{"href":"https:\/\/21panorama.com\/index.php\/wp-json\/wp\/v2\/media?parent=2395"}],"wp:term":[{"taxonomy":"category","embeddable":true,"href":"https:\/\/21panorama.com\/index.php\/wp-json\/wp\/v2\/categories?post=2395"},{"taxonomy":"post_tag","embeddable":true,"href":"https:\/\/21panorama.com\/index.php\/wp-json\/wp\/v2\/tags?post=2395"}],"curies":[{"name":"wp","href":"https:\/\/api.w.org\/{rel}","templated":true}]}}