{"id":2389,"date":"2021-11-18T09:08:00","date_gmt":"2021-11-18T15:08:00","guid":{"rendered":"https:\/\/21panorama.com\/?p=2389"},"modified":"2021-11-19T09:11:31","modified_gmt":"2021-11-19T15:11:31","slug":"responde-uaem-a-demandas-de-la-comunidad-universitaria","status":"publish","type":"post","link":"https:\/\/21panorama.com\/index.php\/2021\/11\/18\/responde-uaem-a-demandas-de-la-comunidad-universitaria\/","title":{"rendered":"Responde UAEM a demandas de la comunidad universitaria"},"content":{"rendered":"\n<p>Toluca, M\u00e9x; 18 de noviembre de 2021. Respondiendo a las demandas de la comunidad universitaria, la Administraci\u00f3n 2021-2025 de la Universidad Aut\u00f3noma del Estado de M\u00e9xico (UAEM) realiza diversos trabajos de infraestructura, tal es el caso de la remodelaci\u00f3n de la cancha de voleibol y la colocaci\u00f3n de una vinilona en el t\u00fanel que une los edificios A y B de la Facultad de Arquitectura y Dise\u00f1o, afirm\u00f3 el rector Carlos Eduardo Barrera D\u00edaz.<br>Al encabezar el cuarto informe anual de actividades del encargado de despacho de la direcci\u00f3n de este espacio universitario, Jaime Guadarrama Gonz\u00e1lez, sostuvo que la comunidad universitaria est\u00e1 comprometida a seguir creando nuevas soluciones para superar los problemas y adversidades que la cotidianidad plantea como la contingencia sanitaria.<br>Carlos Eduardo Barrera D\u00edaz destac\u00f3 algunas de las metas alcanzadas el \u00faltimo a\u00f1o por la administraci\u00f3n de la Facultad de Arquitectura y Dise\u00f1o como el incremento de la matr\u00edcula de nuevo ingreso, que 100 por ciento de los programas educativos posee calidad certificada, adem\u00e1s de la reducci\u00f3n del \u00edndice de reprobaci\u00f3n y deserci\u00f3n escolar.<\/p>\n\n\n\n<p>En tanto Guadarrama Gonz\u00e1lez dio cuenta de diversas actividades y acciones que permitieron, durante el \u00faltimo a\u00f1o, que estudiantes y docentes mantuvieran e incrementar\u00e1n su formaci\u00f3n y profesionalizaci\u00f3n como el programa de C\u00e1tedras Abiertas, las conferencias, coloquios y congresos que se desarrollaron de manera virtual, la participaci\u00f3n en 12 proyectos estrat\u00e9gicos de la Ciudad de Toluca, colaborando con la Direcci\u00f3n de Desarrollo Urbano municipal.<br>Asimismo, la participaci\u00f3n de estudiantes en concursos y congresos de impacto nacional e internacional y la titulaci\u00f3n de 226 estudiantes de licenciatura y 35 de posgrado.<br>En el marco de este ejercicio de rendici\u00f3n de cuentas, se homenaje\u00f3 a integrantes de la Facultad que perdieron la vida a consecuencia de la presencia de la pandemia por la COVID-19 y fueron entregadas las Preseas \u201cIgnacio Manuel Altamirano Basilio\u201d.<\/p>\n\n\n\n<figure class=\"wp-block-gallery columns-3 is-cropped wp-block-gallery-1 is-layout-flex wp-block-gallery-is-layout-flex\"><ul class=\"blocks-gallery-grid\"><li class=\"blocks-gallery-item\"><figure><img decoding=\"async\" width=\"960\" height=\"640\" src=\"https:\/\/21panorama.com\/wp-content\/uploads\/2021\/11\/4b194d49-7c05-4baf-aa5c-c9ea7ec4410e.jpeg\" alt=\"\" data-id=\"2391\" data-link=\"https:\/\/21panorama.com\/?attachment_id=2391\" class=\"wp-image-2391\" srcset=\"https:\/\/21panorama.com\/wp-content\/uploads\/2021\/11\/4b194d49-7c05-4baf-aa5c-c9ea7ec4410e.jpeg 960w, https:\/\/21panorama.com\/wp-content\/uploads\/2021\/11\/4b194d49-7c05-4baf-aa5c-c9ea7ec4410e-300x200.jpeg 300w, https:\/\/21panorama.com\/wp-content\/uploads\/2021\/11\/4b194d49-7c05-4baf-aa5c-c9ea7ec4410e-768x512.jpeg 768w\" sizes=\"(max-width: 960px) 100vw, 960px\" \/><\/figure><\/li><li class=\"blocks-gallery-item\"><figure><img decoding=\"async\" width=\"960\" height=\"640\" src=\"https:\/\/21panorama.com\/wp-content\/uploads\/2021\/11\/9e3ab330-37dc-40cf-9bc2-ce056d642f7e.jpeg\" alt=\"\" data-id=\"2392\" data-link=\"https:\/\/21panorama.com\/?attachment_id=2392\" class=\"wp-image-2392\" srcset=\"https:\/\/21panorama.com\/wp-content\/uploads\/2021\/11\/9e3ab330-37dc-40cf-9bc2-ce056d642f7e.jpeg 960w, https:\/\/21panorama.com\/wp-content\/uploads\/2021\/11\/9e3ab330-37dc-40cf-9bc2-ce056d642f7e-300x200.jpeg 300w, https:\/\/21panorama.com\/wp-content\/uploads\/2021\/11\/9e3ab330-37dc-40cf-9bc2-ce056d642f7e-768x512.jpeg 768w\" sizes=\"(max-width: 960px) 100vw, 960px\" \/><\/figure><\/li><li class=\"blocks-gallery-item\"><figure><img decoding=\"async\" width=\"960\" height=\"640\" src=\"https:\/\/21panorama.com\/wp-content\/uploads\/2021\/11\/f57a66a5-4ab6-4725-9518-87e7c57af8a9.jpeg\" alt=\"\" data-id=\"2393\" data-full-url=\"https:\/\/21panorama.com\/wp-content\/uploads\/2021\/11\/f57a66a5-4ab6-4725-9518-87e7c57af8a9.jpeg\" data-link=\"https:\/\/21panorama.com\/?attachment_id=2393\" class=\"wp-image-2393\" srcset=\"https:\/\/21panorama.com\/wp-content\/uploads\/2021\/11\/f57a66a5-4ab6-4725-9518-87e7c57af8a9.jpeg 960w, https:\/\/21panorama.com\/wp-content\/uploads\/2021\/11\/f57a66a5-4ab6-4725-9518-87e7c57af8a9-300x200.jpeg 300w, https:\/\/21panorama.com\/wp-content\/uploads\/2021\/11\/f57a66a5-4ab6-4725-9518-87e7c57af8a9-768x512.jpeg 768w\" sizes=\"(max-width: 960px) 100vw, 960px\" \/><\/figure><\/li><\/ul><\/figure>\n","protected":false},"excerpt":{"rendered":"<p>El rector, Carlos Eduardo Barrera D\u00edaz encabez\u00f3 el cuarto informe anual de actividades del encargado de despacho de la direcci\u00f3n de la Facultad de Arquitectura y Dise\u00f1o, Jaime Guadarrama Gonz\u00e1lez. <\/p>\n","protected":false},"author":1,"featured_media":2390,"comment_status":"open","ping_status":"open","sticky":false,"template":"","format":"standard","meta":{"footnotes":""},"categories":[1],"tags":[131],"class_list":["post-2389","post","type-post","status-publish","format-standard","has-post-thumbnail","hentry","category-sociedad","tag-uaem"],"yoast_head":"<!-- This site is optimized with the Yoast SEO plugin v24.9 - https:\/\/yoast.com\/wordpress\/plugins\/seo\/ -->\n<title>Responde UAEM a demandas de la comunidad universitaria - 21 Panorama<\/title>\n<meta name=\"robots\" content=\"index, follow, max-snippet:-1, max-image-preview:large, max-video-preview:-1\" \/>\n<link rel=\"canonical\" href=\"https:\/\/21panorama.com\/index.php\/2021\/11\/18\/responde-uaem-a-demandas-de-la-comunidad-universitaria\/\" \/>\n<meta property=\"og:locale\" content=\"es_MX\" \/>\n<meta property=\"og:type\" content=\"article\" \/>\n<meta property=\"og:title\" content=\"Responde UAEM a demandas de la comunidad universitaria - 21 Panorama\" \/>\n<meta property=\"og:description\" content=\"El rector, Carlos Eduardo Barrera D\u00edaz encabez\u00f3 el cuarto informe anual de actividades del encargado de despacho de la direcci\u00f3n de la Facultad de Arquitectura y Dise\u00f1o, Jaime Guadarrama Gonz\u00e1lez.\" \/>\n<meta property=\"og:url\" content=\"https:\/\/21panorama.com\/index.php\/2021\/11\/18\/responde-uaem-a-demandas-de-la-comunidad-universitaria\/\" \/>\n<meta property=\"og:site_name\" content=\"21 Panorama\" \/>\n<meta property=\"article:published_time\" content=\"2021-11-18T15:08:00+00:00\" \/>\n<meta property=\"article:modified_time\" content=\"2021-11-19T15:11:31+00:00\" \/>\n<meta property=\"og:image\" content=\"https:\/\/21panorama.com\/wp-content\/uploads\/2021\/11\/547a88dc-7b55-43f8-92f7-189e14fd6878.jpeg\" \/>\n\t<meta property=\"og:image:width\" content=\"960\" \/>\n\t<meta property=\"og:image:height\" content=\"640\" \/>\n\t<meta property=\"og:image:type\" content=\"image\/jpeg\" \/>\n<meta name=\"author\" content=\"admin\" \/>\n<meta name=\"twitter:card\" content=\"summary_large_image\" \/>\n<meta name=\"twitter:label1\" content=\"Escrito por\" \/>\n\t<meta name=\"twitter:data1\" content=\"admin\" \/>\n\t<meta name=\"twitter:label2\" content=\"Tiempo de lectura\" \/>\n\t<meta name=\"twitter:data2\" content=\"2 minutos\" \/>\n<script type=\"application\/ld+json\" class=\"yoast-schema-graph\">{\"@context\":\"https:\/\/schema.org\",\"@graph\":[{\"@type\":\"Article\",\"@id\":\"https:\/\/21panorama.com\/index.php\/2021\/11\/18\/responde-uaem-a-demandas-de-la-comunidad-universitaria\/#article\",\"isPartOf\":{\"@id\":\"https:\/\/21panorama.com\/index.php\/2021\/11\/18\/responde-uaem-a-demandas-de-la-comunidad-universitaria\/\"},\"author\":{\"name\":\"admin\",\"@id\":\"https:\/\/21panorama.com\/#\/schema\/person\/1afc291b96d5792a158768324287319f\"},\"headline\":\"Responde UAEM a demandas de la comunidad universitaria\",\"datePublished\":\"2021-11-18T15:08:00+00:00\",\"dateModified\":\"2021-11-19T15:11:31+00:00\",\"mainEntityOfPage\":{\"@id\":\"https:\/\/21panorama.com\/index.php\/2021\/11\/18\/responde-uaem-a-demandas-de-la-comunidad-universitaria\/\"},\"wordCount\":341,\"commentCount\":0,\"publisher\":{\"@id\":\"https:\/\/21panorama.com\/#organization\"},\"image\":{\"@id\":\"https:\/\/21panorama.com\/index.php\/2021\/11\/18\/responde-uaem-a-demandas-de-la-comunidad-universitaria\/#primaryimage\"},\"thumbnailUrl\":\"https:\/\/21panorama.com\/wp-content\/uploads\/2021\/11\/547a88dc-7b55-43f8-92f7-189e14fd6878.jpeg\",\"keywords\":[\"UAEM\"],\"articleSection\":[\"Sociedad\"],\"inLanguage\":\"es\",\"potentialAction\":[{\"@type\":\"CommentAction\",\"name\":\"Comment\",\"target\":[\"https:\/\/21panorama.com\/index.php\/2021\/11\/18\/responde-uaem-a-demandas-de-la-comunidad-universitaria\/#respond\"]}]},{\"@type\":\"WebPage\",\"@id\":\"https:\/\/21panorama.com\/index.php\/2021\/11\/18\/responde-uaem-a-demandas-de-la-comunidad-universitaria\/\",\"url\":\"https:\/\/21panorama.com\/index.php\/2021\/11\/18\/responde-uaem-a-demandas-de-la-comunidad-universitaria\/\",\"name\":\"Responde UAEM a demandas de la comunidad universitaria - 21 Panorama\",\"isPartOf\":{\"@id\":\"https:\/\/21panorama.com\/#website\"},\"primaryImageOfPage\":{\"@id\":\"https:\/\/21panorama.com\/index.php\/2021\/11\/18\/responde-uaem-a-demandas-de-la-comunidad-universitaria\/#primaryimage\"},\"image\":{\"@id\":\"https:\/\/21panorama.com\/index.php\/2021\/11\/18\/responde-uaem-a-demandas-de-la-comunidad-universitaria\/#primaryimage\"},\"thumbnailUrl\":\"https:\/\/21panorama.com\/wp-content\/uploads\/2021\/11\/547a88dc-7b55-43f8-92f7-189e14fd6878.jpeg\",\"datePublished\":\"2021-11-18T15:08:00+00:00\",\"dateModified\":\"2021-11-19T15:11:31+00:00\",\"breadcrumb\":{\"@id\":\"https:\/\/21panorama.com\/index.php\/2021\/11\/18\/responde-uaem-a-demandas-de-la-comunidad-universitaria\/#breadcrumb\"},\"inLanguage\":\"es\",\"potentialAction\":[{\"@type\":\"ReadAction\",\"target\":[\"https:\/\/21panorama.com\/index.php\/2021\/11\/18\/responde-uaem-a-demandas-de-la-comunidad-universitaria\/\"]}]},{\"@type\":\"ImageObject\",\"inLanguage\":\"es\",\"@id\":\"https:\/\/21panorama.com\/index.php\/2021\/11\/18\/responde-uaem-a-demandas-de-la-comunidad-universitaria\/#primaryimage\",\"url\":\"https:\/\/21panorama.com\/wp-content\/uploads\/2021\/11\/547a88dc-7b55-43f8-92f7-189e14fd6878.jpeg\",\"contentUrl\":\"https:\/\/21panorama.com\/wp-content\/uploads\/2021\/11\/547a88dc-7b55-43f8-92f7-189e14fd6878.jpeg\",\"width\":960,\"height\":640},{\"@type\":\"BreadcrumbList\",\"@id\":\"https:\/\/21panorama.com\/index.php\/2021\/11\/18\/responde-uaem-a-demandas-de-la-comunidad-universitaria\/#breadcrumb\",\"itemListElement\":[{\"@type\":\"ListItem\",\"position\":1,\"name\":\"Inicio\",\"item\":\"https:\/\/21panorama.com\/\"},{\"@type\":\"ListItem\",\"position\":2,\"name\":\"Responde UAEM a demandas de la comunidad universitaria\"}]},{\"@type\":\"WebSite\",\"@id\":\"https:\/\/21panorama.com\/#website\",\"url\":\"https:\/\/21panorama.com\/\",\"name\":\"21 Panorama\",\"description\":\"La construcci\u00f3n de la opini\u00f3n p\u00fablica merece un mejor Panorama en este siglo 21 para alcanzar una sociedad con mayor transparencia y sin corrupci\u00f3n.\",\"publisher\":{\"@id\":\"https:\/\/21panorama.com\/#organization\"},\"potentialAction\":[{\"@type\":\"SearchAction\",\"target\":{\"@type\":\"EntryPoint\",\"urlTemplate\":\"https:\/\/21panorama.com\/?s={search_term_string}\"},\"query-input\":{\"@type\":\"PropertyValueSpecification\",\"valueRequired\":true,\"valueName\":\"search_term_string\"}}],\"inLanguage\":\"es\"},{\"@type\":\"Organization\",\"@id\":\"https:\/\/21panorama.com\/#organization\",\"name\":\"21 Panorama\",\"url\":\"https:\/\/21panorama.com\/\",\"logo\":{\"@type\":\"ImageObject\",\"inLanguage\":\"es\",\"@id\":\"https:\/\/21panorama.com\/#\/schema\/logo\/image\/\",\"url\":\"https:\/\/21panorama.com\/wp-content\/uploads\/2019\/07\/cropped-Logo-Panorama-01.jpeg\",\"contentUrl\":\"https:\/\/21panorama.com\/wp-content\/uploads\/2019\/07\/cropped-Logo-Panorama-01.jpeg\",\"width\":290,\"height\":70,\"caption\":\"21 Panorama\"},\"image\":{\"@id\":\"https:\/\/21panorama.com\/#\/schema\/logo\/image\/\"}},{\"@type\":\"Person\",\"@id\":\"https:\/\/21panorama.com\/#\/schema\/person\/1afc291b96d5792a158768324287319f\",\"name\":\"admin\",\"image\":{\"@type\":\"ImageObject\",\"inLanguage\":\"es\",\"@id\":\"https:\/\/21panorama.com\/#\/schema\/person\/image\/\",\"url\":\"https:\/\/secure.gravatar.com\/avatar\/ad365d9d9f46719215b0d042cc3df92a5a8683e09ef13d102233e5491985f0f0?s=96&d=mm&r=g\",\"contentUrl\":\"https:\/\/secure.gravatar.com\/avatar\/ad365d9d9f46719215b0d042cc3df92a5a8683e09ef13d102233e5491985f0f0?s=96&d=mm&r=g\",\"caption\":\"admin\"},\"url\":\"https:\/\/21panorama.com\/index.php\/author\/admin\/\"}]}<\/script>\n<!-- \/ Yoast SEO plugin. -->","yoast_head_json":{"title":"Responde UAEM a demandas de la comunidad universitaria - 21 Panorama","robots":{"index":"index","follow":"follow","max-snippet":"max-snippet:-1","max-image-preview":"max-image-preview:large","max-video-preview":"max-video-preview:-1"},"canonical":"https:\/\/21panorama.com\/index.php\/2021\/11\/18\/responde-uaem-a-demandas-de-la-comunidad-universitaria\/","og_locale":"es_MX","og_type":"article","og_title":"Responde UAEM a demandas de la comunidad universitaria - 21 Panorama","og_description":"El rector, Carlos Eduardo Barrera D\u00edaz encabez\u00f3 el cuarto informe anual de actividades del encargado de despacho de la direcci\u00f3n de la Facultad de Arquitectura y Dise\u00f1o, Jaime Guadarrama Gonz\u00e1lez.","og_url":"https:\/\/21panorama.com\/index.php\/2021\/11\/18\/responde-uaem-a-demandas-de-la-comunidad-universitaria\/","og_site_name":"21 Panorama","article_published_time":"2021-11-18T15:08:00+00:00","article_modified_time":"2021-11-19T15:11:31+00:00","og_image":[{"width":960,"height":640,"url":"https:\/\/21panorama.com\/wp-content\/uploads\/2021\/11\/547a88dc-7b55-43f8-92f7-189e14fd6878.jpeg","type":"image\/jpeg"}],"author":"admin","twitter_card":"summary_large_image","twitter_misc":{"Escrito por":"admin","Tiempo de lectura":"2 minutos"},"schema":{"@context":"https:\/\/schema.org","@graph":[{"@type":"Article","@id":"https:\/\/21panorama.com\/index.php\/2021\/11\/18\/responde-uaem-a-demandas-de-la-comunidad-universitaria\/#article","isPartOf":{"@id":"https:\/\/21panorama.com\/index.php\/2021\/11\/18\/responde-uaem-a-demandas-de-la-comunidad-universitaria\/"},"author":{"name":"admin","@id":"https:\/\/21panorama.com\/#\/schema\/person\/1afc291b96d5792a158768324287319f"},"headline":"Responde UAEM a demandas de la comunidad universitaria","datePublished":"2021-11-18T15:08:00+00:00","dateModified":"2021-11-19T15:11:31+00:00","mainEntityOfPage":{"@id":"https:\/\/21panorama.com\/index.php\/2021\/11\/18\/responde-uaem-a-demandas-de-la-comunidad-universitaria\/"},"wordCount":341,"commentCount":0,"publisher":{"@id":"https:\/\/21panorama.com\/#organization"},"image":{"@id":"https:\/\/21panorama.com\/index.php\/2021\/11\/18\/responde-uaem-a-demandas-de-la-comunidad-universitaria\/#primaryimage"},"thumbnailUrl":"https:\/\/21panorama.com\/wp-content\/uploads\/2021\/11\/547a88dc-7b55-43f8-92f7-189e14fd6878.jpeg","keywords":["UAEM"],"articleSection":["Sociedad"],"inLanguage":"es","potentialAction":[{"@type":"CommentAction","name":"Comment","target":["https:\/\/21panorama.com\/index.php\/2021\/11\/18\/responde-uaem-a-demandas-de-la-comunidad-universitaria\/#respond"]}]},{"@type":"WebPage","@id":"https:\/\/21panorama.com\/index.php\/2021\/11\/18\/responde-uaem-a-demandas-de-la-comunidad-universitaria\/","url":"https:\/\/21panorama.com\/index.php\/2021\/11\/18\/responde-uaem-a-demandas-de-la-comunidad-universitaria\/","name":"Responde UAEM a demandas de la comunidad universitaria - 21 Panorama","isPartOf":{"@id":"https:\/\/21panorama.com\/#website"},"primaryImageOfPage":{"@id":"https:\/\/21panorama.com\/index.php\/2021\/11\/18\/responde-uaem-a-demandas-de-la-comunidad-universitaria\/#primaryimage"},"image":{"@id":"https:\/\/21panorama.com\/index.php\/2021\/11\/18\/responde-uaem-a-demandas-de-la-comunidad-universitaria\/#primaryimage"},"thumbnailUrl":"https:\/\/21panorama.com\/wp-content\/uploads\/2021\/11\/547a88dc-7b55-43f8-92f7-189e14fd6878.jpeg","datePublished":"2021-11-18T15:08:00+00:00","dateModified":"2021-11-19T15:11:31+00:00","breadcrumb":{"@id":"https:\/\/21panorama.com\/index.php\/2021\/11\/18\/responde-uaem-a-demandas-de-la-comunidad-universitaria\/#breadcrumb"},"inLanguage":"es","potentialAction":[{"@type":"ReadAction","target":["https:\/\/21panorama.com\/index.php\/2021\/11\/18\/responde-uaem-a-demandas-de-la-comunidad-universitaria\/"]}]},{"@type":"ImageObject","inLanguage":"es","@id":"https:\/\/21panorama.com\/index.php\/2021\/11\/18\/responde-uaem-a-demandas-de-la-comunidad-universitaria\/#primaryimage","url":"https:\/\/21panorama.com\/wp-content\/uploads\/2021\/11\/547a88dc-7b55-43f8-92f7-189e14fd6878.jpeg","contentUrl":"https:\/\/21panorama.com\/wp-content\/uploads\/2021\/11\/547a88dc-7b55-43f8-92f7-189e14fd6878.jpeg","width":960,"height":640},{"@type":"BreadcrumbList","@id":"https:\/\/21panorama.com\/index.php\/2021\/11\/18\/responde-uaem-a-demandas-de-la-comunidad-universitaria\/#breadcrumb","itemListElement":[{"@type":"ListItem","position":1,"name":"Inicio","item":"https:\/\/21panorama.com\/"},{"@type":"ListItem","position":2,"name":"Responde UAEM a demandas de la comunidad universitaria"}]},{"@type":"WebSite","@id":"https:\/\/21panorama.com\/#website","url":"https:\/\/21panorama.com\/","name":"21 Panorama","description":"La construcci\u00f3n de la opini\u00f3n p\u00fablica merece un mejor Panorama en este siglo 21 para alcanzar una sociedad con mayor transparencia y sin corrupci\u00f3n.","publisher":{"@id":"https:\/\/21panorama.com\/#organization"},"potentialAction":[{"@type":"SearchAction","target":{"@type":"EntryPoint","urlTemplate":"https:\/\/21panorama.com\/?s={search_term_string}"},"query-input":{"@type":"PropertyValueSpecification","valueRequired":true,"valueName":"search_term_string"}}],"inLanguage":"es"},{"@type":"Organization","@id":"https:\/\/21panorama.com\/#organization","name":"21 Panorama","url":"https:\/\/21panorama.com\/","logo":{"@type":"ImageObject","inLanguage":"es","@id":"https:\/\/21panorama.com\/#\/schema\/logo\/image\/","url":"https:\/\/21panorama.com\/wp-content\/uploads\/2019\/07\/cropped-Logo-Panorama-01.jpeg","contentUrl":"https:\/\/21panorama.com\/wp-content\/uploads\/2019\/07\/cropped-Logo-Panorama-01.jpeg","width":290,"height":70,"caption":"21 Panorama"},"image":{"@id":"https:\/\/21panorama.com\/#\/schema\/logo\/image\/"}},{"@type":"Person","@id":"https:\/\/21panorama.com\/#\/schema\/person\/1afc291b96d5792a158768324287319f","name":"admin","image":{"@type":"ImageObject","inLanguage":"es","@id":"https:\/\/21panorama.com\/#\/schema\/person\/image\/","url":"https:\/\/secure.gravatar.com\/avatar\/ad365d9d9f46719215b0d042cc3df92a5a8683e09ef13d102233e5491985f0f0?s=96&d=mm&r=g","contentUrl":"https:\/\/secure.gravatar.com\/avatar\/ad365d9d9f46719215b0d042cc3df92a5a8683e09ef13d102233e5491985f0f0?s=96&d=mm&r=g","caption":"admin"},"url":"https:\/\/21panorama.com\/index.php\/author\/admin\/"}]}},"_links":{"self":[{"href":"https:\/\/21panorama.com\/index.php\/wp-json\/wp\/v2\/posts\/2389","targetHints":{"allow":["GET"]}}],"collection":[{"href":"https:\/\/21panorama.com\/index.php\/wp-json\/wp\/v2\/posts"}],"about":[{"href":"https:\/\/21panorama.com\/index.php\/wp-json\/wp\/v2\/types\/post"}],"author":[{"embeddable":true,"href":"https:\/\/21panorama.com\/index.php\/wp-json\/wp\/v2\/users\/1"}],"replies":[{"embeddable":true,"href":"https:\/\/21panorama.com\/index.php\/wp-json\/wp\/v2\/comments?post=2389"}],"version-history":[{"count":1,"href":"https:\/\/21panorama.com\/index.php\/wp-json\/wp\/v2\/posts\/2389\/revisions"}],"predecessor-version":[{"id":2394,"href":"https:\/\/21panorama.com\/index.php\/wp-json\/wp\/v2\/posts\/2389\/revisions\/2394"}],"wp:featuredmedia":[{"embeddable":true,"href":"https:\/\/21panorama.com\/index.php\/wp-json\/wp\/v2\/media\/2390"}],"wp:attachment":[{"href":"https:\/\/21panorama.com\/index.php\/wp-json\/wp\/v2\/media?parent=2389"}],"wp:term":[{"taxonomy":"category","embeddable":true,"href":"https:\/\/21panorama.com\/index.php\/wp-json\/wp\/v2\/categories?post=2389"},{"taxonomy":"post_tag","embeddable":true,"href":"https:\/\/21panorama.com\/index.php\/wp-json\/wp\/v2\/tags?post=2389"}],"curies":[{"name":"wp","href":"https:\/\/api.w.org\/{rel}","templated":true}]}}