{"id":2383,"date":"2021-11-17T16:56:13","date_gmt":"2021-11-17T22:56:13","guid":{"rendered":"https:\/\/21panorama.com\/?p=2383"},"modified":"2021-11-17T16:56:14","modified_gmt":"2021-11-17T22:56:14","slug":"firman-toluca-y-uaemex-carta-compromiso-para-crear-centros-de-paz","status":"publish","type":"post","link":"https:\/\/21panorama.com\/index.php\/2021\/11\/17\/firman-toluca-y-uaemex-carta-compromiso-para-crear-centros-de-paz\/","title":{"rendered":"Firman Toluca y UAEM\u00e9x Carta Compromiso para crear Centros de Paz"},"content":{"rendered":"\n<p>Toluca, Estado de M\u00e9xico, mi\u00e9rcoles 17 de noviembre de 2021.- En el transcurso de las pr\u00f3ximas semanas la Universidad Aut\u00f3noma del Estado de M\u00e9xico (UAEM\u00e9x) se convertir\u00e1 en un centro de paz, con la finalidad de promover este tipo de ambientes para los habitantes de la capital, especialmente mujeres ni\u00f1os y adultos mayores, objetivo principal de la firma de la Carta Compromiso entre el gobierno municipal de Toluca y la M\u00e1xima casa de estudios de la entidad.<br>Tras firmar el documento, el director general de Seguridad P\u00fablica de Toluca, Francisco Garc\u00eda Burgos, detall\u00f3 que el programa Ambientes de Paz se estableci\u00f3 como la estrategia de prevenci\u00f3n de la violencia del gobierno de la capital, mismo que se inscribe en el plan de construcci\u00f3n de la paz del gobierno federal.<br>\u201cNuestra estrategia se concreta en la construcci\u00f3n de centros de paz, que a su vez forman agentes de paz, a fin de promover la equidad de g\u00e9nero, defensa de las ni\u00f1as y mujeres, de una convivencia arm\u00f3nica en las familias, as\u00ed como evitar el suicido, a trav\u00e9s de programas de salud mental\u201d, a\u00f1adi\u00f3 luego de agradecer el apoyo y colaboraci\u00f3n del rector de la universidad, Carlos Eduardo Barrera D\u00edaz.<br>Con dicho acto, se formaliza lo que ya sucede en los planteles y centros universitarios de la UAEM\u00e9x, pues m\u00e1s de cuatro mil estudiantes han acudido a los talleres impartidos por el gobierno local a trav\u00e9s del programa Ambientes de Paz.<br>En su intervenci\u00f3n, el secretario de Rector\u00eda de la UAEM\u00e9x, Marco Aurelio Cienfuegos Terr\u00f3n, destac\u00f3 que dicha firma contribuye al fortalecimiento interinstitucional y reconoci\u00f3 que el gobierno municipal, que encabeza el alcalde Juan Rodolfo S\u00e1nchez G\u00f3mez, ha generado esta iniciativa para crear centros de paz y que comprometen a la universidad a promoverlos.<br>\u201cDesde la universidad nos sumamos a la promoci\u00f3n y pr\u00e1ctica cotidiana de una cultura de paz, mediante la soluci\u00f3n de diferencias y conflictos, a trav\u00e9s de un di\u00e1logo respetuoso y participativo\u201d manifest\u00f3.<br>Fungieron como testigos el secretario del Ayuntamiento de Toluca, Carlos S\u00e1nchez S\u00e1nchez, y el director general de Gobierno, Mario Montiel Casta\u00f1eda, cont\u00e1ndose con la presencia de la coordinadora institucional de equidad de g\u00e9nero de la universidad, Roc\u00edo \u00c1lvarez Miranda, autoridades municipales y universitarias.<\/p>\n\n\n\n<figure class=\"wp-block-gallery columns-3 is-cropped wp-block-gallery-1 is-layout-flex wp-block-gallery-is-layout-flex\"><ul class=\"blocks-gallery-grid\"><li class=\"blocks-gallery-item\"><figure><img decoding=\"async\" width=\"1024\" height=\"681\" src=\"https:\/\/21panorama.com\/wp-content\/uploads\/2021\/11\/3d3681cf-4739-4002-8417-bd7823e91292-1024x681.jpeg\" alt=\"\" data-id=\"2385\" data-link=\"https:\/\/21panorama.com\/?attachment_id=2385\" class=\"wp-image-2385\" srcset=\"https:\/\/21panorama.com\/wp-content\/uploads\/2021\/11\/3d3681cf-4739-4002-8417-bd7823e91292-1024x681.jpeg 1024w, https:\/\/21panorama.com\/wp-content\/uploads\/2021\/11\/3d3681cf-4739-4002-8417-bd7823e91292-300x199.jpeg 300w, https:\/\/21panorama.com\/wp-content\/uploads\/2021\/11\/3d3681cf-4739-4002-8417-bd7823e91292-768x511.jpeg 768w, https:\/\/21panorama.com\/wp-content\/uploads\/2021\/11\/3d3681cf-4739-4002-8417-bd7823e91292.jpeg 1280w\" sizes=\"(max-width: 1024px) 100vw, 1024px\" \/><\/figure><\/li><li class=\"blocks-gallery-item\"><figure><img decoding=\"async\" width=\"1024\" height=\"658\" src=\"https:\/\/21panorama.com\/wp-content\/uploads\/2021\/11\/e4b13cba-f2eb-4e22-8caf-3812b4b34d05-1024x658.jpeg\" alt=\"\" data-id=\"2386\" data-link=\"https:\/\/21panorama.com\/?attachment_id=2386\" class=\"wp-image-2386\" srcset=\"https:\/\/21panorama.com\/wp-content\/uploads\/2021\/11\/e4b13cba-f2eb-4e22-8caf-3812b4b34d05-1024x658.jpeg 1024w, https:\/\/21panorama.com\/wp-content\/uploads\/2021\/11\/e4b13cba-f2eb-4e22-8caf-3812b4b34d05-300x193.jpeg 300w, https:\/\/21panorama.com\/wp-content\/uploads\/2021\/11\/e4b13cba-f2eb-4e22-8caf-3812b4b34d05-768x494.jpeg 768w, https:\/\/21panorama.com\/wp-content\/uploads\/2021\/11\/e4b13cba-f2eb-4e22-8caf-3812b4b34d05.jpeg 1280w\" sizes=\"(max-width: 1024px) 100vw, 1024px\" \/><\/figure><\/li><li class=\"blocks-gallery-item\"><figure><img decoding=\"async\" width=\"1024\" height=\"566\" src=\"https:\/\/21panorama.com\/wp-content\/uploads\/2021\/11\/d87912d3-ecbe-4afe-875d-05490cc6d7b5-1024x566.jpeg\" alt=\"\" data-id=\"2387\" data-full-url=\"https:\/\/21panorama.com\/wp-content\/uploads\/2021\/11\/d87912d3-ecbe-4afe-875d-05490cc6d7b5.jpeg\" data-link=\"https:\/\/21panorama.com\/?attachment_id=2387\" class=\"wp-image-2387\" srcset=\"https:\/\/21panorama.com\/wp-content\/uploads\/2021\/11\/d87912d3-ecbe-4afe-875d-05490cc6d7b5-1024x566.jpeg 1024w, https:\/\/21panorama.com\/wp-content\/uploads\/2021\/11\/d87912d3-ecbe-4afe-875d-05490cc6d7b5-300x166.jpeg 300w, https:\/\/21panorama.com\/wp-content\/uploads\/2021\/11\/d87912d3-ecbe-4afe-875d-05490cc6d7b5-768x425.jpeg 768w, https:\/\/21panorama.com\/wp-content\/uploads\/2021\/11\/d87912d3-ecbe-4afe-875d-05490cc6d7b5.jpeg 1280w\" sizes=\"(max-width: 1024px) 100vw, 1024px\" \/><\/figure><\/li><\/ul><\/figure>\n","protected":false},"excerpt":{"rendered":"<p>Toluca, Estado de M\u00e9xico, mi\u00e9rcoles 17 de noviembre de 2021.- En el transcurso de las pr\u00f3ximas semanas la Universidad Aut\u00f3noma del Estado de M\u00e9xico (UAEM\u00e9x) se convertir\u00e1 en un centro de paz, con la finalidad de promover este tipo de ambientes para los habitantes de la capital, especialmente mujeres ni\u00f1os y adultos mayores, objetivo principal de la firma de la Carta Compromiso entre el gobierno municipal de Toluca y la M\u00e1xima casa de estudios de la entidad.<\/p>\n","protected":false},"author":1,"featured_media":2384,"comment_status":"open","ping_status":"open","sticky":false,"template":"","format":"standard","meta":{"footnotes":""},"categories":[1],"tags":[131],"class_list":["post-2383","post","type-post","status-publish","format-standard","has-post-thumbnail","hentry","category-sociedad","tag-uaem"],"yoast_head":"<!-- This site is optimized with the Yoast SEO plugin v24.9 - https:\/\/yoast.com\/wordpress\/plugins\/seo\/ -->\n<title>Firman Toluca y UAEM\u00e9x Carta Compromiso para crear Centros de Paz - 21 Panorama<\/title>\n<meta name=\"robots\" content=\"index, follow, max-snippet:-1, max-image-preview:large, max-video-preview:-1\" \/>\n<link rel=\"canonical\" href=\"https:\/\/21panorama.com\/index.php\/2021\/11\/17\/firman-toluca-y-uaemex-carta-compromiso-para-crear-centros-de-paz\/\" \/>\n<meta property=\"og:locale\" content=\"es_MX\" \/>\n<meta property=\"og:type\" content=\"article\" \/>\n<meta property=\"og:title\" content=\"Firman Toluca y UAEM\u00e9x Carta Compromiso para crear Centros de Paz - 21 Panorama\" \/>\n<meta property=\"og:description\" content=\"Toluca, Estado de M\u00e9xico, mi\u00e9rcoles 17 de noviembre de 2021.- En el transcurso de las pr\u00f3ximas semanas la Universidad Aut\u00f3noma del Estado de M\u00e9xico (UAEM\u00e9x) se convertir\u00e1 en un centro de paz, con la finalidad de promover este tipo de ambientes para los habitantes de la capital, especialmente mujeres ni\u00f1os y adultos mayores, objetivo principal de la firma de la Carta Compromiso entre el gobierno municipal de Toluca y la M\u00e1xima casa de estudios de la entidad.\" \/>\n<meta property=\"og:url\" content=\"https:\/\/21panorama.com\/index.php\/2021\/11\/17\/firman-toluca-y-uaemex-carta-compromiso-para-crear-centros-de-paz\/\" \/>\n<meta property=\"og:site_name\" content=\"21 Panorama\" \/>\n<meta property=\"article:published_time\" content=\"2021-11-17T22:56:13+00:00\" \/>\n<meta property=\"article:modified_time\" content=\"2021-11-17T22:56:14+00:00\" \/>\n<meta property=\"og:image\" content=\"https:\/\/21panorama.com\/wp-content\/uploads\/2021\/11\/d3b1ba78-fdaa-4c08-a435-bae3fb1e9757.jpeg\" \/>\n\t<meta property=\"og:image:width\" content=\"1280\" \/>\n\t<meta property=\"og:image:height\" content=\"720\" \/>\n\t<meta property=\"og:image:type\" content=\"image\/jpeg\" \/>\n<meta name=\"author\" content=\"admin\" \/>\n<meta name=\"twitter:card\" content=\"summary_large_image\" \/>\n<meta name=\"twitter:label1\" content=\"Escrito por\" \/>\n\t<meta name=\"twitter:data1\" content=\"admin\" \/>\n\t<meta name=\"twitter:label2\" content=\"Tiempo de lectura\" \/>\n\t<meta name=\"twitter:data2\" content=\"3 minutos\" \/>\n<script type=\"application\/ld+json\" class=\"yoast-schema-graph\">{\"@context\":\"https:\/\/schema.org\",\"@graph\":[{\"@type\":\"Article\",\"@id\":\"https:\/\/21panorama.com\/index.php\/2021\/11\/17\/firman-toluca-y-uaemex-carta-compromiso-para-crear-centros-de-paz\/#article\",\"isPartOf\":{\"@id\":\"https:\/\/21panorama.com\/index.php\/2021\/11\/17\/firman-toluca-y-uaemex-carta-compromiso-para-crear-centros-de-paz\/\"},\"author\":{\"name\":\"admin\",\"@id\":\"https:\/\/21panorama.com\/#\/schema\/person\/1afc291b96d5792a158768324287319f\"},\"headline\":\"Firman Toluca y UAEM\u00e9x Carta Compromiso para crear Centros de Paz\",\"datePublished\":\"2021-11-17T22:56:13+00:00\",\"dateModified\":\"2021-11-17T22:56:14+00:00\",\"mainEntityOfPage\":{\"@id\":\"https:\/\/21panorama.com\/index.php\/2021\/11\/17\/firman-toluca-y-uaemex-carta-compromiso-para-crear-centros-de-paz\/\"},\"wordCount\":418,\"commentCount\":0,\"publisher\":{\"@id\":\"https:\/\/21panorama.com\/#organization\"},\"image\":{\"@id\":\"https:\/\/21panorama.com\/index.php\/2021\/11\/17\/firman-toluca-y-uaemex-carta-compromiso-para-crear-centros-de-paz\/#primaryimage\"},\"thumbnailUrl\":\"https:\/\/21panorama.com\/wp-content\/uploads\/2021\/11\/d3b1ba78-fdaa-4c08-a435-bae3fb1e9757.jpeg\",\"keywords\":[\"UAEM\"],\"articleSection\":[\"Sociedad\"],\"inLanguage\":\"es\",\"potentialAction\":[{\"@type\":\"CommentAction\",\"name\":\"Comment\",\"target\":[\"https:\/\/21panorama.com\/index.php\/2021\/11\/17\/firman-toluca-y-uaemex-carta-compromiso-para-crear-centros-de-paz\/#respond\"]}]},{\"@type\":\"WebPage\",\"@id\":\"https:\/\/21panorama.com\/index.php\/2021\/11\/17\/firman-toluca-y-uaemex-carta-compromiso-para-crear-centros-de-paz\/\",\"url\":\"https:\/\/21panorama.com\/index.php\/2021\/11\/17\/firman-toluca-y-uaemex-carta-compromiso-para-crear-centros-de-paz\/\",\"name\":\"Firman Toluca y UAEM\u00e9x Carta Compromiso para crear Centros de Paz - 21 Panorama\",\"isPartOf\":{\"@id\":\"https:\/\/21panorama.com\/#website\"},\"primaryImageOfPage\":{\"@id\":\"https:\/\/21panorama.com\/index.php\/2021\/11\/17\/firman-toluca-y-uaemex-carta-compromiso-para-crear-centros-de-paz\/#primaryimage\"},\"image\":{\"@id\":\"https:\/\/21panorama.com\/index.php\/2021\/11\/17\/firman-toluca-y-uaemex-carta-compromiso-para-crear-centros-de-paz\/#primaryimage\"},\"thumbnailUrl\":\"https:\/\/21panorama.com\/wp-content\/uploads\/2021\/11\/d3b1ba78-fdaa-4c08-a435-bae3fb1e9757.jpeg\",\"datePublished\":\"2021-11-17T22:56:13+00:00\",\"dateModified\":\"2021-11-17T22:56:14+00:00\",\"breadcrumb\":{\"@id\":\"https:\/\/21panorama.com\/index.php\/2021\/11\/17\/firman-toluca-y-uaemex-carta-compromiso-para-crear-centros-de-paz\/#breadcrumb\"},\"inLanguage\":\"es\",\"potentialAction\":[{\"@type\":\"ReadAction\",\"target\":[\"https:\/\/21panorama.com\/index.php\/2021\/11\/17\/firman-toluca-y-uaemex-carta-compromiso-para-crear-centros-de-paz\/\"]}]},{\"@type\":\"ImageObject\",\"inLanguage\":\"es\",\"@id\":\"https:\/\/21panorama.com\/index.php\/2021\/11\/17\/firman-toluca-y-uaemex-carta-compromiso-para-crear-centros-de-paz\/#primaryimage\",\"url\":\"https:\/\/21panorama.com\/wp-content\/uploads\/2021\/11\/d3b1ba78-fdaa-4c08-a435-bae3fb1e9757.jpeg\",\"contentUrl\":\"https:\/\/21panorama.com\/wp-content\/uploads\/2021\/11\/d3b1ba78-fdaa-4c08-a435-bae3fb1e9757.jpeg\",\"width\":1280,\"height\":720},{\"@type\":\"BreadcrumbList\",\"@id\":\"https:\/\/21panorama.com\/index.php\/2021\/11\/17\/firman-toluca-y-uaemex-carta-compromiso-para-crear-centros-de-paz\/#breadcrumb\",\"itemListElement\":[{\"@type\":\"ListItem\",\"position\":1,\"name\":\"Inicio\",\"item\":\"https:\/\/21panorama.com\/\"},{\"@type\":\"ListItem\",\"position\":2,\"name\":\"Firman Toluca y UAEM\u00e9x Carta Compromiso para crear Centros de Paz\"}]},{\"@type\":\"WebSite\",\"@id\":\"https:\/\/21panorama.com\/#website\",\"url\":\"https:\/\/21panorama.com\/\",\"name\":\"21 Panorama\",\"description\":\"La construcci\u00f3n de la opini\u00f3n p\u00fablica merece un mejor Panorama en este siglo 21 para alcanzar una sociedad con mayor transparencia y sin corrupci\u00f3n.\",\"publisher\":{\"@id\":\"https:\/\/21panorama.com\/#organization\"},\"potentialAction\":[{\"@type\":\"SearchAction\",\"target\":{\"@type\":\"EntryPoint\",\"urlTemplate\":\"https:\/\/21panorama.com\/?s={search_term_string}\"},\"query-input\":{\"@type\":\"PropertyValueSpecification\",\"valueRequired\":true,\"valueName\":\"search_term_string\"}}],\"inLanguage\":\"es\"},{\"@type\":\"Organization\",\"@id\":\"https:\/\/21panorama.com\/#organization\",\"name\":\"21 Panorama\",\"url\":\"https:\/\/21panorama.com\/\",\"logo\":{\"@type\":\"ImageObject\",\"inLanguage\":\"es\",\"@id\":\"https:\/\/21panorama.com\/#\/schema\/logo\/image\/\",\"url\":\"https:\/\/21panorama.com\/wp-content\/uploads\/2019\/07\/cropped-Logo-Panorama-01.jpeg\",\"contentUrl\":\"https:\/\/21panorama.com\/wp-content\/uploads\/2019\/07\/cropped-Logo-Panorama-01.jpeg\",\"width\":290,\"height\":70,\"caption\":\"21 Panorama\"},\"image\":{\"@id\":\"https:\/\/21panorama.com\/#\/schema\/logo\/image\/\"}},{\"@type\":\"Person\",\"@id\":\"https:\/\/21panorama.com\/#\/schema\/person\/1afc291b96d5792a158768324287319f\",\"name\":\"admin\",\"image\":{\"@type\":\"ImageObject\",\"inLanguage\":\"es\",\"@id\":\"https:\/\/21panorama.com\/#\/schema\/person\/image\/\",\"url\":\"https:\/\/secure.gravatar.com\/avatar\/ad365d9d9f46719215b0d042cc3df92a5a8683e09ef13d102233e5491985f0f0?s=96&d=mm&r=g\",\"contentUrl\":\"https:\/\/secure.gravatar.com\/avatar\/ad365d9d9f46719215b0d042cc3df92a5a8683e09ef13d102233e5491985f0f0?s=96&d=mm&r=g\",\"caption\":\"admin\"},\"url\":\"https:\/\/21panorama.com\/index.php\/author\/admin\/\"}]}<\/script>\n<!-- \/ Yoast SEO plugin. -->","yoast_head_json":{"title":"Firman Toluca y UAEM\u00e9x Carta Compromiso para crear Centros de Paz - 21 Panorama","robots":{"index":"index","follow":"follow","max-snippet":"max-snippet:-1","max-image-preview":"max-image-preview:large","max-video-preview":"max-video-preview:-1"},"canonical":"https:\/\/21panorama.com\/index.php\/2021\/11\/17\/firman-toluca-y-uaemex-carta-compromiso-para-crear-centros-de-paz\/","og_locale":"es_MX","og_type":"article","og_title":"Firman Toluca y UAEM\u00e9x Carta Compromiso para crear Centros de Paz - 21 Panorama","og_description":"Toluca, Estado de M\u00e9xico, mi\u00e9rcoles 17 de noviembre de 2021.- En el transcurso de las pr\u00f3ximas semanas la Universidad Aut\u00f3noma del Estado de M\u00e9xico (UAEM\u00e9x) se convertir\u00e1 en un centro de paz, con la finalidad de promover este tipo de ambientes para los habitantes de la capital, especialmente mujeres ni\u00f1os y adultos mayores, objetivo principal de la firma de la Carta Compromiso entre el gobierno municipal de Toluca y la M\u00e1xima casa de estudios de la entidad.","og_url":"https:\/\/21panorama.com\/index.php\/2021\/11\/17\/firman-toluca-y-uaemex-carta-compromiso-para-crear-centros-de-paz\/","og_site_name":"21 Panorama","article_published_time":"2021-11-17T22:56:13+00:00","article_modified_time":"2021-11-17T22:56:14+00:00","og_image":[{"width":1280,"height":720,"url":"https:\/\/21panorama.com\/wp-content\/uploads\/2021\/11\/d3b1ba78-fdaa-4c08-a435-bae3fb1e9757.jpeg","type":"image\/jpeg"}],"author":"admin","twitter_card":"summary_large_image","twitter_misc":{"Escrito por":"admin","Tiempo de lectura":"3 minutos"},"schema":{"@context":"https:\/\/schema.org","@graph":[{"@type":"Article","@id":"https:\/\/21panorama.com\/index.php\/2021\/11\/17\/firman-toluca-y-uaemex-carta-compromiso-para-crear-centros-de-paz\/#article","isPartOf":{"@id":"https:\/\/21panorama.com\/index.php\/2021\/11\/17\/firman-toluca-y-uaemex-carta-compromiso-para-crear-centros-de-paz\/"},"author":{"name":"admin","@id":"https:\/\/21panorama.com\/#\/schema\/person\/1afc291b96d5792a158768324287319f"},"headline":"Firman Toluca y UAEM\u00e9x Carta Compromiso para crear Centros de Paz","datePublished":"2021-11-17T22:56:13+00:00","dateModified":"2021-11-17T22:56:14+00:00","mainEntityOfPage":{"@id":"https:\/\/21panorama.com\/index.php\/2021\/11\/17\/firman-toluca-y-uaemex-carta-compromiso-para-crear-centros-de-paz\/"},"wordCount":418,"commentCount":0,"publisher":{"@id":"https:\/\/21panorama.com\/#organization"},"image":{"@id":"https:\/\/21panorama.com\/index.php\/2021\/11\/17\/firman-toluca-y-uaemex-carta-compromiso-para-crear-centros-de-paz\/#primaryimage"},"thumbnailUrl":"https:\/\/21panorama.com\/wp-content\/uploads\/2021\/11\/d3b1ba78-fdaa-4c08-a435-bae3fb1e9757.jpeg","keywords":["UAEM"],"articleSection":["Sociedad"],"inLanguage":"es","potentialAction":[{"@type":"CommentAction","name":"Comment","target":["https:\/\/21panorama.com\/index.php\/2021\/11\/17\/firman-toluca-y-uaemex-carta-compromiso-para-crear-centros-de-paz\/#respond"]}]},{"@type":"WebPage","@id":"https:\/\/21panorama.com\/index.php\/2021\/11\/17\/firman-toluca-y-uaemex-carta-compromiso-para-crear-centros-de-paz\/","url":"https:\/\/21panorama.com\/index.php\/2021\/11\/17\/firman-toluca-y-uaemex-carta-compromiso-para-crear-centros-de-paz\/","name":"Firman Toluca y UAEM\u00e9x Carta Compromiso para crear Centros de Paz - 21 Panorama","isPartOf":{"@id":"https:\/\/21panorama.com\/#website"},"primaryImageOfPage":{"@id":"https:\/\/21panorama.com\/index.php\/2021\/11\/17\/firman-toluca-y-uaemex-carta-compromiso-para-crear-centros-de-paz\/#primaryimage"},"image":{"@id":"https:\/\/21panorama.com\/index.php\/2021\/11\/17\/firman-toluca-y-uaemex-carta-compromiso-para-crear-centros-de-paz\/#primaryimage"},"thumbnailUrl":"https:\/\/21panorama.com\/wp-content\/uploads\/2021\/11\/d3b1ba78-fdaa-4c08-a435-bae3fb1e9757.jpeg","datePublished":"2021-11-17T22:56:13+00:00","dateModified":"2021-11-17T22:56:14+00:00","breadcrumb":{"@id":"https:\/\/21panorama.com\/index.php\/2021\/11\/17\/firman-toluca-y-uaemex-carta-compromiso-para-crear-centros-de-paz\/#breadcrumb"},"inLanguage":"es","potentialAction":[{"@type":"ReadAction","target":["https:\/\/21panorama.com\/index.php\/2021\/11\/17\/firman-toluca-y-uaemex-carta-compromiso-para-crear-centros-de-paz\/"]}]},{"@type":"ImageObject","inLanguage":"es","@id":"https:\/\/21panorama.com\/index.php\/2021\/11\/17\/firman-toluca-y-uaemex-carta-compromiso-para-crear-centros-de-paz\/#primaryimage","url":"https:\/\/21panorama.com\/wp-content\/uploads\/2021\/11\/d3b1ba78-fdaa-4c08-a435-bae3fb1e9757.jpeg","contentUrl":"https:\/\/21panorama.com\/wp-content\/uploads\/2021\/11\/d3b1ba78-fdaa-4c08-a435-bae3fb1e9757.jpeg","width":1280,"height":720},{"@type":"BreadcrumbList","@id":"https:\/\/21panorama.com\/index.php\/2021\/11\/17\/firman-toluca-y-uaemex-carta-compromiso-para-crear-centros-de-paz\/#breadcrumb","itemListElement":[{"@type":"ListItem","position":1,"name":"Inicio","item":"https:\/\/21panorama.com\/"},{"@type":"ListItem","position":2,"name":"Firman Toluca y UAEM\u00e9x Carta Compromiso para crear Centros de Paz"}]},{"@type":"WebSite","@id":"https:\/\/21panorama.com\/#website","url":"https:\/\/21panorama.com\/","name":"21 Panorama","description":"La construcci\u00f3n de la opini\u00f3n p\u00fablica merece un mejor Panorama en este siglo 21 para alcanzar una sociedad con mayor transparencia y sin corrupci\u00f3n.","publisher":{"@id":"https:\/\/21panorama.com\/#organization"},"potentialAction":[{"@type":"SearchAction","target":{"@type":"EntryPoint","urlTemplate":"https:\/\/21panorama.com\/?s={search_term_string}"},"query-input":{"@type":"PropertyValueSpecification","valueRequired":true,"valueName":"search_term_string"}}],"inLanguage":"es"},{"@type":"Organization","@id":"https:\/\/21panorama.com\/#organization","name":"21 Panorama","url":"https:\/\/21panorama.com\/","logo":{"@type":"ImageObject","inLanguage":"es","@id":"https:\/\/21panorama.com\/#\/schema\/logo\/image\/","url":"https:\/\/21panorama.com\/wp-content\/uploads\/2019\/07\/cropped-Logo-Panorama-01.jpeg","contentUrl":"https:\/\/21panorama.com\/wp-content\/uploads\/2019\/07\/cropped-Logo-Panorama-01.jpeg","width":290,"height":70,"caption":"21 Panorama"},"image":{"@id":"https:\/\/21panorama.com\/#\/schema\/logo\/image\/"}},{"@type":"Person","@id":"https:\/\/21panorama.com\/#\/schema\/person\/1afc291b96d5792a158768324287319f","name":"admin","image":{"@type":"ImageObject","inLanguage":"es","@id":"https:\/\/21panorama.com\/#\/schema\/person\/image\/","url":"https:\/\/secure.gravatar.com\/avatar\/ad365d9d9f46719215b0d042cc3df92a5a8683e09ef13d102233e5491985f0f0?s=96&d=mm&r=g","contentUrl":"https:\/\/secure.gravatar.com\/avatar\/ad365d9d9f46719215b0d042cc3df92a5a8683e09ef13d102233e5491985f0f0?s=96&d=mm&r=g","caption":"admin"},"url":"https:\/\/21panorama.com\/index.php\/author\/admin\/"}]}},"_links":{"self":[{"href":"https:\/\/21panorama.com\/index.php\/wp-json\/wp\/v2\/posts\/2383","targetHints":{"allow":["GET"]}}],"collection":[{"href":"https:\/\/21panorama.com\/index.php\/wp-json\/wp\/v2\/posts"}],"about":[{"href":"https:\/\/21panorama.com\/index.php\/wp-json\/wp\/v2\/types\/post"}],"author":[{"embeddable":true,"href":"https:\/\/21panorama.com\/index.php\/wp-json\/wp\/v2\/users\/1"}],"replies":[{"embeddable":true,"href":"https:\/\/21panorama.com\/index.php\/wp-json\/wp\/v2\/comments?post=2383"}],"version-history":[{"count":1,"href":"https:\/\/21panorama.com\/index.php\/wp-json\/wp\/v2\/posts\/2383\/revisions"}],"predecessor-version":[{"id":2388,"href":"https:\/\/21panorama.com\/index.php\/wp-json\/wp\/v2\/posts\/2383\/revisions\/2388"}],"wp:featuredmedia":[{"embeddable":true,"href":"https:\/\/21panorama.com\/index.php\/wp-json\/wp\/v2\/media\/2384"}],"wp:attachment":[{"href":"https:\/\/21panorama.com\/index.php\/wp-json\/wp\/v2\/media?parent=2383"}],"wp:term":[{"taxonomy":"category","embeddable":true,"href":"https:\/\/21panorama.com\/index.php\/wp-json\/wp\/v2\/categories?post=2383"},{"taxonomy":"post_tag","embeddable":true,"href":"https:\/\/21panorama.com\/index.php\/wp-json\/wp\/v2\/tags?post=2383"}],"curies":[{"name":"wp","href":"https:\/\/api.w.org\/{rel}","templated":true}]}}