{"id":2368,"date":"2021-11-14T11:53:34","date_gmt":"2021-11-14T17:53:34","guid":{"rendered":"http:\/\/21panorama.com\/?p=2368"},"modified":"2021-11-14T11:53:35","modified_gmt":"2021-11-14T17:53:35","slug":"pega-con-todo-ruta-ciclista-de-ivan-esquer-en-san-jose-del-rincon","status":"publish","type":"post","link":"https:\/\/21panorama.com\/index.php\/2021\/11\/14\/pega-con-todo-ruta-ciclista-de-ivan-esquer-en-san-jose-del-rincon\/","title":{"rendered":"PEGA CON TODO RUTA CICLISTA DE IV\u00c1N ESQUER EN SAN JOS\u00c9 DEL RINC\u00d3N"},"content":{"rendered":"\n<p>San Jos\u00e9 del Rinc\u00f3n invita a conectarse con su entorno y la naturaleza privilegiada que tiene con la Mariposa Monarca que en breve iniciar\u00e1 su arribo desde Canad\u00e1, afirm\u00f3 el diputado Iv\u00e1n Esquer Cruz, al iniciar la ruta ciclista en este municipio.<\/p>\n\n\n\n<p>Acompa\u00f1ado de los alcaldes de San Jos\u00e9 del Rinc\u00f3n, Mar\u00eda Elena Monta\u00f1o y Jocotitl\u00e1n, Armando S\u00e1nchez, cientos de ciclistas salieron desde la comunidad de La Mesa a la ruta \u201cConoce el Encanto de Distrito XIII\u201d.<\/p>\n\n\n\n<p>Llamo a conectarse con el medio ambiente pues se trata de \u201cuna gran experiencia pues lo que tiene en abundancia San Jos\u00e9 es su entono ecol\u00f3gico y su santuario de la mariposa monarca\u201d.<\/p>\n\n\n\n<p>Llam\u00f3 a conocer a profundidad esta regi\u00f3n que nos abre las puertas a todos tanto Temascalcingo Jocotitlan El Oro y Atlacomulco.<\/p>\n\n\n\n<figure class=\"wp-block-gallery columns-2 is-cropped wp-block-gallery-1 is-layout-flex wp-block-gallery-is-layout-flex\"><ul class=\"blocks-gallery-grid\"><li class=\"blocks-gallery-item\"><figure><img decoding=\"async\" width=\"1024\" height=\"768\" src=\"https:\/\/21panorama.com\/wp-content\/uploads\/2021\/11\/8b3252ce-cabd-414b-8258-e13d7d650b0f-1024x768.jpeg\" alt=\"\" data-id=\"2370\" data-link=\"https:\/\/21panorama.com\/?attachment_id=2370\" class=\"wp-image-2370\" srcset=\"https:\/\/21panorama.com\/wp-content\/uploads\/2021\/11\/8b3252ce-cabd-414b-8258-e13d7d650b0f-1024x768.jpeg 1024w, https:\/\/21panorama.com\/wp-content\/uploads\/2021\/11\/8b3252ce-cabd-414b-8258-e13d7d650b0f-300x225.jpeg 300w, https:\/\/21panorama.com\/wp-content\/uploads\/2021\/11\/8b3252ce-cabd-414b-8258-e13d7d650b0f-768x576.jpeg 768w, https:\/\/21panorama.com\/wp-content\/uploads\/2021\/11\/8b3252ce-cabd-414b-8258-e13d7d650b0f.jpeg 1280w\" sizes=\"(max-width: 1024px) 100vw, 1024px\" \/><\/figure><\/li><li class=\"blocks-gallery-item\"><figure><img decoding=\"async\" width=\"1024\" height=\"768\" src=\"https:\/\/21panorama.com\/wp-content\/uploads\/2021\/11\/fb5bc0f0-9aba-4478-8980-558f9b15dc5c-1024x768.jpeg\" alt=\"\" data-id=\"2371\" data-full-url=\"https:\/\/21panorama.com\/wp-content\/uploads\/2021\/11\/fb5bc0f0-9aba-4478-8980-558f9b15dc5c.jpeg\" data-link=\"https:\/\/21panorama.com\/?attachment_id=2371\" class=\"wp-image-2371\" srcset=\"https:\/\/21panorama.com\/wp-content\/uploads\/2021\/11\/fb5bc0f0-9aba-4478-8980-558f9b15dc5c-1024x768.jpeg 1024w, https:\/\/21panorama.com\/wp-content\/uploads\/2021\/11\/fb5bc0f0-9aba-4478-8980-558f9b15dc5c-300x225.jpeg 300w, https:\/\/21panorama.com\/wp-content\/uploads\/2021\/11\/fb5bc0f0-9aba-4478-8980-558f9b15dc5c-768x576.jpeg 768w, https:\/\/21panorama.com\/wp-content\/uploads\/2021\/11\/fb5bc0f0-9aba-4478-8980-558f9b15dc5c.jpeg 1280w\" sizes=\"(max-width: 1024px) 100vw, 1024px\" \/><\/figure><\/li><\/ul><\/figure>\n","protected":false},"excerpt":{"rendered":"<p>San Jos\u00e9 del Rinc\u00f3n invita a conectarse con su entorno y la naturaleza privilegiada que tiene con la Mariposa Monarca que en breve iniciar\u00e1 su arribo desde Canad\u00e1, afirm\u00f3 el diputado Iv\u00e1n Esquer Cruz, al iniciar la ruta ciclista en este municipio.  <\/p>\n","protected":false},"author":1,"featured_media":2369,"comment_status":"open","ping_status":"open","sticky":false,"template":"","format":"standard","meta":{"footnotes":""},"categories":[7],"tags":[216],"class_list":["post-2368","post","type-post","status-publish","format-standard","has-post-thumbnail","hentry","category-deportes","tag-ciclismo-2"],"yoast_head":"<!-- This site is optimized with the Yoast SEO plugin v24.9 - https:\/\/yoast.com\/wordpress\/plugins\/seo\/ -->\n<title>PEGA CON TODO RUTA CICLISTA DE IV\u00c1N ESQUER EN SAN JOS\u00c9 DEL RINC\u00d3N - 21 Panorama<\/title>\n<meta name=\"robots\" content=\"index, follow, max-snippet:-1, max-image-preview:large, max-video-preview:-1\" \/>\n<link rel=\"canonical\" href=\"https:\/\/21panorama.com\/index.php\/2021\/11\/14\/pega-con-todo-ruta-ciclista-de-ivan-esquer-en-san-jose-del-rincon\/\" \/>\n<meta property=\"og:locale\" content=\"es_MX\" \/>\n<meta property=\"og:type\" content=\"article\" \/>\n<meta property=\"og:title\" content=\"PEGA CON TODO RUTA CICLISTA DE IV\u00c1N ESQUER EN SAN JOS\u00c9 DEL RINC\u00d3N - 21 Panorama\" \/>\n<meta property=\"og:description\" content=\"San Jos\u00e9 del Rinc\u00f3n invita a conectarse con su entorno y la naturaleza privilegiada que tiene con la Mariposa Monarca que en breve iniciar\u00e1 su arribo desde Canad\u00e1, afirm\u00f3 el diputado Iv\u00e1n Esquer Cruz, al iniciar la ruta ciclista en este municipio.\" \/>\n<meta property=\"og:url\" content=\"https:\/\/21panorama.com\/index.php\/2021\/11\/14\/pega-con-todo-ruta-ciclista-de-ivan-esquer-en-san-jose-del-rincon\/\" \/>\n<meta property=\"og:site_name\" content=\"21 Panorama\" \/>\n<meta property=\"article:published_time\" content=\"2021-11-14T17:53:34+00:00\" \/>\n<meta property=\"article:modified_time\" content=\"2021-11-14T17:53:35+00:00\" \/>\n<meta property=\"og:image\" content=\"https:\/\/21panorama.com\/wp-content\/uploads\/2021\/11\/c13e6017-d173-484f-8eea-9e6ada4ac1df.jpeg\" \/>\n\t<meta property=\"og:image:width\" content=\"1280\" \/>\n\t<meta property=\"og:image:height\" content=\"798\" \/>\n\t<meta property=\"og:image:type\" content=\"image\/jpeg\" \/>\n<meta name=\"author\" content=\"admin\" \/>\n<meta name=\"twitter:card\" content=\"summary_large_image\" \/>\n<meta name=\"twitter:label1\" content=\"Escrito por\" \/>\n\t<meta name=\"twitter:data1\" content=\"admin\" \/>\n\t<meta name=\"twitter:label2\" content=\"Tiempo de lectura\" \/>\n\t<meta name=\"twitter:data2\" content=\"1 minuto\" \/>\n<script type=\"application\/ld+json\" class=\"yoast-schema-graph\">{\"@context\":\"https:\/\/schema.org\",\"@graph\":[{\"@type\":\"Article\",\"@id\":\"https:\/\/21panorama.com\/index.php\/2021\/11\/14\/pega-con-todo-ruta-ciclista-de-ivan-esquer-en-san-jose-del-rincon\/#article\",\"isPartOf\":{\"@id\":\"https:\/\/21panorama.com\/index.php\/2021\/11\/14\/pega-con-todo-ruta-ciclista-de-ivan-esquer-en-san-jose-del-rincon\/\"},\"author\":{\"name\":\"admin\",\"@id\":\"https:\/\/21panorama.com\/#\/schema\/person\/1afc291b96d5792a158768324287319f\"},\"headline\":\"PEGA CON TODO RUTA CICLISTA DE IV\u00c1N ESQUER EN SAN JOS\u00c9 DEL RINC\u00d3N\",\"datePublished\":\"2021-11-14T17:53:34+00:00\",\"dateModified\":\"2021-11-14T17:53:35+00:00\",\"mainEntityOfPage\":{\"@id\":\"https:\/\/21panorama.com\/index.php\/2021\/11\/14\/pega-con-todo-ruta-ciclista-de-ivan-esquer-en-san-jose-del-rincon\/\"},\"wordCount\":156,\"commentCount\":0,\"publisher\":{\"@id\":\"https:\/\/21panorama.com\/#organization\"},\"image\":{\"@id\":\"https:\/\/21panorama.com\/index.php\/2021\/11\/14\/pega-con-todo-ruta-ciclista-de-ivan-esquer-en-san-jose-del-rincon\/#primaryimage\"},\"thumbnailUrl\":\"https:\/\/21panorama.com\/wp-content\/uploads\/2021\/11\/c13e6017-d173-484f-8eea-9e6ada4ac1df.jpeg\",\"keywords\":[\"CICLISMO\"],\"articleSection\":[\"Deportes\"],\"inLanguage\":\"es\",\"potentialAction\":[{\"@type\":\"CommentAction\",\"name\":\"Comment\",\"target\":[\"https:\/\/21panorama.com\/index.php\/2021\/11\/14\/pega-con-todo-ruta-ciclista-de-ivan-esquer-en-san-jose-del-rincon\/#respond\"]}]},{\"@type\":\"WebPage\",\"@id\":\"https:\/\/21panorama.com\/index.php\/2021\/11\/14\/pega-con-todo-ruta-ciclista-de-ivan-esquer-en-san-jose-del-rincon\/\",\"url\":\"https:\/\/21panorama.com\/index.php\/2021\/11\/14\/pega-con-todo-ruta-ciclista-de-ivan-esquer-en-san-jose-del-rincon\/\",\"name\":\"PEGA CON TODO RUTA CICLISTA DE IV\u00c1N ESQUER EN SAN JOS\u00c9 DEL RINC\u00d3N - 21 Panorama\",\"isPartOf\":{\"@id\":\"https:\/\/21panorama.com\/#website\"},\"primaryImageOfPage\":{\"@id\":\"https:\/\/21panorama.com\/index.php\/2021\/11\/14\/pega-con-todo-ruta-ciclista-de-ivan-esquer-en-san-jose-del-rincon\/#primaryimage\"},\"image\":{\"@id\":\"https:\/\/21panorama.com\/index.php\/2021\/11\/14\/pega-con-todo-ruta-ciclista-de-ivan-esquer-en-san-jose-del-rincon\/#primaryimage\"},\"thumbnailUrl\":\"https:\/\/21panorama.com\/wp-content\/uploads\/2021\/11\/c13e6017-d173-484f-8eea-9e6ada4ac1df.jpeg\",\"datePublished\":\"2021-11-14T17:53:34+00:00\",\"dateModified\":\"2021-11-14T17:53:35+00:00\",\"breadcrumb\":{\"@id\":\"https:\/\/21panorama.com\/index.php\/2021\/11\/14\/pega-con-todo-ruta-ciclista-de-ivan-esquer-en-san-jose-del-rincon\/#breadcrumb\"},\"inLanguage\":\"es\",\"potentialAction\":[{\"@type\":\"ReadAction\",\"target\":[\"https:\/\/21panorama.com\/index.php\/2021\/11\/14\/pega-con-todo-ruta-ciclista-de-ivan-esquer-en-san-jose-del-rincon\/\"]}]},{\"@type\":\"ImageObject\",\"inLanguage\":\"es\",\"@id\":\"https:\/\/21panorama.com\/index.php\/2021\/11\/14\/pega-con-todo-ruta-ciclista-de-ivan-esquer-en-san-jose-del-rincon\/#primaryimage\",\"url\":\"https:\/\/21panorama.com\/wp-content\/uploads\/2021\/11\/c13e6017-d173-484f-8eea-9e6ada4ac1df.jpeg\",\"contentUrl\":\"https:\/\/21panorama.com\/wp-content\/uploads\/2021\/11\/c13e6017-d173-484f-8eea-9e6ada4ac1df.jpeg\",\"width\":1280,\"height\":798},{\"@type\":\"BreadcrumbList\",\"@id\":\"https:\/\/21panorama.com\/index.php\/2021\/11\/14\/pega-con-todo-ruta-ciclista-de-ivan-esquer-en-san-jose-del-rincon\/#breadcrumb\",\"itemListElement\":[{\"@type\":\"ListItem\",\"position\":1,\"name\":\"Inicio\",\"item\":\"https:\/\/21panorama.com\/\"},{\"@type\":\"ListItem\",\"position\":2,\"name\":\"PEGA CON TODO RUTA CICLISTA DE IV\u00c1N ESQUER EN SAN JOS\u00c9 DEL RINC\u00d3N\"}]},{\"@type\":\"WebSite\",\"@id\":\"https:\/\/21panorama.com\/#website\",\"url\":\"https:\/\/21panorama.com\/\",\"name\":\"21 Panorama\",\"description\":\"La construcci\u00f3n de la opini\u00f3n p\u00fablica merece un mejor Panorama en este siglo 21 para alcanzar una sociedad con mayor transparencia y sin corrupci\u00f3n.\",\"publisher\":{\"@id\":\"https:\/\/21panorama.com\/#organization\"},\"potentialAction\":[{\"@type\":\"SearchAction\",\"target\":{\"@type\":\"EntryPoint\",\"urlTemplate\":\"https:\/\/21panorama.com\/?s={search_term_string}\"},\"query-input\":{\"@type\":\"PropertyValueSpecification\",\"valueRequired\":true,\"valueName\":\"search_term_string\"}}],\"inLanguage\":\"es\"},{\"@type\":\"Organization\",\"@id\":\"https:\/\/21panorama.com\/#organization\",\"name\":\"21 Panorama\",\"url\":\"https:\/\/21panorama.com\/\",\"logo\":{\"@type\":\"ImageObject\",\"inLanguage\":\"es\",\"@id\":\"https:\/\/21panorama.com\/#\/schema\/logo\/image\/\",\"url\":\"https:\/\/21panorama.com\/wp-content\/uploads\/2019\/07\/cropped-Logo-Panorama-01.jpeg\",\"contentUrl\":\"https:\/\/21panorama.com\/wp-content\/uploads\/2019\/07\/cropped-Logo-Panorama-01.jpeg\",\"width\":290,\"height\":70,\"caption\":\"21 Panorama\"},\"image\":{\"@id\":\"https:\/\/21panorama.com\/#\/schema\/logo\/image\/\"}},{\"@type\":\"Person\",\"@id\":\"https:\/\/21panorama.com\/#\/schema\/person\/1afc291b96d5792a158768324287319f\",\"name\":\"admin\",\"image\":{\"@type\":\"ImageObject\",\"inLanguage\":\"es\",\"@id\":\"https:\/\/21panorama.com\/#\/schema\/person\/image\/\",\"url\":\"https:\/\/secure.gravatar.com\/avatar\/ad365d9d9f46719215b0d042cc3df92a5a8683e09ef13d102233e5491985f0f0?s=96&d=mm&r=g\",\"contentUrl\":\"https:\/\/secure.gravatar.com\/avatar\/ad365d9d9f46719215b0d042cc3df92a5a8683e09ef13d102233e5491985f0f0?s=96&d=mm&r=g\",\"caption\":\"admin\"},\"url\":\"https:\/\/21panorama.com\/index.php\/author\/admin\/\"}]}<\/script>\n<!-- \/ Yoast SEO plugin. -->","yoast_head_json":{"title":"PEGA CON TODO RUTA CICLISTA DE IV\u00c1N ESQUER EN SAN JOS\u00c9 DEL RINC\u00d3N - 21 Panorama","robots":{"index":"index","follow":"follow","max-snippet":"max-snippet:-1","max-image-preview":"max-image-preview:large","max-video-preview":"max-video-preview:-1"},"canonical":"https:\/\/21panorama.com\/index.php\/2021\/11\/14\/pega-con-todo-ruta-ciclista-de-ivan-esquer-en-san-jose-del-rincon\/","og_locale":"es_MX","og_type":"article","og_title":"PEGA CON TODO RUTA CICLISTA DE IV\u00c1N ESQUER EN SAN JOS\u00c9 DEL RINC\u00d3N - 21 Panorama","og_description":"San Jos\u00e9 del Rinc\u00f3n invita a conectarse con su entorno y la naturaleza privilegiada que tiene con la Mariposa Monarca que en breve iniciar\u00e1 su arribo desde Canad\u00e1, afirm\u00f3 el diputado Iv\u00e1n Esquer Cruz, al iniciar la ruta ciclista en este municipio.","og_url":"https:\/\/21panorama.com\/index.php\/2021\/11\/14\/pega-con-todo-ruta-ciclista-de-ivan-esquer-en-san-jose-del-rincon\/","og_site_name":"21 Panorama","article_published_time":"2021-11-14T17:53:34+00:00","article_modified_time":"2021-11-14T17:53:35+00:00","og_image":[{"width":1280,"height":798,"url":"https:\/\/21panorama.com\/wp-content\/uploads\/2021\/11\/c13e6017-d173-484f-8eea-9e6ada4ac1df.jpeg","type":"image\/jpeg"}],"author":"admin","twitter_card":"summary_large_image","twitter_misc":{"Escrito por":"admin","Tiempo de lectura":"1 minuto"},"schema":{"@context":"https:\/\/schema.org","@graph":[{"@type":"Article","@id":"https:\/\/21panorama.com\/index.php\/2021\/11\/14\/pega-con-todo-ruta-ciclista-de-ivan-esquer-en-san-jose-del-rincon\/#article","isPartOf":{"@id":"https:\/\/21panorama.com\/index.php\/2021\/11\/14\/pega-con-todo-ruta-ciclista-de-ivan-esquer-en-san-jose-del-rincon\/"},"author":{"name":"admin","@id":"https:\/\/21panorama.com\/#\/schema\/person\/1afc291b96d5792a158768324287319f"},"headline":"PEGA CON TODO RUTA CICLISTA DE IV\u00c1N ESQUER EN SAN JOS\u00c9 DEL RINC\u00d3N","datePublished":"2021-11-14T17:53:34+00:00","dateModified":"2021-11-14T17:53:35+00:00","mainEntityOfPage":{"@id":"https:\/\/21panorama.com\/index.php\/2021\/11\/14\/pega-con-todo-ruta-ciclista-de-ivan-esquer-en-san-jose-del-rincon\/"},"wordCount":156,"commentCount":0,"publisher":{"@id":"https:\/\/21panorama.com\/#organization"},"image":{"@id":"https:\/\/21panorama.com\/index.php\/2021\/11\/14\/pega-con-todo-ruta-ciclista-de-ivan-esquer-en-san-jose-del-rincon\/#primaryimage"},"thumbnailUrl":"https:\/\/21panorama.com\/wp-content\/uploads\/2021\/11\/c13e6017-d173-484f-8eea-9e6ada4ac1df.jpeg","keywords":["CICLISMO"],"articleSection":["Deportes"],"inLanguage":"es","potentialAction":[{"@type":"CommentAction","name":"Comment","target":["https:\/\/21panorama.com\/index.php\/2021\/11\/14\/pega-con-todo-ruta-ciclista-de-ivan-esquer-en-san-jose-del-rincon\/#respond"]}]},{"@type":"WebPage","@id":"https:\/\/21panorama.com\/index.php\/2021\/11\/14\/pega-con-todo-ruta-ciclista-de-ivan-esquer-en-san-jose-del-rincon\/","url":"https:\/\/21panorama.com\/index.php\/2021\/11\/14\/pega-con-todo-ruta-ciclista-de-ivan-esquer-en-san-jose-del-rincon\/","name":"PEGA CON TODO RUTA CICLISTA DE IV\u00c1N ESQUER EN SAN JOS\u00c9 DEL RINC\u00d3N - 21 Panorama","isPartOf":{"@id":"https:\/\/21panorama.com\/#website"},"primaryImageOfPage":{"@id":"https:\/\/21panorama.com\/index.php\/2021\/11\/14\/pega-con-todo-ruta-ciclista-de-ivan-esquer-en-san-jose-del-rincon\/#primaryimage"},"image":{"@id":"https:\/\/21panorama.com\/index.php\/2021\/11\/14\/pega-con-todo-ruta-ciclista-de-ivan-esquer-en-san-jose-del-rincon\/#primaryimage"},"thumbnailUrl":"https:\/\/21panorama.com\/wp-content\/uploads\/2021\/11\/c13e6017-d173-484f-8eea-9e6ada4ac1df.jpeg","datePublished":"2021-11-14T17:53:34+00:00","dateModified":"2021-11-14T17:53:35+00:00","breadcrumb":{"@id":"https:\/\/21panorama.com\/index.php\/2021\/11\/14\/pega-con-todo-ruta-ciclista-de-ivan-esquer-en-san-jose-del-rincon\/#breadcrumb"},"inLanguage":"es","potentialAction":[{"@type":"ReadAction","target":["https:\/\/21panorama.com\/index.php\/2021\/11\/14\/pega-con-todo-ruta-ciclista-de-ivan-esquer-en-san-jose-del-rincon\/"]}]},{"@type":"ImageObject","inLanguage":"es","@id":"https:\/\/21panorama.com\/index.php\/2021\/11\/14\/pega-con-todo-ruta-ciclista-de-ivan-esquer-en-san-jose-del-rincon\/#primaryimage","url":"https:\/\/21panorama.com\/wp-content\/uploads\/2021\/11\/c13e6017-d173-484f-8eea-9e6ada4ac1df.jpeg","contentUrl":"https:\/\/21panorama.com\/wp-content\/uploads\/2021\/11\/c13e6017-d173-484f-8eea-9e6ada4ac1df.jpeg","width":1280,"height":798},{"@type":"BreadcrumbList","@id":"https:\/\/21panorama.com\/index.php\/2021\/11\/14\/pega-con-todo-ruta-ciclista-de-ivan-esquer-en-san-jose-del-rincon\/#breadcrumb","itemListElement":[{"@type":"ListItem","position":1,"name":"Inicio","item":"https:\/\/21panorama.com\/"},{"@type":"ListItem","position":2,"name":"PEGA CON TODO RUTA CICLISTA DE IV\u00c1N ESQUER EN SAN JOS\u00c9 DEL RINC\u00d3N"}]},{"@type":"WebSite","@id":"https:\/\/21panorama.com\/#website","url":"https:\/\/21panorama.com\/","name":"21 Panorama","description":"La construcci\u00f3n de la opini\u00f3n p\u00fablica merece un mejor Panorama en este siglo 21 para alcanzar una sociedad con mayor transparencia y sin corrupci\u00f3n.","publisher":{"@id":"https:\/\/21panorama.com\/#organization"},"potentialAction":[{"@type":"SearchAction","target":{"@type":"EntryPoint","urlTemplate":"https:\/\/21panorama.com\/?s={search_term_string}"},"query-input":{"@type":"PropertyValueSpecification","valueRequired":true,"valueName":"search_term_string"}}],"inLanguage":"es"},{"@type":"Organization","@id":"https:\/\/21panorama.com\/#organization","name":"21 Panorama","url":"https:\/\/21panorama.com\/","logo":{"@type":"ImageObject","inLanguage":"es","@id":"https:\/\/21panorama.com\/#\/schema\/logo\/image\/","url":"https:\/\/21panorama.com\/wp-content\/uploads\/2019\/07\/cropped-Logo-Panorama-01.jpeg","contentUrl":"https:\/\/21panorama.com\/wp-content\/uploads\/2019\/07\/cropped-Logo-Panorama-01.jpeg","width":290,"height":70,"caption":"21 Panorama"},"image":{"@id":"https:\/\/21panorama.com\/#\/schema\/logo\/image\/"}},{"@type":"Person","@id":"https:\/\/21panorama.com\/#\/schema\/person\/1afc291b96d5792a158768324287319f","name":"admin","image":{"@type":"ImageObject","inLanguage":"es","@id":"https:\/\/21panorama.com\/#\/schema\/person\/image\/","url":"https:\/\/secure.gravatar.com\/avatar\/ad365d9d9f46719215b0d042cc3df92a5a8683e09ef13d102233e5491985f0f0?s=96&d=mm&r=g","contentUrl":"https:\/\/secure.gravatar.com\/avatar\/ad365d9d9f46719215b0d042cc3df92a5a8683e09ef13d102233e5491985f0f0?s=96&d=mm&r=g","caption":"admin"},"url":"https:\/\/21panorama.com\/index.php\/author\/admin\/"}]}},"_links":{"self":[{"href":"https:\/\/21panorama.com\/index.php\/wp-json\/wp\/v2\/posts\/2368","targetHints":{"allow":["GET"]}}],"collection":[{"href":"https:\/\/21panorama.com\/index.php\/wp-json\/wp\/v2\/posts"}],"about":[{"href":"https:\/\/21panorama.com\/index.php\/wp-json\/wp\/v2\/types\/post"}],"author":[{"embeddable":true,"href":"https:\/\/21panorama.com\/index.php\/wp-json\/wp\/v2\/users\/1"}],"replies":[{"embeddable":true,"href":"https:\/\/21panorama.com\/index.php\/wp-json\/wp\/v2\/comments?post=2368"}],"version-history":[{"count":1,"href":"https:\/\/21panorama.com\/index.php\/wp-json\/wp\/v2\/posts\/2368\/revisions"}],"predecessor-version":[{"id":2372,"href":"https:\/\/21panorama.com\/index.php\/wp-json\/wp\/v2\/posts\/2368\/revisions\/2372"}],"wp:featuredmedia":[{"embeddable":true,"href":"https:\/\/21panorama.com\/index.php\/wp-json\/wp\/v2\/media\/2369"}],"wp:attachment":[{"href":"https:\/\/21panorama.com\/index.php\/wp-json\/wp\/v2\/media?parent=2368"}],"wp:term":[{"taxonomy":"category","embeddable":true,"href":"https:\/\/21panorama.com\/index.php\/wp-json\/wp\/v2\/categories?post=2368"},{"taxonomy":"post_tag","embeddable":true,"href":"https:\/\/21panorama.com\/index.php\/wp-json\/wp\/v2\/tags?post=2368"}],"curies":[{"name":"wp","href":"https:\/\/api.w.org\/{rel}","templated":true}]}}