{"id":2351,"date":"2021-10-17T14:21:00","date_gmt":"2021-10-17T19:21:00","guid":{"rendered":"http:\/\/21panorama.com\/?p=2351"},"modified":"2021-11-12T14:25:23","modified_gmt":"2021-11-12T20:25:23","slug":"atiende-ayuntamiento-de-aculco-a-la-poblacion-vulnerable","status":"publish","type":"post","link":"https:\/\/21panorama.com\/index.php\/2021\/10\/17\/atiende-ayuntamiento-de-aculco-a-la-poblacion-vulnerable\/","title":{"rendered":"ATIENDE AYUNTAMIENTO DE ACULCO A LA POBLACI\u00d3N VULNERABLE"},"content":{"rendered":"\n<p>El ayuntamiento de Aculco est\u00e1 consciente de la necesidad de atender a los grupos m\u00e1s vulnerables de la sociedad y por ello emprende acciones que sirvan de prevenci\u00f3n con el fin de inhibir actos que lastimen a la sociedad.<\/p>\n\n\n\n<p>En ese sentido el alcalde Jorge Osornio Victoria impuls\u00f3 la &#8220;Jornada de Prevenci\u00f3n de la Violencia&#8221; donde se abordaron diversos temas enfocados a ni\u00f1os, ni\u00f1as, adolescentes y j\u00f3venes, como prevenci\u00f3n de la violencia contra la mujer, prevenci\u00f3n del embarazo en adolescentes, trata de personas, entre otros.<\/p>\n\n\n\n<p>Por otra parte, dio a conocer que la Casa de D\u00eda del Adulto Mayor fue sede para la realizaci\u00f3n de Audiometr\u00edas de auxiliares auditivos. Del municipio ser\u00e1n beneficiadas 15 personas entre adultos, adolescentes y ni\u00f1os.<\/p>\n\n\n\n<p>El alcalde se congratul\u00f3 por la presencia de beneficiarios de los municipios de Polotitl\u00e1n, Soyaniquilpan, Jilotepec, Timilpan, Morelos, Villa del Carb\u00f3n, Chapa de Mota y Acambay.<\/p>\n\n\n\n<p>Asimismo agradeci\u00f3 al DIFEM y a la Direcci\u00f3n de Atenci\u00f3n a la Discapacidad por ofrecer programas tan significativos que, sin duda, mejorar\u00e1n calidad de vida de los habitantes de Aculco.<\/p>\n\n\n\n<p>En otro recorrido por las comunidades de San Pedro Denxhi y El Mogote; se entregaron apoyos funcionales a los queridos adultos mayores.<\/p>\n\n\n\n<p>Finalmente, de otras acciones que se realizaron destaca la presencia de la Dra. Lizette Veronica Barrera Fournier, Jefa de la Jurisdicci\u00f3n Sanitaria Jilotepec, para llevar a cabo la &#8220;Caminata y Rodada Rosa&#8221; en el mes de sensibilizaci\u00f3n y lucha contra el c\u00e1ncer de mama, con la finalidad de aumentar la detecci\u00f3n temprana y llevar un tratamiento pertinente.<\/p>\n\n\n\n<figure class=\"wp-block-gallery columns-3 is-cropped wp-block-gallery-1 is-layout-flex wp-block-gallery-is-layout-flex\"><ul class=\"blocks-gallery-grid\"><li class=\"blocks-gallery-item\"><figure><img decoding=\"async\" width=\"960\" height=\"642\" src=\"https:\/\/21panorama.com\/wp-content\/uploads\/2021\/11\/de43936a-9acb-41cd-905d-0bc87fe8ee59.jpeg\" alt=\"\" data-id=\"2353\" data-link=\"https:\/\/21panorama.com\/?attachment_id=2353\" class=\"wp-image-2353\" srcset=\"https:\/\/21panorama.com\/wp-content\/uploads\/2021\/11\/de43936a-9acb-41cd-905d-0bc87fe8ee59.jpeg 960w, https:\/\/21panorama.com\/wp-content\/uploads\/2021\/11\/de43936a-9acb-41cd-905d-0bc87fe8ee59-300x201.jpeg 300w, https:\/\/21panorama.com\/wp-content\/uploads\/2021\/11\/de43936a-9acb-41cd-905d-0bc87fe8ee59-768x514.jpeg 768w\" sizes=\"(max-width: 960px) 100vw, 960px\" \/><\/figure><\/li><li class=\"blocks-gallery-item\"><figure><img decoding=\"async\" width=\"700\" height=\"960\" src=\"https:\/\/21panorama.com\/wp-content\/uploads\/2021\/11\/e6a31a6e-2289-4373-b636-26818eb1bc08.jpeg\" alt=\"\" data-id=\"2354\" data-link=\"https:\/\/21panorama.com\/?attachment_id=2354\" class=\"wp-image-2354\" srcset=\"https:\/\/21panorama.com\/wp-content\/uploads\/2021\/11\/e6a31a6e-2289-4373-b636-26818eb1bc08.jpeg 700w, https:\/\/21panorama.com\/wp-content\/uploads\/2021\/11\/e6a31a6e-2289-4373-b636-26818eb1bc08-219x300.jpeg 219w\" sizes=\"(max-width: 700px) 100vw, 700px\" \/><\/figure><\/li><li class=\"blocks-gallery-item\"><figure><img decoding=\"async\" width=\"960\" height=\"720\" src=\"https:\/\/21panorama.com\/wp-content\/uploads\/2021\/11\/893fbb82-d3ae-4261-995e-82ea18c29e12.jpeg\" alt=\"\" data-id=\"2355\" data-full-url=\"https:\/\/21panorama.com\/wp-content\/uploads\/2021\/11\/893fbb82-d3ae-4261-995e-82ea18c29e12.jpeg\" data-link=\"https:\/\/21panorama.com\/?attachment_id=2355\" class=\"wp-image-2355\" srcset=\"https:\/\/21panorama.com\/wp-content\/uploads\/2021\/11\/893fbb82-d3ae-4261-995e-82ea18c29e12.jpeg 960w, https:\/\/21panorama.com\/wp-content\/uploads\/2021\/11\/893fbb82-d3ae-4261-995e-82ea18c29e12-300x225.jpeg 300w, https:\/\/21panorama.com\/wp-content\/uploads\/2021\/11\/893fbb82-d3ae-4261-995e-82ea18c29e12-768x576.jpeg 768w\" sizes=\"(max-width: 960px) 100vw, 960px\" \/><\/figure><\/li><\/ul><\/figure>\n","protected":false},"excerpt":{"rendered":"<p>El ayuntamiento de Aculco est\u00e1 consciente de la necesidad de atender a los grupos m\u00e1s vulnerables de la sociedad y por ello emprende acciones que sirvan de prevenci\u00f3n con el fin de inhibir actos que lastimen a la sociedad. <\/p>\n","protected":false},"author":1,"featured_media":2352,"comment_status":"open","ping_status":"open","sticky":false,"template":"","format":"standard","meta":{"footnotes":""},"categories":[1],"tags":[166],"class_list":["post-2351","post","type-post","status-publish","format-standard","has-post-thumbnail","hentry","category-sociedad","tag-aculco"],"yoast_head":"<!-- This site is optimized with the Yoast SEO plugin v24.9 - https:\/\/yoast.com\/wordpress\/plugins\/seo\/ -->\n<title>ATIENDE AYUNTAMIENTO DE ACULCO A LA POBLACI\u00d3N VULNERABLE - 21 Panorama<\/title>\n<meta name=\"robots\" content=\"index, follow, max-snippet:-1, max-image-preview:large, max-video-preview:-1\" \/>\n<link rel=\"canonical\" href=\"https:\/\/21panorama.com\/index.php\/2021\/10\/17\/atiende-ayuntamiento-de-aculco-a-la-poblacion-vulnerable\/\" \/>\n<meta property=\"og:locale\" content=\"es_MX\" \/>\n<meta property=\"og:type\" content=\"article\" \/>\n<meta property=\"og:title\" content=\"ATIENDE AYUNTAMIENTO DE ACULCO A LA POBLACI\u00d3N VULNERABLE - 21 Panorama\" \/>\n<meta property=\"og:description\" content=\"El ayuntamiento de Aculco est\u00e1 consciente de la necesidad de atender a los grupos m\u00e1s vulnerables de la sociedad y por ello emprende acciones que sirvan de prevenci\u00f3n con el fin de inhibir actos que lastimen a la sociedad.\" \/>\n<meta property=\"og:url\" content=\"https:\/\/21panorama.com\/index.php\/2021\/10\/17\/atiende-ayuntamiento-de-aculco-a-la-poblacion-vulnerable\/\" \/>\n<meta property=\"og:site_name\" content=\"21 Panorama\" \/>\n<meta property=\"article:published_time\" content=\"2021-10-17T19:21:00+00:00\" \/>\n<meta property=\"article:modified_time\" content=\"2021-11-12T20:25:23+00:00\" \/>\n<meta property=\"og:image\" content=\"https:\/\/21panorama.com\/wp-content\/uploads\/2021\/11\/8b142200-4d0d-4b96-8a41-b0d8d31360e5.jpeg\" \/>\n\t<meta property=\"og:image:width\" content=\"960\" \/>\n\t<meta property=\"og:image:height\" content=\"640\" \/>\n\t<meta property=\"og:image:type\" content=\"image\/jpeg\" \/>\n<meta name=\"author\" content=\"admin\" \/>\n<meta name=\"twitter:card\" content=\"summary_large_image\" \/>\n<meta name=\"twitter:label1\" content=\"Escrito por\" \/>\n\t<meta name=\"twitter:data1\" content=\"admin\" \/>\n\t<meta name=\"twitter:label2\" content=\"Tiempo de lectura\" \/>\n\t<meta name=\"twitter:data2\" content=\"2 minutos\" \/>\n<script type=\"application\/ld+json\" class=\"yoast-schema-graph\">{\"@context\":\"https:\/\/schema.org\",\"@graph\":[{\"@type\":\"Article\",\"@id\":\"https:\/\/21panorama.com\/index.php\/2021\/10\/17\/atiende-ayuntamiento-de-aculco-a-la-poblacion-vulnerable\/#article\",\"isPartOf\":{\"@id\":\"https:\/\/21panorama.com\/index.php\/2021\/10\/17\/atiende-ayuntamiento-de-aculco-a-la-poblacion-vulnerable\/\"},\"author\":{\"name\":\"admin\",\"@id\":\"https:\/\/21panorama.com\/#\/schema\/person\/1afc291b96d5792a158768324287319f\"},\"headline\":\"ATIENDE AYUNTAMIENTO DE ACULCO A LA POBLACI\u00d3N VULNERABLE\",\"datePublished\":\"2021-10-17T19:21:00+00:00\",\"dateModified\":\"2021-11-12T20:25:23+00:00\",\"mainEntityOfPage\":{\"@id\":\"https:\/\/21panorama.com\/index.php\/2021\/10\/17\/atiende-ayuntamiento-de-aculco-a-la-poblacion-vulnerable\/\"},\"wordCount\":285,\"commentCount\":0,\"publisher\":{\"@id\":\"https:\/\/21panorama.com\/#organization\"},\"image\":{\"@id\":\"https:\/\/21panorama.com\/index.php\/2021\/10\/17\/atiende-ayuntamiento-de-aculco-a-la-poblacion-vulnerable\/#primaryimage\"},\"thumbnailUrl\":\"https:\/\/21panorama.com\/wp-content\/uploads\/2021\/11\/8b142200-4d0d-4b96-8a41-b0d8d31360e5.jpeg\",\"keywords\":[\"aculco\"],\"articleSection\":[\"Sociedad\"],\"inLanguage\":\"es\",\"potentialAction\":[{\"@type\":\"CommentAction\",\"name\":\"Comment\",\"target\":[\"https:\/\/21panorama.com\/index.php\/2021\/10\/17\/atiende-ayuntamiento-de-aculco-a-la-poblacion-vulnerable\/#respond\"]}]},{\"@type\":\"WebPage\",\"@id\":\"https:\/\/21panorama.com\/index.php\/2021\/10\/17\/atiende-ayuntamiento-de-aculco-a-la-poblacion-vulnerable\/\",\"url\":\"https:\/\/21panorama.com\/index.php\/2021\/10\/17\/atiende-ayuntamiento-de-aculco-a-la-poblacion-vulnerable\/\",\"name\":\"ATIENDE AYUNTAMIENTO DE ACULCO A LA POBLACI\u00d3N VULNERABLE - 21 Panorama\",\"isPartOf\":{\"@id\":\"https:\/\/21panorama.com\/#website\"},\"primaryImageOfPage\":{\"@id\":\"https:\/\/21panorama.com\/index.php\/2021\/10\/17\/atiende-ayuntamiento-de-aculco-a-la-poblacion-vulnerable\/#primaryimage\"},\"image\":{\"@id\":\"https:\/\/21panorama.com\/index.php\/2021\/10\/17\/atiende-ayuntamiento-de-aculco-a-la-poblacion-vulnerable\/#primaryimage\"},\"thumbnailUrl\":\"https:\/\/21panorama.com\/wp-content\/uploads\/2021\/11\/8b142200-4d0d-4b96-8a41-b0d8d31360e5.jpeg\",\"datePublished\":\"2021-10-17T19:21:00+00:00\",\"dateModified\":\"2021-11-12T20:25:23+00:00\",\"breadcrumb\":{\"@id\":\"https:\/\/21panorama.com\/index.php\/2021\/10\/17\/atiende-ayuntamiento-de-aculco-a-la-poblacion-vulnerable\/#breadcrumb\"},\"inLanguage\":\"es\",\"potentialAction\":[{\"@type\":\"ReadAction\",\"target\":[\"https:\/\/21panorama.com\/index.php\/2021\/10\/17\/atiende-ayuntamiento-de-aculco-a-la-poblacion-vulnerable\/\"]}]},{\"@type\":\"ImageObject\",\"inLanguage\":\"es\",\"@id\":\"https:\/\/21panorama.com\/index.php\/2021\/10\/17\/atiende-ayuntamiento-de-aculco-a-la-poblacion-vulnerable\/#primaryimage\",\"url\":\"https:\/\/21panorama.com\/wp-content\/uploads\/2021\/11\/8b142200-4d0d-4b96-8a41-b0d8d31360e5.jpeg\",\"contentUrl\":\"https:\/\/21panorama.com\/wp-content\/uploads\/2021\/11\/8b142200-4d0d-4b96-8a41-b0d8d31360e5.jpeg\",\"width\":960,\"height\":640},{\"@type\":\"BreadcrumbList\",\"@id\":\"https:\/\/21panorama.com\/index.php\/2021\/10\/17\/atiende-ayuntamiento-de-aculco-a-la-poblacion-vulnerable\/#breadcrumb\",\"itemListElement\":[{\"@type\":\"ListItem\",\"position\":1,\"name\":\"Inicio\",\"item\":\"https:\/\/21panorama.com\/\"},{\"@type\":\"ListItem\",\"position\":2,\"name\":\"ATIENDE AYUNTAMIENTO DE ACULCO A LA POBLACI\u00d3N VULNERABLE\"}]},{\"@type\":\"WebSite\",\"@id\":\"https:\/\/21panorama.com\/#website\",\"url\":\"https:\/\/21panorama.com\/\",\"name\":\"21 Panorama\",\"description\":\"La construcci\u00f3n de la opini\u00f3n p\u00fablica merece un mejor Panorama en este siglo 21 para alcanzar una sociedad con mayor transparencia y sin corrupci\u00f3n.\",\"publisher\":{\"@id\":\"https:\/\/21panorama.com\/#organization\"},\"potentialAction\":[{\"@type\":\"SearchAction\",\"target\":{\"@type\":\"EntryPoint\",\"urlTemplate\":\"https:\/\/21panorama.com\/?s={search_term_string}\"},\"query-input\":{\"@type\":\"PropertyValueSpecification\",\"valueRequired\":true,\"valueName\":\"search_term_string\"}}],\"inLanguage\":\"es\"},{\"@type\":\"Organization\",\"@id\":\"https:\/\/21panorama.com\/#organization\",\"name\":\"21 Panorama\",\"url\":\"https:\/\/21panorama.com\/\",\"logo\":{\"@type\":\"ImageObject\",\"inLanguage\":\"es\",\"@id\":\"https:\/\/21panorama.com\/#\/schema\/logo\/image\/\",\"url\":\"https:\/\/21panorama.com\/wp-content\/uploads\/2019\/07\/cropped-Logo-Panorama-01.jpeg\",\"contentUrl\":\"https:\/\/21panorama.com\/wp-content\/uploads\/2019\/07\/cropped-Logo-Panorama-01.jpeg\",\"width\":290,\"height\":70,\"caption\":\"21 Panorama\"},\"image\":{\"@id\":\"https:\/\/21panorama.com\/#\/schema\/logo\/image\/\"}},{\"@type\":\"Person\",\"@id\":\"https:\/\/21panorama.com\/#\/schema\/person\/1afc291b96d5792a158768324287319f\",\"name\":\"admin\",\"image\":{\"@type\":\"ImageObject\",\"inLanguage\":\"es\",\"@id\":\"https:\/\/21panorama.com\/#\/schema\/person\/image\/\",\"url\":\"https:\/\/secure.gravatar.com\/avatar\/ad365d9d9f46719215b0d042cc3df92a5a8683e09ef13d102233e5491985f0f0?s=96&d=mm&r=g\",\"contentUrl\":\"https:\/\/secure.gravatar.com\/avatar\/ad365d9d9f46719215b0d042cc3df92a5a8683e09ef13d102233e5491985f0f0?s=96&d=mm&r=g\",\"caption\":\"admin\"},\"url\":\"https:\/\/21panorama.com\/index.php\/author\/admin\/\"}]}<\/script>\n<!-- \/ Yoast SEO plugin. -->","yoast_head_json":{"title":"ATIENDE AYUNTAMIENTO DE ACULCO A LA POBLACI\u00d3N VULNERABLE - 21 Panorama","robots":{"index":"index","follow":"follow","max-snippet":"max-snippet:-1","max-image-preview":"max-image-preview:large","max-video-preview":"max-video-preview:-1"},"canonical":"https:\/\/21panorama.com\/index.php\/2021\/10\/17\/atiende-ayuntamiento-de-aculco-a-la-poblacion-vulnerable\/","og_locale":"es_MX","og_type":"article","og_title":"ATIENDE AYUNTAMIENTO DE ACULCO A LA POBLACI\u00d3N VULNERABLE - 21 Panorama","og_description":"El ayuntamiento de Aculco est\u00e1 consciente de la necesidad de atender a los grupos m\u00e1s vulnerables de la sociedad y por ello emprende acciones que sirvan de prevenci\u00f3n con el fin de inhibir actos que lastimen a la sociedad.","og_url":"https:\/\/21panorama.com\/index.php\/2021\/10\/17\/atiende-ayuntamiento-de-aculco-a-la-poblacion-vulnerable\/","og_site_name":"21 Panorama","article_published_time":"2021-10-17T19:21:00+00:00","article_modified_time":"2021-11-12T20:25:23+00:00","og_image":[{"width":960,"height":640,"url":"https:\/\/21panorama.com\/wp-content\/uploads\/2021\/11\/8b142200-4d0d-4b96-8a41-b0d8d31360e5.jpeg","type":"image\/jpeg"}],"author":"admin","twitter_card":"summary_large_image","twitter_misc":{"Escrito por":"admin","Tiempo de lectura":"2 minutos"},"schema":{"@context":"https:\/\/schema.org","@graph":[{"@type":"Article","@id":"https:\/\/21panorama.com\/index.php\/2021\/10\/17\/atiende-ayuntamiento-de-aculco-a-la-poblacion-vulnerable\/#article","isPartOf":{"@id":"https:\/\/21panorama.com\/index.php\/2021\/10\/17\/atiende-ayuntamiento-de-aculco-a-la-poblacion-vulnerable\/"},"author":{"name":"admin","@id":"https:\/\/21panorama.com\/#\/schema\/person\/1afc291b96d5792a158768324287319f"},"headline":"ATIENDE AYUNTAMIENTO DE ACULCO A LA POBLACI\u00d3N VULNERABLE","datePublished":"2021-10-17T19:21:00+00:00","dateModified":"2021-11-12T20:25:23+00:00","mainEntityOfPage":{"@id":"https:\/\/21panorama.com\/index.php\/2021\/10\/17\/atiende-ayuntamiento-de-aculco-a-la-poblacion-vulnerable\/"},"wordCount":285,"commentCount":0,"publisher":{"@id":"https:\/\/21panorama.com\/#organization"},"image":{"@id":"https:\/\/21panorama.com\/index.php\/2021\/10\/17\/atiende-ayuntamiento-de-aculco-a-la-poblacion-vulnerable\/#primaryimage"},"thumbnailUrl":"https:\/\/21panorama.com\/wp-content\/uploads\/2021\/11\/8b142200-4d0d-4b96-8a41-b0d8d31360e5.jpeg","keywords":["aculco"],"articleSection":["Sociedad"],"inLanguage":"es","potentialAction":[{"@type":"CommentAction","name":"Comment","target":["https:\/\/21panorama.com\/index.php\/2021\/10\/17\/atiende-ayuntamiento-de-aculco-a-la-poblacion-vulnerable\/#respond"]}]},{"@type":"WebPage","@id":"https:\/\/21panorama.com\/index.php\/2021\/10\/17\/atiende-ayuntamiento-de-aculco-a-la-poblacion-vulnerable\/","url":"https:\/\/21panorama.com\/index.php\/2021\/10\/17\/atiende-ayuntamiento-de-aculco-a-la-poblacion-vulnerable\/","name":"ATIENDE AYUNTAMIENTO DE ACULCO A LA POBLACI\u00d3N VULNERABLE - 21 Panorama","isPartOf":{"@id":"https:\/\/21panorama.com\/#website"},"primaryImageOfPage":{"@id":"https:\/\/21panorama.com\/index.php\/2021\/10\/17\/atiende-ayuntamiento-de-aculco-a-la-poblacion-vulnerable\/#primaryimage"},"image":{"@id":"https:\/\/21panorama.com\/index.php\/2021\/10\/17\/atiende-ayuntamiento-de-aculco-a-la-poblacion-vulnerable\/#primaryimage"},"thumbnailUrl":"https:\/\/21panorama.com\/wp-content\/uploads\/2021\/11\/8b142200-4d0d-4b96-8a41-b0d8d31360e5.jpeg","datePublished":"2021-10-17T19:21:00+00:00","dateModified":"2021-11-12T20:25:23+00:00","breadcrumb":{"@id":"https:\/\/21panorama.com\/index.php\/2021\/10\/17\/atiende-ayuntamiento-de-aculco-a-la-poblacion-vulnerable\/#breadcrumb"},"inLanguage":"es","potentialAction":[{"@type":"ReadAction","target":["https:\/\/21panorama.com\/index.php\/2021\/10\/17\/atiende-ayuntamiento-de-aculco-a-la-poblacion-vulnerable\/"]}]},{"@type":"ImageObject","inLanguage":"es","@id":"https:\/\/21panorama.com\/index.php\/2021\/10\/17\/atiende-ayuntamiento-de-aculco-a-la-poblacion-vulnerable\/#primaryimage","url":"https:\/\/21panorama.com\/wp-content\/uploads\/2021\/11\/8b142200-4d0d-4b96-8a41-b0d8d31360e5.jpeg","contentUrl":"https:\/\/21panorama.com\/wp-content\/uploads\/2021\/11\/8b142200-4d0d-4b96-8a41-b0d8d31360e5.jpeg","width":960,"height":640},{"@type":"BreadcrumbList","@id":"https:\/\/21panorama.com\/index.php\/2021\/10\/17\/atiende-ayuntamiento-de-aculco-a-la-poblacion-vulnerable\/#breadcrumb","itemListElement":[{"@type":"ListItem","position":1,"name":"Inicio","item":"https:\/\/21panorama.com\/"},{"@type":"ListItem","position":2,"name":"ATIENDE AYUNTAMIENTO DE ACULCO A LA POBLACI\u00d3N VULNERABLE"}]},{"@type":"WebSite","@id":"https:\/\/21panorama.com\/#website","url":"https:\/\/21panorama.com\/","name":"21 Panorama","description":"La construcci\u00f3n de la opini\u00f3n p\u00fablica merece un mejor Panorama en este siglo 21 para alcanzar una sociedad con mayor transparencia y sin corrupci\u00f3n.","publisher":{"@id":"https:\/\/21panorama.com\/#organization"},"potentialAction":[{"@type":"SearchAction","target":{"@type":"EntryPoint","urlTemplate":"https:\/\/21panorama.com\/?s={search_term_string}"},"query-input":{"@type":"PropertyValueSpecification","valueRequired":true,"valueName":"search_term_string"}}],"inLanguage":"es"},{"@type":"Organization","@id":"https:\/\/21panorama.com\/#organization","name":"21 Panorama","url":"https:\/\/21panorama.com\/","logo":{"@type":"ImageObject","inLanguage":"es","@id":"https:\/\/21panorama.com\/#\/schema\/logo\/image\/","url":"https:\/\/21panorama.com\/wp-content\/uploads\/2019\/07\/cropped-Logo-Panorama-01.jpeg","contentUrl":"https:\/\/21panorama.com\/wp-content\/uploads\/2019\/07\/cropped-Logo-Panorama-01.jpeg","width":290,"height":70,"caption":"21 Panorama"},"image":{"@id":"https:\/\/21panorama.com\/#\/schema\/logo\/image\/"}},{"@type":"Person","@id":"https:\/\/21panorama.com\/#\/schema\/person\/1afc291b96d5792a158768324287319f","name":"admin","image":{"@type":"ImageObject","inLanguage":"es","@id":"https:\/\/21panorama.com\/#\/schema\/person\/image\/","url":"https:\/\/secure.gravatar.com\/avatar\/ad365d9d9f46719215b0d042cc3df92a5a8683e09ef13d102233e5491985f0f0?s=96&d=mm&r=g","contentUrl":"https:\/\/secure.gravatar.com\/avatar\/ad365d9d9f46719215b0d042cc3df92a5a8683e09ef13d102233e5491985f0f0?s=96&d=mm&r=g","caption":"admin"},"url":"https:\/\/21panorama.com\/index.php\/author\/admin\/"}]}},"_links":{"self":[{"href":"https:\/\/21panorama.com\/index.php\/wp-json\/wp\/v2\/posts\/2351","targetHints":{"allow":["GET"]}}],"collection":[{"href":"https:\/\/21panorama.com\/index.php\/wp-json\/wp\/v2\/posts"}],"about":[{"href":"https:\/\/21panorama.com\/index.php\/wp-json\/wp\/v2\/types\/post"}],"author":[{"embeddable":true,"href":"https:\/\/21panorama.com\/index.php\/wp-json\/wp\/v2\/users\/1"}],"replies":[{"embeddable":true,"href":"https:\/\/21panorama.com\/index.php\/wp-json\/wp\/v2\/comments?post=2351"}],"version-history":[{"count":1,"href":"https:\/\/21panorama.com\/index.php\/wp-json\/wp\/v2\/posts\/2351\/revisions"}],"predecessor-version":[{"id":2356,"href":"https:\/\/21panorama.com\/index.php\/wp-json\/wp\/v2\/posts\/2351\/revisions\/2356"}],"wp:featuredmedia":[{"embeddable":true,"href":"https:\/\/21panorama.com\/index.php\/wp-json\/wp\/v2\/media\/2352"}],"wp:attachment":[{"href":"https:\/\/21panorama.com\/index.php\/wp-json\/wp\/v2\/media?parent=2351"}],"wp:term":[{"taxonomy":"category","embeddable":true,"href":"https:\/\/21panorama.com\/index.php\/wp-json\/wp\/v2\/categories?post=2351"},{"taxonomy":"post_tag","embeddable":true,"href":"https:\/\/21panorama.com\/index.php\/wp-json\/wp\/v2\/tags?post=2351"}],"curies":[{"name":"wp","href":"https:\/\/api.w.org\/{rel}","templated":true}]}}