{"id":235,"date":"2019-08-14T14:49:54","date_gmt":"2019-08-14T14:49:54","guid":{"rendered":"http:\/\/21panorama.com\/?p=235"},"modified":"2019-08-15T02:52:16","modified_gmt":"2019-08-15T02:52:16","slug":"entrega-gem-obras-de-rehabilitacion-de-los-mercados-de-temascalcingo-y-teoloyucan","status":"publish","type":"post","link":"https:\/\/21panorama.com\/index.php\/2019\/08\/14\/entrega-gem-obras-de-rehabilitacion-de-los-mercados-de-temascalcingo-y-teoloyucan\/","title":{"rendered":"ENTREGA GEM OBRAS DE REHABILITACI\u00d3N DE LOS MERCADOS DE TEMASCALCINGO Y TEOLOYUCAN"},"content":{"rendered":"\n<p>En representaci\u00f3n del Gobierno del Estado de M\u00e9xico, Enrique Jacob Rocha, titular de la Secretar\u00eda de Desarrollo Econ\u00f3mico (Sedeco), entreg\u00f3 obras de rehabilitaci\u00f3n en los mercados municipales de Temascalcingo y Teoloyucan, las cuales garantizan seguridad y comodidad para los consumidores que convergen en esas zonas, as\u00ed como mejores condiciones de trabajo para los locatarios.<\/p>\n\n\n\n<p>En Temascalcingo, en el mercado \u201cAlfredo Del Mazo V\u00e9lez\u201d, el Secretario Enrique Jacob constat\u00f3 la aplicaci\u00f3n de pintura en muros y cortinas, el cambio de l\u00e1minas en techumbre, impermeabilizaci\u00f3n y la reparaci\u00f3n de plafones en \u00e1rea de venta de alimentos.<\/p>\n\n\n\n<p>Mientras que en Teoloyucan, en el mercado \u201cTratados de Teoloyucan\u201d, verific\u00f3 los trabajos de herrer\u00eda, la habilitaci\u00f3n de accesos, la construcci\u00f3n de escaleras y rampas, locales comerciales y fachada, as\u00ed como la instalaci\u00f3n de cortinas.<\/p>\n\n\n\n<p>En el primer punto, en compa\u00f1\u00eda del Presidente municipal, Juan de la Cruz Ruiz, afirm\u00f3 que los trabajos de mejora en el sitio fueron resultado de la acci\u00f3n concertada entre autoridades estatales, municipales y los propios locatarios, lo cual, es un claro ejemplo de que, con decisiones firmes, se tienen resultados fuertes.<\/p>\n\n\n\n<p>En Teoloyucan, donde estuvo acompa\u00f1ado por la Presidenta municipal, Gabriela Contreras Villegas, dio a conocer que en cada uno de los mercados se invirtieron un mill\u00f3n de pesos y se instruy\u00f3 a los locatarios en temas de administraci\u00f3n b\u00e1sica, manejo de inventarios, mercadotecnia y contabilidad para elevar la eficiencia en la operaci\u00f3n de sus negocios e incrementar sus ventas.<\/p>\n\n\n\n<p>En este sentido, entreg\u00f3 constancias del Programa de Capacitaci\u00f3n al Micro y Peque\u00f1o Comercio, a trav\u00e9s del cual se ha atendido a m\u00e1s de 2 mil 500 comerciantes mexiquenses.<\/p>\n\n\n\n<p>\u201cLa rehabilitaci\u00f3n de mercados es un programa en el que el Gobernador Alfredo Del Mazo tiene mucho inter\u00e9s porque no solamente ayuda a habilitar espacios en mejores condiciones para hacer la actividad comercial pensando en los locatarios, sino tambi\u00e9n en que se beneficia a quienes vienen a hacer aqu\u00ed su comercio\u201d, indic\u00f3.<\/p>\n\n\n\n<p>El apoyo a los mercados, es una prioridad para el Gobierno, por ser centros de abasto de las familias mexiquenses, s\u00edmbolos de identidad y ser parte de la historia y de la tradici\u00f3n del Estado de M\u00e9xico.<\/p>\n\n\n\n<p>Frente a los presidentes y secretarios de las mesas directivas de los mercados, funcionarios estatales y municipales y junto con el Director General de Comercio, Juan Pedrozo Gonz\u00e1lez, el titular de la Sedeco enfatiz\u00f3 que no s\u00f3lo se trabaja para mejorar las condiciones de 11 mercados, con una inversi\u00f3n de 15 millones de pesos, en beneficio de m\u00e1s de 3 mil comerciantes y m\u00e1s de 400 mil familias, sino tambi\u00e9n en la capacitaci\u00f3n de los expendedores para que vendan m\u00e1s y con ello, fortalezcan la econom\u00eda regional.<\/p>\n\n\n\n<ul class=\"wp-block-list\"><li><\/li><\/ul>\n","protected":false},"excerpt":{"rendered":"<p>En representaci\u00f3n del Gobierno del Estado de M\u00e9xico, Enrique Jacob Rocha, titular de la Secretar\u00eda de Desarrollo Econ\u00f3mico (Sedeco), entreg\u00f3 obras de rehabilitaci\u00f3n en los mercados municipales de Temascalcingo y Teoloyucan, las cuales garantizan seguridad y comodidad para los consumidores que convergen en esas zonas, as\u00ed como mejores condiciones de trabajo para los locatarios. En Temascalcingo, en el mercado \u201cAlfredo Del Mazo V\u00e9lez\u201d, el Secretario Enrique Jacob constat\u00f3 la aplicaci\u00f3n de pintura en muros y cortinas, el cambio de l\u00e1minas en techumbre, impermeabilizaci\u00f3n y la reparaci\u00f3n de plafones en \u00e1rea&hellip;<\/p>\n","protected":false},"author":1,"featured_media":236,"comment_status":"open","ping_status":"open","sticky":false,"template":"","format":"standard","meta":{"footnotes":""},"categories":[3,10],"tags":[],"class_list":["post-235","post","type-post","status-publish","format-standard","has-post-thumbnail","hentry","category-ecomomia","category-opinion"],"yoast_head":"<!-- This site is optimized with the Yoast SEO plugin v24.9 - https:\/\/yoast.com\/wordpress\/plugins\/seo\/ -->\n<title>ENTREGA GEM OBRAS DE REHABILITACI\u00d3N DE LOS MERCADOS DE TEMASCALCINGO Y TEOLOYUCAN - 21 Panorama<\/title>\n<meta name=\"robots\" content=\"index, follow, max-snippet:-1, max-image-preview:large, max-video-preview:-1\" \/>\n<link rel=\"canonical\" href=\"https:\/\/21panorama.com\/index.php\/2019\/08\/14\/entrega-gem-obras-de-rehabilitacion-de-los-mercados-de-temascalcingo-y-teoloyucan\/\" \/>\n<meta property=\"og:locale\" content=\"es_MX\" \/>\n<meta property=\"og:type\" content=\"article\" \/>\n<meta property=\"og:title\" content=\"ENTREGA GEM OBRAS DE REHABILITACI\u00d3N DE LOS MERCADOS DE TEMASCALCINGO Y TEOLOYUCAN - 21 Panorama\" \/>\n<meta property=\"og:description\" content=\"En representaci\u00f3n del Gobierno del Estado de M\u00e9xico, Enrique Jacob Rocha, titular de la Secretar\u00eda de Desarrollo Econ\u00f3mico (Sedeco), entreg\u00f3 obras de rehabilitaci\u00f3n en los mercados municipales de Temascalcingo y Teoloyucan, las cuales garantizan seguridad y comodidad para los consumidores que convergen en esas zonas, as\u00ed como mejores condiciones de trabajo para los locatarios. En Temascalcingo, en el mercado \u201cAlfredo Del Mazo V\u00e9lez\u201d, el Secretario Enrique Jacob constat\u00f3 la aplicaci\u00f3n de pintura en muros y cortinas, el cambio de l\u00e1minas en techumbre, impermeabilizaci\u00f3n y la reparaci\u00f3n de plafones en \u00e1rea&hellip;\" \/>\n<meta property=\"og:url\" content=\"https:\/\/21panorama.com\/index.php\/2019\/08\/14\/entrega-gem-obras-de-rehabilitacion-de-los-mercados-de-temascalcingo-y-teoloyucan\/\" \/>\n<meta property=\"og:site_name\" content=\"21 Panorama\" \/>\n<meta property=\"article:published_time\" content=\"2019-08-14T14:49:54+00:00\" \/>\n<meta property=\"article:modified_time\" content=\"2019-08-15T02:52:16+00:00\" \/>\n<meta property=\"og:image\" content=\"https:\/\/21panorama.com\/wp-content\/uploads\/2019\/08\/w2_8451_5.jpg\" \/>\n\t<meta property=\"og:image:width\" content=\"2853\" \/>\n\t<meta property=\"og:image:height\" content=\"1908\" \/>\n\t<meta property=\"og:image:type\" content=\"image\/jpeg\" \/>\n<meta name=\"author\" content=\"admin\" \/>\n<meta name=\"twitter:card\" content=\"summary_large_image\" \/>\n<meta name=\"twitter:label1\" content=\"Escrito por\" \/>\n\t<meta name=\"twitter:data1\" content=\"admin\" \/>\n\t<meta name=\"twitter:label2\" content=\"Tiempo de lectura\" \/>\n\t<meta name=\"twitter:data2\" content=\"2 minutos\" \/>\n<script type=\"application\/ld+json\" class=\"yoast-schema-graph\">{\"@context\":\"https:\/\/schema.org\",\"@graph\":[{\"@type\":\"Article\",\"@id\":\"https:\/\/21panorama.com\/index.php\/2019\/08\/14\/entrega-gem-obras-de-rehabilitacion-de-los-mercados-de-temascalcingo-y-teoloyucan\/#article\",\"isPartOf\":{\"@id\":\"https:\/\/21panorama.com\/index.php\/2019\/08\/14\/entrega-gem-obras-de-rehabilitacion-de-los-mercados-de-temascalcingo-y-teoloyucan\/\"},\"author\":{\"name\":\"admin\",\"@id\":\"https:\/\/21panorama.com\/#\/schema\/person\/1afc291b96d5792a158768324287319f\"},\"headline\":\"ENTREGA GEM OBRAS DE REHABILITACI\u00d3N DE LOS MERCADOS DE TEMASCALCINGO Y TEOLOYUCAN\",\"datePublished\":\"2019-08-14T14:49:54+00:00\",\"dateModified\":\"2019-08-15T02:52:16+00:00\",\"mainEntityOfPage\":{\"@id\":\"https:\/\/21panorama.com\/index.php\/2019\/08\/14\/entrega-gem-obras-de-rehabilitacion-de-los-mercados-de-temascalcingo-y-teoloyucan\/\"},\"wordCount\":492,\"commentCount\":0,\"publisher\":{\"@id\":\"https:\/\/21panorama.com\/#organization\"},\"image\":{\"@id\":\"https:\/\/21panorama.com\/index.php\/2019\/08\/14\/entrega-gem-obras-de-rehabilitacion-de-los-mercados-de-temascalcingo-y-teoloyucan\/#primaryimage\"},\"thumbnailUrl\":\"https:\/\/21panorama.com\/wp-content\/uploads\/2019\/08\/w2_8451_5.jpg\",\"articleSection\":[\"Econom\u00eda\",\"Opini\u00f3n\"],\"inLanguage\":\"es\",\"potentialAction\":[{\"@type\":\"CommentAction\",\"name\":\"Comment\",\"target\":[\"https:\/\/21panorama.com\/index.php\/2019\/08\/14\/entrega-gem-obras-de-rehabilitacion-de-los-mercados-de-temascalcingo-y-teoloyucan\/#respond\"]}]},{\"@type\":\"WebPage\",\"@id\":\"https:\/\/21panorama.com\/index.php\/2019\/08\/14\/entrega-gem-obras-de-rehabilitacion-de-los-mercados-de-temascalcingo-y-teoloyucan\/\",\"url\":\"https:\/\/21panorama.com\/index.php\/2019\/08\/14\/entrega-gem-obras-de-rehabilitacion-de-los-mercados-de-temascalcingo-y-teoloyucan\/\",\"name\":\"ENTREGA GEM OBRAS DE REHABILITACI\u00d3N DE LOS MERCADOS DE TEMASCALCINGO Y TEOLOYUCAN - 21 Panorama\",\"isPartOf\":{\"@id\":\"https:\/\/21panorama.com\/#website\"},\"primaryImageOfPage\":{\"@id\":\"https:\/\/21panorama.com\/index.php\/2019\/08\/14\/entrega-gem-obras-de-rehabilitacion-de-los-mercados-de-temascalcingo-y-teoloyucan\/#primaryimage\"},\"image\":{\"@id\":\"https:\/\/21panorama.com\/index.php\/2019\/08\/14\/entrega-gem-obras-de-rehabilitacion-de-los-mercados-de-temascalcingo-y-teoloyucan\/#primaryimage\"},\"thumbnailUrl\":\"https:\/\/21panorama.com\/wp-content\/uploads\/2019\/08\/w2_8451_5.jpg\",\"datePublished\":\"2019-08-14T14:49:54+00:00\",\"dateModified\":\"2019-08-15T02:52:16+00:00\",\"breadcrumb\":{\"@id\":\"https:\/\/21panorama.com\/index.php\/2019\/08\/14\/entrega-gem-obras-de-rehabilitacion-de-los-mercados-de-temascalcingo-y-teoloyucan\/#breadcrumb\"},\"inLanguage\":\"es\",\"potentialAction\":[{\"@type\":\"ReadAction\",\"target\":[\"https:\/\/21panorama.com\/index.php\/2019\/08\/14\/entrega-gem-obras-de-rehabilitacion-de-los-mercados-de-temascalcingo-y-teoloyucan\/\"]}]},{\"@type\":\"ImageObject\",\"inLanguage\":\"es\",\"@id\":\"https:\/\/21panorama.com\/index.php\/2019\/08\/14\/entrega-gem-obras-de-rehabilitacion-de-los-mercados-de-temascalcingo-y-teoloyucan\/#primaryimage\",\"url\":\"https:\/\/21panorama.com\/wp-content\/uploads\/2019\/08\/w2_8451_5.jpg\",\"contentUrl\":\"https:\/\/21panorama.com\/wp-content\/uploads\/2019\/08\/w2_8451_5.jpg\",\"width\":2853,\"height\":1908},{\"@type\":\"BreadcrumbList\",\"@id\":\"https:\/\/21panorama.com\/index.php\/2019\/08\/14\/entrega-gem-obras-de-rehabilitacion-de-los-mercados-de-temascalcingo-y-teoloyucan\/#breadcrumb\",\"itemListElement\":[{\"@type\":\"ListItem\",\"position\":1,\"name\":\"Inicio\",\"item\":\"https:\/\/21panorama.com\/\"},{\"@type\":\"ListItem\",\"position\":2,\"name\":\"ENTREGA GEM OBRAS DE REHABILITACI\u00d3N DE LOS MERCADOS DE TEMASCALCINGO Y TEOLOYUCAN\"}]},{\"@type\":\"WebSite\",\"@id\":\"https:\/\/21panorama.com\/#website\",\"url\":\"https:\/\/21panorama.com\/\",\"name\":\"21 Panorama\",\"description\":\"La construcci\u00f3n de la opini\u00f3n p\u00fablica merece un mejor Panorama en este siglo 21 para alcanzar una sociedad con mayor transparencia y sin corrupci\u00f3n.\",\"publisher\":{\"@id\":\"https:\/\/21panorama.com\/#organization\"},\"potentialAction\":[{\"@type\":\"SearchAction\",\"target\":{\"@type\":\"EntryPoint\",\"urlTemplate\":\"https:\/\/21panorama.com\/?s={search_term_string}\"},\"query-input\":{\"@type\":\"PropertyValueSpecification\",\"valueRequired\":true,\"valueName\":\"search_term_string\"}}],\"inLanguage\":\"es\"},{\"@type\":\"Organization\",\"@id\":\"https:\/\/21panorama.com\/#organization\",\"name\":\"21 Panorama\",\"url\":\"https:\/\/21panorama.com\/\",\"logo\":{\"@type\":\"ImageObject\",\"inLanguage\":\"es\",\"@id\":\"https:\/\/21panorama.com\/#\/schema\/logo\/image\/\",\"url\":\"https:\/\/21panorama.com\/wp-content\/uploads\/2019\/07\/cropped-Logo-Panorama-01.jpeg\",\"contentUrl\":\"https:\/\/21panorama.com\/wp-content\/uploads\/2019\/07\/cropped-Logo-Panorama-01.jpeg\",\"width\":290,\"height\":70,\"caption\":\"21 Panorama\"},\"image\":{\"@id\":\"https:\/\/21panorama.com\/#\/schema\/logo\/image\/\"}},{\"@type\":\"Person\",\"@id\":\"https:\/\/21panorama.com\/#\/schema\/person\/1afc291b96d5792a158768324287319f\",\"name\":\"admin\",\"image\":{\"@type\":\"ImageObject\",\"inLanguage\":\"es\",\"@id\":\"https:\/\/21panorama.com\/#\/schema\/person\/image\/\",\"url\":\"https:\/\/secure.gravatar.com\/avatar\/ad365d9d9f46719215b0d042cc3df92a5a8683e09ef13d102233e5491985f0f0?s=96&d=mm&r=g\",\"contentUrl\":\"https:\/\/secure.gravatar.com\/avatar\/ad365d9d9f46719215b0d042cc3df92a5a8683e09ef13d102233e5491985f0f0?s=96&d=mm&r=g\",\"caption\":\"admin\"},\"url\":\"https:\/\/21panorama.com\/index.php\/author\/admin\/\"}]}<\/script>\n<!-- \/ Yoast SEO plugin. -->","yoast_head_json":{"title":"ENTREGA GEM OBRAS DE REHABILITACI\u00d3N DE LOS MERCADOS DE TEMASCALCINGO Y TEOLOYUCAN - 21 Panorama","robots":{"index":"index","follow":"follow","max-snippet":"max-snippet:-1","max-image-preview":"max-image-preview:large","max-video-preview":"max-video-preview:-1"},"canonical":"https:\/\/21panorama.com\/index.php\/2019\/08\/14\/entrega-gem-obras-de-rehabilitacion-de-los-mercados-de-temascalcingo-y-teoloyucan\/","og_locale":"es_MX","og_type":"article","og_title":"ENTREGA GEM OBRAS DE REHABILITACI\u00d3N DE LOS MERCADOS DE TEMASCALCINGO Y TEOLOYUCAN - 21 Panorama","og_description":"En representaci\u00f3n del Gobierno del Estado de M\u00e9xico, Enrique Jacob Rocha, titular de la Secretar\u00eda de Desarrollo Econ\u00f3mico (Sedeco), entreg\u00f3 obras de rehabilitaci\u00f3n en los mercados municipales de Temascalcingo y Teoloyucan, las cuales garantizan seguridad y comodidad para los consumidores que convergen en esas zonas, as\u00ed como mejores condiciones de trabajo para los locatarios. En Temascalcingo, en el mercado \u201cAlfredo Del Mazo V\u00e9lez\u201d, el Secretario Enrique Jacob constat\u00f3 la aplicaci\u00f3n de pintura en muros y cortinas, el cambio de l\u00e1minas en techumbre, impermeabilizaci\u00f3n y la reparaci\u00f3n de plafones en \u00e1rea&hellip;","og_url":"https:\/\/21panorama.com\/index.php\/2019\/08\/14\/entrega-gem-obras-de-rehabilitacion-de-los-mercados-de-temascalcingo-y-teoloyucan\/","og_site_name":"21 Panorama","article_published_time":"2019-08-14T14:49:54+00:00","article_modified_time":"2019-08-15T02:52:16+00:00","og_image":[{"width":2853,"height":1908,"url":"https:\/\/21panorama.com\/wp-content\/uploads\/2019\/08\/w2_8451_5.jpg","type":"image\/jpeg"}],"author":"admin","twitter_card":"summary_large_image","twitter_misc":{"Escrito por":"admin","Tiempo de lectura":"2 minutos"},"schema":{"@context":"https:\/\/schema.org","@graph":[{"@type":"Article","@id":"https:\/\/21panorama.com\/index.php\/2019\/08\/14\/entrega-gem-obras-de-rehabilitacion-de-los-mercados-de-temascalcingo-y-teoloyucan\/#article","isPartOf":{"@id":"https:\/\/21panorama.com\/index.php\/2019\/08\/14\/entrega-gem-obras-de-rehabilitacion-de-los-mercados-de-temascalcingo-y-teoloyucan\/"},"author":{"name":"admin","@id":"https:\/\/21panorama.com\/#\/schema\/person\/1afc291b96d5792a158768324287319f"},"headline":"ENTREGA GEM OBRAS DE REHABILITACI\u00d3N DE LOS MERCADOS DE TEMASCALCINGO Y TEOLOYUCAN","datePublished":"2019-08-14T14:49:54+00:00","dateModified":"2019-08-15T02:52:16+00:00","mainEntityOfPage":{"@id":"https:\/\/21panorama.com\/index.php\/2019\/08\/14\/entrega-gem-obras-de-rehabilitacion-de-los-mercados-de-temascalcingo-y-teoloyucan\/"},"wordCount":492,"commentCount":0,"publisher":{"@id":"https:\/\/21panorama.com\/#organization"},"image":{"@id":"https:\/\/21panorama.com\/index.php\/2019\/08\/14\/entrega-gem-obras-de-rehabilitacion-de-los-mercados-de-temascalcingo-y-teoloyucan\/#primaryimage"},"thumbnailUrl":"https:\/\/21panorama.com\/wp-content\/uploads\/2019\/08\/w2_8451_5.jpg","articleSection":["Econom\u00eda","Opini\u00f3n"],"inLanguage":"es","potentialAction":[{"@type":"CommentAction","name":"Comment","target":["https:\/\/21panorama.com\/index.php\/2019\/08\/14\/entrega-gem-obras-de-rehabilitacion-de-los-mercados-de-temascalcingo-y-teoloyucan\/#respond"]}]},{"@type":"WebPage","@id":"https:\/\/21panorama.com\/index.php\/2019\/08\/14\/entrega-gem-obras-de-rehabilitacion-de-los-mercados-de-temascalcingo-y-teoloyucan\/","url":"https:\/\/21panorama.com\/index.php\/2019\/08\/14\/entrega-gem-obras-de-rehabilitacion-de-los-mercados-de-temascalcingo-y-teoloyucan\/","name":"ENTREGA GEM OBRAS DE REHABILITACI\u00d3N DE LOS MERCADOS DE TEMASCALCINGO Y TEOLOYUCAN - 21 Panorama","isPartOf":{"@id":"https:\/\/21panorama.com\/#website"},"primaryImageOfPage":{"@id":"https:\/\/21panorama.com\/index.php\/2019\/08\/14\/entrega-gem-obras-de-rehabilitacion-de-los-mercados-de-temascalcingo-y-teoloyucan\/#primaryimage"},"image":{"@id":"https:\/\/21panorama.com\/index.php\/2019\/08\/14\/entrega-gem-obras-de-rehabilitacion-de-los-mercados-de-temascalcingo-y-teoloyucan\/#primaryimage"},"thumbnailUrl":"https:\/\/21panorama.com\/wp-content\/uploads\/2019\/08\/w2_8451_5.jpg","datePublished":"2019-08-14T14:49:54+00:00","dateModified":"2019-08-15T02:52:16+00:00","breadcrumb":{"@id":"https:\/\/21panorama.com\/index.php\/2019\/08\/14\/entrega-gem-obras-de-rehabilitacion-de-los-mercados-de-temascalcingo-y-teoloyucan\/#breadcrumb"},"inLanguage":"es","potentialAction":[{"@type":"ReadAction","target":["https:\/\/21panorama.com\/index.php\/2019\/08\/14\/entrega-gem-obras-de-rehabilitacion-de-los-mercados-de-temascalcingo-y-teoloyucan\/"]}]},{"@type":"ImageObject","inLanguage":"es","@id":"https:\/\/21panorama.com\/index.php\/2019\/08\/14\/entrega-gem-obras-de-rehabilitacion-de-los-mercados-de-temascalcingo-y-teoloyucan\/#primaryimage","url":"https:\/\/21panorama.com\/wp-content\/uploads\/2019\/08\/w2_8451_5.jpg","contentUrl":"https:\/\/21panorama.com\/wp-content\/uploads\/2019\/08\/w2_8451_5.jpg","width":2853,"height":1908},{"@type":"BreadcrumbList","@id":"https:\/\/21panorama.com\/index.php\/2019\/08\/14\/entrega-gem-obras-de-rehabilitacion-de-los-mercados-de-temascalcingo-y-teoloyucan\/#breadcrumb","itemListElement":[{"@type":"ListItem","position":1,"name":"Inicio","item":"https:\/\/21panorama.com\/"},{"@type":"ListItem","position":2,"name":"ENTREGA GEM OBRAS DE REHABILITACI\u00d3N DE LOS MERCADOS DE TEMASCALCINGO Y TEOLOYUCAN"}]},{"@type":"WebSite","@id":"https:\/\/21panorama.com\/#website","url":"https:\/\/21panorama.com\/","name":"21 Panorama","description":"La construcci\u00f3n de la opini\u00f3n p\u00fablica merece un mejor Panorama en este siglo 21 para alcanzar una sociedad con mayor transparencia y sin corrupci\u00f3n.","publisher":{"@id":"https:\/\/21panorama.com\/#organization"},"potentialAction":[{"@type":"SearchAction","target":{"@type":"EntryPoint","urlTemplate":"https:\/\/21panorama.com\/?s={search_term_string}"},"query-input":{"@type":"PropertyValueSpecification","valueRequired":true,"valueName":"search_term_string"}}],"inLanguage":"es"},{"@type":"Organization","@id":"https:\/\/21panorama.com\/#organization","name":"21 Panorama","url":"https:\/\/21panorama.com\/","logo":{"@type":"ImageObject","inLanguage":"es","@id":"https:\/\/21panorama.com\/#\/schema\/logo\/image\/","url":"https:\/\/21panorama.com\/wp-content\/uploads\/2019\/07\/cropped-Logo-Panorama-01.jpeg","contentUrl":"https:\/\/21panorama.com\/wp-content\/uploads\/2019\/07\/cropped-Logo-Panorama-01.jpeg","width":290,"height":70,"caption":"21 Panorama"},"image":{"@id":"https:\/\/21panorama.com\/#\/schema\/logo\/image\/"}},{"@type":"Person","@id":"https:\/\/21panorama.com\/#\/schema\/person\/1afc291b96d5792a158768324287319f","name":"admin","image":{"@type":"ImageObject","inLanguage":"es","@id":"https:\/\/21panorama.com\/#\/schema\/person\/image\/","url":"https:\/\/secure.gravatar.com\/avatar\/ad365d9d9f46719215b0d042cc3df92a5a8683e09ef13d102233e5491985f0f0?s=96&d=mm&r=g","contentUrl":"https:\/\/secure.gravatar.com\/avatar\/ad365d9d9f46719215b0d042cc3df92a5a8683e09ef13d102233e5491985f0f0?s=96&d=mm&r=g","caption":"admin"},"url":"https:\/\/21panorama.com\/index.php\/author\/admin\/"}]}},"_links":{"self":[{"href":"https:\/\/21panorama.com\/index.php\/wp-json\/wp\/v2\/posts\/235","targetHints":{"allow":["GET"]}}],"collection":[{"href":"https:\/\/21panorama.com\/index.php\/wp-json\/wp\/v2\/posts"}],"about":[{"href":"https:\/\/21panorama.com\/index.php\/wp-json\/wp\/v2\/types\/post"}],"author":[{"embeddable":true,"href":"https:\/\/21panorama.com\/index.php\/wp-json\/wp\/v2\/users\/1"}],"replies":[{"embeddable":true,"href":"https:\/\/21panorama.com\/index.php\/wp-json\/wp\/v2\/comments?post=235"}],"version-history":[{"count":1,"href":"https:\/\/21panorama.com\/index.php\/wp-json\/wp\/v2\/posts\/235\/revisions"}],"predecessor-version":[{"id":237,"href":"https:\/\/21panorama.com\/index.php\/wp-json\/wp\/v2\/posts\/235\/revisions\/237"}],"wp:featuredmedia":[{"embeddable":true,"href":"https:\/\/21panorama.com\/index.php\/wp-json\/wp\/v2\/media\/236"}],"wp:attachment":[{"href":"https:\/\/21panorama.com\/index.php\/wp-json\/wp\/v2\/media?parent=235"}],"wp:term":[{"taxonomy":"category","embeddable":true,"href":"https:\/\/21panorama.com\/index.php\/wp-json\/wp\/v2\/categories?post=235"},{"taxonomy":"post_tag","embeddable":true,"href":"https:\/\/21panorama.com\/index.php\/wp-json\/wp\/v2\/tags?post=235"}],"curies":[{"name":"wp","href":"https:\/\/api.w.org\/{rel}","templated":true}]}}