{"id":2334,"date":"2021-11-12T11:25:01","date_gmt":"2021-11-12T17:25:01","guid":{"rendered":"http:\/\/21panorama.com\/?p=2334"},"modified":"2021-11-12T11:25:02","modified_gmt":"2021-11-12T17:25:02","slug":"comprometido-jorge-osornio-con-la-educacion-en-aculco","status":"publish","type":"post","link":"https:\/\/21panorama.com\/index.php\/2021\/11\/12\/comprometido-jorge-osornio-con-la-educacion-en-aculco\/","title":{"rendered":"COMPROMETIDO JORGE OSORNIO CON LA EDUCACI\u00d3N EN ACULCO."},"content":{"rendered":"\n<p>El municipio de Aculco est\u00e1 comprometido con la educaci\u00f3n, con la<br>juventud y ni\u00f1os que quieren seguir aprendiendo por ello hay que hacer equipo para lograr grandes resultados.<\/p>\n\n\n\n<p>El presidente municipal Jorge Osornio Victoria sostuvo que en la educaci\u00f3n no se gasta se invierte y por tanto \u201chay que tocar puertas hasta que se abran y seguiremos trabajando a pesar que se termine la administraci\u00f3n\u201d.<\/p>\n\n\n\n<p>En la entrega de obras en la escuela \u201cJos\u00e9 Maria Morelos y Pav\u00f3n\u201d de la comunidad de El Zethe manifest\u00f3 que no es f\u00e1cil traer recursos pero el esfuerzo se tiene que hacer para fundamentar las bases de las nuevas generaciones.<\/p>\n\n\n\n<p>Todos trabajamos para un mismo lado al margen de pertenecer a corrientes partidistas diferentes, puntualiz\u00f3 el<br>Alcalde luego de reconocer a autoridades escolares y representantes vecinales.<\/p>\n\n\n\n<p>En el acto se entreg\u00f3 pavimento de concreto hidr\u00e1ulico y techumbre que sin fundamentales en todas las escuelas.<\/p>\n\n\n\n<figure class=\"wp-block-video\"><video height=\"480\" style=\"aspect-ratio: 848 \/ 480;\" width=\"848\" controls src=\"https:\/\/21panorama.com\/wp-content\/uploads\/2021\/11\/WhatsApp-Video-2021-11-12-at-11.19.09-AM.mp4\"><\/video><\/figure>\n\n\n\n<figure class=\"wp-block-image size-large\"><img decoding=\"async\" width=\"1024\" height=\"768\" src=\"https:\/\/21panorama.com\/wp-content\/uploads\/2021\/11\/ee46b200-386c-4354-b4d7-9af783fe8f00-1024x768.jpeg\" alt=\"\" class=\"wp-image-2337\" srcset=\"https:\/\/21panorama.com\/wp-content\/uploads\/2021\/11\/ee46b200-386c-4354-b4d7-9af783fe8f00-1024x768.jpeg 1024w, https:\/\/21panorama.com\/wp-content\/uploads\/2021\/11\/ee46b200-386c-4354-b4d7-9af783fe8f00-300x225.jpeg 300w, https:\/\/21panorama.com\/wp-content\/uploads\/2021\/11\/ee46b200-386c-4354-b4d7-9af783fe8f00-768x576.jpeg 768w, https:\/\/21panorama.com\/wp-content\/uploads\/2021\/11\/ee46b200-386c-4354-b4d7-9af783fe8f00.jpeg 1280w\" sizes=\"(max-width: 1024px) 100vw, 1024px\" \/><\/figure>\n","protected":false},"excerpt":{"rendered":"<p>El municipio de Aculco est\u00e1 comprometido con la educaci\u00f3n, con la<br \/>\njuventud y ni\u00f1os que quieren seguir aprendiendo por ello hay que hacer equipo para lograr grandes resultados.  <\/p>\n","protected":false},"author":1,"featured_media":2335,"comment_status":"open","ping_status":"open","sticky":false,"template":"","format":"standard","meta":{"footnotes":""},"categories":[12],"tags":[166],"class_list":["post-2334","post","type-post","status-publish","format-standard","has-post-thumbnail","hentry","category-politica","tag-aculco"],"yoast_head":"<!-- This site is optimized with the Yoast SEO plugin v24.9 - https:\/\/yoast.com\/wordpress\/plugins\/seo\/ -->\n<title>COMPROMETIDO JORGE OSORNIO CON LA EDUCACI\u00d3N EN ACULCO. - 21 Panorama<\/title>\n<meta name=\"robots\" content=\"index, follow, max-snippet:-1, max-image-preview:large, max-video-preview:-1\" \/>\n<link rel=\"canonical\" href=\"https:\/\/21panorama.com\/index.php\/2021\/11\/12\/comprometido-jorge-osornio-con-la-educacion-en-aculco\/\" \/>\n<meta property=\"og:locale\" content=\"es_MX\" \/>\n<meta property=\"og:type\" content=\"article\" \/>\n<meta property=\"og:title\" content=\"COMPROMETIDO JORGE OSORNIO CON LA EDUCACI\u00d3N EN ACULCO. - 21 Panorama\" \/>\n<meta property=\"og:description\" content=\"El municipio de Aculco est\u00e1 comprometido con la educaci\u00f3n, con la juventud y ni\u00f1os que quieren seguir aprendiendo por ello hay que hacer equipo para lograr grandes resultados.\" \/>\n<meta property=\"og:url\" content=\"https:\/\/21panorama.com\/index.php\/2021\/11\/12\/comprometido-jorge-osornio-con-la-educacion-en-aculco\/\" \/>\n<meta property=\"og:site_name\" content=\"21 Panorama\" \/>\n<meta property=\"article:published_time\" content=\"2021-11-12T17:25:01+00:00\" \/>\n<meta property=\"article:modified_time\" content=\"2021-11-12T17:25:02+00:00\" \/>\n<meta property=\"og:image\" content=\"https:\/\/21panorama.com\/wp-content\/uploads\/2021\/11\/0ffdd6fb-4000-4c8d-b5a3-e08965beafd5.jpeg\" \/>\n\t<meta property=\"og:image:width\" content=\"1280\" \/>\n\t<meta property=\"og:image:height\" content=\"960\" \/>\n\t<meta property=\"og:image:type\" content=\"image\/jpeg\" \/>\n<meta name=\"author\" content=\"admin\" \/>\n<meta name=\"twitter:card\" content=\"summary_large_image\" \/>\n<meta name=\"twitter:label1\" content=\"Escrito por\" \/>\n\t<meta name=\"twitter:data1\" content=\"admin\" \/>\n\t<meta name=\"twitter:label2\" content=\"Tiempo de lectura\" \/>\n\t<meta name=\"twitter:data2\" content=\"1 minuto\" \/>\n<script type=\"application\/ld+json\" class=\"yoast-schema-graph\">{\"@context\":\"https:\/\/schema.org\",\"@graph\":[{\"@type\":\"Article\",\"@id\":\"https:\/\/21panorama.com\/index.php\/2021\/11\/12\/comprometido-jorge-osornio-con-la-educacion-en-aculco\/#article\",\"isPartOf\":{\"@id\":\"https:\/\/21panorama.com\/index.php\/2021\/11\/12\/comprometido-jorge-osornio-con-la-educacion-en-aculco\/\"},\"author\":{\"name\":\"admin\",\"@id\":\"https:\/\/21panorama.com\/#\/schema\/person\/1afc291b96d5792a158768324287319f\"},\"headline\":\"COMPROMETIDO JORGE OSORNIO CON LA EDUCACI\u00d3N EN ACULCO.\",\"datePublished\":\"2021-11-12T17:25:01+00:00\",\"dateModified\":\"2021-11-12T17:25:02+00:00\",\"mainEntityOfPage\":{\"@id\":\"https:\/\/21panorama.com\/index.php\/2021\/11\/12\/comprometido-jorge-osornio-con-la-educacion-en-aculco\/\"},\"wordCount\":164,\"commentCount\":0,\"publisher\":{\"@id\":\"https:\/\/21panorama.com\/#organization\"},\"image\":{\"@id\":\"https:\/\/21panorama.com\/index.php\/2021\/11\/12\/comprometido-jorge-osornio-con-la-educacion-en-aculco\/#primaryimage\"},\"thumbnailUrl\":\"https:\/\/21panorama.com\/wp-content\/uploads\/2021\/11\/0ffdd6fb-4000-4c8d-b5a3-e08965beafd5.jpeg\",\"keywords\":[\"aculco\"],\"articleSection\":[\"Politica\"],\"inLanguage\":\"es\",\"potentialAction\":[{\"@type\":\"CommentAction\",\"name\":\"Comment\",\"target\":[\"https:\/\/21panorama.com\/index.php\/2021\/11\/12\/comprometido-jorge-osornio-con-la-educacion-en-aculco\/#respond\"]}]},{\"@type\":\"WebPage\",\"@id\":\"https:\/\/21panorama.com\/index.php\/2021\/11\/12\/comprometido-jorge-osornio-con-la-educacion-en-aculco\/\",\"url\":\"https:\/\/21panorama.com\/index.php\/2021\/11\/12\/comprometido-jorge-osornio-con-la-educacion-en-aculco\/\",\"name\":\"COMPROMETIDO JORGE OSORNIO CON LA EDUCACI\u00d3N EN ACULCO. - 21 Panorama\",\"isPartOf\":{\"@id\":\"https:\/\/21panorama.com\/#website\"},\"primaryImageOfPage\":{\"@id\":\"https:\/\/21panorama.com\/index.php\/2021\/11\/12\/comprometido-jorge-osornio-con-la-educacion-en-aculco\/#primaryimage\"},\"image\":{\"@id\":\"https:\/\/21panorama.com\/index.php\/2021\/11\/12\/comprometido-jorge-osornio-con-la-educacion-en-aculco\/#primaryimage\"},\"thumbnailUrl\":\"https:\/\/21panorama.com\/wp-content\/uploads\/2021\/11\/0ffdd6fb-4000-4c8d-b5a3-e08965beafd5.jpeg\",\"datePublished\":\"2021-11-12T17:25:01+00:00\",\"dateModified\":\"2021-11-12T17:25:02+00:00\",\"breadcrumb\":{\"@id\":\"https:\/\/21panorama.com\/index.php\/2021\/11\/12\/comprometido-jorge-osornio-con-la-educacion-en-aculco\/#breadcrumb\"},\"inLanguage\":\"es\",\"potentialAction\":[{\"@type\":\"ReadAction\",\"target\":[\"https:\/\/21panorama.com\/index.php\/2021\/11\/12\/comprometido-jorge-osornio-con-la-educacion-en-aculco\/\"]}]},{\"@type\":\"ImageObject\",\"inLanguage\":\"es\",\"@id\":\"https:\/\/21panorama.com\/index.php\/2021\/11\/12\/comprometido-jorge-osornio-con-la-educacion-en-aculco\/#primaryimage\",\"url\":\"https:\/\/21panorama.com\/wp-content\/uploads\/2021\/11\/0ffdd6fb-4000-4c8d-b5a3-e08965beafd5.jpeg\",\"contentUrl\":\"https:\/\/21panorama.com\/wp-content\/uploads\/2021\/11\/0ffdd6fb-4000-4c8d-b5a3-e08965beafd5.jpeg\",\"width\":1280,\"height\":960},{\"@type\":\"BreadcrumbList\",\"@id\":\"https:\/\/21panorama.com\/index.php\/2021\/11\/12\/comprometido-jorge-osornio-con-la-educacion-en-aculco\/#breadcrumb\",\"itemListElement\":[{\"@type\":\"ListItem\",\"position\":1,\"name\":\"Inicio\",\"item\":\"https:\/\/21panorama.com\/\"},{\"@type\":\"ListItem\",\"position\":2,\"name\":\"COMPROMETIDO JORGE OSORNIO CON LA EDUCACI\u00d3N EN ACULCO.\"}]},{\"@type\":\"WebSite\",\"@id\":\"https:\/\/21panorama.com\/#website\",\"url\":\"https:\/\/21panorama.com\/\",\"name\":\"21 Panorama\",\"description\":\"La construcci\u00f3n de la opini\u00f3n p\u00fablica merece un mejor Panorama en este siglo 21 para alcanzar una sociedad con mayor transparencia y sin corrupci\u00f3n.\",\"publisher\":{\"@id\":\"https:\/\/21panorama.com\/#organization\"},\"potentialAction\":[{\"@type\":\"SearchAction\",\"target\":{\"@type\":\"EntryPoint\",\"urlTemplate\":\"https:\/\/21panorama.com\/?s={search_term_string}\"},\"query-input\":{\"@type\":\"PropertyValueSpecification\",\"valueRequired\":true,\"valueName\":\"search_term_string\"}}],\"inLanguage\":\"es\"},{\"@type\":\"Organization\",\"@id\":\"https:\/\/21panorama.com\/#organization\",\"name\":\"21 Panorama\",\"url\":\"https:\/\/21panorama.com\/\",\"logo\":{\"@type\":\"ImageObject\",\"inLanguage\":\"es\",\"@id\":\"https:\/\/21panorama.com\/#\/schema\/logo\/image\/\",\"url\":\"https:\/\/21panorama.com\/wp-content\/uploads\/2019\/07\/cropped-Logo-Panorama-01.jpeg\",\"contentUrl\":\"https:\/\/21panorama.com\/wp-content\/uploads\/2019\/07\/cropped-Logo-Panorama-01.jpeg\",\"width\":290,\"height\":70,\"caption\":\"21 Panorama\"},\"image\":{\"@id\":\"https:\/\/21panorama.com\/#\/schema\/logo\/image\/\"}},{\"@type\":\"Person\",\"@id\":\"https:\/\/21panorama.com\/#\/schema\/person\/1afc291b96d5792a158768324287319f\",\"name\":\"admin\",\"image\":{\"@type\":\"ImageObject\",\"inLanguage\":\"es\",\"@id\":\"https:\/\/21panorama.com\/#\/schema\/person\/image\/\",\"url\":\"https:\/\/secure.gravatar.com\/avatar\/ad365d9d9f46719215b0d042cc3df92a5a8683e09ef13d102233e5491985f0f0?s=96&d=mm&r=g\",\"contentUrl\":\"https:\/\/secure.gravatar.com\/avatar\/ad365d9d9f46719215b0d042cc3df92a5a8683e09ef13d102233e5491985f0f0?s=96&d=mm&r=g\",\"caption\":\"admin\"},\"url\":\"https:\/\/21panorama.com\/index.php\/author\/admin\/\"}]}<\/script>\n<!-- \/ Yoast SEO plugin. -->","yoast_head_json":{"title":"COMPROMETIDO JORGE OSORNIO CON LA EDUCACI\u00d3N EN ACULCO. - 21 Panorama","robots":{"index":"index","follow":"follow","max-snippet":"max-snippet:-1","max-image-preview":"max-image-preview:large","max-video-preview":"max-video-preview:-1"},"canonical":"https:\/\/21panorama.com\/index.php\/2021\/11\/12\/comprometido-jorge-osornio-con-la-educacion-en-aculco\/","og_locale":"es_MX","og_type":"article","og_title":"COMPROMETIDO JORGE OSORNIO CON LA EDUCACI\u00d3N EN ACULCO. - 21 Panorama","og_description":"El municipio de Aculco est\u00e1 comprometido con la educaci\u00f3n, con la juventud y ni\u00f1os que quieren seguir aprendiendo por ello hay que hacer equipo para lograr grandes resultados.","og_url":"https:\/\/21panorama.com\/index.php\/2021\/11\/12\/comprometido-jorge-osornio-con-la-educacion-en-aculco\/","og_site_name":"21 Panorama","article_published_time":"2021-11-12T17:25:01+00:00","article_modified_time":"2021-11-12T17:25:02+00:00","og_image":[{"width":1280,"height":960,"url":"https:\/\/21panorama.com\/wp-content\/uploads\/2021\/11\/0ffdd6fb-4000-4c8d-b5a3-e08965beafd5.jpeg","type":"image\/jpeg"}],"author":"admin","twitter_card":"summary_large_image","twitter_misc":{"Escrito por":"admin","Tiempo de lectura":"1 minuto"},"schema":{"@context":"https:\/\/schema.org","@graph":[{"@type":"Article","@id":"https:\/\/21panorama.com\/index.php\/2021\/11\/12\/comprometido-jorge-osornio-con-la-educacion-en-aculco\/#article","isPartOf":{"@id":"https:\/\/21panorama.com\/index.php\/2021\/11\/12\/comprometido-jorge-osornio-con-la-educacion-en-aculco\/"},"author":{"name":"admin","@id":"https:\/\/21panorama.com\/#\/schema\/person\/1afc291b96d5792a158768324287319f"},"headline":"COMPROMETIDO JORGE OSORNIO CON LA EDUCACI\u00d3N EN ACULCO.","datePublished":"2021-11-12T17:25:01+00:00","dateModified":"2021-11-12T17:25:02+00:00","mainEntityOfPage":{"@id":"https:\/\/21panorama.com\/index.php\/2021\/11\/12\/comprometido-jorge-osornio-con-la-educacion-en-aculco\/"},"wordCount":164,"commentCount":0,"publisher":{"@id":"https:\/\/21panorama.com\/#organization"},"image":{"@id":"https:\/\/21panorama.com\/index.php\/2021\/11\/12\/comprometido-jorge-osornio-con-la-educacion-en-aculco\/#primaryimage"},"thumbnailUrl":"https:\/\/21panorama.com\/wp-content\/uploads\/2021\/11\/0ffdd6fb-4000-4c8d-b5a3-e08965beafd5.jpeg","keywords":["aculco"],"articleSection":["Politica"],"inLanguage":"es","potentialAction":[{"@type":"CommentAction","name":"Comment","target":["https:\/\/21panorama.com\/index.php\/2021\/11\/12\/comprometido-jorge-osornio-con-la-educacion-en-aculco\/#respond"]}]},{"@type":"WebPage","@id":"https:\/\/21panorama.com\/index.php\/2021\/11\/12\/comprometido-jorge-osornio-con-la-educacion-en-aculco\/","url":"https:\/\/21panorama.com\/index.php\/2021\/11\/12\/comprometido-jorge-osornio-con-la-educacion-en-aculco\/","name":"COMPROMETIDO JORGE OSORNIO CON LA EDUCACI\u00d3N EN ACULCO. - 21 Panorama","isPartOf":{"@id":"https:\/\/21panorama.com\/#website"},"primaryImageOfPage":{"@id":"https:\/\/21panorama.com\/index.php\/2021\/11\/12\/comprometido-jorge-osornio-con-la-educacion-en-aculco\/#primaryimage"},"image":{"@id":"https:\/\/21panorama.com\/index.php\/2021\/11\/12\/comprometido-jorge-osornio-con-la-educacion-en-aculco\/#primaryimage"},"thumbnailUrl":"https:\/\/21panorama.com\/wp-content\/uploads\/2021\/11\/0ffdd6fb-4000-4c8d-b5a3-e08965beafd5.jpeg","datePublished":"2021-11-12T17:25:01+00:00","dateModified":"2021-11-12T17:25:02+00:00","breadcrumb":{"@id":"https:\/\/21panorama.com\/index.php\/2021\/11\/12\/comprometido-jorge-osornio-con-la-educacion-en-aculco\/#breadcrumb"},"inLanguage":"es","potentialAction":[{"@type":"ReadAction","target":["https:\/\/21panorama.com\/index.php\/2021\/11\/12\/comprometido-jorge-osornio-con-la-educacion-en-aculco\/"]}]},{"@type":"ImageObject","inLanguage":"es","@id":"https:\/\/21panorama.com\/index.php\/2021\/11\/12\/comprometido-jorge-osornio-con-la-educacion-en-aculco\/#primaryimage","url":"https:\/\/21panorama.com\/wp-content\/uploads\/2021\/11\/0ffdd6fb-4000-4c8d-b5a3-e08965beafd5.jpeg","contentUrl":"https:\/\/21panorama.com\/wp-content\/uploads\/2021\/11\/0ffdd6fb-4000-4c8d-b5a3-e08965beafd5.jpeg","width":1280,"height":960},{"@type":"BreadcrumbList","@id":"https:\/\/21panorama.com\/index.php\/2021\/11\/12\/comprometido-jorge-osornio-con-la-educacion-en-aculco\/#breadcrumb","itemListElement":[{"@type":"ListItem","position":1,"name":"Inicio","item":"https:\/\/21panorama.com\/"},{"@type":"ListItem","position":2,"name":"COMPROMETIDO JORGE OSORNIO CON LA EDUCACI\u00d3N EN ACULCO."}]},{"@type":"WebSite","@id":"https:\/\/21panorama.com\/#website","url":"https:\/\/21panorama.com\/","name":"21 Panorama","description":"La construcci\u00f3n de la opini\u00f3n p\u00fablica merece un mejor Panorama en este siglo 21 para alcanzar una sociedad con mayor transparencia y sin corrupci\u00f3n.","publisher":{"@id":"https:\/\/21panorama.com\/#organization"},"potentialAction":[{"@type":"SearchAction","target":{"@type":"EntryPoint","urlTemplate":"https:\/\/21panorama.com\/?s={search_term_string}"},"query-input":{"@type":"PropertyValueSpecification","valueRequired":true,"valueName":"search_term_string"}}],"inLanguage":"es"},{"@type":"Organization","@id":"https:\/\/21panorama.com\/#organization","name":"21 Panorama","url":"https:\/\/21panorama.com\/","logo":{"@type":"ImageObject","inLanguage":"es","@id":"https:\/\/21panorama.com\/#\/schema\/logo\/image\/","url":"https:\/\/21panorama.com\/wp-content\/uploads\/2019\/07\/cropped-Logo-Panorama-01.jpeg","contentUrl":"https:\/\/21panorama.com\/wp-content\/uploads\/2019\/07\/cropped-Logo-Panorama-01.jpeg","width":290,"height":70,"caption":"21 Panorama"},"image":{"@id":"https:\/\/21panorama.com\/#\/schema\/logo\/image\/"}},{"@type":"Person","@id":"https:\/\/21panorama.com\/#\/schema\/person\/1afc291b96d5792a158768324287319f","name":"admin","image":{"@type":"ImageObject","inLanguage":"es","@id":"https:\/\/21panorama.com\/#\/schema\/person\/image\/","url":"https:\/\/secure.gravatar.com\/avatar\/ad365d9d9f46719215b0d042cc3df92a5a8683e09ef13d102233e5491985f0f0?s=96&d=mm&r=g","contentUrl":"https:\/\/secure.gravatar.com\/avatar\/ad365d9d9f46719215b0d042cc3df92a5a8683e09ef13d102233e5491985f0f0?s=96&d=mm&r=g","caption":"admin"},"url":"https:\/\/21panorama.com\/index.php\/author\/admin\/"}]}},"_links":{"self":[{"href":"https:\/\/21panorama.com\/index.php\/wp-json\/wp\/v2\/posts\/2334","targetHints":{"allow":["GET"]}}],"collection":[{"href":"https:\/\/21panorama.com\/index.php\/wp-json\/wp\/v2\/posts"}],"about":[{"href":"https:\/\/21panorama.com\/index.php\/wp-json\/wp\/v2\/types\/post"}],"author":[{"embeddable":true,"href":"https:\/\/21panorama.com\/index.php\/wp-json\/wp\/v2\/users\/1"}],"replies":[{"embeddable":true,"href":"https:\/\/21panorama.com\/index.php\/wp-json\/wp\/v2\/comments?post=2334"}],"version-history":[{"count":1,"href":"https:\/\/21panorama.com\/index.php\/wp-json\/wp\/v2\/posts\/2334\/revisions"}],"predecessor-version":[{"id":2338,"href":"https:\/\/21panorama.com\/index.php\/wp-json\/wp\/v2\/posts\/2334\/revisions\/2338"}],"wp:featuredmedia":[{"embeddable":true,"href":"https:\/\/21panorama.com\/index.php\/wp-json\/wp\/v2\/media\/2335"}],"wp:attachment":[{"href":"https:\/\/21panorama.com\/index.php\/wp-json\/wp\/v2\/media?parent=2334"}],"wp:term":[{"taxonomy":"category","embeddable":true,"href":"https:\/\/21panorama.com\/index.php\/wp-json\/wp\/v2\/categories?post=2334"},{"taxonomy":"post_tag","embeddable":true,"href":"https:\/\/21panorama.com\/index.php\/wp-json\/wp\/v2\/tags?post=2334"}],"curies":[{"name":"wp","href":"https:\/\/api.w.org\/{rel}","templated":true}]}}