{"id":232,"date":"2019-08-14T17:46:11","date_gmt":"2019-08-14T17:46:11","guid":{"rendered":"http:\/\/21panorama.com\/?p=232"},"modified":"2019-08-15T02:49:33","modified_gmt":"2019-08-15T02:49:33","slug":"brinda-hospital-de-la-salud-visual-del-isem-atencion-para-evitar-discapacidad-y-ceguera","status":"publish","type":"post","link":"https:\/\/21panorama.com\/index.php\/2019\/08\/14\/brinda-hospital-de-la-salud-visual-del-isem-atencion-para-evitar-discapacidad-y-ceguera\/","title":{"rendered":"BRINDA HOSPITAL DE LA SALUD VISUAL DEL ISEM ATENCI\u00d3N PARA EVITAR DISCAPACIDAD Y CEGUERA"},"content":{"rendered":"\n<p>Debido a que en M\u00e9xico las enfermedades visuales ocupan el segundo lugar como causa de discapacidad, la Secretar\u00eda de Salud del Estado de M\u00e9xico, a trav\u00e9s del Hospital Mexiquense de la Salud Visual \u201cDr. Manuel Uribe y Troncoso\u201d, brinda atenci\u00f3n gratuita para evitar que estos padecimientos limiten la interacci\u00f3n social y familiar de las personas.<\/p>\n\n\n\n<p>Tan s\u00f3lo en lo que va del a\u00f1o, en esta unidad m\u00e9dica se han realizado 516 cirug\u00edas de catarata y 110 trasplantes de c\u00f3rnea, lo que ha permitido a los pacientes recuperar la visi\u00f3n y mejorar su calidad de vida, as\u00ed como acceder a consultas, diagn\u00f3sticos y tratamiento de seguimiento.<\/p>\n\n\n\n<p>La dependencia estatal refiere que este hospital especializado cuenta con 16 servicios y 11 subespecialidades, con lo que en los \u00faltimos dos a\u00f1os ha brindado m\u00e1s 56 mil consultas, casi 11 mil estudios de gabinete y m\u00e1s de 4 mil 800 cirug\u00edas relacionadas con glaucoma y problemas de retina, entre otros.<\/p>\n\n\n\n<p>A trav\u00e9s del servicio de rehabilitaci\u00f3n visual, 235 pacientes que padecen ceguera parcial o total, acuden a cursos de ense\u00f1anza en el uso de tecnolog\u00edas para que puedan comunicarse, manejo de bast\u00f3n, lectura de Braille y lectoescritura, lo que les permite incorporarse a la vida social y productiva.<\/p>\n\n\n\n<p>El Hospital Mexiquense de la Salud Visual es el \u00fanico nosocomio estatal de Oftalmolog\u00eda de car\u00e1cter p\u00fablico, ya que pertenece al Instituto de Salud del Estado de M\u00e9xico (ISEM) y tambi\u00e9n ofrece sus servicios a la poblaci\u00f3n del resto del pa\u00eds.<\/p>\n\n\n\n<p>Desde su apertura en el a\u00f1o 2016, ha brindado 142 mil 795 consultas, 9 mil 702 cirug\u00edas y m\u00e1s de 20 mil estudios.<\/p>\n\n\n\n<p>Este Hospital est\u00e1 ubicado en Calle Jos\u00e9 Ma. Morelos #110, Naucalpan Centro, entre las avenidas Universidad y San Luis Tlatilco, a 50 metros del Mercado Central de Naucalpan. Su horario de atenci\u00f3n es de lunes a viernes de 7:00 a 15:00 horas y para mayor informaci\u00f3n, los interesados pueden comunicarse a los correos electr\u00f3nicos hospitalhmsv@gmail.com, citas.ag@gmail.com o bien al n\u00famero telef\u00f3nico 5357-0450 extensiones 98905 y 98904.<\/p>\n","protected":false},"excerpt":{"rendered":"<p>Debido a que en M\u00e9xico las enfermedades visuales ocupan el segundo lugar como causa de discapacidad, la Secretar\u00eda de Salud del Estado de M\u00e9xico, a trav\u00e9s del Hospital Mexiquense de la Salud Visual \u201cDr. Manuel Uribe y Troncoso\u201d, brinda atenci\u00f3n gratuita para evitar que estos padecimientos limiten la interacci\u00f3n social y familiar de las personas. Tan s\u00f3lo en lo que va del a\u00f1o, en esta unidad m\u00e9dica se han realizado 516 cirug\u00edas de catarata y 110 trasplantes de c\u00f3rnea, lo que ha permitido a los pacientes recuperar la visi\u00f3n y&hellip;<\/p>\n","protected":false},"author":1,"featured_media":233,"comment_status":"open","ping_status":"open","sticky":false,"template":"","format":"standard","meta":{"footnotes":""},"categories":[6,10],"tags":[],"class_list":["post-232","post","type-post","status-publish","format-standard","has-post-thumbnail","hentry","category-cienciaysalud","category-opinion"],"yoast_head":"<!-- This site is optimized with the Yoast SEO plugin v24.9 - https:\/\/yoast.com\/wordpress\/plugins\/seo\/ -->\n<title>BRINDA HOSPITAL DE LA SALUD VISUAL DEL ISEM ATENCI\u00d3N PARA EVITAR DISCAPACIDAD Y CEGUERA - 21 Panorama<\/title>\n<meta name=\"robots\" content=\"index, follow, max-snippet:-1, max-image-preview:large, max-video-preview:-1\" \/>\n<link rel=\"canonical\" href=\"https:\/\/21panorama.com\/index.php\/2019\/08\/14\/brinda-hospital-de-la-salud-visual-del-isem-atencion-para-evitar-discapacidad-y-ceguera\/\" \/>\n<meta property=\"og:locale\" content=\"es_MX\" \/>\n<meta property=\"og:type\" content=\"article\" \/>\n<meta property=\"og:title\" content=\"BRINDA HOSPITAL DE LA SALUD VISUAL DEL ISEM ATENCI\u00d3N PARA EVITAR DISCAPACIDAD Y CEGUERA - 21 Panorama\" \/>\n<meta property=\"og:description\" content=\"Debido a que en M\u00e9xico las enfermedades visuales ocupan el segundo lugar como causa de discapacidad, la Secretar\u00eda de Salud del Estado de M\u00e9xico, a trav\u00e9s del Hospital Mexiquense de la Salud Visual \u201cDr. Manuel Uribe y Troncoso\u201d, brinda atenci\u00f3n gratuita para evitar que estos padecimientos limiten la interacci\u00f3n social y familiar de las personas. Tan s\u00f3lo en lo que va del a\u00f1o, en esta unidad m\u00e9dica se han realizado 516 cirug\u00edas de catarata y 110 trasplantes de c\u00f3rnea, lo que ha permitido a los pacientes recuperar la visi\u00f3n y&hellip;\" \/>\n<meta property=\"og:url\" content=\"https:\/\/21panorama.com\/index.php\/2019\/08\/14\/brinda-hospital-de-la-salud-visual-del-isem-atencion-para-evitar-discapacidad-y-ceguera\/\" \/>\n<meta property=\"og:site_name\" content=\"21 Panorama\" \/>\n<meta property=\"article:published_time\" content=\"2019-08-14T17:46:11+00:00\" \/>\n<meta property=\"article:modified_time\" content=\"2019-08-15T02:49:33+00:00\" \/>\n<meta property=\"og:image\" content=\"https:\/\/21panorama.com\/wp-content\/uploads\/2019\/08\/w2_8456_5.jpg\" \/>\n\t<meta property=\"og:image:width\" content=\"1300\" \/>\n\t<meta property=\"og:image:height\" content=\"847\" \/>\n\t<meta property=\"og:image:type\" content=\"image\/jpeg\" \/>\n<meta name=\"author\" content=\"admin\" \/>\n<meta name=\"twitter:card\" content=\"summary_large_image\" \/>\n<meta name=\"twitter:label1\" content=\"Escrito por\" \/>\n\t<meta name=\"twitter:data1\" content=\"admin\" \/>\n\t<meta name=\"twitter:label2\" content=\"Tiempo de lectura\" \/>\n\t<meta name=\"twitter:data2\" content=\"2 minutos\" \/>\n<script type=\"application\/ld+json\" class=\"yoast-schema-graph\">{\"@context\":\"https:\/\/schema.org\",\"@graph\":[{\"@type\":\"Article\",\"@id\":\"https:\/\/21panorama.com\/index.php\/2019\/08\/14\/brinda-hospital-de-la-salud-visual-del-isem-atencion-para-evitar-discapacidad-y-ceguera\/#article\",\"isPartOf\":{\"@id\":\"https:\/\/21panorama.com\/index.php\/2019\/08\/14\/brinda-hospital-de-la-salud-visual-del-isem-atencion-para-evitar-discapacidad-y-ceguera\/\"},\"author\":{\"name\":\"admin\",\"@id\":\"https:\/\/21panorama.com\/#\/schema\/person\/1afc291b96d5792a158768324287319f\"},\"headline\":\"BRINDA HOSPITAL DE LA SALUD VISUAL DEL ISEM ATENCI\u00d3N PARA EVITAR DISCAPACIDAD Y CEGUERA\",\"datePublished\":\"2019-08-14T17:46:11+00:00\",\"dateModified\":\"2019-08-15T02:49:33+00:00\",\"mainEntityOfPage\":{\"@id\":\"https:\/\/21panorama.com\/index.php\/2019\/08\/14\/brinda-hospital-de-la-salud-visual-del-isem-atencion-para-evitar-discapacidad-y-ceguera\/\"},\"wordCount\":370,\"commentCount\":0,\"publisher\":{\"@id\":\"https:\/\/21panorama.com\/#organization\"},\"image\":{\"@id\":\"https:\/\/21panorama.com\/index.php\/2019\/08\/14\/brinda-hospital-de-la-salud-visual-del-isem-atencion-para-evitar-discapacidad-y-ceguera\/#primaryimage\"},\"thumbnailUrl\":\"https:\/\/21panorama.com\/wp-content\/uploads\/2019\/08\/w2_8456_5.jpg\",\"articleSection\":[\"Ciencia y Salud\",\"Opini\u00f3n\"],\"inLanguage\":\"es\",\"potentialAction\":[{\"@type\":\"CommentAction\",\"name\":\"Comment\",\"target\":[\"https:\/\/21panorama.com\/index.php\/2019\/08\/14\/brinda-hospital-de-la-salud-visual-del-isem-atencion-para-evitar-discapacidad-y-ceguera\/#respond\"]}]},{\"@type\":\"WebPage\",\"@id\":\"https:\/\/21panorama.com\/index.php\/2019\/08\/14\/brinda-hospital-de-la-salud-visual-del-isem-atencion-para-evitar-discapacidad-y-ceguera\/\",\"url\":\"https:\/\/21panorama.com\/index.php\/2019\/08\/14\/brinda-hospital-de-la-salud-visual-del-isem-atencion-para-evitar-discapacidad-y-ceguera\/\",\"name\":\"BRINDA HOSPITAL DE LA SALUD VISUAL DEL ISEM ATENCI\u00d3N PARA EVITAR DISCAPACIDAD Y CEGUERA - 21 Panorama\",\"isPartOf\":{\"@id\":\"https:\/\/21panorama.com\/#website\"},\"primaryImageOfPage\":{\"@id\":\"https:\/\/21panorama.com\/index.php\/2019\/08\/14\/brinda-hospital-de-la-salud-visual-del-isem-atencion-para-evitar-discapacidad-y-ceguera\/#primaryimage\"},\"image\":{\"@id\":\"https:\/\/21panorama.com\/index.php\/2019\/08\/14\/brinda-hospital-de-la-salud-visual-del-isem-atencion-para-evitar-discapacidad-y-ceguera\/#primaryimage\"},\"thumbnailUrl\":\"https:\/\/21panorama.com\/wp-content\/uploads\/2019\/08\/w2_8456_5.jpg\",\"datePublished\":\"2019-08-14T17:46:11+00:00\",\"dateModified\":\"2019-08-15T02:49:33+00:00\",\"breadcrumb\":{\"@id\":\"https:\/\/21panorama.com\/index.php\/2019\/08\/14\/brinda-hospital-de-la-salud-visual-del-isem-atencion-para-evitar-discapacidad-y-ceguera\/#breadcrumb\"},\"inLanguage\":\"es\",\"potentialAction\":[{\"@type\":\"ReadAction\",\"target\":[\"https:\/\/21panorama.com\/index.php\/2019\/08\/14\/brinda-hospital-de-la-salud-visual-del-isem-atencion-para-evitar-discapacidad-y-ceguera\/\"]}]},{\"@type\":\"ImageObject\",\"inLanguage\":\"es\",\"@id\":\"https:\/\/21panorama.com\/index.php\/2019\/08\/14\/brinda-hospital-de-la-salud-visual-del-isem-atencion-para-evitar-discapacidad-y-ceguera\/#primaryimage\",\"url\":\"https:\/\/21panorama.com\/wp-content\/uploads\/2019\/08\/w2_8456_5.jpg\",\"contentUrl\":\"https:\/\/21panorama.com\/wp-content\/uploads\/2019\/08\/w2_8456_5.jpg\",\"width\":1300,\"height\":847},{\"@type\":\"BreadcrumbList\",\"@id\":\"https:\/\/21panorama.com\/index.php\/2019\/08\/14\/brinda-hospital-de-la-salud-visual-del-isem-atencion-para-evitar-discapacidad-y-ceguera\/#breadcrumb\",\"itemListElement\":[{\"@type\":\"ListItem\",\"position\":1,\"name\":\"Inicio\",\"item\":\"https:\/\/21panorama.com\/\"},{\"@type\":\"ListItem\",\"position\":2,\"name\":\"BRINDA HOSPITAL DE LA SALUD VISUAL DEL ISEM ATENCI\u00d3N PARA EVITAR DISCAPACIDAD Y CEGUERA\"}]},{\"@type\":\"WebSite\",\"@id\":\"https:\/\/21panorama.com\/#website\",\"url\":\"https:\/\/21panorama.com\/\",\"name\":\"21 Panorama\",\"description\":\"La construcci\u00f3n de la opini\u00f3n p\u00fablica merece un mejor Panorama en este siglo 21 para alcanzar una sociedad con mayor transparencia y sin corrupci\u00f3n.\",\"publisher\":{\"@id\":\"https:\/\/21panorama.com\/#organization\"},\"potentialAction\":[{\"@type\":\"SearchAction\",\"target\":{\"@type\":\"EntryPoint\",\"urlTemplate\":\"https:\/\/21panorama.com\/?s={search_term_string}\"},\"query-input\":{\"@type\":\"PropertyValueSpecification\",\"valueRequired\":true,\"valueName\":\"search_term_string\"}}],\"inLanguage\":\"es\"},{\"@type\":\"Organization\",\"@id\":\"https:\/\/21panorama.com\/#organization\",\"name\":\"21 Panorama\",\"url\":\"https:\/\/21panorama.com\/\",\"logo\":{\"@type\":\"ImageObject\",\"inLanguage\":\"es\",\"@id\":\"https:\/\/21panorama.com\/#\/schema\/logo\/image\/\",\"url\":\"https:\/\/21panorama.com\/wp-content\/uploads\/2019\/07\/cropped-Logo-Panorama-01.jpeg\",\"contentUrl\":\"https:\/\/21panorama.com\/wp-content\/uploads\/2019\/07\/cropped-Logo-Panorama-01.jpeg\",\"width\":290,\"height\":70,\"caption\":\"21 Panorama\"},\"image\":{\"@id\":\"https:\/\/21panorama.com\/#\/schema\/logo\/image\/\"}},{\"@type\":\"Person\",\"@id\":\"https:\/\/21panorama.com\/#\/schema\/person\/1afc291b96d5792a158768324287319f\",\"name\":\"admin\",\"image\":{\"@type\":\"ImageObject\",\"inLanguage\":\"es\",\"@id\":\"https:\/\/21panorama.com\/#\/schema\/person\/image\/\",\"url\":\"https:\/\/secure.gravatar.com\/avatar\/ad365d9d9f46719215b0d042cc3df92a5a8683e09ef13d102233e5491985f0f0?s=96&d=mm&r=g\",\"contentUrl\":\"https:\/\/secure.gravatar.com\/avatar\/ad365d9d9f46719215b0d042cc3df92a5a8683e09ef13d102233e5491985f0f0?s=96&d=mm&r=g\",\"caption\":\"admin\"},\"url\":\"https:\/\/21panorama.com\/index.php\/author\/admin\/\"}]}<\/script>\n<!-- \/ Yoast SEO plugin. -->","yoast_head_json":{"title":"BRINDA HOSPITAL DE LA SALUD VISUAL DEL ISEM ATENCI\u00d3N PARA EVITAR DISCAPACIDAD Y CEGUERA - 21 Panorama","robots":{"index":"index","follow":"follow","max-snippet":"max-snippet:-1","max-image-preview":"max-image-preview:large","max-video-preview":"max-video-preview:-1"},"canonical":"https:\/\/21panorama.com\/index.php\/2019\/08\/14\/brinda-hospital-de-la-salud-visual-del-isem-atencion-para-evitar-discapacidad-y-ceguera\/","og_locale":"es_MX","og_type":"article","og_title":"BRINDA HOSPITAL DE LA SALUD VISUAL DEL ISEM ATENCI\u00d3N PARA EVITAR DISCAPACIDAD Y CEGUERA - 21 Panorama","og_description":"Debido a que en M\u00e9xico las enfermedades visuales ocupan el segundo lugar como causa de discapacidad, la Secretar\u00eda de Salud del Estado de M\u00e9xico, a trav\u00e9s del Hospital Mexiquense de la Salud Visual \u201cDr. Manuel Uribe y Troncoso\u201d, brinda atenci\u00f3n gratuita para evitar que estos padecimientos limiten la interacci\u00f3n social y familiar de las personas. Tan s\u00f3lo en lo que va del a\u00f1o, en esta unidad m\u00e9dica se han realizado 516 cirug\u00edas de catarata y 110 trasplantes de c\u00f3rnea, lo que ha permitido a los pacientes recuperar la visi\u00f3n y&hellip;","og_url":"https:\/\/21panorama.com\/index.php\/2019\/08\/14\/brinda-hospital-de-la-salud-visual-del-isem-atencion-para-evitar-discapacidad-y-ceguera\/","og_site_name":"21 Panorama","article_published_time":"2019-08-14T17:46:11+00:00","article_modified_time":"2019-08-15T02:49:33+00:00","og_image":[{"width":1300,"height":847,"url":"https:\/\/21panorama.com\/wp-content\/uploads\/2019\/08\/w2_8456_5.jpg","type":"image\/jpeg"}],"author":"admin","twitter_card":"summary_large_image","twitter_misc":{"Escrito por":"admin","Tiempo de lectura":"2 minutos"},"schema":{"@context":"https:\/\/schema.org","@graph":[{"@type":"Article","@id":"https:\/\/21panorama.com\/index.php\/2019\/08\/14\/brinda-hospital-de-la-salud-visual-del-isem-atencion-para-evitar-discapacidad-y-ceguera\/#article","isPartOf":{"@id":"https:\/\/21panorama.com\/index.php\/2019\/08\/14\/brinda-hospital-de-la-salud-visual-del-isem-atencion-para-evitar-discapacidad-y-ceguera\/"},"author":{"name":"admin","@id":"https:\/\/21panorama.com\/#\/schema\/person\/1afc291b96d5792a158768324287319f"},"headline":"BRINDA HOSPITAL DE LA SALUD VISUAL DEL ISEM ATENCI\u00d3N PARA EVITAR DISCAPACIDAD Y CEGUERA","datePublished":"2019-08-14T17:46:11+00:00","dateModified":"2019-08-15T02:49:33+00:00","mainEntityOfPage":{"@id":"https:\/\/21panorama.com\/index.php\/2019\/08\/14\/brinda-hospital-de-la-salud-visual-del-isem-atencion-para-evitar-discapacidad-y-ceguera\/"},"wordCount":370,"commentCount":0,"publisher":{"@id":"https:\/\/21panorama.com\/#organization"},"image":{"@id":"https:\/\/21panorama.com\/index.php\/2019\/08\/14\/brinda-hospital-de-la-salud-visual-del-isem-atencion-para-evitar-discapacidad-y-ceguera\/#primaryimage"},"thumbnailUrl":"https:\/\/21panorama.com\/wp-content\/uploads\/2019\/08\/w2_8456_5.jpg","articleSection":["Ciencia y Salud","Opini\u00f3n"],"inLanguage":"es","potentialAction":[{"@type":"CommentAction","name":"Comment","target":["https:\/\/21panorama.com\/index.php\/2019\/08\/14\/brinda-hospital-de-la-salud-visual-del-isem-atencion-para-evitar-discapacidad-y-ceguera\/#respond"]}]},{"@type":"WebPage","@id":"https:\/\/21panorama.com\/index.php\/2019\/08\/14\/brinda-hospital-de-la-salud-visual-del-isem-atencion-para-evitar-discapacidad-y-ceguera\/","url":"https:\/\/21panorama.com\/index.php\/2019\/08\/14\/brinda-hospital-de-la-salud-visual-del-isem-atencion-para-evitar-discapacidad-y-ceguera\/","name":"BRINDA HOSPITAL DE LA SALUD VISUAL DEL ISEM ATENCI\u00d3N PARA EVITAR DISCAPACIDAD Y CEGUERA - 21 Panorama","isPartOf":{"@id":"https:\/\/21panorama.com\/#website"},"primaryImageOfPage":{"@id":"https:\/\/21panorama.com\/index.php\/2019\/08\/14\/brinda-hospital-de-la-salud-visual-del-isem-atencion-para-evitar-discapacidad-y-ceguera\/#primaryimage"},"image":{"@id":"https:\/\/21panorama.com\/index.php\/2019\/08\/14\/brinda-hospital-de-la-salud-visual-del-isem-atencion-para-evitar-discapacidad-y-ceguera\/#primaryimage"},"thumbnailUrl":"https:\/\/21panorama.com\/wp-content\/uploads\/2019\/08\/w2_8456_5.jpg","datePublished":"2019-08-14T17:46:11+00:00","dateModified":"2019-08-15T02:49:33+00:00","breadcrumb":{"@id":"https:\/\/21panorama.com\/index.php\/2019\/08\/14\/brinda-hospital-de-la-salud-visual-del-isem-atencion-para-evitar-discapacidad-y-ceguera\/#breadcrumb"},"inLanguage":"es","potentialAction":[{"@type":"ReadAction","target":["https:\/\/21panorama.com\/index.php\/2019\/08\/14\/brinda-hospital-de-la-salud-visual-del-isem-atencion-para-evitar-discapacidad-y-ceguera\/"]}]},{"@type":"ImageObject","inLanguage":"es","@id":"https:\/\/21panorama.com\/index.php\/2019\/08\/14\/brinda-hospital-de-la-salud-visual-del-isem-atencion-para-evitar-discapacidad-y-ceguera\/#primaryimage","url":"https:\/\/21panorama.com\/wp-content\/uploads\/2019\/08\/w2_8456_5.jpg","contentUrl":"https:\/\/21panorama.com\/wp-content\/uploads\/2019\/08\/w2_8456_5.jpg","width":1300,"height":847},{"@type":"BreadcrumbList","@id":"https:\/\/21panorama.com\/index.php\/2019\/08\/14\/brinda-hospital-de-la-salud-visual-del-isem-atencion-para-evitar-discapacidad-y-ceguera\/#breadcrumb","itemListElement":[{"@type":"ListItem","position":1,"name":"Inicio","item":"https:\/\/21panorama.com\/"},{"@type":"ListItem","position":2,"name":"BRINDA HOSPITAL DE LA SALUD VISUAL DEL ISEM ATENCI\u00d3N PARA EVITAR DISCAPACIDAD Y CEGUERA"}]},{"@type":"WebSite","@id":"https:\/\/21panorama.com\/#website","url":"https:\/\/21panorama.com\/","name":"21 Panorama","description":"La construcci\u00f3n de la opini\u00f3n p\u00fablica merece un mejor Panorama en este siglo 21 para alcanzar una sociedad con mayor transparencia y sin corrupci\u00f3n.","publisher":{"@id":"https:\/\/21panorama.com\/#organization"},"potentialAction":[{"@type":"SearchAction","target":{"@type":"EntryPoint","urlTemplate":"https:\/\/21panorama.com\/?s={search_term_string}"},"query-input":{"@type":"PropertyValueSpecification","valueRequired":true,"valueName":"search_term_string"}}],"inLanguage":"es"},{"@type":"Organization","@id":"https:\/\/21panorama.com\/#organization","name":"21 Panorama","url":"https:\/\/21panorama.com\/","logo":{"@type":"ImageObject","inLanguage":"es","@id":"https:\/\/21panorama.com\/#\/schema\/logo\/image\/","url":"https:\/\/21panorama.com\/wp-content\/uploads\/2019\/07\/cropped-Logo-Panorama-01.jpeg","contentUrl":"https:\/\/21panorama.com\/wp-content\/uploads\/2019\/07\/cropped-Logo-Panorama-01.jpeg","width":290,"height":70,"caption":"21 Panorama"},"image":{"@id":"https:\/\/21panorama.com\/#\/schema\/logo\/image\/"}},{"@type":"Person","@id":"https:\/\/21panorama.com\/#\/schema\/person\/1afc291b96d5792a158768324287319f","name":"admin","image":{"@type":"ImageObject","inLanguage":"es","@id":"https:\/\/21panorama.com\/#\/schema\/person\/image\/","url":"https:\/\/secure.gravatar.com\/avatar\/ad365d9d9f46719215b0d042cc3df92a5a8683e09ef13d102233e5491985f0f0?s=96&d=mm&r=g","contentUrl":"https:\/\/secure.gravatar.com\/avatar\/ad365d9d9f46719215b0d042cc3df92a5a8683e09ef13d102233e5491985f0f0?s=96&d=mm&r=g","caption":"admin"},"url":"https:\/\/21panorama.com\/index.php\/author\/admin\/"}]}},"_links":{"self":[{"href":"https:\/\/21panorama.com\/index.php\/wp-json\/wp\/v2\/posts\/232","targetHints":{"allow":["GET"]}}],"collection":[{"href":"https:\/\/21panorama.com\/index.php\/wp-json\/wp\/v2\/posts"}],"about":[{"href":"https:\/\/21panorama.com\/index.php\/wp-json\/wp\/v2\/types\/post"}],"author":[{"embeddable":true,"href":"https:\/\/21panorama.com\/index.php\/wp-json\/wp\/v2\/users\/1"}],"replies":[{"embeddable":true,"href":"https:\/\/21panorama.com\/index.php\/wp-json\/wp\/v2\/comments?post=232"}],"version-history":[{"count":1,"href":"https:\/\/21panorama.com\/index.php\/wp-json\/wp\/v2\/posts\/232\/revisions"}],"predecessor-version":[{"id":234,"href":"https:\/\/21panorama.com\/index.php\/wp-json\/wp\/v2\/posts\/232\/revisions\/234"}],"wp:featuredmedia":[{"embeddable":true,"href":"https:\/\/21panorama.com\/index.php\/wp-json\/wp\/v2\/media\/233"}],"wp:attachment":[{"href":"https:\/\/21panorama.com\/index.php\/wp-json\/wp\/v2\/media?parent=232"}],"wp:term":[{"taxonomy":"category","embeddable":true,"href":"https:\/\/21panorama.com\/index.php\/wp-json\/wp\/v2\/categories?post=232"},{"taxonomy":"post_tag","embeddable":true,"href":"https:\/\/21panorama.com\/index.php\/wp-json\/wp\/v2\/tags?post=232"}],"curies":[{"name":"wp","href":"https:\/\/api.w.org\/{rel}","templated":true}]}}