{"id":2284,"date":"2021-09-20T18:41:00","date_gmt":"2021-09-20T23:41:00","guid":{"rendered":"http:\/\/21panorama.com\/?p=2284"},"modified":"2021-11-09T18:43:11","modified_gmt":"2021-11-10T00:43:11","slug":"defendera-pri-presupuesto-samano","status":"publish","type":"post","link":"https:\/\/21panorama.com\/index.php\/2021\/09\/20\/defendera-pri-presupuesto-samano\/","title":{"rendered":"DEFENDER\u00c1 PRI PRESUPUESTO: S\u00c1MANO"},"content":{"rendered":"\n<p>El coordinador de la bancada pri\u00edsta del Estado de M\u00e9xico, Miguel S\u00e1mano Peralta, respald\u00f3 la postura de su partido para defender desde la C\u00e1mara de Diputados un presupuesto que atienda las necesidades de la poblaci\u00f3n y que resuelva de ra\u00edz los problemas que enfrenta el pa\u00eds.<\/p>\n\n\n\n<p>Luego de participar en conferencia de prensa con los Diputados Federales del grupo parlamentario del PRI, destac\u00f3 la idea de fortalecer un Paquete Presupuestal 2022 con sensibilidad social para hacerle justicia a los trabajadores y los campesinos del<br>Pa\u00eds.<\/p>\n\n\n\n<p>\u201cExternamos nuestras preocupaciones y las causas que defenderemos, derivadas de las necesidades de la sociedad\u201d, dijo el diputado mexiquense de la LXV Legislatura.<\/p>\n\n\n\n<p>\u201cLas y los mexicanos cuentan con el PRI que trabajar\u00e1 con mucha responsabilidad, conscientes de que el di\u00e1logo es la base del trabajo parlamentario\u201d, anot\u00f3.<\/p>\n","protected":false},"excerpt":{"rendered":"<p>El coordinador de la bancada pri\u00edsta del Estado de M\u00e9xico, Miguel S\u00e1mano Peralta, respald\u00f3 la postura de su partido para defender desde la C\u00e1mara de Diputados un presupuesto que atienda las necesidades de la poblaci\u00f3n y que resuelva de ra\u00edz los problemas que enfrenta el pa\u00eds.<\/p>\n","protected":false},"author":1,"featured_media":2285,"comment_status":"open","ping_status":"open","sticky":false,"template":"","format":"standard","meta":{"footnotes":""},"categories":[12],"tags":[33],"class_list":["post-2284","post","type-post","status-publish","format-standard","has-post-thumbnail","hentry","category-politica","tag-pri"],"yoast_head":"<!-- This site is optimized with the Yoast SEO plugin v24.9 - https:\/\/yoast.com\/wordpress\/plugins\/seo\/ -->\n<title>DEFENDER\u00c1 PRI PRESUPUESTO: S\u00c1MANO - 21 Panorama<\/title>\n<meta name=\"robots\" content=\"index, follow, max-snippet:-1, max-image-preview:large, max-video-preview:-1\" \/>\n<link rel=\"canonical\" href=\"https:\/\/21panorama.com\/index.php\/2021\/09\/20\/defendera-pri-presupuesto-samano\/\" \/>\n<meta property=\"og:locale\" content=\"es_MX\" \/>\n<meta property=\"og:type\" content=\"article\" \/>\n<meta property=\"og:title\" content=\"DEFENDER\u00c1 PRI PRESUPUESTO: S\u00c1MANO - 21 Panorama\" \/>\n<meta property=\"og:description\" content=\"El coordinador de la bancada pri\u00edsta del Estado de M\u00e9xico, Miguel S\u00e1mano Peralta, respald\u00f3 la postura de su partido para defender desde la C\u00e1mara de Diputados un presupuesto que atienda las necesidades de la poblaci\u00f3n y que resuelva de ra\u00edz los problemas que enfrenta el pa\u00eds.\" \/>\n<meta property=\"og:url\" content=\"https:\/\/21panorama.com\/index.php\/2021\/09\/20\/defendera-pri-presupuesto-samano\/\" \/>\n<meta property=\"og:site_name\" content=\"21 Panorama\" \/>\n<meta property=\"article:published_time\" content=\"2021-09-20T23:41:00+00:00\" \/>\n<meta property=\"article:modified_time\" content=\"2021-11-10T00:43:11+00:00\" \/>\n<meta property=\"og:image\" content=\"https:\/\/21panorama.com\/wp-content\/uploads\/2021\/11\/b3651a8b-adc2-446a-8060-9e0ef03de30b.jpeg\" \/>\n\t<meta property=\"og:image:width\" content=\"960\" \/>\n\t<meta property=\"og:image:height\" content=\"640\" \/>\n\t<meta property=\"og:image:type\" content=\"image\/jpeg\" \/>\n<meta name=\"author\" content=\"admin\" \/>\n<meta name=\"twitter:card\" content=\"summary_large_image\" \/>\n<meta name=\"twitter:label1\" content=\"Escrito por\" \/>\n\t<meta name=\"twitter:data1\" content=\"admin\" \/>\n\t<meta name=\"twitter:label2\" content=\"Tiempo de lectura\" \/>\n\t<meta name=\"twitter:data2\" content=\"1 minuto\" \/>\n<script type=\"application\/ld+json\" class=\"yoast-schema-graph\">{\"@context\":\"https:\/\/schema.org\",\"@graph\":[{\"@type\":\"Article\",\"@id\":\"https:\/\/21panorama.com\/index.php\/2021\/09\/20\/defendera-pri-presupuesto-samano\/#article\",\"isPartOf\":{\"@id\":\"https:\/\/21panorama.com\/index.php\/2021\/09\/20\/defendera-pri-presupuesto-samano\/\"},\"author\":{\"name\":\"admin\",\"@id\":\"https:\/\/21panorama.com\/#\/schema\/person\/1afc291b96d5792a158768324287319f\"},\"headline\":\"DEFENDER\u00c1 PRI PRESUPUESTO: S\u00c1MANO\",\"datePublished\":\"2021-09-20T23:41:00+00:00\",\"dateModified\":\"2021-11-10T00:43:11+00:00\",\"mainEntityOfPage\":{\"@id\":\"https:\/\/21panorama.com\/index.php\/2021\/09\/20\/defendera-pri-presupuesto-samano\/\"},\"wordCount\":145,\"commentCount\":0,\"publisher\":{\"@id\":\"https:\/\/21panorama.com\/#organization\"},\"image\":{\"@id\":\"https:\/\/21panorama.com\/index.php\/2021\/09\/20\/defendera-pri-presupuesto-samano\/#primaryimage\"},\"thumbnailUrl\":\"https:\/\/21panorama.com\/wp-content\/uploads\/2021\/11\/b3651a8b-adc2-446a-8060-9e0ef03de30b.jpeg\",\"keywords\":[\"PRI\"],\"articleSection\":[\"Politica\"],\"inLanguage\":\"es\",\"potentialAction\":[{\"@type\":\"CommentAction\",\"name\":\"Comment\",\"target\":[\"https:\/\/21panorama.com\/index.php\/2021\/09\/20\/defendera-pri-presupuesto-samano\/#respond\"]}]},{\"@type\":\"WebPage\",\"@id\":\"https:\/\/21panorama.com\/index.php\/2021\/09\/20\/defendera-pri-presupuesto-samano\/\",\"url\":\"https:\/\/21panorama.com\/index.php\/2021\/09\/20\/defendera-pri-presupuesto-samano\/\",\"name\":\"DEFENDER\u00c1 PRI PRESUPUESTO: S\u00c1MANO - 21 Panorama\",\"isPartOf\":{\"@id\":\"https:\/\/21panorama.com\/#website\"},\"primaryImageOfPage\":{\"@id\":\"https:\/\/21panorama.com\/index.php\/2021\/09\/20\/defendera-pri-presupuesto-samano\/#primaryimage\"},\"image\":{\"@id\":\"https:\/\/21panorama.com\/index.php\/2021\/09\/20\/defendera-pri-presupuesto-samano\/#primaryimage\"},\"thumbnailUrl\":\"https:\/\/21panorama.com\/wp-content\/uploads\/2021\/11\/b3651a8b-adc2-446a-8060-9e0ef03de30b.jpeg\",\"datePublished\":\"2021-09-20T23:41:00+00:00\",\"dateModified\":\"2021-11-10T00:43:11+00:00\",\"breadcrumb\":{\"@id\":\"https:\/\/21panorama.com\/index.php\/2021\/09\/20\/defendera-pri-presupuesto-samano\/#breadcrumb\"},\"inLanguage\":\"es\",\"potentialAction\":[{\"@type\":\"ReadAction\",\"target\":[\"https:\/\/21panorama.com\/index.php\/2021\/09\/20\/defendera-pri-presupuesto-samano\/\"]}]},{\"@type\":\"ImageObject\",\"inLanguage\":\"es\",\"@id\":\"https:\/\/21panorama.com\/index.php\/2021\/09\/20\/defendera-pri-presupuesto-samano\/#primaryimage\",\"url\":\"https:\/\/21panorama.com\/wp-content\/uploads\/2021\/11\/b3651a8b-adc2-446a-8060-9e0ef03de30b.jpeg\",\"contentUrl\":\"https:\/\/21panorama.com\/wp-content\/uploads\/2021\/11\/b3651a8b-adc2-446a-8060-9e0ef03de30b.jpeg\",\"width\":960,\"height\":640},{\"@type\":\"BreadcrumbList\",\"@id\":\"https:\/\/21panorama.com\/index.php\/2021\/09\/20\/defendera-pri-presupuesto-samano\/#breadcrumb\",\"itemListElement\":[{\"@type\":\"ListItem\",\"position\":1,\"name\":\"Inicio\",\"item\":\"https:\/\/21panorama.com\/\"},{\"@type\":\"ListItem\",\"position\":2,\"name\":\"DEFENDER\u00c1 PRI PRESUPUESTO: S\u00c1MANO\"}]},{\"@type\":\"WebSite\",\"@id\":\"https:\/\/21panorama.com\/#website\",\"url\":\"https:\/\/21panorama.com\/\",\"name\":\"21 Panorama\",\"description\":\"La construcci\u00f3n de la opini\u00f3n p\u00fablica merece un mejor Panorama en este siglo 21 para alcanzar una sociedad con mayor transparencia y sin corrupci\u00f3n.\",\"publisher\":{\"@id\":\"https:\/\/21panorama.com\/#organization\"},\"potentialAction\":[{\"@type\":\"SearchAction\",\"target\":{\"@type\":\"EntryPoint\",\"urlTemplate\":\"https:\/\/21panorama.com\/?s={search_term_string}\"},\"query-input\":{\"@type\":\"PropertyValueSpecification\",\"valueRequired\":true,\"valueName\":\"search_term_string\"}}],\"inLanguage\":\"es\"},{\"@type\":\"Organization\",\"@id\":\"https:\/\/21panorama.com\/#organization\",\"name\":\"21 Panorama\",\"url\":\"https:\/\/21panorama.com\/\",\"logo\":{\"@type\":\"ImageObject\",\"inLanguage\":\"es\",\"@id\":\"https:\/\/21panorama.com\/#\/schema\/logo\/image\/\",\"url\":\"https:\/\/21panorama.com\/wp-content\/uploads\/2019\/07\/cropped-Logo-Panorama-01.jpeg\",\"contentUrl\":\"https:\/\/21panorama.com\/wp-content\/uploads\/2019\/07\/cropped-Logo-Panorama-01.jpeg\",\"width\":290,\"height\":70,\"caption\":\"21 Panorama\"},\"image\":{\"@id\":\"https:\/\/21panorama.com\/#\/schema\/logo\/image\/\"}},{\"@type\":\"Person\",\"@id\":\"https:\/\/21panorama.com\/#\/schema\/person\/1afc291b96d5792a158768324287319f\",\"name\":\"admin\",\"image\":{\"@type\":\"ImageObject\",\"inLanguage\":\"es\",\"@id\":\"https:\/\/21panorama.com\/#\/schema\/person\/image\/\",\"url\":\"https:\/\/secure.gravatar.com\/avatar\/ad365d9d9f46719215b0d042cc3df92a5a8683e09ef13d102233e5491985f0f0?s=96&d=mm&r=g\",\"contentUrl\":\"https:\/\/secure.gravatar.com\/avatar\/ad365d9d9f46719215b0d042cc3df92a5a8683e09ef13d102233e5491985f0f0?s=96&d=mm&r=g\",\"caption\":\"admin\"},\"url\":\"https:\/\/21panorama.com\/index.php\/author\/admin\/\"}]}<\/script>\n<!-- \/ Yoast SEO plugin. -->","yoast_head_json":{"title":"DEFENDER\u00c1 PRI PRESUPUESTO: S\u00c1MANO - 21 Panorama","robots":{"index":"index","follow":"follow","max-snippet":"max-snippet:-1","max-image-preview":"max-image-preview:large","max-video-preview":"max-video-preview:-1"},"canonical":"https:\/\/21panorama.com\/index.php\/2021\/09\/20\/defendera-pri-presupuesto-samano\/","og_locale":"es_MX","og_type":"article","og_title":"DEFENDER\u00c1 PRI PRESUPUESTO: S\u00c1MANO - 21 Panorama","og_description":"El coordinador de la bancada pri\u00edsta del Estado de M\u00e9xico, Miguel S\u00e1mano Peralta, respald\u00f3 la postura de su partido para defender desde la C\u00e1mara de Diputados un presupuesto que atienda las necesidades de la poblaci\u00f3n y que resuelva de ra\u00edz los problemas que enfrenta el pa\u00eds.","og_url":"https:\/\/21panorama.com\/index.php\/2021\/09\/20\/defendera-pri-presupuesto-samano\/","og_site_name":"21 Panorama","article_published_time":"2021-09-20T23:41:00+00:00","article_modified_time":"2021-11-10T00:43:11+00:00","og_image":[{"width":960,"height":640,"url":"https:\/\/21panorama.com\/wp-content\/uploads\/2021\/11\/b3651a8b-adc2-446a-8060-9e0ef03de30b.jpeg","type":"image\/jpeg"}],"author":"admin","twitter_card":"summary_large_image","twitter_misc":{"Escrito por":"admin","Tiempo de lectura":"1 minuto"},"schema":{"@context":"https:\/\/schema.org","@graph":[{"@type":"Article","@id":"https:\/\/21panorama.com\/index.php\/2021\/09\/20\/defendera-pri-presupuesto-samano\/#article","isPartOf":{"@id":"https:\/\/21panorama.com\/index.php\/2021\/09\/20\/defendera-pri-presupuesto-samano\/"},"author":{"name":"admin","@id":"https:\/\/21panorama.com\/#\/schema\/person\/1afc291b96d5792a158768324287319f"},"headline":"DEFENDER\u00c1 PRI PRESUPUESTO: S\u00c1MANO","datePublished":"2021-09-20T23:41:00+00:00","dateModified":"2021-11-10T00:43:11+00:00","mainEntityOfPage":{"@id":"https:\/\/21panorama.com\/index.php\/2021\/09\/20\/defendera-pri-presupuesto-samano\/"},"wordCount":145,"commentCount":0,"publisher":{"@id":"https:\/\/21panorama.com\/#organization"},"image":{"@id":"https:\/\/21panorama.com\/index.php\/2021\/09\/20\/defendera-pri-presupuesto-samano\/#primaryimage"},"thumbnailUrl":"https:\/\/21panorama.com\/wp-content\/uploads\/2021\/11\/b3651a8b-adc2-446a-8060-9e0ef03de30b.jpeg","keywords":["PRI"],"articleSection":["Politica"],"inLanguage":"es","potentialAction":[{"@type":"CommentAction","name":"Comment","target":["https:\/\/21panorama.com\/index.php\/2021\/09\/20\/defendera-pri-presupuesto-samano\/#respond"]}]},{"@type":"WebPage","@id":"https:\/\/21panorama.com\/index.php\/2021\/09\/20\/defendera-pri-presupuesto-samano\/","url":"https:\/\/21panorama.com\/index.php\/2021\/09\/20\/defendera-pri-presupuesto-samano\/","name":"DEFENDER\u00c1 PRI PRESUPUESTO: S\u00c1MANO - 21 Panorama","isPartOf":{"@id":"https:\/\/21panorama.com\/#website"},"primaryImageOfPage":{"@id":"https:\/\/21panorama.com\/index.php\/2021\/09\/20\/defendera-pri-presupuesto-samano\/#primaryimage"},"image":{"@id":"https:\/\/21panorama.com\/index.php\/2021\/09\/20\/defendera-pri-presupuesto-samano\/#primaryimage"},"thumbnailUrl":"https:\/\/21panorama.com\/wp-content\/uploads\/2021\/11\/b3651a8b-adc2-446a-8060-9e0ef03de30b.jpeg","datePublished":"2021-09-20T23:41:00+00:00","dateModified":"2021-11-10T00:43:11+00:00","breadcrumb":{"@id":"https:\/\/21panorama.com\/index.php\/2021\/09\/20\/defendera-pri-presupuesto-samano\/#breadcrumb"},"inLanguage":"es","potentialAction":[{"@type":"ReadAction","target":["https:\/\/21panorama.com\/index.php\/2021\/09\/20\/defendera-pri-presupuesto-samano\/"]}]},{"@type":"ImageObject","inLanguage":"es","@id":"https:\/\/21panorama.com\/index.php\/2021\/09\/20\/defendera-pri-presupuesto-samano\/#primaryimage","url":"https:\/\/21panorama.com\/wp-content\/uploads\/2021\/11\/b3651a8b-adc2-446a-8060-9e0ef03de30b.jpeg","contentUrl":"https:\/\/21panorama.com\/wp-content\/uploads\/2021\/11\/b3651a8b-adc2-446a-8060-9e0ef03de30b.jpeg","width":960,"height":640},{"@type":"BreadcrumbList","@id":"https:\/\/21panorama.com\/index.php\/2021\/09\/20\/defendera-pri-presupuesto-samano\/#breadcrumb","itemListElement":[{"@type":"ListItem","position":1,"name":"Inicio","item":"https:\/\/21panorama.com\/"},{"@type":"ListItem","position":2,"name":"DEFENDER\u00c1 PRI PRESUPUESTO: S\u00c1MANO"}]},{"@type":"WebSite","@id":"https:\/\/21panorama.com\/#website","url":"https:\/\/21panorama.com\/","name":"21 Panorama","description":"La construcci\u00f3n de la opini\u00f3n p\u00fablica merece un mejor Panorama en este siglo 21 para alcanzar una sociedad con mayor transparencia y sin corrupci\u00f3n.","publisher":{"@id":"https:\/\/21panorama.com\/#organization"},"potentialAction":[{"@type":"SearchAction","target":{"@type":"EntryPoint","urlTemplate":"https:\/\/21panorama.com\/?s={search_term_string}"},"query-input":{"@type":"PropertyValueSpecification","valueRequired":true,"valueName":"search_term_string"}}],"inLanguage":"es"},{"@type":"Organization","@id":"https:\/\/21panorama.com\/#organization","name":"21 Panorama","url":"https:\/\/21panorama.com\/","logo":{"@type":"ImageObject","inLanguage":"es","@id":"https:\/\/21panorama.com\/#\/schema\/logo\/image\/","url":"https:\/\/21panorama.com\/wp-content\/uploads\/2019\/07\/cropped-Logo-Panorama-01.jpeg","contentUrl":"https:\/\/21panorama.com\/wp-content\/uploads\/2019\/07\/cropped-Logo-Panorama-01.jpeg","width":290,"height":70,"caption":"21 Panorama"},"image":{"@id":"https:\/\/21panorama.com\/#\/schema\/logo\/image\/"}},{"@type":"Person","@id":"https:\/\/21panorama.com\/#\/schema\/person\/1afc291b96d5792a158768324287319f","name":"admin","image":{"@type":"ImageObject","inLanguage":"es","@id":"https:\/\/21panorama.com\/#\/schema\/person\/image\/","url":"https:\/\/secure.gravatar.com\/avatar\/ad365d9d9f46719215b0d042cc3df92a5a8683e09ef13d102233e5491985f0f0?s=96&d=mm&r=g","contentUrl":"https:\/\/secure.gravatar.com\/avatar\/ad365d9d9f46719215b0d042cc3df92a5a8683e09ef13d102233e5491985f0f0?s=96&d=mm&r=g","caption":"admin"},"url":"https:\/\/21panorama.com\/index.php\/author\/admin\/"}]}},"_links":{"self":[{"href":"https:\/\/21panorama.com\/index.php\/wp-json\/wp\/v2\/posts\/2284","targetHints":{"allow":["GET"]}}],"collection":[{"href":"https:\/\/21panorama.com\/index.php\/wp-json\/wp\/v2\/posts"}],"about":[{"href":"https:\/\/21panorama.com\/index.php\/wp-json\/wp\/v2\/types\/post"}],"author":[{"embeddable":true,"href":"https:\/\/21panorama.com\/index.php\/wp-json\/wp\/v2\/users\/1"}],"replies":[{"embeddable":true,"href":"https:\/\/21panorama.com\/index.php\/wp-json\/wp\/v2\/comments?post=2284"}],"version-history":[{"count":1,"href":"https:\/\/21panorama.com\/index.php\/wp-json\/wp\/v2\/posts\/2284\/revisions"}],"predecessor-version":[{"id":2286,"href":"https:\/\/21panorama.com\/index.php\/wp-json\/wp\/v2\/posts\/2284\/revisions\/2286"}],"wp:featuredmedia":[{"embeddable":true,"href":"https:\/\/21panorama.com\/index.php\/wp-json\/wp\/v2\/media\/2285"}],"wp:attachment":[{"href":"https:\/\/21panorama.com\/index.php\/wp-json\/wp\/v2\/media?parent=2284"}],"wp:term":[{"taxonomy":"category","embeddable":true,"href":"https:\/\/21panorama.com\/index.php\/wp-json\/wp\/v2\/categories?post=2284"},{"taxonomy":"post_tag","embeddable":true,"href":"https:\/\/21panorama.com\/index.php\/wp-json\/wp\/v2\/tags?post=2284"}],"curies":[{"name":"wp","href":"https:\/\/api.w.org\/{rel}","templated":true}]}}